{"id":80875,"date":"2014-03-21T10:55:55","date_gmt":"2014-03-21T09:55:55","guid":{"rendered":"http:\/\/www.visit-ulcinj.com\/blog\/?p=80875"},"modified":"2014-03-23T13:45:08","modified_gmt":"2014-03-23T12:45:08","slug":"kush-po-e-shkaterron-ekonomin-e-ulqinit-qellim","status":"publish","type":"post","link":"https:\/\/www.visit-ulcinj.com\/blog\/2014\/03\/21\/kush-po-e-shkaterron-ekonomin-e-ulqinit-qellim\/","title":{"rendered":"Kush po e shkat\u00ebrron ekonomin e Ulqinit me q\u00ebllim &#8211; Video"},"content":{"rendered":"<p><a href=\"http:\/\/www.visit-ulcinj.com\/blog\/wp-content\/uploads\/2014\/03\/In-Memoriam-Solana-Ulcinj-Crna-Gora-22.jpg\"><img loading=\"lazy\" class=\"alignleft  wp-image-80876\" alt=\"In-Memoriam-Solana-Ulcinj-Crna-Gora-\" src=\"http:\/\/www.visit-ulcinj.com\/blog\/wp-content\/uploads\/2014\/03\/In-Memoriam-Solana-Ulcinj-Crna-Gora-22.jpg\" width=\"508\" height=\"360\" \/><\/a>Prej vitit 1980 deri n\u00eb vitin 1990 qyteti i Ulqinit g\u00ebzonte nj\u00eb zhvillim ekonomik nga m\u00eb t\u00eb mir\u00ebt n\u00eb vend, si n\u00eb Mal t\u00eb Zi ashtu edhe n\u00eb ish\u00eb Jugoslavi. Por gjat\u00eb k\u00ebtyre 20 viteve t\u00eb pluralizmit, gjendja e banor\u00ebve t\u00eb k\u00ebtij qyteti ka ndryshuar shum\u00eb her\u00eb dhe vazhdon t\u00eb p\u00ebrkeq\u00ebsohet. Tashm\u00eb \u00ebsht\u00eb b\u00ebr\u00eb e v\u00ebshtir\u00eb t\u00eb sigurosh nj\u00eb pun\u00eb, sidomos p\u00ebr t\u00eb rinjt\u00eb. E ardhmja e Ulqinit tani duket e zymt\u00eb dhe e pashpres\u00eb. Tani s\u00eb fundmi Ulqinin po e izolojn\u00eb krejt\u00ebsisht n\u00eb m\u00ebnyr ekonomike nga vendet tjera bregdetare t\u00eb Malit t\u00eb Zi. Madje qytetar\u00ebt kan\u00eb nisur t\u00eb krijojn\u00eb edhe anekdota; \u201cUlqini do mbetet si \u00c7e\u00e7eni, apo Ulcinj radi Budva se gradi\u201d, diskutojn\u00eb banor\u00ebt e k\u00ebtij qyteti me nj\u00ebri-tjetrin.<\/p>\n<p><b>Po fiket ngadal edhe Kriporja e Ulqinit<\/b><\/p>\n<p>Ulqinak\u00ebt \u00a0t\u00eb ardhmen e tyre, t\u00eb f\u00ebmij\u00ebve dhe t\u00eb qytetit, e shikojn\u00eb t\u00eb zymt\u00eb. Por banor\u00ebt \u00a0tashm\u00eb po p\u00ebrballen me dy sfida. Ve\u00e7 anashkalimit nga rruga e zhvillimit ekonomik t\u00eb k\u00ebtij\u00eb vendi, ata i druhen edhe falimentimit t\u00eb kripores. Duket se \u201cvras\u00ebsi\u201d i ngadalt\u00eb i tyre, kriporja\u00a0 q\u00eb me vdekjen e saj ua shkat\u00ebrron pak e nga pak p\u00ebrdit\u00eb sh\u00ebndetin e puntor\u00ebve, \u00ebsht\u00eb n\u00eb t\u00eb nj\u00ebjt\u00ebn koh\u00eb edhe burimi i jet\u00ebs, q\u00eb i ka ushqyer p\u00ebr dekada me radh\u00eb krejt Ulqinin. N\u00eb k\u00ebt\u00eb qytet turistiko &#8211; industrial, asnj\u00ebher\u00eb nuk ka qen\u00eb kaq i thell\u00eb pesimizmi. T\u00eb gjith\u00eb druhen p\u00ebr sigurin\u00eb e t\u00eb ardhmes s\u00eb tyre, por pjesa m\u00eb e madhe heshtin, pasi nuk duan t\u00eb besojn\u00eb se gj\u00ebrat po shkojn\u00eb p\u00ebr keq.<\/p>\n<p><b>Mendimi i Organizates sindikale te Kripores<\/b><\/p>\n<p>Nga ana tjet\u00ebr Organizata sindikale e Kripores ka lajm\u00ebruar q\u00eb n\u00eb basenet e k\u00ebsaj kompanie ka sasi t\u00eb m\u00ebdha t\u00eb ujit. Meq\u00eb fabrik\u00ebs ton\u00eb n\u00eb fillim t\u00eb shkurtit \u00ebsht\u00eb nd\u00ebrprer\u00eb rryma elektrike nuk ekziston mund\u00ebsia p\u00ebr nxjerrjen e ujit, \u00e7ka shkakton d\u00ebm t\u00eb madh dhe devaston basenet dhe argjinaturat\u201d, pohojn\u00eb pun\u00ebtor\u00ebt e Kripores.<\/p>\n<p>Ato mendojn\u00eb q\u00eb, n\u00ebse q\u00eb sot nuk fillohet me nxjerrjen e ujit, do t\u00eb duhen 45 dit\u00eb q\u00eb uji nga shirat t\u00eb nxirret nga baseni, e kjo do t\u00eb thot\u00eb q\u00eb do t\u00eb ket\u00eb vones\u00eb n\u00eb p\u00ebrgatitjen dhe futjen e ujit t\u00eb detit p\u00ebr grumbullimin eventual n\u00eb 2014.<\/p>\n<p>\u201c\u00cbsht\u00eb e qart\u00eb q\u00eb pronari q\u00ebllimisht nuk e paguan rrym\u00ebn e shpenzuar dhe me vet\u00ebdije e shkat\u00ebrron fabrik\u00ebn dhe hap\u00ebsir\u00ebn\u201d, theksojn\u00eb nga Sindikata dhe pyesin a ekziston ndokush n\u00eb Mal t\u00eb Zi q\u00eb mund ti ndaloj\u00eb k\u00ebto d\u00ebmtues?<\/p>\n<p>Duhet pohuar se anashkalimi i qytetit t\u00eb Ulqinit ka sjell\u00eb pasoja negative p\u00ebr dhjet\u00ebra mij\u00ebra banor\u00eb, duke i l\u00ebn\u00eb ata n\u00eb harres\u00eb dhe duke i \u00e7uar ato n\u00eb m\u00ebrgat. L\u00ebnia n\u00eb harres\u00eb e nj\u00eb rajoni t\u00eb t\u00ebr\u00eb me shqip\u00ebtar \u00ebsht\u00eb jo e menduar mir\u00eb. Qeveria nuk ka asnj\u00eb plan rehabilitimi lidhur me k\u00ebt\u00eb anashkalim q\u00eb i \u00ebsht\u00eb b\u00ebr\u00eb qytetit t\u00eb Ulqinit. Pyesim ato n\u00eb qeveri&#8221; pse nuk ka asnj\u00eb projekt p\u00ebr kompensimin e d\u00ebmeve q\u00eb i shkaktohen Ulqinit tash 20 dekada me radh\u00eb.<\/p>\n<p><b>Kriporja e Ulqinit, n\u00eb prag t\u00eb falimentimit <\/b><\/p>\n<p>Burime t\u00eb af\u00ebrta me menanxhmentin e nj\u00ebr\u00ebs prej fabrikave dikur me nam t\u00eb Malit t\u00eb Zi dhe m\u00eb gjer\u00eb, kan\u00eb konfirmuar se kripores do t\u2019i vihet dryni, ngase \u201caksionari kryesor nuk ka interes p\u00ebr prodhim\u201d. Rreth 70 t\u00eb pun\u00ebsuar s\u2019kan\u00eb marr\u00eb pag\u00eb, nd\u00ebrsa grumbullimi ende s\u2019ka nisur<\/p>\n<p>Ulqin, 11 korrik 2011 &#8211; Tet\u00eb dekada pas pun\u00ebs t\u00eb suksesshme, e cila me prodhime ka marr\u00eb mir\u00ebnjohje t\u00eb shumta nd\u00ebrkomb\u00ebtare, kriporja e Ulqinit \u201cBajo Sekuliq\u201d \u00ebsht\u00eb n\u00eb prag t\u00eb falimentimit. Burime t\u00eb af\u00ebrta me menanxhmentin e nj\u00ebr\u00ebs prej organizatave dikur m\u00eb me nam t\u00eb Malit t\u00eb Zi dhe m\u00eb gjer\u00eb, kan\u00eb konfirmuar p\u00ebr t\u00eb p\u00ebrditshmen malaziase \u201cVijesti\u201d se kripores do t\u2019i vihet dryni, ngase \u201caksionari kryesor nuk ka interes p\u00ebr prodhim\u201d. Xhirollogaria e fabrik\u00ebs ka koh\u00eb q\u00eb \u00ebsht\u00eb bllokuar. Sipas burimeve t\u00eb gazet\u00ebs afati i ri q\u00eb strukturat i kan\u00eb dh\u00ebn\u00eb aksionarit kryesor &#8211; i cili ka pranuar t\u00eb paguaj\u00eb 100 mij\u00eb euro p\u00ebr p\u00ebrgatitjet e grumbullimit t\u00eb krip\u00ebs &#8211; ka kaluar n\u00eb fund t\u00eb jav\u00ebs s\u00eb kaluar.<\/p>\n<p>Rreth 70 t\u00eb pun\u00ebsuar s\u2019kan\u00eb marr\u00eb pag\u00eb, gjegj\u00ebsisht akontacion, tash pes\u00eb muaj, p\u00ebrderisa stazhi nuk u ka ecur tash dy vjet.<\/p>\n<p>\u201cN\u00ebse aksionari i shumic\u00ebs deri n\u00eb fillim t\u00eb k\u00ebsaj jave nuk i paguan 100 mij\u00eb euro p\u00ebr grumbullim, dryni \u00ebsht\u00eb e vetmja zgjidhje\u201d, ka th\u00ebn\u00eb nj\u00eb burim i \u201cVijestit\u201d.<\/p>\n<p>\u201cTransportuesi vet\u00ebl\u00ebviz\u00ebs, pa t\u00eb cilin \u00ebsht\u00eb e pamundur t\u00eb nis\u00eb grumbullimi, duhet t\u2019i n\u00ebnshtrohet nj\u00eb remonti emergjent. Dhe ai \u00ebsht\u00eb funksionit.\u2026Xhirollogaria ka koh\u00eb q\u00eb \u00ebsht\u00eb bllokuar\u2026N\u00eb hangarin e shkat\u00ebrruar i cili s\u2019e ka gjysm\u00ebn e kulmit, nuk ka asnj\u00eb gram krip\u00eb\u201d , ka th\u00ebn\u00eb ky burim.<\/p>\n<p>N\u00eb Kripore nuk kan\u00eb pranuar t\u00eb flasin p\u00ebr k\u00ebt\u00eb \u00e7\u00ebshtje, por as nuk kan\u00eb mohuar lajmin se fabrika ka gjas\u00eb t\u00eb mbyllet.<\/p>\n<p>Drejtori ekzekutiv i Kripores s\u00eb Ulqinit, Dragisha Rosandiq, ka th\u00ebn\u00eb se stafi i tij prej nj\u00eb majit ka b\u00ebr\u00eb \u00e7do gj\u00eb q\u00eb Kriporja t\u00eb rrij\u00eb n\u00eb k\u00ebmb\u00eb. Ai ka th\u00ebn\u00eb se e ka b\u00ebr\u00eb planin e grumbullimit, i cili \u00ebsht\u00eb miratuar dhe p\u00ebr t\u00eb cilin duhen 100 mij\u00eb euro p\u00ebr mbulimin e shpenzimeve.<\/p>\n<p>\u201cN\u00ebse ka para, presim q\u00eb t\u00eb grumbullojm\u00eb prej 10 deri n\u00eb 12 ton\u00eb krip\u00eb. Megjithat\u00eb \u00e7do dit\u00eb vones\u00eb n\u00eb ndarjen e k\u00ebtij buxheti, i nxjerr telashe kripores, por edhe t\u00eb hyrave\u201d, ka th\u00ebn\u00eb Rosandiq. Ai nuk ka pranuar ta komentoj\u00eb mund\u00ebsin\u00eb e mbylljes s\u00eb fabrik\u00ebs. \u201cDo t\u00eb merret vesh\u201d, ka th\u00ebn\u00eb shkurt ai.<\/p>\n<p>As administratori n\u00eb largim, Milorad Ikoviq, nuk ka pranuar t\u00eb flas\u00eb n\u00eb k\u00ebt\u00eb tem\u00eb. \u201cNuk do t\u00eb flisja p\u00ebr k\u00ebt\u00eb\u201d, ka th\u00ebn\u00eb ai.<\/p>\n<p>Kriporja kaher\u00eb po p\u00ebrballet me probleme, m\u00eb t\u00eb m\u00ebdhat\u00eb n\u00eb historin\u00eb e saj 77-vje\u00e7are. Ato jan\u00eb thelluar para disa muajsh kur brenda nat\u00ebs iu shkat\u00ebrruan dhe vodh\u00ebn pompat n\u00eb Gjerana n\u00eb munges\u00eb t\u00eb t\u00eb cilave ka vonesa n\u00eb prodhimtari. Edhe pse rasti \u00ebsht\u00eb ende n\u00eb faz\u00ebn e hetimeve, Ikoviq prej fillimi ka th\u00ebn\u00eb se b\u00ebhet fjal\u00eb p\u00ebr sabotim.<\/p>\n<p>Kriporen e ka vizituar edhe ish-drejtori i k\u00ebsaj fabrike, Lazar Ban, i cili ka udh\u00ebhequr kompanin\u00eb prej vitit 1963 deri m\u00eb 1973. N\u00eb koh\u00ebn e tij u montua transportuesi vet\u00ebl\u00ebviz\u00ebs.<\/p>\n<p>\u201cTransportuesi \u00ebsht\u00eb v\u00ebn\u00eb n\u00eb funksion m\u00eb 1967 dhe qe dashur t\u00eb sigurohet edhe nj\u00eb tjet\u00ebr makin\u00eb e cila l\u00ebviz paralelisht me t\u00eb dhe grumbullon krip\u00ebn\u201d. Ajo makin\u00eb z\u00ebvend\u00ebson 90 pun\u00ebtor\u00eb, q\u00eb i bie se grumbullimi i krip\u00ebs do t\u00eb mund t\u00eb b\u00ebhej me vet\u00ebm kat\u00ebr grumbullues kripe\u201d, ka th\u00ebn\u00eb Ban. N\u00eb pyetjen se si Kriporja \u00ebsht\u00eb sjell\u00eb n\u00eb k\u00ebt\u00eb derexhe, ai ka th\u00ebn\u00eb se p\u00ebr k\u00ebt\u00eb duhet pyetur ata t\u00eb cil\u00ebt falimentuan \u201cRadoje Dakiqin\u201d (fabrika p\u00ebr prodhimin e makinerive e themeluar menj\u00ebher\u00eb pas Luft\u00ebs s\u00eb Dyt\u00eb Bot\u00ebrore v.j.). Ai ka th\u00ebn\u00eb se p\u00ebr rim\u00ebk\u00ebmbjen e Kripores duhet nj\u00eb plan dhe profesionist\u00eb.<\/p>\n<p>\u201cBasenet jan\u00eb aty ku kan\u00eb qen\u00eb, por ajo \u00e7far\u00eb kam par\u00eb \u00ebsht\u00eb p\u00ebr t\u00eb t\u00eb ardhur keq. Sikur t\u00eb kishte shp\u00ebrthyer ndonj\u00eb bomb\u00eb\u201d, ka th\u00ebn\u00eb Ban teksa ka p\u00ebrshkruar vagon\u00ebt e krip\u00ebs t\u00eb rr\u00ebzuar p\u00ebr toke, dhe objektin e rr\u00ebnuar. Teksa ka bar\u00eb bardh\u00ebsin\u00eb e krip\u00ebs n\u00eb basene ai ka komentuar: \u201cMos po i nxihet dikujt fytyra prej k\u00ebsaj bardh\u00ebsie\u201d.<\/p>\n<p>Ish-drejtori ka kujtuar se n\u00eb koh\u00ebn e tij n\u00eb k\u00ebt\u00eb fabrik\u00eb kan\u00eb qen\u00eb t\u00eb pun\u00ebsuar 250 pun\u00ebtor\u00eb.<\/p>\n<p>\u201cKur dikush donte t\u00eb martohej, s\u00eb pari pyetej beqarja se ku i punon i p\u00ebrzgjedhuri i saj. N\u00ebse ai punonte n\u00eb Kripore, i ati i vajz\u00ebs e jepte vajz\u00ebn pa u hamendur. K\u00ebshtu ka qen\u00eb\u201d, ka kujtuar Ban koh\u00ebt e arta t\u00eb Kripores s\u00eb Ulqinit.<br \/>\n<!--YouTube Error: bad URL entered--><\/p>\n<p><strong><a href=\"https:\/\/www.facebook.com\/ismet.karamanaga\" target=\"_blank\">Shiko m\u00eb tep\u00ebr Fotografi &#8211; Ismet Karamanaga Facebook<\/a><\/strong><\/p>\n\n\t\t<style type=\"text\/css\">\n\t\t\t#gallery-1 {\n\t\t\t\tmargin: auto;\n\t\t\t}\n\t\t\t#gallery-1 .gallery-item {\n\t\t\t\tfloat: left;\n\t\t\t\tmargin-top: 10px;\n\t\t\t\ttext-align: center;\n\t\t\t\twidth: 33%;\n\t\t\t}\n\t\t\t#gallery-1 img {\n\t\t\t\tborder: 2px solid #cfcfcf;\n\t\t\t}\n\t\t\t#gallery-1 .gallery-caption {\n\t\t\t\tmargin-left: 0;\n\t\t\t}\n\t\t\t\/* see gallery_shortcode() in wp-includes\/media.php *\/\n\t\t<\/style>\n\t\t<div id='gallery-1' class='gallery galleryid-80875 gallery-columns-3 gallery-size-thumbnail'><dl class='gallery-item'>\n\t\t\t<dt class='gallery-icon landscape'>\n\t\t\t\t<a href='https:\/\/www.visit-ulcinj.com\/blog\/2014\/03\/21\/memoriam-solana-video-tvcg\/in-memoriam-solana-ulcinj-crna-gora-21\/'><img width=\"150\" height=\"150\" src=\"https:\/\/www.visit-ulcinj.com\/blog\/wp-content\/uploads\/2014\/03\/In-Memoriam-Solana-Ulcinj-Crna-Gora-21-150x150.jpg\" class=\"attachment-thumbnail size-thumbnail\" alt=\"\" loading=\"lazy\" \/><\/a>\n\t\t\t<\/dt><\/dl><dl class='gallery-item'>\n\t\t\t<dt class='gallery-icon landscape'>\n\t\t\t\t<a href='https:\/\/www.visit-ulcinj.com\/blog\/2014\/03\/21\/memoriam-solana-video-tvcg\/in-memoriam-solana-ulcinj-crna-gora-20\/'><img width=\"150\" height=\"150\" src=\"https:\/\/www.visit-ulcinj.com\/blog\/wp-content\/uploads\/2014\/03\/In-Memoriam-Solana-Ulcinj-Crna-Gora-20-150x150.jpg\" class=\"attachment-thumbnail size-thumbnail\" alt=\"\" loading=\"lazy\" \/><\/a>\n\t\t\t<\/dt><\/dl><dl class='gallery-item'>\n\t\t\t<dt class='gallery-icon landscape'>\n\t\t\t\t<a href='https:\/\/www.visit-ulcinj.com\/blog\/2014\/03\/21\/memoriam-solana-video-tvcg\/in-memoriam-solana-ulcinj-crna-gora-19\/'><img width=\"150\" height=\"150\" src=\"https:\/\/www.visit-ulcinj.com\/blog\/wp-content\/uploads\/2014\/03\/In-Memoriam-Solana-Ulcinj-Crna-Gora-19-150x150.jpg\" class=\"attachment-thumbnail size-thumbnail\" alt=\"\" loading=\"lazy\" \/><\/a>\n\t\t\t<\/dt><\/dl><br style=\"clear: both\" \/><dl class='gallery-item'>\n\t\t\t<dt class='gallery-icon landscape'>\n\t\t\t\t<a href='https:\/\/www.visit-ulcinj.com\/blog\/2014\/03\/21\/memoriam-solana-video-tvcg\/in-memoriam-solana-ulcinj-crna-gora-18\/'><img width=\"150\" height=\"150\" src=\"https:\/\/www.visit-ulcinj.com\/blog\/wp-content\/uploads\/2014\/03\/In-Memoriam-Solana-Ulcinj-Crna-Gora-18-150x150.jpg\" class=\"attachment-thumbnail size-thumbnail\" alt=\"\" loading=\"lazy\" \/><\/a>\n\t\t\t<\/dt><\/dl><dl class='gallery-item'>\n\t\t\t<dt class='gallery-icon landscape'>\n\t\t\t\t<a href='https:\/\/www.visit-ulcinj.com\/blog\/2014\/03\/21\/memoriam-solana-video-tvcg\/in-memoriam-solana-ulcinj-crna-gora-17\/'><img width=\"150\" height=\"150\" src=\"https:\/\/www.visit-ulcinj.com\/blog\/wp-content\/uploads\/2014\/03\/In-Memoriam-Solana-Ulcinj-Crna-Gora-17-150x150.jpg\" class=\"attachment-thumbnail size-thumbnail\" alt=\"\" loading=\"lazy\" \/><\/a>\n\t\t\t<\/dt><\/dl><dl class='gallery-item'>\n\t\t\t<dt class='gallery-icon landscape'>\n\t\t\t\t<a href='https:\/\/www.visit-ulcinj.com\/blog\/2014\/03\/21\/memoriam-solana-video-tvcg\/in-memoriam-solana-ulcinj-crna-gora-16\/'><img width=\"150\" height=\"150\" src=\"https:\/\/www.visit-ulcinj.com\/blog\/wp-content\/uploads\/2014\/03\/In-Memoriam-Solana-Ulcinj-Crna-Gora-16-150x150.jpg\" class=\"attachment-thumbnail size-thumbnail\" alt=\"\" loading=\"lazy\" \/><\/a>\n\t\t\t<\/dt><\/dl><br style=\"clear: both\" \/><dl class='gallery-item'>\n\t\t\t<dt class='gallery-icon landscape'>\n\t\t\t\t<a href='https:\/\/www.visit-ulcinj.com\/blog\/2014\/03\/21\/memoriam-solana-video-tvcg\/in-memoriam-solana-ulcinj-crna-gora-15\/'><img width=\"150\" height=\"150\" src=\"https:\/\/www.visit-ulcinj.com\/blog\/wp-content\/uploads\/2014\/03\/In-Memoriam-Solana-Ulcinj-Crna-Gora-15-150x150.jpg\" class=\"attachment-thumbnail size-thumbnail\" alt=\"\" loading=\"lazy\" \/><\/a>\n\t\t\t<\/dt><\/dl><dl class='gallery-item'>\n\t\t\t<dt class='gallery-icon landscape'>\n\t\t\t\t<a href='https:\/\/www.visit-ulcinj.com\/blog\/2014\/03\/21\/memoriam-solana-video-tvcg\/in-memoriam-solana-ulcinj-crna-gora-14\/'><img width=\"150\" height=\"150\" src=\"https:\/\/www.visit-ulcinj.com\/blog\/wp-content\/uploads\/2014\/03\/In-Memoriam-Solana-Ulcinj-Crna-Gora-14-150x150.jpg\" class=\"attachment-thumbnail size-thumbnail\" alt=\"\" loading=\"lazy\" \/><\/a>\n\t\t\t<\/dt><\/dl><dl class='gallery-item'>\n\t\t\t<dt class='gallery-icon landscape'>\n\t\t\t\t<a href='https:\/\/www.visit-ulcinj.com\/blog\/2014\/03\/21\/memoriam-solana-video-tvcg\/in-memoriam-solana-ulcinj-crna-gora-13\/'><img width=\"150\" height=\"150\" src=\"https:\/\/www.visit-ulcinj.com\/blog\/wp-content\/uploads\/2014\/03\/In-Memoriam-Solana-Ulcinj-Crna-Gora-13-150x150.jpg\" class=\"attachment-thumbnail size-thumbnail\" alt=\"\" loading=\"lazy\" \/><\/a>\n\t\t\t<\/dt><\/dl><br style=\"clear: both\" \/><dl class='gallery-item'>\n\t\t\t<dt class='gallery-icon landscape'>\n\t\t\t\t<a href='https:\/\/www.visit-ulcinj.com\/blog\/2014\/03\/21\/memoriam-solana-video-tvcg\/in-memoriam-solana-ulcinj-crna-gora-12\/'><img width=\"150\" height=\"150\" src=\"https:\/\/www.visit-ulcinj.com\/blog\/wp-content\/uploads\/2014\/03\/In-Memoriam-Solana-Ulcinj-Crna-Gora-12-150x150.jpg\" class=\"attachment-thumbnail size-thumbnail\" alt=\"\" loading=\"lazy\" \/><\/a>\n\t\t\t<\/dt><\/dl><dl class='gallery-item'>\n\t\t\t<dt class='gallery-icon landscape'>\n\t\t\t\t<a href='https:\/\/www.visit-ulcinj.com\/blog\/2014\/03\/21\/memoriam-solana-video-tvcg\/in-memoriam-solana-ulcinj-crna-gora-11\/'><img width=\"150\" height=\"150\" src=\"https:\/\/www.visit-ulcinj.com\/blog\/wp-content\/uploads\/2014\/03\/In-Memoriam-Solana-Ulcinj-Crna-Gora-11-150x150.jpg\" class=\"attachment-thumbnail size-thumbnail\" alt=\"\" loading=\"lazy\" \/><\/a>\n\t\t\t<\/dt><\/dl><dl class='gallery-item'>\n\t\t\t<dt class='gallery-icon landscape'>\n\t\t\t\t<a href='https:\/\/www.visit-ulcinj.com\/blog\/2014\/03\/21\/memoriam-solana-video-tvcg\/in-memoriam-solana-ulcinj-crna-gora-10\/'><img width=\"150\" height=\"150\" src=\"https:\/\/www.visit-ulcinj.com\/blog\/wp-content\/uploads\/2014\/03\/In-Memoriam-Solana-Ulcinj-Crna-Gora-10-150x150.jpg\" class=\"attachment-thumbnail size-thumbnail\" alt=\"\" loading=\"lazy\" \/><\/a>\n\t\t\t<\/dt><\/dl><br style=\"clear: both\" \/><dl class='gallery-item'>\n\t\t\t<dt class='gallery-icon landscape'>\n\t\t\t\t<a href='https:\/\/www.visit-ulcinj.com\/blog\/2014\/03\/21\/memoriam-solana-video-tvcg\/in-memoriam-solana-ulcinj-crna-gora-9\/'><img width=\"150\" height=\"150\" src=\"https:\/\/www.visit-ulcinj.com\/blog\/wp-content\/uploads\/2014\/03\/In-Memoriam-Solana-Ulcinj-Crna-Gora-9-150x150.jpg\" class=\"attachment-thumbnail size-thumbnail\" alt=\"\" loading=\"lazy\" \/><\/a>\n\t\t\t<\/dt><\/dl><dl class='gallery-item'>\n\t\t\t<dt class='gallery-icon landscape'>\n\t\t\t\t<a href='https:\/\/www.visit-ulcinj.com\/blog\/2014\/03\/21\/memoriam-solana-video-tvcg\/in-memoriam-solana-ulcinj-crna-gora-8\/'><img width=\"150\" height=\"150\" src=\"https:\/\/www.visit-ulcinj.com\/blog\/wp-content\/uploads\/2014\/03\/In-Memoriam-Solana-Ulcinj-Crna-Gora-8-150x150.jpg\" class=\"attachment-thumbnail size-thumbnail\" alt=\"\" loading=\"lazy\" \/><\/a>\n\t\t\t<\/dt><\/dl><dl class='gallery-item'>\n\t\t\t<dt class='gallery-icon landscape'>\n\t\t\t\t<a href='https:\/\/www.visit-ulcinj.com\/blog\/2014\/03\/21\/memoriam-solana-video-tvcg\/in-memoriam-solana-ulcinj-crna-gora-7\/'><img width=\"150\" height=\"150\" src=\"https:\/\/www.visit-ulcinj.com\/blog\/wp-content\/uploads\/2014\/03\/In-Memoriam-Solana-Ulcinj-Crna-Gora-7-150x150.jpg\" class=\"attachment-thumbnail size-thumbnail\" alt=\"\" loading=\"lazy\" \/><\/a>\n\t\t\t<\/dt><\/dl><br style=\"clear: both\" \/><dl class='gallery-item'>\n\t\t\t<dt class='gallery-icon landscape'>\n\t\t\t\t<a href='https:\/\/www.visit-ulcinj.com\/blog\/2014\/03\/21\/memoriam-solana-video-tvcg\/in-memoriam-solana-ulcinj-crna-gora-6\/'><img width=\"150\" height=\"150\" src=\"https:\/\/www.visit-ulcinj.com\/blog\/wp-content\/uploads\/2014\/03\/In-Memoriam-Solana-Ulcinj-Crna-Gora-6-150x150.jpg\" class=\"attachment-thumbnail size-thumbnail\" alt=\"\" loading=\"lazy\" \/><\/a>\n\t\t\t<\/dt><\/dl><dl class='gallery-item'>\n\t\t\t<dt class='gallery-icon landscape'>\n\t\t\t\t<a href='https:\/\/www.visit-ulcinj.com\/blog\/2014\/03\/21\/memoriam-solana-video-tvcg\/in-memoriam-solana-ulcinj-crna-gora-5\/'><img width=\"150\" height=\"150\" src=\"https:\/\/www.visit-ulcinj.com\/blog\/wp-content\/uploads\/2014\/03\/In-Memoriam-Solana-Ulcinj-Crna-Gora-5-150x150.jpg\" class=\"attachment-thumbnail size-thumbnail\" alt=\"\" loading=\"lazy\" \/><\/a>\n\t\t\t<\/dt><\/dl><dl class='gallery-item'>\n\t\t\t<dt class='gallery-icon landscape'>\n\t\t\t\t<a href='https:\/\/www.visit-ulcinj.com\/blog\/2014\/03\/21\/memoriam-solana-video-tvcg\/in-memoriam-solana-ulcinj-crna-gora-4\/'><img width=\"150\" height=\"150\" src=\"https:\/\/www.visit-ulcinj.com\/blog\/wp-content\/uploads\/2014\/03\/In-Memoriam-Solana-Ulcinj-Crna-Gora-4-150x150.jpg\" class=\"attachment-thumbnail size-thumbnail\" alt=\"\" loading=\"lazy\" \/><\/a>\n\t\t\t<\/dt><\/dl><br style=\"clear: both\" \/><dl class='gallery-item'>\n\t\t\t<dt class='gallery-icon landscape'>\n\t\t\t\t<a href='https:\/\/www.visit-ulcinj.com\/blog\/2014\/03\/21\/memoriam-solana-video-tvcg\/in-memoriam-solana-ulcinj-crna-gora-3\/'><img width=\"150\" height=\"150\" src=\"https:\/\/www.visit-ulcinj.com\/blog\/wp-content\/uploads\/2014\/03\/In-Memoriam-Solana-Ulcinj-Crna-Gora-3-150x150.jpg\" class=\"attachment-thumbnail size-thumbnail\" alt=\"\" loading=\"lazy\" \/><\/a>\n\t\t\t<\/dt><\/dl><dl class='gallery-item'>\n\t\t\t<dt class='gallery-icon landscape'>\n\t\t\t\t<a href='https:\/\/www.visit-ulcinj.com\/blog\/2014\/03\/21\/memoriam-solana-video-tvcg\/in-memoriam-solana-ulcinj-crna-gora-2\/'><img width=\"150\" height=\"150\" src=\"https:\/\/www.visit-ulcinj.com\/blog\/wp-content\/uploads\/2014\/03\/In-Memoriam-Solana-Ulcinj-Crna-Gora-2-150x150.jpg\" class=\"attachment-thumbnail size-thumbnail\" alt=\"\" loading=\"lazy\" \/><\/a>\n\t\t\t<\/dt><\/dl><dl class='gallery-item'>\n\t\t\t<dt class='gallery-icon landscape'>\n\t\t\t\t<a href='https:\/\/www.visit-ulcinj.com\/blog\/2014\/03\/21\/memoriam-solana-video-tvcg\/in-memoriam-solana-ulcinj-crna-gora-1\/'><img width=\"150\" height=\"150\" src=\"https:\/\/www.visit-ulcinj.com\/blog\/wp-content\/uploads\/2014\/03\/In-Memoriam-Solana-Ulcinj-Crna-Gora-1-150x150.jpg\" class=\"attachment-thumbnail size-thumbnail\" alt=\"\" loading=\"lazy\" \/><\/a>\n\t\t\t<\/dt><\/dl><br style=\"clear: both\" \/>\n\t\t<\/div>\n\n","protected":false},"excerpt":{"rendered":"<p>Prej vitit 1980 deri n\u00eb vitin 1990 qyteti i Ulqinit g\u00ebzonte nj\u00eb zhvillim ekonomik nga m\u00eb t\u00eb mir\u00ebt n\u00eb vend, si n\u00eb Mal t\u00eb Zi ashtu edhe n\u00eb ish\u00eb Jugoslavi. Por gjat\u00eb k\u00ebtyre 20 viteve t\u00eb pluralizmit, gjendja e banor\u00ebve t\u00eb k\u00ebtij qyteti ka ndryshuar shum\u00eb her\u00eb dhe vazhdon t\u00eb p\u00ebrkeq\u00ebsohet. Tashm\u00eb \u00ebsht\u00eb b\u00ebr\u00eb e [&hellip;]<\/p>\n","protected":false},"author":1,"featured_media":0,"comment_status":"closed","ping_status":"closed","sticky":false,"template":"","format":"standard","meta":{"spay_email":"","jetpack_publicize_message":"","jetpack_is_tweetstorm":false,"jetpack_publicize_feature_enabled":true},"categories":[10,1],"tags":[],"jetpack_publicize_connections":[],"yoast_head":"<!-- This site is optimized with the Yoast SEO plugin v19.1 - https:\/\/yoast.com\/wordpress\/plugins\/seo\/ -->\n<title>Kush po e shkat\u00ebrron ekonomin e Ulqinit me q\u00ebllim - Video - Lajme nga Ulqini<\/title>\n<meta name=\"description\" content=\"Prej vitit 1980 deri n\u00eb vitin 1990 qyteti i Ulqinit g\u00ebzonte nj\u00eb zhvillim ekonomik nga m\u00eb t\u00eb mir\u00ebt n\u00eb vend, si n\u00eb Mal t\u00eb Zi ashtu edhe n\u00eb ish\u00eb Jugoslavi.\" \/>\n<meta name=\"robots\" content=\"index, follow, max-snippet:-1, max-image-preview:large, max-video-preview:-1\" \/>\n<link rel=\"canonical\" href=\"https:\/\/www.visit-ulcinj.com\/blog\/2014\/03\/21\/kush-po-e-shkaterron-ekonomin-e-ulqinit-qellim\/\" \/>\n<meta property=\"og:locale\" content=\"en_US\" \/>\n<meta property=\"og:type\" content=\"article\" \/>\n<meta property=\"og:title\" content=\"Kush po e shkat\u00ebrron ekonomin e Ulqinit me q\u00ebllim - Video - Lajme nga Ulqini\" \/>\n<meta property=\"og:description\" content=\"Prej vitit 1980 deri n\u00eb vitin 1990 qyteti i Ulqinit g\u00ebzonte nj\u00eb zhvillim ekonomik nga m\u00eb t\u00eb mir\u00ebt n\u00eb vend, si n\u00eb Mal t\u00eb Zi ashtu edhe n\u00eb ish\u00eb Jugoslavi.\" \/>\n<meta property=\"og:url\" content=\"https:\/\/www.visit-ulcinj.com\/blog\/2014\/03\/21\/kush-po-e-shkaterron-ekonomin-e-ulqinit-qellim\/\" \/>\n<meta property=\"og:site_name\" content=\"Lajme nga Ulqini\" \/>\n<meta property=\"article:published_time\" content=\"2014-03-21T09:55:55+00:00\" \/>\n<meta property=\"article:modified_time\" content=\"2014-03-23T12:45:08+00:00\" \/>\n<meta property=\"og:image\" content=\"https:\/\/www.visit-ulcinj.com\/blog\/wp-content\/uploads\/2014\/03\/In-Memoriam-Solana-Ulcinj-Crna-Gora-21-150x150.jpg\" \/>\n<meta name=\"twitter:label1\" content=\"Written by\" \/>\n\t<meta name=\"twitter:data1\" content=\"ulqini\" \/>\n\t<meta name=\"twitter:label2\" content=\"Est. reading time\" \/>\n\t<meta name=\"twitter:data2\" content=\"7 minutes\" \/>\n<script type=\"application\/ld+json\" class=\"yoast-schema-graph\">{\"@context\":\"https:\/\/schema.org\",\"@graph\":[{\"@type\":\"WebSite\",\"@id\":\"https:\/\/www.visit-ulcinj.com\/blog\/#website\",\"url\":\"https:\/\/www.visit-ulcinj.com\/blog\/\",\"name\":\"Lajme nga Ulqini\",\"description\":\"Lajme,Vijesti,Ulqini,Ulqin,Crna Gora,Mali i Zi\",\"potentialAction\":[{\"@type\":\"SearchAction\",\"target\":{\"@type\":\"EntryPoint\",\"urlTemplate\":\"https:\/\/www.visit-ulcinj.com\/blog\/?s={search_term_string}\"},\"query-input\":\"required name=search_term_string\"}],\"inLanguage\":\"en-US\"},{\"@type\":\"ImageObject\",\"inLanguage\":\"en-US\",\"@id\":\"https:\/\/www.visit-ulcinj.com\/blog\/2014\/03\/21\/kush-po-e-shkaterron-ekonomin-e-ulqinit-qellim\/#primaryimage\",\"url\":\"https:\/\/www.visit-ulcinj.com\/blog\/wp-content\/uploads\/2014\/03\/In-Memoriam-Solana-Ulcinj-Crna-Gora-22.jpg\",\"contentUrl\":\"https:\/\/www.visit-ulcinj.com\/blog\/wp-content\/uploads\/2014\/03\/In-Memoriam-Solana-Ulcinj-Crna-Gora-22.jpg\",\"width\":960,\"height\":720},{\"@type\":\"WebPage\",\"@id\":\"https:\/\/www.visit-ulcinj.com\/blog\/2014\/03\/21\/kush-po-e-shkaterron-ekonomin-e-ulqinit-qellim\/#webpage\",\"url\":\"https:\/\/www.visit-ulcinj.com\/blog\/2014\/03\/21\/kush-po-e-shkaterron-ekonomin-e-ulqinit-qellim\/\",\"name\":\"Kush po e shkat\u00ebrron ekonomin e Ulqinit me q\u00ebllim - Video - Lajme nga Ulqini\",\"isPartOf\":{\"@id\":\"https:\/\/www.visit-ulcinj.com\/blog\/#website\"},\"primaryImageOfPage\":{\"@id\":\"https:\/\/www.visit-ulcinj.com\/blog\/2014\/03\/21\/kush-po-e-shkaterron-ekonomin-e-ulqinit-qellim\/#primaryimage\"},\"datePublished\":\"2014-03-21T09:55:55+00:00\",\"dateModified\":\"2014-03-23T12:45:08+00:00\",\"author\":{\"@id\":\"https:\/\/www.visit-ulcinj.com\/blog\/#\/schema\/person\/dcab619c614d3038751c63bc2aadc06d\"},\"description\":\"Prej vitit 1980 deri n\u00eb vitin 1990 qyteti i Ulqinit g\u00ebzonte nj\u00eb zhvillim ekonomik nga m\u00eb t\u00eb mir\u00ebt n\u00eb vend, si n\u00eb Mal t\u00eb Zi ashtu edhe n\u00eb ish\u00eb Jugoslavi.\",\"breadcrumb\":{\"@id\":\"https:\/\/www.visit-ulcinj.com\/blog\/2014\/03\/21\/kush-po-e-shkaterron-ekonomin-e-ulqinit-qellim\/#breadcrumb\"},\"inLanguage\":\"en-US\",\"potentialAction\":[{\"@type\":\"ReadAction\",\"target\":[\"https:\/\/www.visit-ulcinj.com\/blog\/2014\/03\/21\/kush-po-e-shkaterron-ekonomin-e-ulqinit-qellim\/\"]}]},{\"@type\":\"BreadcrumbList\",\"@id\":\"https:\/\/www.visit-ulcinj.com\/blog\/2014\/03\/21\/kush-po-e-shkaterron-ekonomin-e-ulqinit-qellim\/#breadcrumb\",\"itemListElement\":[{\"@type\":\"ListItem\",\"position\":1,\"name\":\"Kush po e shkat\u00ebrron ekonomin e Ulqinit me q\u00ebllim &#8211; Video\"}]},{\"@type\":\"Person\",\"@id\":\"https:\/\/www.visit-ulcinj.com\/blog\/#\/schema\/person\/dcab619c614d3038751c63bc2aadc06d\",\"name\":\"ulqini\",\"sameAs\":[\"http:\/\/www.visit-ulcinj.com\"],\"url\":\"https:\/\/www.visit-ulcinj.com\/blog\/author\/admin\/\"}]}<\/script>\n<!-- \/ Yoast SEO plugin. -->","yoast_head_json":{"title":"Kush po e shkat\u00ebrron ekonomin e Ulqinit me q\u00ebllim - Video - Lajme nga Ulqini","description":"Prej vitit 1980 deri n\u00eb vitin 1990 qyteti i Ulqinit g\u00ebzonte nj\u00eb zhvillim ekonomik nga m\u00eb t\u00eb mir\u00ebt n\u00eb vend, si n\u00eb Mal t\u00eb Zi ashtu edhe n\u00eb ish\u00eb Jugoslavi.","robots":{"index":"index","follow":"follow","max-snippet":"max-snippet:-1","max-image-preview":"max-image-preview:large","max-video-preview":"max-video-preview:-1"},"canonical":"https:\/\/www.visit-ulcinj.com\/blog\/2014\/03\/21\/kush-po-e-shkaterron-ekonomin-e-ulqinit-qellim\/","og_locale":"en_US","og_type":"article","og_title":"Kush po e shkat\u00ebrron ekonomin e Ulqinit me q\u00ebllim - Video - Lajme nga Ulqini","og_description":"Prej vitit 1980 deri n\u00eb vitin 1990 qyteti i Ulqinit g\u00ebzonte nj\u00eb zhvillim ekonomik nga m\u00eb t\u00eb mir\u00ebt n\u00eb vend, si n\u00eb Mal t\u00eb Zi ashtu edhe n\u00eb ish\u00eb Jugoslavi.","og_url":"https:\/\/www.visit-ulcinj.com\/blog\/2014\/03\/21\/kush-po-e-shkaterron-ekonomin-e-ulqinit-qellim\/","og_site_name":"Lajme nga Ulqini","article_published_time":"2014-03-21T09:55:55+00:00","article_modified_time":"2014-03-23T12:45:08+00:00","og_image":[{"url":"https:\/\/www.visit-ulcinj.com\/blog\/wp-content\/uploads\/2014\/03\/In-Memoriam-Solana-Ulcinj-Crna-Gora-21-150x150.jpg"}],"twitter_misc":{"Written by":"ulqini","Est. reading time":"7 minutes"},"schema":{"@context":"https:\/\/schema.org","@graph":[{"@type":"WebSite","@id":"https:\/\/www.visit-ulcinj.com\/blog\/#website","url":"https:\/\/www.visit-ulcinj.com\/blog\/","name":"Lajme nga Ulqini","description":"Lajme,Vijesti,Ulqini,Ulqin,Crna Gora,Mali i Zi","potentialAction":[{"@type":"SearchAction","target":{"@type":"EntryPoint","urlTemplate":"https:\/\/www.visit-ulcinj.com\/blog\/?s={search_term_string}"},"query-input":"required name=search_term_string"}],"inLanguage":"en-US"},{"@type":"ImageObject","inLanguage":"en-US","@id":"https:\/\/www.visit-ulcinj.com\/blog\/2014\/03\/21\/kush-po-e-shkaterron-ekonomin-e-ulqinit-qellim\/#primaryimage","url":"https:\/\/www.visit-ulcinj.com\/blog\/wp-content\/uploads\/2014\/03\/In-Memoriam-Solana-Ulcinj-Crna-Gora-22.jpg","contentUrl":"https:\/\/www.visit-ulcinj.com\/blog\/wp-content\/uploads\/2014\/03\/In-Memoriam-Solana-Ulcinj-Crna-Gora-22.jpg","width":960,"height":720},{"@type":"WebPage","@id":"https:\/\/www.visit-ulcinj.com\/blog\/2014\/03\/21\/kush-po-e-shkaterron-ekonomin-e-ulqinit-qellim\/#webpage","url":"https:\/\/www.visit-ulcinj.com\/blog\/2014\/03\/21\/kush-po-e-shkaterron-ekonomin-e-ulqinit-qellim\/","name":"Kush po e shkat\u00ebrron ekonomin e Ulqinit me q\u00ebllim - Video - Lajme nga Ulqini","isPartOf":{"@id":"https:\/\/www.visit-ulcinj.com\/blog\/#website"},"primaryImageOfPage":{"@id":"https:\/\/www.visit-ulcinj.com\/blog\/2014\/03\/21\/kush-po-e-shkaterron-ekonomin-e-ulqinit-qellim\/#primaryimage"},"datePublished":"2014-03-21T09:55:55+00:00","dateModified":"2014-03-23T12:45:08+00:00","author":{"@id":"https:\/\/www.visit-ulcinj.com\/blog\/#\/schema\/person\/dcab619c614d3038751c63bc2aadc06d"},"description":"Prej vitit 1980 deri n\u00eb vitin 1990 qyteti i Ulqinit g\u00ebzonte nj\u00eb zhvillim ekonomik nga m\u00eb t\u00eb mir\u00ebt n\u00eb vend, si n\u00eb Mal t\u00eb Zi ashtu edhe n\u00eb ish\u00eb Jugoslavi.","breadcrumb":{"@id":"https:\/\/www.visit-ulcinj.com\/blog\/2014\/03\/21\/kush-po-e-shkaterron-ekonomin-e-ulqinit-qellim\/#breadcrumb"},"inLanguage":"en-US","potentialAction":[{"@type":"ReadAction","target":["https:\/\/www.visit-ulcinj.com\/blog\/2014\/03\/21\/kush-po-e-shkaterron-ekonomin-e-ulqinit-qellim\/"]}]},{"@type":"BreadcrumbList","@id":"https:\/\/www.visit-ulcinj.com\/blog\/2014\/03\/21\/kush-po-e-shkaterron-ekonomin-e-ulqinit-qellim\/#breadcrumb","itemListElement":[{"@type":"ListItem","position":1,"name":"Kush po e shkat\u00ebrron ekonomin e Ulqinit me q\u00ebllim &#8211; Video"}]},{"@type":"Person","@id":"https:\/\/www.visit-ulcinj.com\/blog\/#\/schema\/person\/dcab619c614d3038751c63bc2aadc06d","name":"ulqini","sameAs":["http:\/\/www.visit-ulcinj.com"],"url":"https:\/\/www.visit-ulcinj.com\/blog\/author\/admin\/"}]}},"jetpack_featured_media_url":"","jetpack_sharing_enabled":true,"jetpack_shortlink":"https:\/\/wp.me\/pe6lTn-l2r","_links":{"self":[{"href":"https:\/\/www.visit-ulcinj.com\/blog\/wp-json\/wp\/v2\/posts\/80875"}],"collection":[{"href":"https:\/\/www.visit-ulcinj.com\/blog\/wp-json\/wp\/v2\/posts"}],"about":[{"href":"https:\/\/www.visit-ulcinj.com\/blog\/wp-json\/wp\/v2\/types\/post"}],"author":[{"embeddable":true,"href":"https:\/\/www.visit-ulcinj.com\/blog\/wp-json\/wp\/v2\/users\/1"}],"replies":[{"embeddable":true,"href":"https:\/\/www.visit-ulcinj.com\/blog\/wp-json\/wp\/v2\/comments?post=80875"}],"version-history":[{"count":5,"href":"https:\/\/www.visit-ulcinj.com\/blog\/wp-json\/wp\/v2\/posts\/80875\/revisions"}],"predecessor-version":[{"id":80881,"href":"https:\/\/www.visit-ulcinj.com\/blog\/wp-json\/wp\/v2\/posts\/80875\/revisions\/80881"}],"wp:attachment":[{"href":"https:\/\/www.visit-ulcinj.com\/blog\/wp-json\/wp\/v2\/media?parent=80875"}],"wp:term":[{"taxonomy":"category","embeddable":true,"href":"https:\/\/www.visit-ulcinj.com\/blog\/wp-json\/wp\/v2\/categories?post=80875"},{"taxonomy":"post_tag","embeddable":true,"href":"https:\/\/www.visit-ulcinj.com\/blog\/wp-json\/wp\/v2\/tags?post=80875"}],"curies":[{"name":"wp","href":"https:\/\/api.w.org\/{rel}","templated":true}]}}