{"id":80882,"date":"2014-03-21T16:49:11","date_gmt":"2014-03-21T15:49:11","guid":{"rendered":"http:\/\/www.visit-ulcinj.com\/blog\/?p=80882"},"modified":"2014-03-21T16:49:11","modified_gmt":"2014-03-21T15:49:11","slug":"shqiptaret-e-tuzit-duan-komune-te-drejta-te-plota","status":"publish","type":"post","link":"https:\/\/www.visit-ulcinj.com\/blog\/2014\/03\/21\/shqiptaret-e-tuzit-duan-komune-te-drejta-te-plota\/","title":{"rendered":"Shqiptar\u00ebt e Tuzit duan komun\u00eb me t\u00eb drejta t\u00eb plota"},"content":{"rendered":"<p><strong><a href=\"http:\/\/www.visit-ulcinj.com\/blog\/wp-content\/uploads\/2014\/03\/Shqiptar\u00ebt-e-Tuzit.jpg\"><img loading=\"lazy\" class=\"alignleft  wp-image-80883\" alt=\"Shqiptar\u00ebt e Tuzit\" src=\"http:\/\/www.visit-ulcinj.com\/blog\/wp-content\/uploads\/2014\/03\/Shqiptar\u00ebt-e-Tuzit.jpg\" width=\"508\" height=\"360\" \/><\/a>Tuz, 20 mars \u2013 Partit\u00eb shqiptare n\u00eb Kuvendin e Podgoric\u00ebs s\u00ebrish do t\u00eb shtrojn\u00eb \u00e7\u00ebshtjen e statusit t\u00eb Mal\u00ebsis\u00eb. Ata duan Tuzin komun\u00eb me t\u00eb drejta t\u00eb plota dhe jo ndonj\u00eb autonomi komunale, q\u00eb e kishte ofruar pushteti<\/strong><\/p>\n<p>K\u00ebt\u00eb nism\u00eb e ka paralajm\u00ebruar k\u00ebshilltari i Iniciativ\u00ebs Qytetare, Vasel Sinishtaj, i cili do t\u00eb ket\u00eb edhe mb\u00ebshtetjen e Lidhjes Demokratike. Ata nuk e fshehin zem\u00ebrimin pse kjo \u00e7\u00ebshtje duhet s\u00ebrish t\u00eb vihet n\u00eb rend t\u00eb dit\u00ebs, kur ka mundur t\u00eb zgjidhej para se t\u00eb merrnin statusin e komunave qendrat e dikurshme lokale t\u00eb Beran\u00ebs e t\u00eb Plav\u00ebs, Petnjica Gucia.<\/p>\n<p>Sipas regjistrimit t\u00eb popullsis\u00eb t\u00eb vitit 2011 Tuzi kishte 12.096 banor\u00eb, gjithsesi m\u00eb shum\u00eb se Andrijevica, Shavniku, Pluzhina, Petnjica, Gucia, Tivati dhe disa komuna t\u00eb tjera t\u00eb Malit t\u00eb Zi.<br \/>\n\u201cMal\u00ebsia k\u00ebrkon t\u00eb b\u00ebhet komun\u00eb me t\u00eb drejta t\u00eb plota dhe k\u00ebtu s\u2019ka \u00e7far\u00eb t\u00eb diskutohet. Asgj\u00eb tjet\u00ebr nuk vjen n\u00eb konsiderim\u201d, citon \u201cV.Novosti\u201d i Beogradit Mehmet Bardhin, kryetar i Lidhjes Demokratike. Vendimin do ta marr\u00eb Qeveria e Malit t\u00eb Zi.<br \/>\nBardhi thot\u00eb se n\u00ebse ky regjim flet z\u00ebsh\u00ebm se Mali i Zi po ec\u00eb me hapa t\u00eb gjat\u00eb drejt Europ\u00ebs, nuk do t\u00eb ishte mir\u00eb t\u00eb marr\u00eb n\u00eb thua n\u00eb Tuz.<\/p>\n<p><strong>Koha Net<\/strong><\/p>\n","protected":false},"excerpt":{"rendered":"<p>Tuz, 20 mars \u2013 Partit\u00eb shqiptare n\u00eb Kuvendin e Podgoric\u00ebs s\u00ebrish do t\u00eb shtrojn\u00eb \u00e7\u00ebshtjen e statusit t\u00eb Mal\u00ebsis\u00eb. Ata duan Tuzin komun\u00eb me t\u00eb drejta t\u00eb plota dhe jo ndonj\u00eb autonomi komunale, q\u00eb e kishte ofruar pushteti K\u00ebt\u00eb nism\u00eb e ka paralajm\u00ebruar k\u00ebshilltari i Iniciativ\u00ebs Qytetare, Vasel Sinishtaj, i cili do t\u00eb ket\u00eb edhe [&hellip;]<\/p>\n","protected":false},"author":1,"featured_media":0,"comment_status":"closed","ping_status":"closed","sticky":false,"template":"","format":"standard","meta":{"spay_email":"","jetpack_publicize_message":"","jetpack_is_tweetstorm":false,"jetpack_publicize_feature_enabled":true},"categories":[14],"tags":[],"jetpack_publicize_connections":[],"yoast_head":"<!-- This site is optimized with the Yoast SEO plugin v19.1 - https:\/\/yoast.com\/wordpress\/plugins\/seo\/ -->\n<title>Shqiptar\u00ebt e Tuzit duan komun\u00eb me t\u00eb drejta t\u00eb plota - Lajme nga Ulqini<\/title>\n<meta name=\"description\" content=\"Tuz, 20 mars \u2013 Partit\u00eb shqiptare n\u00eb Kuvendin e Podgoric\u00ebs s\u00ebrish do t\u00eb shtrojn\u00eb \u00e7\u00ebshtjen e statusit t\u00eb Mal\u00ebsis\u00eb. Ata duan Tuzin komun\u00eb me t\u00eb drejta t\u00eb\" \/>\n<meta name=\"robots\" content=\"index, follow, max-snippet:-1, max-image-preview:large, max-video-preview:-1\" \/>\n<link rel=\"canonical\" href=\"https:\/\/www.visit-ulcinj.com\/blog\/2014\/03\/21\/shqiptaret-e-tuzit-duan-komune-te-drejta-te-plota\/\" \/>\n<meta property=\"og:locale\" content=\"en_US\" \/>\n<meta property=\"og:type\" content=\"article\" \/>\n<meta property=\"og:title\" content=\"Shqiptar\u00ebt e Tuzit duan komun\u00eb me t\u00eb drejta t\u00eb plota - Lajme nga Ulqini\" \/>\n<meta property=\"og:description\" content=\"Tuz, 20 mars \u2013 Partit\u00eb shqiptare n\u00eb Kuvendin e Podgoric\u00ebs s\u00ebrish do t\u00eb shtrojn\u00eb \u00e7\u00ebshtjen e statusit t\u00eb Mal\u00ebsis\u00eb. Ata duan Tuzin komun\u00eb me t\u00eb drejta t\u00eb\" \/>\n<meta property=\"og:url\" content=\"https:\/\/www.visit-ulcinj.com\/blog\/2014\/03\/21\/shqiptaret-e-tuzit-duan-komune-te-drejta-te-plota\/\" \/>\n<meta property=\"og:site_name\" content=\"Lajme nga Ulqini\" \/>\n<meta property=\"article:published_time\" content=\"2014-03-21T15:49:11+00:00\" \/>\n<meta name=\"twitter:label1\" content=\"Written by\" \/>\n\t<meta name=\"twitter:data1\" content=\"ulqini\" \/>\n\t<meta name=\"twitter:label2\" content=\"Est. reading time\" \/>\n\t<meta name=\"twitter:data2\" content=\"1 minute\" \/>\n<script type=\"application\/ld+json\" class=\"yoast-schema-graph\">{\"@context\":\"https:\/\/schema.org\",\"@graph\":[{\"@type\":\"WebSite\",\"@id\":\"https:\/\/www.visit-ulcinj.com\/blog\/#website\",\"url\":\"https:\/\/www.visit-ulcinj.com\/blog\/\",\"name\":\"Lajme nga Ulqini\",\"description\":\"Lajme,Vijesti,Ulqini,Ulqin,Crna Gora,Mali i Zi\",\"potentialAction\":[{\"@type\":\"SearchAction\",\"target\":{\"@type\":\"EntryPoint\",\"urlTemplate\":\"https:\/\/www.visit-ulcinj.com\/blog\/?s={search_term_string}\"},\"query-input\":\"required name=search_term_string\"}],\"inLanguage\":\"en-US\"},{\"@type\":\"WebPage\",\"@id\":\"https:\/\/www.visit-ulcinj.com\/blog\/2014\/03\/21\/shqiptaret-e-tuzit-duan-komune-te-drejta-te-plota\/#webpage\",\"url\":\"https:\/\/www.visit-ulcinj.com\/blog\/2014\/03\/21\/shqiptaret-e-tuzit-duan-komune-te-drejta-te-plota\/\",\"name\":\"Shqiptar\u00ebt e Tuzit duan komun\u00eb me t\u00eb drejta t\u00eb plota - Lajme nga Ulqini\",\"isPartOf\":{\"@id\":\"https:\/\/www.visit-ulcinj.com\/blog\/#website\"},\"datePublished\":\"2014-03-21T15:49:11+00:00\",\"dateModified\":\"2014-03-21T15:49:11+00:00\",\"author\":{\"@id\":\"https:\/\/www.visit-ulcinj.com\/blog\/#\/schema\/person\/dcab619c614d3038751c63bc2aadc06d\"},\"description\":\"Tuz, 20 mars \u2013 Partit\u00eb shqiptare n\u00eb Kuvendin e Podgoric\u00ebs s\u00ebrish do t\u00eb shtrojn\u00eb \u00e7\u00ebshtjen e statusit t\u00eb Mal\u00ebsis\u00eb. Ata duan Tuzin komun\u00eb me t\u00eb drejta t\u00eb\",\"breadcrumb\":{\"@id\":\"https:\/\/www.visit-ulcinj.com\/blog\/2014\/03\/21\/shqiptaret-e-tuzit-duan-komune-te-drejta-te-plota\/#breadcrumb\"},\"inLanguage\":\"en-US\",\"potentialAction\":[{\"@type\":\"ReadAction\",\"target\":[\"https:\/\/www.visit-ulcinj.com\/blog\/2014\/03\/21\/shqiptaret-e-tuzit-duan-komune-te-drejta-te-plota\/\"]}]},{\"@type\":\"BreadcrumbList\",\"@id\":\"https:\/\/www.visit-ulcinj.com\/blog\/2014\/03\/21\/shqiptaret-e-tuzit-duan-komune-te-drejta-te-plota\/#breadcrumb\",\"itemListElement\":[{\"@type\":\"ListItem\",\"position\":1,\"name\":\"Shqiptar\u00ebt e Tuzit duan komun\u00eb me t\u00eb drejta t\u00eb plota\"}]},{\"@type\":\"Person\",\"@id\":\"https:\/\/www.visit-ulcinj.com\/blog\/#\/schema\/person\/dcab619c614d3038751c63bc2aadc06d\",\"name\":\"ulqini\",\"sameAs\":[\"http:\/\/www.visit-ulcinj.com\"],\"url\":\"https:\/\/www.visit-ulcinj.com\/blog\/author\/admin\/\"}]}<\/script>\n<!-- \/ Yoast SEO plugin. -->","yoast_head_json":{"title":"Shqiptar\u00ebt e Tuzit duan komun\u00eb me t\u00eb drejta t\u00eb plota - Lajme nga Ulqini","description":"Tuz, 20 mars \u2013 Partit\u00eb shqiptare n\u00eb Kuvendin e Podgoric\u00ebs s\u00ebrish do t\u00eb shtrojn\u00eb \u00e7\u00ebshtjen e statusit t\u00eb Mal\u00ebsis\u00eb. Ata duan Tuzin komun\u00eb me t\u00eb drejta t\u00eb","robots":{"index":"index","follow":"follow","max-snippet":"max-snippet:-1","max-image-preview":"max-image-preview:large","max-video-preview":"max-video-preview:-1"},"canonical":"https:\/\/www.visit-ulcinj.com\/blog\/2014\/03\/21\/shqiptaret-e-tuzit-duan-komune-te-drejta-te-plota\/","og_locale":"en_US","og_type":"article","og_title":"Shqiptar\u00ebt e Tuzit duan komun\u00eb me t\u00eb drejta t\u00eb plota - Lajme nga Ulqini","og_description":"Tuz, 20 mars \u2013 Partit\u00eb shqiptare n\u00eb Kuvendin e Podgoric\u00ebs s\u00ebrish do t\u00eb shtrojn\u00eb \u00e7\u00ebshtjen e statusit t\u00eb Mal\u00ebsis\u00eb. Ata duan Tuzin komun\u00eb me t\u00eb drejta t\u00eb","og_url":"https:\/\/www.visit-ulcinj.com\/blog\/2014\/03\/21\/shqiptaret-e-tuzit-duan-komune-te-drejta-te-plota\/","og_site_name":"Lajme nga Ulqini","article_published_time":"2014-03-21T15:49:11+00:00","twitter_misc":{"Written by":"ulqini","Est. reading time":"1 minute"},"schema":{"@context":"https:\/\/schema.org","@graph":[{"@type":"WebSite","@id":"https:\/\/www.visit-ulcinj.com\/blog\/#website","url":"https:\/\/www.visit-ulcinj.com\/blog\/","name":"Lajme nga Ulqini","description":"Lajme,Vijesti,Ulqini,Ulqin,Crna Gora,Mali i Zi","potentialAction":[{"@type":"SearchAction","target":{"@type":"EntryPoint","urlTemplate":"https:\/\/www.visit-ulcinj.com\/blog\/?s={search_term_string}"},"query-input":"required name=search_term_string"}],"inLanguage":"en-US"},{"@type":"WebPage","@id":"https:\/\/www.visit-ulcinj.com\/blog\/2014\/03\/21\/shqiptaret-e-tuzit-duan-komune-te-drejta-te-plota\/#webpage","url":"https:\/\/www.visit-ulcinj.com\/blog\/2014\/03\/21\/shqiptaret-e-tuzit-duan-komune-te-drejta-te-plota\/","name":"Shqiptar\u00ebt e Tuzit duan komun\u00eb me t\u00eb drejta t\u00eb plota - Lajme nga Ulqini","isPartOf":{"@id":"https:\/\/www.visit-ulcinj.com\/blog\/#website"},"datePublished":"2014-03-21T15:49:11+00:00","dateModified":"2014-03-21T15:49:11+00:00","author":{"@id":"https:\/\/www.visit-ulcinj.com\/blog\/#\/schema\/person\/dcab619c614d3038751c63bc2aadc06d"},"description":"Tuz, 20 mars \u2013 Partit\u00eb shqiptare n\u00eb Kuvendin e Podgoric\u00ebs s\u00ebrish do t\u00eb shtrojn\u00eb \u00e7\u00ebshtjen e statusit t\u00eb Mal\u00ebsis\u00eb. Ata duan Tuzin komun\u00eb me t\u00eb drejta t\u00eb","breadcrumb":{"@id":"https:\/\/www.visit-ulcinj.com\/blog\/2014\/03\/21\/shqiptaret-e-tuzit-duan-komune-te-drejta-te-plota\/#breadcrumb"},"inLanguage":"en-US","potentialAction":[{"@type":"ReadAction","target":["https:\/\/www.visit-ulcinj.com\/blog\/2014\/03\/21\/shqiptaret-e-tuzit-duan-komune-te-drejta-te-plota\/"]}]},{"@type":"BreadcrumbList","@id":"https:\/\/www.visit-ulcinj.com\/blog\/2014\/03\/21\/shqiptaret-e-tuzit-duan-komune-te-drejta-te-plota\/#breadcrumb","itemListElement":[{"@type":"ListItem","position":1,"name":"Shqiptar\u00ebt e Tuzit duan komun\u00eb me t\u00eb drejta t\u00eb plota"}]},{"@type":"Person","@id":"https:\/\/www.visit-ulcinj.com\/blog\/#\/schema\/person\/dcab619c614d3038751c63bc2aadc06d","name":"ulqini","sameAs":["http:\/\/www.visit-ulcinj.com"],"url":"https:\/\/www.visit-ulcinj.com\/blog\/author\/admin\/"}]}},"jetpack_featured_media_url":"","jetpack_sharing_enabled":true,"jetpack_shortlink":"https:\/\/wp.me\/pe6lTn-l2y","_links":{"self":[{"href":"https:\/\/www.visit-ulcinj.com\/blog\/wp-json\/wp\/v2\/posts\/80882"}],"collection":[{"href":"https:\/\/www.visit-ulcinj.com\/blog\/wp-json\/wp\/v2\/posts"}],"about":[{"href":"https:\/\/www.visit-ulcinj.com\/blog\/wp-json\/wp\/v2\/types\/post"}],"author":[{"embeddable":true,"href":"https:\/\/www.visit-ulcinj.com\/blog\/wp-json\/wp\/v2\/users\/1"}],"replies":[{"embeddable":true,"href":"https:\/\/www.visit-ulcinj.com\/blog\/wp-json\/wp\/v2\/comments?post=80882"}],"version-history":[{"count":1,"href":"https:\/\/www.visit-ulcinj.com\/blog\/wp-json\/wp\/v2\/posts\/80882\/revisions"}],"predecessor-version":[{"id":80884,"href":"https:\/\/www.visit-ulcinj.com\/blog\/wp-json\/wp\/v2\/posts\/80882\/revisions\/80884"}],"wp:attachment":[{"href":"https:\/\/www.visit-ulcinj.com\/blog\/wp-json\/wp\/v2\/media?parent=80882"}],"wp:term":[{"taxonomy":"category","embeddable":true,"href":"https:\/\/www.visit-ulcinj.com\/blog\/wp-json\/wp\/v2\/categories?post=80882"},{"taxonomy":"post_tag","embeddable":true,"href":"https:\/\/www.visit-ulcinj.com\/blog\/wp-json\/wp\/v2\/tags?post=80882"}],"curies":[{"name":"wp","href":"https:\/\/api.w.org\/{rel}","templated":true}]}}