{"id":80891,"date":"2014-03-21T18:22:45","date_gmt":"2014-03-21T17:22:45","guid":{"rendered":"http:\/\/www.visit-ulcinj.com\/blog\/?p=80891"},"modified":"2014-03-21T18:22:45","modified_gmt":"2014-03-21T17:22:45","slug":"krivicna-prijava-protiv-direktora-ulcinj-video","status":"publish","type":"post","link":"https:\/\/www.visit-ulcinj.com\/blog\/2014\/03\/21\/krivicna-prijava-protiv-direktora-ulcinj-video\/","title":{"rendered":"Krivi\u010dna prijava protiv direktora TO Ulcinj &#8211; Video"},"content":{"rendered":"<p><strong><a href=\"http:\/\/www.visit-ulcinj.com\/blog\/wp-content\/uploads\/2012\/11\/organizata-turistike-e-ulqinit.jpg\"><img loading=\"lazy\" class=\"alignleft  wp-image-65585\" alt=\"organizata turistike e ulqinit\" src=\"http:\/\/www.visit-ulcinj.com\/blog\/wp-content\/uploads\/2012\/11\/organizata-turistike-e-ulqinit.jpg\" width=\"508\" height=\"360\" \/><\/a>Karamanaga zapo\u0161ljavao bez konkursa<\/strong><\/p>\n<p>\u010ce\u00adtvo\u00adro ot\u00adpu\u00ad\u0161te\u00adnih rad\u00adni\u00adka lo\u00adkal\u00adne tu\u00adri\u00adsti\u010d\u00adke or\u00adga\u00adni\u00adza\u00adci\u00adje i Ul\u00adci\u00adnju pod\u00adni\u00adje\u00adlo je ju\u00ad\u010de osnov\u00adnom dr\u00ad\u017eav\u00adnom tu\u00ad\u017ei\u00ado\u00adcu Fe\u00adri\u00adhi Mu\u00adra\u00adto\u00advi\u0107 kri\u00advi\u010d\u00adnu pri\u00adja\u00advu pro\u00adtiv di\u00adrek\u00adto\u00adra TO Mi\u00adni\u00adra Ka\u00adra\u00adma\u00adna\u00adge zbog, ka\u00adko tvr\u00adde, ne\u00adza\u00adko\u00adni\u00adtog za\u00adpo\u00ad\u0161lja\u00adva\u00adnja i zlo\u00adu\u00adpo\u00adtre\u00adbe slu\u00ad\u017ebe\u00adnog po\u00adlo\u00ad\u017ea\u00adja. Rad\u00adni\u00adci tvr\u00adde da je pr\u00advi \u010do\u00advjek TO na nji\u00adho\u00adva mje\u00adsta za\u00adpo\u00adslio par\u00adtij\u00adski po\u00addob\u00adne, od\u00adno\u00adsno \u010dla\u00adno\u00adve i sim\u00adpa\u00adti\u00adze\u00adre SDP-a, te da je naj\u00adma\u00adnje dvo\u00adje rad\u00adni\u00adka pri\u00admio u vri\u00adje\u00adme pred\u00adiz\u00adbor\u00adne kam\u00adpa\u00adnje za lo\u00adkal\u00adne iz\u00adbo\u00adre odr\u00ad\u017ea\u00adne u ja\u00adnu\u00ada\u00adru 2014. go\u00addi\u00adne. U pri\u00adja\u00advi u ko\u00adju je \u201eDan\u201d imao uvid na\u00advo\u00addi se da je \u201eKa\u00adra\u00adma\u00adna\u00adga u svoj\u00adstvu di\u00adrek\u00adto\u00adra, bez po\u00adstup\u00adka ogla\u00ad\u0161a\u00adva\u00adnja, omo\u00adgu\u00ad\u0107io za\u00adpo\u00adsle\u00adnje rad\u00adni\u00adka na od\u00adre\u00ad\u0111e\u00adno vri\u00adje\u00adme, kao i za\u00adklju\u00ad\u010de\u00adnje ugo\u00advo\u00adra o ra\u00addu na neo\u00add\u00adre\u00ad\u0111e\u00adno vri\u00adje\u00adme sa li\u00adci\u00adma ko\u00adja ni\u00adje\u00adsu is\u00adpu\u00adnja\u00adva\u00adla uslo\u00adve i ka\u00adko je to pro\u00adpi\u00adsa\u00adno Pra\u00advil\u00adni\u00adkom o si\u00adste\u00adma\u00adti\u00adza\u00adci\u00adji rad\u00adnih mje\u00adsta, \u010di\u00adme je iz\u00advr\u00ad\u0161io kri\u00advi\u010d\u00adna dje\u00adla zlo\u00adu\u00adpo\u00adtre\u00adba slu\u00ad\u017ebe\u00adnog po\u00ado\u00ad\u017ea\u00adja i po\u00advre\u00adda pra\u00adva u za\u00adpo\u00ad\u0161lja\u00adva\u00adnju Kri\u00advi\u010d\u00adnog za\u00adko\u00adni\u00adka Cr\u00adne Go\u00adre\u201d.<\/p>\n<p><a href=\"http:\/\/www.visit-ulcinj.com\/blog\/wp-content\/uploads\/2012\/11\/organizata-turistike-e-ulqinit.1.jpg\"><img loading=\"lazy\" class=\"alignleft  wp-image-65586\" alt=\"organizata turistike e ulqinit.1\" src=\"http:\/\/www.visit-ulcinj.com\/blog\/wp-content\/uploads\/2012\/11\/organizata-turistike-e-ulqinit.1.jpg\" width=\"508\" height=\"360\" \/><\/a><br \/>\nPre\u00adma ri\u00adje\u00ad\u010di\u00adma Alek\u00adsan\u00addra Ja\u00adco\u00advi\u00ad\u0107a, pred\u00adstav\u00adni\u00adka rad\u00adni\u00adka, ko\u00adji su ne\u00addav\u00adno do\u00adbi\u00adli rje\u00ad\u0161e\u00adnje Osnov\u00adnog su\u00adda da se vra\u00adte na po\u00adsao, jer su u ju\u00adlu 2012. go\u00addi\u00adne ne\u00adza\u00adko\u00adni\u00adto ot\u00adpu\u00ad\u0161te\u00adni, Ka\u00adra\u00adma\u00adna\u00adga je rad\u00adni\u00adke za\u00adpo\u00ad\u0161lja\u00advao bez jav\u00adnog ogla\u00ad\u0161a\u00adva\u00adnja iako ni\u00adje\u00adsu is\u00adpu\u00adnja\u00adva\u00adli pro\u00adpi\u00adsa\u00adne uslo\u00adve.<br \/>\n\u2013 Umje\u00adsto da nas \u010de\u00adtvo\u00adro rad\u00adni\u00adka vra\u00adti na po\u00adsao, ka\u00adko je Osnov\u00adni sud na\u00adlo\u00ad\u017eio pri\u00advre\u00adme\u00adnom mje\u00adrom, Ka\u00adra\u00adma\u00adna\u00adga to od\u00adbi\u00adja uz obra\u00adzlo\u00ad\u017ee\u00adnje da su na na\u00ad\u0161a mje\u00adsta pri\u00admlje\u00adni dru\u00adgi rad\u00adni\u00adci. Nji\u00adho\u00advim za\u00adpo\u00ad\u0161lja\u00adva\u00adnjem Ka\u00adram\u00ada\u00adna\u00adga je po\u00ad\u010di\u00adnio po\u00adli\u00adti\u010d\u00adku ko\u00adrup\u00adci\u00adju, jer je sve ove ne\u00adza\u00adko\u00adni\u00adto\u00adsti po\u00ad\u010di\u00adnio u vri\u00adje\u00adme ne\u00addav\u00adnih lo\u00adkal\u00adnih iz\u00adbo\u00adra. Na taj na\u00ad\u010din pri\u00ad\u010di\u00adnio je i ve\u00adli\u00adku ma\u00adte\u00adri\u00adjal\u00adnu \u0161te\u00adtu, pre\u00adma na\u00ad\u0161im pro\u00adcje\u00adna\u00adma pre\u00adko 100 hi\u00adlja\u00adda eura, te smo zbog sve\u00adga pod\u00adni\u00adje\u00adli kri\u00advi\u010d\u00adnu pri\u00adja\u00advu i tra\u00ad\u017ei\u00admo is\u00adtra\u00adgu, fi\u00adnan\u00adsij\u00adsko vje\u00ad\u0161ta\u00ad\u010de\u00adnje i re\u00advi\u00adzi\u00adju po\u00adslo\u00adva\u00adnja TO \u2013 tvr\u00addi Ja\u00adco\u00advi\u0107 i do\u00adda\u00adje ka\u00adko je o sve\u00admu oba\u00advi\u00adje\u00adstio i pred\u00adsjed\u00adni\u00adka Op\u00ad\u0161ti\u00adne Fat\u00admi\u00adra \u0110e\u00adku.<br \/>\n\u2013 Pred\u00adsjed\u00adni\u00adka Op\u00ad\u0161ti\u00adne, ko\u00adji je ujed\u00adno i pred\u00adsjed\u00adnik Skup\u00ad\u0161ti\u00adne TO, oba\u00advi\u00adje\u00adstio sam da di\u00adrek\u00adtor od\u00adbi\u00adja da iz\u00advr\u00ad\u0161i pri\u00advre\u00adme\u00adnu mje\u00adru su\u00adda i vra\u00adti nas na po\u00adsao, i upo\u00adzo\u00adrio ga da pre\u00addu\u00adzme ade\u00adkvat\u00adne mje\u00adre, jer je po na\u00adla\u00adzu vje\u00ad\u0161ta\u00adka ve\u0107 u\u010di\u00adnje\u00adna \u0161te\u00adta bu\u00add\u017ee\u00adtu od 137 hi\u00adlja\u00adda eura i sva\u00adko od\u00adla\u00adga\u00adnje po\u00adve\u00ad\u0107a\u00adva taj iz\u00adnos. Za\u00adsad ni\u00adje\u00adsam do\u00adbio od\u00adgo\u00advor od pred\u00adsjed\u00adni\u00adka D\u017ee\u00adke, ali o\u010de\u00adku\u00adjem da \u0107e on pred\u00adu\u00adze\u00adti sve mje\u00adre iz svo\u00adje nad\u00adle\u00ad\u017eno\u00adsti, ka\u00adko bi se ovaj pro\u00adblem ri\u00adje\u00ad\u0161io &#8211; ka\u00ad\u017ee Ja\u00adco\u00advi\u0107.<br \/>\nPod\u00adsje\u00adti\u00admo, Ja\u00adco\u00advi\u0107 kao i nje\u00adgo\u00adve ko\u00adle\u00adge Mu\u00adha\u00adrem Be\u00ad\u0107o\u00advi\u0107, Be\u00ad\u0107ir Za\u00adto\u00advi\u0107 i Me\u00adri\u00adta Re\u00add\u017ea, ne\u00adza\u00adko\u00adni\u00adto su ot\u00adpu\u00ad\u0161te\u00adni sa po\u00adsla jer, ka\u00adko tvr\u00adde, ni\u00adje\u00adsu bi\u00adli po\u00adli\u00adti\u010d\u00adki po\u00addob\u00adni ta\u00adda no\u00advom di\u00adrek\u00adto\u00adru Mi\u00adni\u00adru Ka\u00adra\u00adma\u00adna\u00adgi.<br \/>\nDi\u00adrek\u00adtor TO de\u00adman\u00adtu\u00adje na\u00advo\u00adde da je zlo\u00adu\u00adpo\u00adtri\u00adje\u00adbio slu\u00ad\u017ebe\u00adni po\u00adlo\u00ad\u017eaj i da je za\u00adpo\u00ad\u0161lja\u00advao mi\u00admo kon\u00adkur\u00adsa i si\u00adste\u00adma\u00adti\u00adza\u00adci\u00adje.<br \/>\n\u2013 Sve je ra\u00ad\u0111e\u00adno na za\u00adko\u00adnit na\u00ad\u010din. Kon\u00adkurs je bio ja\u00advan i sve smo mak\u00adsi\u00admal\u00adno is\u00adpo\u00ad\u0161to\u00adva\u00adli, \u0161to se mo\u00ad\u017ee pro\u00advje\u00adri\u00adti na Bi\u00adrou za za\u00adpo\u00ad\u0161lja\u00adva\u00adnje. Da\u00adkle, rad\u00adni\u00adci su pri\u00admlje\u00adni ona\u00adko ka\u00adko je pred\u00advi\u00ad\u0111e\u00adno po si\u00adste\u00adma\u00adti\u00adza\u00adci\u00adji. Sve dru\u00adgo su ne\u00adi\u00adsti\u00adne i pod\u00adme\u00adta\u00adnja i ne vi\u00addim raz\u00adlog zbog \u010de\u00adga se to\u00adme pri\u00adda\u00adje to\u00adli\u00adki zna\u00ad\u010daj i za\u00ad\u0161to se o to\u00adme pi\u00ad\u0161e \u2013 ka\u00adte\u00adgo\u00adri\u00ad\u010dan je Ka\u00adra\u00adma\u00adna\u00adga.<br \/>\nKo\u00admen\u00adtar pred\u00adsjed\u00adni\u00adka Op\u00ad\u0161ti\u00adne Fat\u00admi\u00adra \u0110e\u00adke, po\u00advo\u00addom de\u00ad\u0161a\u00adva\u00adnja u TO, ju\u00ad\u010de ni\u00adje\u00adsmo mo\u00adgli do\u00adbi\u00adti jer pr\u00advi \u010do\u00advjek lo\u00adkal\u00adne upra\u00adve ni\u00adje od\u00adgo\u00adva\u00adrao na te\u00adle\u00adfon\u00adske po\u00adzi\u00adve. <strong>M.Kne\u00ad\u017ee\u00advi\u0107<\/strong><\/p>\n<p><a href=\"http:\/\/www.visit-ulcinj.com\/blog\/wp-content\/uploads\/2014\/03\/OT-Ulqin-TO-Ulcinj-Prag-Holiday-World-2014-2.jpg\"><img loading=\"lazy\" class=\"alignleft  wp-image-80892\" alt=\"OT-Ulqin-TO-Ulcinj-Prag-Holiday-World-2014-2\" src=\"http:\/\/www.visit-ulcinj.com\/blog\/wp-content\/uploads\/2014\/03\/OT-Ulqin-TO-Ulcinj-Prag-Holiday-World-2014-2.jpg\" width=\"508\" height=\"360\" \/><\/a><br \/>\n<strong>In\u00adspek\u00adci\u00adja ra\u00adda utvr\u00addi\u00adla ne\u00adza\u00adko\u00adni\u00adte rad\u00adnje<\/strong><\/p>\n<p>U iz\u00advje\u00ad\u0161ta\u00adju Upra\u00adve za in\u00adspek\u00adcij\u00adske po\u00adslo\u00adve, Od\u00adsje\u00adka za in\u00adspek\u00adci\u00adju ra\u00adda u Ul\u00adci\u00adnju od 14. mar\u00adta 2014. go\u00addi\u00adne, ko\u00adji je sa\u00ad\u010di\u00adnio in\u00adspek\u00adtor Mu\u00adha\u00adrem Av\u00addiu na\u00advo\u00addi se da je po\u00adslo\u00adda\u00advac bez po\u00adstup\u00adka ogla\u00ad\u0161a\u00adva\u00adnja za\u00adpo\u00adslio \u010de\u00adti\u00adri li\u00adca.<br \/>\n\u2013 Sa Emi\u00adnom Der\u00advi\u00ad\u0161i i \u0106a\u00adzi\u00admom Ho\u00add\u017ei\u00ad\u0107em po\u00adslo\u00adda\u00advac je 7. mar\u00adta 2013. za\u00adklju\u00ad\u010dio ugo\u00advor o ra\u00addu na neo\u00add\u00adre\u00ad\u0111e\u00adno vri\u00adje\u00adme, a li\u00adca su od 2. ju\u00adla 2007. go\u00addi\u00adne bi\u00adla za\u00adpo\u00adsle\u00adna na od\u00adre\u00ad\u0111e\u00adno vri\u00adje\u00adme. Sa Ar\u00admen\u00addom Mi\u00adlom i Be\u00adki\u00admom \u0160ur\u00adlom, ko\u00adji su ra\u00addi\u00adli na od\u00adre\u00ad\u0111e\u00adno vri\u00adje\u00adme od 10. ju\u00adna 2013. go\u00addi\u00adne , od\u00adno\u00adsno od 15. ok\u00adto\u00adbra 2013. go\u00addi\u00adne, ugo\u00advo\u00adri na ne\u00addo\u00adre\u00ad\u0111e\u00adno vri\u00adje\u00adme za\u00adklju\u00ad\u010de\u00adni su 1. fe\u00adbru\u00ada\u00adra 2014. go\u00addi\u00adne. Po\u00adslo\u00adda\u00advac je za\u00adklju\u00ad\u010dio ugo\u00advo\u00adre o ra\u00addu na neo\u00add\u00adre\u00ad\u0111e\u00adno vri\u00adje\u00adme sa Emi\u00adnom Der\u00advi\u00ad\u0161i i Be\u00adki\u00admom \u0160ur\u00adlom, a isti ni\u00adje\u00adsu is\u00adpu\u00adnja\u00adva\u00adli po\u00adseb\u00adne uslo\u00adve, ka\u00adko je pro\u00adpi\u00adsa\u00adno Pra\u00advil\u00adni\u00adkom o si\u00adste\u00adma\u00adti\u00adza\u00adci\u00adji rad\u00adnih mje\u00adsta TO. Sva na\u00adve\u00adde\u00adna li\u00adca za\u00adsno\u00adva\u00adla su rad\u00adni osnos na neo\u00add\u00adre\u00ad\u0111e\u00adno vri\u00adje\u00adme bez po\u00adstup\u00adka ogla\u00ad\u0161a\u00adva\u00adnja. Su\u00adbjek\u00adtu nad\u00adzo\u00adra uka\u00adza\u00adno je da ot\u00adklo\u00adni ne\u00adpra\u00advil\u00adno\u00adsti u\u010di\u00adnje\u00adne u po\u00adstup\u00adku za\u00adklju\u00ad\u010di\u00adva\u00adnja ugo\u00advo\u00adra o ra\u00addu sa na\u00adve\u00adde\u00adnim li\u00adci\u00adma \u2013 na\u00advo\u00addi se, iz\u00adme\u00ad\u0111u osta\u00adlog, u iz\u00advje\u00ad\u0161ta\u00adju in\u00adspek\u00adto\u00adra ra\u00adda.<\/p>\n<p><strong>Sli\u00adje\u00addi smje\u00adna di\u00adrek\u00adto\u00adra TO<\/strong><\/p>\n<p>Pre\u00adma ko\u00ada\u00adli\u00adci\u00ado\u00adnom spo\u00adra\u00adzu\u00admu, ko\u00adji su kra\u00adjem pro\u00ad\u0161log mjse\u00adca pot\u00adpi\u00adsa\u00adli li\u00adde\u00adri vla\u00adda\u00adju\u00ad\u0107e ko\u00ada\u00adli\u00adci\u00adje u Ul\u00adci\u00adnju, mje\u00adsto di\u00adrek\u00adto\u00adra Tu\u00adri\u00adsti\u010d\u00adke or\u00adga\u00adni\u00adza\u00adci\u00adje pri\u00adpa\u00adlo je ko\u00ada\u00adli\u00adci\u00adji Fat\u00admi\u00adra \u0110e\u00adke (DP, Per\u00adspek\u00adti\u00adve, DSA) sa\u00adda ak\u00adtu\u00adel\u00adnog pred\u00adsjed\u00adni\u00adka Op\u00ad\u0161ti\u00adne. Shod\u00adno to\u00adme o\u010de\u00adku\u00adje se da bi usko\u00adro mo\u00adglo do\u00ad\u0107i do smje\u00adne sa\u00adda\u00ad\u0161njeg di\u00adrek\u00adto\u00adra Mi\u00adni\u00adra Ka\u00adra\u00adma\u00adna\u00adge, ko\u00adji je ka\u00addar SDP-a. Tim spo\u00adra\u00adzu\u00admom pred\u00advi\u00ad\u0111e\u00adno je i mje\u00adsto po\u00admo\u0107\u00adni\u00adka di\u00adrek\u00adto\u00adra TO, a tu funk\u00adci\u00adju tre\u00adba\u00adlo bi da po\u00adkri\u00adva ka\u00addar Po\u00adzi\u00adtiv\u00adne Cr\u00adne Go\u00adre.<\/p>\n<p><strong>Izvor: DAN<\/strong><\/p>\n<!--YouTube Error: bad URL entered-->\n","protected":false},"excerpt":{"rendered":"<p>Karamanaga zapo\u0161ljavao bez konkursa \u010ce\u00adtvo\u00adro ot\u00adpu\u00ad\u0161te\u00adnih rad\u00adni\u00adka lo\u00adkal\u00adne tu\u00adri\u00adsti\u010d\u00adke or\u00adga\u00adni\u00adza\u00adci\u00adje i Ul\u00adci\u00adnju pod\u00adni\u00adje\u00adlo je ju\u00ad\u010de osnov\u00adnom dr\u00ad\u017eav\u00adnom tu\u00ad\u017ei\u00ado\u00adcu Fe\u00adri\u00adhi Mu\u00adra\u00adto\u00advi\u0107 kri\u00advi\u010d\u00adnu pri\u00adja\u00advu pro\u00adtiv di\u00adrek\u00adto\u00adra TO Mi\u00adni\u00adra Ka\u00adra\u00adma\u00adna\u00adge zbog, ka\u00adko tvr\u00adde, ne\u00adza\u00adko\u00adni\u00adtog za\u00adpo\u00ad\u0161lja\u00adva\u00adnja i zlo\u00adu\u00adpo\u00adtre\u00adbe slu\u00ad\u017ebe\u00adnog po\u00adlo\u00ad\u017ea\u00adja. Rad\u00adni\u00adci tvr\u00adde da je pr\u00advi \u010do\u00advjek TO na nji\u00adho\u00adva mje\u00adsta za\u00adpo\u00adslio par\u00adtij\u00adski po\u00addob\u00adne, od\u00adno\u00adsno \u010dla\u00adno\u00adve i sim\u00adpa\u00adti\u00adze\u00adre SDP-a, te [&hellip;]<\/p>\n","protected":false},"author":1,"featured_media":0,"comment_status":"closed","ping_status":"closed","sticky":false,"template":"","format":"standard","meta":{"spay_email":"","jetpack_publicize_message":"","jetpack_is_tweetstorm":false,"jetpack_publicize_feature_enabled":true},"categories":[8337],"tags":[],"jetpack_publicize_connections":[],"yoast_head":"<!-- This site is optimized with the Yoast SEO plugin v19.1 - https:\/\/yoast.com\/wordpress\/plugins\/seo\/ -->\n<title>Krivi\u010dna prijava protiv direktora TO Ulcinj - Video - Lajme nga Ulqini<\/title>\n<meta name=\"description\" content=\"Karamanaga zapo\u0161ljavao bez konkursa \u010ce\u00adtvo\u00adro ot\u00adpu\u00ad\u0161te\u00adnih rad\u00adni\u00adka lo\u00adkal\u00adne tu\u00adri\u00adsti\u010d\u00adke or\u00adga\u00adni\u00adza\u00adci\u00adje i Ul\u00adci\u00adnju pod\u00adni\u00adje\u00adlo je ju\u00ad\u010de\" \/>\n<meta name=\"robots\" content=\"index, follow, max-snippet:-1, max-image-preview:large, max-video-preview:-1\" \/>\n<link rel=\"canonical\" href=\"https:\/\/www.visit-ulcinj.com\/blog\/2014\/03\/21\/krivicna-prijava-protiv-direktora-ulcinj-video\/\" \/>\n<meta property=\"og:locale\" content=\"en_US\" \/>\n<meta property=\"og:type\" content=\"article\" \/>\n<meta property=\"og:title\" content=\"Krivi\u010dna prijava protiv direktora TO Ulcinj - Video - Lajme nga Ulqini\" \/>\n<meta property=\"og:description\" content=\"Karamanaga zapo\u0161ljavao bez konkursa \u010ce\u00adtvo\u00adro ot\u00adpu\u00ad\u0161te\u00adnih rad\u00adni\u00adka lo\u00adkal\u00adne tu\u00adri\u00adsti\u010d\u00adke or\u00adga\u00adni\u00adza\u00adci\u00adje i Ul\u00adci\u00adnju pod\u00adni\u00adje\u00adlo je ju\u00ad\u010de\" \/>\n<meta property=\"og:url\" content=\"https:\/\/www.visit-ulcinj.com\/blog\/2014\/03\/21\/krivicna-prijava-protiv-direktora-ulcinj-video\/\" \/>\n<meta property=\"og:site_name\" content=\"Lajme nga Ulqini\" \/>\n<meta property=\"article:published_time\" content=\"2014-03-21T17:22:45+00:00\" \/>\n<meta property=\"og:image\" content=\"http:\/\/www.visit-ulcinj.com\/blog\/wp-content\/uploads\/2012\/11\/organizata-turistike-e-ulqinit.jpg\" \/>\n<meta name=\"twitter:label1\" content=\"Written by\" \/>\n\t<meta name=\"twitter:data1\" content=\"ulqini\" \/>\n\t<meta name=\"twitter:label2\" content=\"Est. reading time\" \/>\n\t<meta name=\"twitter:data2\" content=\"9 minutes\" \/>\n<script type=\"application\/ld+json\" class=\"yoast-schema-graph\">{\"@context\":\"https:\/\/schema.org\",\"@graph\":[{\"@type\":\"WebSite\",\"@id\":\"https:\/\/www.visit-ulcinj.com\/blog\/#website\",\"url\":\"https:\/\/www.visit-ulcinj.com\/blog\/\",\"name\":\"Lajme nga Ulqini\",\"description\":\"Lajme,Vijesti,Ulqini,Ulqin,Crna Gora,Mali i Zi\",\"potentialAction\":[{\"@type\":\"SearchAction\",\"target\":{\"@type\":\"EntryPoint\",\"urlTemplate\":\"https:\/\/www.visit-ulcinj.com\/blog\/?s={search_term_string}\"},\"query-input\":\"required name=search_term_string\"}],\"inLanguage\":\"en-US\"},{\"@type\":\"ImageObject\",\"inLanguage\":\"en-US\",\"@id\":\"https:\/\/www.visit-ulcinj.com\/blog\/2014\/03\/21\/krivicna-prijava-protiv-direktora-ulcinj-video\/#primaryimage\",\"url\":\"https:\/\/www.visit-ulcinj.com\/blog\/wp-content\/uploads\/2012\/11\/organizata-turistike-e-ulqinit.jpg\",\"contentUrl\":\"https:\/\/www.visit-ulcinj.com\/blog\/wp-content\/uploads\/2012\/11\/organizata-turistike-e-ulqinit.jpg\",\"width\":\"640\",\"height\":\"480\"},{\"@type\":\"WebPage\",\"@id\":\"https:\/\/www.visit-ulcinj.com\/blog\/2014\/03\/21\/krivicna-prijava-protiv-direktora-ulcinj-video\/#webpage\",\"url\":\"https:\/\/www.visit-ulcinj.com\/blog\/2014\/03\/21\/krivicna-prijava-protiv-direktora-ulcinj-video\/\",\"name\":\"Krivi\u010dna prijava protiv direktora TO Ulcinj - Video - Lajme nga Ulqini\",\"isPartOf\":{\"@id\":\"https:\/\/www.visit-ulcinj.com\/blog\/#website\"},\"primaryImageOfPage\":{\"@id\":\"https:\/\/www.visit-ulcinj.com\/blog\/2014\/03\/21\/krivicna-prijava-protiv-direktora-ulcinj-video\/#primaryimage\"},\"datePublished\":\"2014-03-21T17:22:45+00:00\",\"dateModified\":\"2014-03-21T17:22:45+00:00\",\"author\":{\"@id\":\"https:\/\/www.visit-ulcinj.com\/blog\/#\/schema\/person\/dcab619c614d3038751c63bc2aadc06d\"},\"description\":\"Karamanaga zapo\u0161ljavao bez konkursa \u010ce\u00adtvo\u00adro ot\u00adpu\u00ad\u0161te\u00adnih rad\u00adni\u00adka lo\u00adkal\u00adne tu\u00adri\u00adsti\u010d\u00adke or\u00adga\u00adni\u00adza\u00adci\u00adje i Ul\u00adci\u00adnju pod\u00adni\u00adje\u00adlo je ju\u00ad\u010de\",\"breadcrumb\":{\"@id\":\"https:\/\/www.visit-ulcinj.com\/blog\/2014\/03\/21\/krivicna-prijava-protiv-direktora-ulcinj-video\/#breadcrumb\"},\"inLanguage\":\"en-US\",\"potentialAction\":[{\"@type\":\"ReadAction\",\"target\":[\"https:\/\/www.visit-ulcinj.com\/blog\/2014\/03\/21\/krivicna-prijava-protiv-direktora-ulcinj-video\/\"]}]},{\"@type\":\"BreadcrumbList\",\"@id\":\"https:\/\/www.visit-ulcinj.com\/blog\/2014\/03\/21\/krivicna-prijava-protiv-direktora-ulcinj-video\/#breadcrumb\",\"itemListElement\":[{\"@type\":\"ListItem\",\"position\":1,\"name\":\"Krivi\u010dna prijava protiv direktora TO Ulcinj &#8211; Video\"}]},{\"@type\":\"Person\",\"@id\":\"https:\/\/www.visit-ulcinj.com\/blog\/#\/schema\/person\/dcab619c614d3038751c63bc2aadc06d\",\"name\":\"ulqini\",\"sameAs\":[\"http:\/\/www.visit-ulcinj.com\"],\"url\":\"https:\/\/www.visit-ulcinj.com\/blog\/author\/admin\/\"}]}<\/script>\n<!-- \/ Yoast SEO plugin. -->","yoast_head_json":{"title":"Krivi\u010dna prijava protiv direktora TO Ulcinj - Video - Lajme nga Ulqini","description":"Karamanaga zapo\u0161ljavao bez konkursa \u010ce\u00adtvo\u00adro ot\u00adpu\u00ad\u0161te\u00adnih rad\u00adni\u00adka lo\u00adkal\u00adne tu\u00adri\u00adsti\u010d\u00adke or\u00adga\u00adni\u00adza\u00adci\u00adje i Ul\u00adci\u00adnju pod\u00adni\u00adje\u00adlo je ju\u00ad\u010de","robots":{"index":"index","follow":"follow","max-snippet":"max-snippet:-1","max-image-preview":"max-image-preview:large","max-video-preview":"max-video-preview:-1"},"canonical":"https:\/\/www.visit-ulcinj.com\/blog\/2014\/03\/21\/krivicna-prijava-protiv-direktora-ulcinj-video\/","og_locale":"en_US","og_type":"article","og_title":"Krivi\u010dna prijava protiv direktora TO Ulcinj - Video - Lajme nga Ulqini","og_description":"Karamanaga zapo\u0161ljavao bez konkursa \u010ce\u00adtvo\u00adro ot\u00adpu\u00ad\u0161te\u00adnih rad\u00adni\u00adka lo\u00adkal\u00adne tu\u00adri\u00adsti\u010d\u00adke or\u00adga\u00adni\u00adza\u00adci\u00adje i Ul\u00adci\u00adnju pod\u00adni\u00adje\u00adlo je ju\u00ad\u010de","og_url":"https:\/\/www.visit-ulcinj.com\/blog\/2014\/03\/21\/krivicna-prijava-protiv-direktora-ulcinj-video\/","og_site_name":"Lajme nga Ulqini","article_published_time":"2014-03-21T17:22:45+00:00","og_image":[{"url":"http:\/\/www.visit-ulcinj.com\/blog\/wp-content\/uploads\/2012\/11\/organizata-turistike-e-ulqinit.jpg"}],"twitter_misc":{"Written by":"ulqini","Est. reading time":"9 minutes"},"schema":{"@context":"https:\/\/schema.org","@graph":[{"@type":"WebSite","@id":"https:\/\/www.visit-ulcinj.com\/blog\/#website","url":"https:\/\/www.visit-ulcinj.com\/blog\/","name":"Lajme nga Ulqini","description":"Lajme,Vijesti,Ulqini,Ulqin,Crna Gora,Mali i Zi","potentialAction":[{"@type":"SearchAction","target":{"@type":"EntryPoint","urlTemplate":"https:\/\/www.visit-ulcinj.com\/blog\/?s={search_term_string}"},"query-input":"required name=search_term_string"}],"inLanguage":"en-US"},{"@type":"ImageObject","inLanguage":"en-US","@id":"https:\/\/www.visit-ulcinj.com\/blog\/2014\/03\/21\/krivicna-prijava-protiv-direktora-ulcinj-video\/#primaryimage","url":"https:\/\/www.visit-ulcinj.com\/blog\/wp-content\/uploads\/2012\/11\/organizata-turistike-e-ulqinit.jpg","contentUrl":"https:\/\/www.visit-ulcinj.com\/blog\/wp-content\/uploads\/2012\/11\/organizata-turistike-e-ulqinit.jpg","width":"640","height":"480"},{"@type":"WebPage","@id":"https:\/\/www.visit-ulcinj.com\/blog\/2014\/03\/21\/krivicna-prijava-protiv-direktora-ulcinj-video\/#webpage","url":"https:\/\/www.visit-ulcinj.com\/blog\/2014\/03\/21\/krivicna-prijava-protiv-direktora-ulcinj-video\/","name":"Krivi\u010dna prijava protiv direktora TO Ulcinj - Video - Lajme nga Ulqini","isPartOf":{"@id":"https:\/\/www.visit-ulcinj.com\/blog\/#website"},"primaryImageOfPage":{"@id":"https:\/\/www.visit-ulcinj.com\/blog\/2014\/03\/21\/krivicna-prijava-protiv-direktora-ulcinj-video\/#primaryimage"},"datePublished":"2014-03-21T17:22:45+00:00","dateModified":"2014-03-21T17:22:45+00:00","author":{"@id":"https:\/\/www.visit-ulcinj.com\/blog\/#\/schema\/person\/dcab619c614d3038751c63bc2aadc06d"},"description":"Karamanaga zapo\u0161ljavao bez konkursa \u010ce\u00adtvo\u00adro ot\u00adpu\u00ad\u0161te\u00adnih rad\u00adni\u00adka lo\u00adkal\u00adne tu\u00adri\u00adsti\u010d\u00adke or\u00adga\u00adni\u00adza\u00adci\u00adje i Ul\u00adci\u00adnju pod\u00adni\u00adje\u00adlo je ju\u00ad\u010de","breadcrumb":{"@id":"https:\/\/www.visit-ulcinj.com\/blog\/2014\/03\/21\/krivicna-prijava-protiv-direktora-ulcinj-video\/#breadcrumb"},"inLanguage":"en-US","potentialAction":[{"@type":"ReadAction","target":["https:\/\/www.visit-ulcinj.com\/blog\/2014\/03\/21\/krivicna-prijava-protiv-direktora-ulcinj-video\/"]}]},{"@type":"BreadcrumbList","@id":"https:\/\/www.visit-ulcinj.com\/blog\/2014\/03\/21\/krivicna-prijava-protiv-direktora-ulcinj-video\/#breadcrumb","itemListElement":[{"@type":"ListItem","position":1,"name":"Krivi\u010dna prijava protiv direktora TO Ulcinj &#8211; Video"}]},{"@type":"Person","@id":"https:\/\/www.visit-ulcinj.com\/blog\/#\/schema\/person\/dcab619c614d3038751c63bc2aadc06d","name":"ulqini","sameAs":["http:\/\/www.visit-ulcinj.com"],"url":"https:\/\/www.visit-ulcinj.com\/blog\/author\/admin\/"}]}},"jetpack_featured_media_url":"","jetpack_sharing_enabled":true,"jetpack_shortlink":"https:\/\/wp.me\/pe6lTn-l2H","_links":{"self":[{"href":"https:\/\/www.visit-ulcinj.com\/blog\/wp-json\/wp\/v2\/posts\/80891"}],"collection":[{"href":"https:\/\/www.visit-ulcinj.com\/blog\/wp-json\/wp\/v2\/posts"}],"about":[{"href":"https:\/\/www.visit-ulcinj.com\/blog\/wp-json\/wp\/v2\/types\/post"}],"author":[{"embeddable":true,"href":"https:\/\/www.visit-ulcinj.com\/blog\/wp-json\/wp\/v2\/users\/1"}],"replies":[{"embeddable":true,"href":"https:\/\/www.visit-ulcinj.com\/blog\/wp-json\/wp\/v2\/comments?post=80891"}],"version-history":[{"count":1,"href":"https:\/\/www.visit-ulcinj.com\/blog\/wp-json\/wp\/v2\/posts\/80891\/revisions"}],"predecessor-version":[{"id":80893,"href":"https:\/\/www.visit-ulcinj.com\/blog\/wp-json\/wp\/v2\/posts\/80891\/revisions\/80893"}],"wp:attachment":[{"href":"https:\/\/www.visit-ulcinj.com\/blog\/wp-json\/wp\/v2\/media?parent=80891"}],"wp:term":[{"taxonomy":"category","embeddable":true,"href":"https:\/\/www.visit-ulcinj.com\/blog\/wp-json\/wp\/v2\/categories?post=80891"},{"taxonomy":"post_tag","embeddable":true,"href":"https:\/\/www.visit-ulcinj.com\/blog\/wp-json\/wp\/v2\/tags?post=80891"}],"curies":[{"name":"wp","href":"https:\/\/api.w.org\/{rel}","templated":true}]}}