{"id":80894,"date":"2014-03-21T18:31:46","date_gmt":"2014-03-21T17:31:46","guid":{"rendered":"http:\/\/www.visit-ulcinj.com\/blog\/?p=80894"},"modified":"2014-03-21T18:31:46","modified_gmt":"2014-03-21T17:31:46","slug":"padi-penale-kunder-drejtorit-te-ot-ulqinit-video","status":"publish","type":"post","link":"https:\/\/www.visit-ulcinj.com\/blog\/2014\/03\/21\/padi-penale-kunder-drejtorit-te-ot-ulqinit-video\/","title":{"rendered":"Padi penale kund\u00ebr drejtorit t\u00eb OT- Ulqinit &#8211; Video"},"content":{"rendered":"<p><a href=\"http:\/\/www.visit-ulcinj.com\/blog\/wp-content\/uploads\/2012\/11\/organizata-turistike-e-ulqinit.1.jpg\"><img loading=\"lazy\" class=\"alignleft  wp-image-65586\" alt=\"organizata turistike e ulqinit.1\" src=\"http:\/\/www.visit-ulcinj.com\/blog\/wp-content\/uploads\/2012\/11\/organizata-turistike-e-ulqinit.1.jpg\" width=\"508\" height=\"360\" \/><\/a>Kat\u00ebr pun\u00ebtor\u00ebt e shkarkuar t\u00eb Organizat\u00ebs turistike kan\u00eb dor\u00ebzuar t\u00eb enjten n\u00eb Prokurorin\u00eb themelore shtet\u00ebrore n\u00eb Ulqin padin\u00eb penale kund\u00ebr drejtorit t\u00eb k\u00ebtij institucioni Minir Karamanaga p\u00ebr shkak t\u00eb, si\u00e7 than\u00eb, pun\u00ebsimit t\u00eb paligjsh\u00ebm dhe keqp\u00ebrdorimit t\u00eb pozit\u00ebs zyrtare, shkruan \u201cDan\u201d. Ato theksojn\u00eb q\u00eb drejtori i OT n\u00eb vendet e tyre ka pun\u00ebsuar persona politikisht t\u00eb p\u00ebrshtatsh\u00ebm, nd\u00ebrsa dy pun\u00ebtor\u00eb n\u00eb afat t\u00eb pacaktuar i ka pun\u00ebsuar n\u00eb koh\u00ebn e fushat\u00ebs parazgjedhore.<\/p>\n<p>Karamanaga i ka hedh posht\u00eb t\u00eb gjitha akuzat dhe tha q\u00eb t\u00eb gjitha i ka b\u00ebr\u00eb n\u00eb pajtim me ligjin. \u201cKonkursi ishte publik dhe t\u00eb gjitha i kemi respektuar maksimalisht, gj\u00eb q\u00eb mund t\u00eb v\u00ebrtetohet n\u00eb Entin p\u00ebr pun\u00ebsim\u201d, theksoi ai, ben t\u00eb ditur Ul-info.com.<\/p>\n<!--YouTube Error: bad URL entered-->\n<p>&nbsp;<\/p>\n","protected":false},"excerpt":{"rendered":"<p>Kat\u00ebr pun\u00ebtor\u00ebt e shkarkuar t\u00eb Organizat\u00ebs turistike kan\u00eb dor\u00ebzuar t\u00eb enjten n\u00eb Prokurorin\u00eb themelore shtet\u00ebrore n\u00eb Ulqin padin\u00eb penale kund\u00ebr drejtorit t\u00eb k\u00ebtij institucioni Minir Karamanaga p\u00ebr shkak t\u00eb, si\u00e7 than\u00eb, pun\u00ebsimit t\u00eb paligjsh\u00ebm dhe keqp\u00ebrdorimit t\u00eb pozit\u00ebs zyrtare, shkruan \u201cDan\u201d. Ato theksojn\u00eb q\u00eb drejtori i OT n\u00eb vendet e tyre ka pun\u00ebsuar persona politikisht [&hellip;]<\/p>\n","protected":false},"author":1,"featured_media":0,"comment_status":"closed","ping_status":"closed","sticky":false,"template":"","format":"standard","meta":{"spay_email":"","jetpack_publicize_message":"","jetpack_is_tweetstorm":false,"jetpack_publicize_feature_enabled":true},"categories":[15],"tags":[],"jetpack_publicize_connections":[],"yoast_head":"<!-- This site is optimized with the Yoast SEO plugin v19.1 - https:\/\/yoast.com\/wordpress\/plugins\/seo\/ -->\n<title>Padi penale kund\u00ebr drejtorit t\u00eb OT- Ulqinit - Video - Lajme nga Ulqini<\/title>\n<meta name=\"description\" content=\"Kat\u00ebr pun\u00ebtor\u00ebt e shkarkuar t\u00eb Organizat\u00ebs turistike kan\u00eb dor\u00ebzuar t\u00eb enjten n\u00eb Prokurorin\u00eb themelore shtet\u00ebrore n\u00eb Ulqin padin\u00eb penale kund\u00ebr drejtorit\" \/>\n<meta name=\"robots\" content=\"index, follow, max-snippet:-1, max-image-preview:large, max-video-preview:-1\" \/>\n<link rel=\"canonical\" href=\"https:\/\/www.visit-ulcinj.com\/blog\/2014\/03\/21\/padi-penale-kunder-drejtorit-te-ot-ulqinit-video\/\" \/>\n<meta property=\"og:locale\" content=\"en_US\" \/>\n<meta property=\"og:type\" content=\"article\" \/>\n<meta property=\"og:title\" content=\"Padi penale kund\u00ebr drejtorit t\u00eb OT- Ulqinit - Video - Lajme nga Ulqini\" \/>\n<meta property=\"og:description\" content=\"Kat\u00ebr pun\u00ebtor\u00ebt e shkarkuar t\u00eb Organizat\u00ebs turistike kan\u00eb dor\u00ebzuar t\u00eb enjten n\u00eb Prokurorin\u00eb themelore shtet\u00ebrore n\u00eb Ulqin padin\u00eb penale kund\u00ebr drejtorit\" \/>\n<meta property=\"og:url\" content=\"https:\/\/www.visit-ulcinj.com\/blog\/2014\/03\/21\/padi-penale-kunder-drejtorit-te-ot-ulqinit-video\/\" \/>\n<meta property=\"og:site_name\" content=\"Lajme nga Ulqini\" \/>\n<meta property=\"article:published_time\" content=\"2014-03-21T17:31:46+00:00\" \/>\n<meta property=\"og:image\" content=\"http:\/\/www.visit-ulcinj.com\/blog\/wp-content\/uploads\/2012\/11\/organizata-turistike-e-ulqinit.1.jpg\" \/>\n<meta name=\"twitter:label1\" content=\"Written by\" \/>\n\t<meta name=\"twitter:data1\" content=\"ulqini\" \/>\n\t<meta name=\"twitter:label2\" content=\"Est. reading time\" \/>\n\t<meta name=\"twitter:data2\" content=\"1 minute\" \/>\n<script type=\"application\/ld+json\" class=\"yoast-schema-graph\">{\"@context\":\"https:\/\/schema.org\",\"@graph\":[{\"@type\":\"WebSite\",\"@id\":\"https:\/\/www.visit-ulcinj.com\/blog\/#website\",\"url\":\"https:\/\/www.visit-ulcinj.com\/blog\/\",\"name\":\"Lajme nga Ulqini\",\"description\":\"Lajme,Vijesti,Ulqini,Ulqin,Crna Gora,Mali i Zi\",\"potentialAction\":[{\"@type\":\"SearchAction\",\"target\":{\"@type\":\"EntryPoint\",\"urlTemplate\":\"https:\/\/www.visit-ulcinj.com\/blog\/?s={search_term_string}\"},\"query-input\":\"required name=search_term_string\"}],\"inLanguage\":\"en-US\"},{\"@type\":\"ImageObject\",\"inLanguage\":\"en-US\",\"@id\":\"https:\/\/www.visit-ulcinj.com\/blog\/2014\/03\/21\/padi-penale-kunder-drejtorit-te-ot-ulqinit-video\/#primaryimage\",\"url\":\"https:\/\/www.visit-ulcinj.com\/blog\/wp-content\/uploads\/2012\/11\/organizata-turistike-e-ulqinit.1.jpg\",\"contentUrl\":\"https:\/\/www.visit-ulcinj.com\/blog\/wp-content\/uploads\/2012\/11\/organizata-turistike-e-ulqinit.1.jpg\",\"width\":\"640\",\"height\":\"480\"},{\"@type\":\"WebPage\",\"@id\":\"https:\/\/www.visit-ulcinj.com\/blog\/2014\/03\/21\/padi-penale-kunder-drejtorit-te-ot-ulqinit-video\/#webpage\",\"url\":\"https:\/\/www.visit-ulcinj.com\/blog\/2014\/03\/21\/padi-penale-kunder-drejtorit-te-ot-ulqinit-video\/\",\"name\":\"Padi penale kund\u00ebr drejtorit t\u00eb OT- Ulqinit - Video - Lajme nga Ulqini\",\"isPartOf\":{\"@id\":\"https:\/\/www.visit-ulcinj.com\/blog\/#website\"},\"primaryImageOfPage\":{\"@id\":\"https:\/\/www.visit-ulcinj.com\/blog\/2014\/03\/21\/padi-penale-kunder-drejtorit-te-ot-ulqinit-video\/#primaryimage\"},\"datePublished\":\"2014-03-21T17:31:46+00:00\",\"dateModified\":\"2014-03-21T17:31:46+00:00\",\"author\":{\"@id\":\"https:\/\/www.visit-ulcinj.com\/blog\/#\/schema\/person\/dcab619c614d3038751c63bc2aadc06d\"},\"description\":\"Kat\u00ebr pun\u00ebtor\u00ebt e shkarkuar t\u00eb Organizat\u00ebs turistike kan\u00eb dor\u00ebzuar t\u00eb enjten n\u00eb Prokurorin\u00eb themelore shtet\u00ebrore n\u00eb Ulqin padin\u00eb penale kund\u00ebr drejtorit\",\"breadcrumb\":{\"@id\":\"https:\/\/www.visit-ulcinj.com\/blog\/2014\/03\/21\/padi-penale-kunder-drejtorit-te-ot-ulqinit-video\/#breadcrumb\"},\"inLanguage\":\"en-US\",\"potentialAction\":[{\"@type\":\"ReadAction\",\"target\":[\"https:\/\/www.visit-ulcinj.com\/blog\/2014\/03\/21\/padi-penale-kunder-drejtorit-te-ot-ulqinit-video\/\"]}]},{\"@type\":\"BreadcrumbList\",\"@id\":\"https:\/\/www.visit-ulcinj.com\/blog\/2014\/03\/21\/padi-penale-kunder-drejtorit-te-ot-ulqinit-video\/#breadcrumb\",\"itemListElement\":[{\"@type\":\"ListItem\",\"position\":1,\"name\":\"Padi penale kund\u00ebr drejtorit t\u00eb OT- Ulqinit &#8211; Video\"}]},{\"@type\":\"Person\",\"@id\":\"https:\/\/www.visit-ulcinj.com\/blog\/#\/schema\/person\/dcab619c614d3038751c63bc2aadc06d\",\"name\":\"ulqini\",\"sameAs\":[\"http:\/\/www.visit-ulcinj.com\"],\"url\":\"https:\/\/www.visit-ulcinj.com\/blog\/author\/admin\/\"}]}<\/script>\n<!-- \/ Yoast SEO plugin. -->","yoast_head_json":{"title":"Padi penale kund\u00ebr drejtorit t\u00eb OT- Ulqinit - Video - Lajme nga Ulqini","description":"Kat\u00ebr pun\u00ebtor\u00ebt e shkarkuar t\u00eb Organizat\u00ebs turistike kan\u00eb dor\u00ebzuar t\u00eb enjten n\u00eb Prokurorin\u00eb themelore shtet\u00ebrore n\u00eb Ulqin padin\u00eb penale kund\u00ebr drejtorit","robots":{"index":"index","follow":"follow","max-snippet":"max-snippet:-1","max-image-preview":"max-image-preview:large","max-video-preview":"max-video-preview:-1"},"canonical":"https:\/\/www.visit-ulcinj.com\/blog\/2014\/03\/21\/padi-penale-kunder-drejtorit-te-ot-ulqinit-video\/","og_locale":"en_US","og_type":"article","og_title":"Padi penale kund\u00ebr drejtorit t\u00eb OT- Ulqinit - Video - Lajme nga Ulqini","og_description":"Kat\u00ebr pun\u00ebtor\u00ebt e shkarkuar t\u00eb Organizat\u00ebs turistike kan\u00eb dor\u00ebzuar t\u00eb enjten n\u00eb Prokurorin\u00eb themelore shtet\u00ebrore n\u00eb Ulqin padin\u00eb penale kund\u00ebr drejtorit","og_url":"https:\/\/www.visit-ulcinj.com\/blog\/2014\/03\/21\/padi-penale-kunder-drejtorit-te-ot-ulqinit-video\/","og_site_name":"Lajme nga Ulqini","article_published_time":"2014-03-21T17:31:46+00:00","og_image":[{"url":"http:\/\/www.visit-ulcinj.com\/blog\/wp-content\/uploads\/2012\/11\/organizata-turistike-e-ulqinit.1.jpg"}],"twitter_misc":{"Written by":"ulqini","Est. reading time":"1 minute"},"schema":{"@context":"https:\/\/schema.org","@graph":[{"@type":"WebSite","@id":"https:\/\/www.visit-ulcinj.com\/blog\/#website","url":"https:\/\/www.visit-ulcinj.com\/blog\/","name":"Lajme nga Ulqini","description":"Lajme,Vijesti,Ulqini,Ulqin,Crna Gora,Mali i Zi","potentialAction":[{"@type":"SearchAction","target":{"@type":"EntryPoint","urlTemplate":"https:\/\/www.visit-ulcinj.com\/blog\/?s={search_term_string}"},"query-input":"required name=search_term_string"}],"inLanguage":"en-US"},{"@type":"ImageObject","inLanguage":"en-US","@id":"https:\/\/www.visit-ulcinj.com\/blog\/2014\/03\/21\/padi-penale-kunder-drejtorit-te-ot-ulqinit-video\/#primaryimage","url":"https:\/\/www.visit-ulcinj.com\/blog\/wp-content\/uploads\/2012\/11\/organizata-turistike-e-ulqinit.1.jpg","contentUrl":"https:\/\/www.visit-ulcinj.com\/blog\/wp-content\/uploads\/2012\/11\/organizata-turistike-e-ulqinit.1.jpg","width":"640","height":"480"},{"@type":"WebPage","@id":"https:\/\/www.visit-ulcinj.com\/blog\/2014\/03\/21\/padi-penale-kunder-drejtorit-te-ot-ulqinit-video\/#webpage","url":"https:\/\/www.visit-ulcinj.com\/blog\/2014\/03\/21\/padi-penale-kunder-drejtorit-te-ot-ulqinit-video\/","name":"Padi penale kund\u00ebr drejtorit t\u00eb OT- Ulqinit - Video - Lajme nga Ulqini","isPartOf":{"@id":"https:\/\/www.visit-ulcinj.com\/blog\/#website"},"primaryImageOfPage":{"@id":"https:\/\/www.visit-ulcinj.com\/blog\/2014\/03\/21\/padi-penale-kunder-drejtorit-te-ot-ulqinit-video\/#primaryimage"},"datePublished":"2014-03-21T17:31:46+00:00","dateModified":"2014-03-21T17:31:46+00:00","author":{"@id":"https:\/\/www.visit-ulcinj.com\/blog\/#\/schema\/person\/dcab619c614d3038751c63bc2aadc06d"},"description":"Kat\u00ebr pun\u00ebtor\u00ebt e shkarkuar t\u00eb Organizat\u00ebs turistike kan\u00eb dor\u00ebzuar t\u00eb enjten n\u00eb Prokurorin\u00eb themelore shtet\u00ebrore n\u00eb Ulqin padin\u00eb penale kund\u00ebr drejtorit","breadcrumb":{"@id":"https:\/\/www.visit-ulcinj.com\/blog\/2014\/03\/21\/padi-penale-kunder-drejtorit-te-ot-ulqinit-video\/#breadcrumb"},"inLanguage":"en-US","potentialAction":[{"@type":"ReadAction","target":["https:\/\/www.visit-ulcinj.com\/blog\/2014\/03\/21\/padi-penale-kunder-drejtorit-te-ot-ulqinit-video\/"]}]},{"@type":"BreadcrumbList","@id":"https:\/\/www.visit-ulcinj.com\/blog\/2014\/03\/21\/padi-penale-kunder-drejtorit-te-ot-ulqinit-video\/#breadcrumb","itemListElement":[{"@type":"ListItem","position":1,"name":"Padi penale kund\u00ebr drejtorit t\u00eb OT- Ulqinit &#8211; Video"}]},{"@type":"Person","@id":"https:\/\/www.visit-ulcinj.com\/blog\/#\/schema\/person\/dcab619c614d3038751c63bc2aadc06d","name":"ulqini","sameAs":["http:\/\/www.visit-ulcinj.com"],"url":"https:\/\/www.visit-ulcinj.com\/blog\/author\/admin\/"}]}},"jetpack_featured_media_url":"","jetpack_sharing_enabled":true,"jetpack_shortlink":"https:\/\/wp.me\/pe6lTn-l2K","_links":{"self":[{"href":"https:\/\/www.visit-ulcinj.com\/blog\/wp-json\/wp\/v2\/posts\/80894"}],"collection":[{"href":"https:\/\/www.visit-ulcinj.com\/blog\/wp-json\/wp\/v2\/posts"}],"about":[{"href":"https:\/\/www.visit-ulcinj.com\/blog\/wp-json\/wp\/v2\/types\/post"}],"author":[{"embeddable":true,"href":"https:\/\/www.visit-ulcinj.com\/blog\/wp-json\/wp\/v2\/users\/1"}],"replies":[{"embeddable":true,"href":"https:\/\/www.visit-ulcinj.com\/blog\/wp-json\/wp\/v2\/comments?post=80894"}],"version-history":[{"count":1,"href":"https:\/\/www.visit-ulcinj.com\/blog\/wp-json\/wp\/v2\/posts\/80894\/revisions"}],"predecessor-version":[{"id":80895,"href":"https:\/\/www.visit-ulcinj.com\/blog\/wp-json\/wp\/v2\/posts\/80894\/revisions\/80895"}],"wp:attachment":[{"href":"https:\/\/www.visit-ulcinj.com\/blog\/wp-json\/wp\/v2\/media?parent=80894"}],"wp:term":[{"taxonomy":"category","embeddable":true,"href":"https:\/\/www.visit-ulcinj.com\/blog\/wp-json\/wp\/v2\/categories?post=80894"},{"taxonomy":"post_tag","embeddable":true,"href":"https:\/\/www.visit-ulcinj.com\/blog\/wp-json\/wp\/v2\/tags?post=80894"}],"curies":[{"name":"wp","href":"https:\/\/api.w.org\/{rel}","templated":true}]}}