{"id":80903,"date":"2014-03-21T20:18:17","date_gmt":"2014-03-21T19:18:17","guid":{"rendered":"http:\/\/www.visit-ulcinj.com\/blog\/?p=80903"},"modified":"2014-03-21T20:18:17","modified_gmt":"2014-03-21T19:18:17","slug":"konkurs-ucesnika-za-obuku-marubi-turistickog-vodica","status":"publish","type":"post","link":"https:\/\/www.visit-ulcinj.com\/blog\/2014\/03\/21\/konkurs-ucesnika-za-obuku-marubi-turistickog-vodica\/","title":{"rendered":"Konkurs u\u010desnika za obuku Marubi turisti\u010dkog vodi\u010da"},"content":{"rendered":"<p><strong><a href=\"http:\/\/www.visit-ulcinj.com\/blog\/wp-content\/uploads\/2014\/03\/Konkurs-n\u00eb-trajnim-p\u00ebr-Marubi-Guid\u00eb-Turistike.jpg\"><img loading=\"lazy\" class=\"alignleft  wp-image-80900\" alt=\"Konkurs n\u00eb trajnim p\u00ebr Marubi Guid\u00eb Turistike\" src=\"http:\/\/www.visit-ulcinj.com\/blog\/wp-content\/uploads\/2014\/03\/Konkurs-n\u00eb-trajnim-p\u00ebr-Marubi-Guid\u00eb-Turistike.jpg\" width=\"508\" height=\"508\" \/><\/a>Saop\u0161tenje<\/strong><br \/>\nKancelarija za Medjunarodnu Saradnju i Projekte pri Op\u0161tini Ulcinj i Turisti\u010dka Organizacija Ulcinj, u sklopu projekta \u201cMarubi: model saradnje za promociju turizma izmedju Skadra i Ulcinja\u201d, finansirano od Evropske Unije, objavljuje :<br \/>\nKonkurs za selekciju u\u010desnika za obuku Marubi turisti\u010dkog vodi\u010da<br \/>\nOp\u0161ti ciljevi Projekta Marubi su promocija i medjugrani\u010dna saradnja sa ciljem vrednovanja zajedni\u010dkih kulturnih dobara (posebno \u201cMarubi nasledje\u201d) i prirodnih potencijala zone Skadra i Ulcinja. Pobolj\u0161anje i valorizacija ovih potencijala ima za cilj promociju ekonomskog razvitka na obje strane granice.<br \/>\nCilj projekta je osmi\u0161ljavanje i razvijanje modela medjugrani\u010dnog upravljanja za promociju turizma \u2013 kulturnih i prirodnih potencijala.<br \/>\n\u0160ta je Marubi turisti\u010dki vodi\u010d odnosno Marubi Guide?<br \/>\nMarubi Turisti\u010dki Vodi\u010di su osobe koje su zainteresovane za predstavljanje oblasti koje su se implementirale i razvijale u sklopu Projekta Marubi.<br \/>\nTakodje Marubi Turisti\u010dki Vodi\u010di treba da posjeduju kreativnost i ambiciju prema \u0161irenju i daljem razvijanju gore pomenutih ponuda, kombinovanjem kulturne ba\u0161tine, prirodnih resursa, kao i autoktone tradicije u jedan te komplementaran proizvod koji na kraju daje atraktivnu ponudu za sve posjetioce na\u0161eg grada.<br \/>\nVodi\u010d takodje treba da tokom vr\u0161enja svoje aktivnosti koordinira rad sa \u201cstakeholderima\u201d odnosno glavnim akterima u polju kulture i turizma, (kao na primjer: Turisti\u010dka Organizacija, Agencije, Muzeji&#8230;) i saradnju na na\u010din da se njegov posao kao vodi\u010da implementira na najefikasiji i najprofitabilniji na\u010din.<br \/>\nGlavni cilj Marubi vodi\u010da je veza izmedju turizma i kulture, na ovaj se na\u010din Marubi Vodi\u010d postavlja na privilegovanu poziciju kao glavni posrednik izmedju dva sektora.<br \/>\nVodi\u010dima je omogu\u0107eno da svoju aktivnost vr\u0161e na javnim ili privatnim ustanovama, u oba sektora, kako kulturnom tako i turisti\u010dkom.<br \/>\n___<br \/>\nZainteresovani mogu kontaktirati na e-mail qemal.hidrio@ul-gov.me gdje treba da navode: ime, prezime, starost, broj kontakt telefona. Takodje, u nekoliko re\u010denica da navode razlog koji ih motivi\u0161e da u\u010destvuju u ovom treningu.<br \/>\nObavje\u0161tavamo vas da je zadnji rok prijave za konkurs 31 mart, 2014.<br \/>\nDobrodo\u0161li!<\/p>\n<p><strong><a id=\"js_5\" href=\"https:\/\/www.facebook.com\/MarubiProject?hc_location=timeline\" data-hovercard=\"\/ajax\/hovercard\/page.php?id=532614220082232&amp;extragetparams=%7B%22hc_location%22%3A%22timeline%22%7D\">Marubi project Shkodra Ulqini Facebook<\/a><\/strong><\/p>\n","protected":false},"excerpt":{"rendered":"<p>Saop\u0161tenje Kancelarija za Medjunarodnu Saradnju i Projekte pri Op\u0161tini Ulcinj i Turisti\u010dka Organizacija Ulcinj, u sklopu projekta \u201cMarubi: model saradnje za promociju turizma izmedju Skadra i Ulcinja\u201d, finansirano od Evropske Unije, objavljuje : Konkurs za selekciju u\u010desnika za obuku Marubi turisti\u010dkog vodi\u010da Op\u0161ti ciljevi Projekta Marubi su promocija i medjugrani\u010dna saradnja sa ciljem vrednovanja zajedni\u010dkih [&hellip;]<\/p>\n","protected":false},"author":1,"featured_media":0,"comment_status":"closed","ping_status":"closed","sticky":false,"template":"","format":"standard","meta":{"spay_email":"","jetpack_publicize_message":"","jetpack_is_tweetstorm":false,"jetpack_publicize_feature_enabled":true},"categories":[6950],"tags":[],"jetpack_publicize_connections":[],"yoast_head":"<!-- This site is optimized with the Yoast SEO plugin v19.1 - https:\/\/yoast.com\/wordpress\/plugins\/seo\/ -->\n<title>Konkurs u\u010desnika za obuku Marubi turisti\u010dkog vodi\u010da - Lajme nga Ulqini<\/title>\n<meta name=\"description\" content=\"Saop\u0161tenje Kancelarija za Medjunarodnu Saradnju i Projekte pri Op\u0161tini Ulcinj i Turisti\u010dka Organizacija Ulcinj, u sklopu projekta \u201cMarubi: model saradnje\" \/>\n<meta name=\"robots\" content=\"index, follow, max-snippet:-1, max-image-preview:large, max-video-preview:-1\" \/>\n<link rel=\"canonical\" href=\"https:\/\/www.visit-ulcinj.com\/blog\/2014\/03\/21\/konkurs-ucesnika-za-obuku-marubi-turistickog-vodica\/\" \/>\n<meta property=\"og:locale\" content=\"en_US\" \/>\n<meta property=\"og:type\" content=\"article\" \/>\n<meta property=\"og:title\" content=\"Konkurs u\u010desnika za obuku Marubi turisti\u010dkog vodi\u010da - Lajme nga Ulqini\" \/>\n<meta property=\"og:description\" content=\"Saop\u0161tenje Kancelarija za Medjunarodnu Saradnju i Projekte pri Op\u0161tini Ulcinj i Turisti\u010dka Organizacija Ulcinj, u sklopu projekta \u201cMarubi: model saradnje\" \/>\n<meta property=\"og:url\" content=\"https:\/\/www.visit-ulcinj.com\/blog\/2014\/03\/21\/konkurs-ucesnika-za-obuku-marubi-turistickog-vodica\/\" \/>\n<meta property=\"og:site_name\" content=\"Lajme nga Ulqini\" \/>\n<meta property=\"article:published_time\" content=\"2014-03-21T19:18:17+00:00\" \/>\n<meta name=\"twitter:label1\" content=\"Written by\" \/>\n\t<meta name=\"twitter:data1\" content=\"ulqini\" \/>\n\t<meta name=\"twitter:label2\" content=\"Est. reading time\" \/>\n\t<meta name=\"twitter:data2\" content=\"2 minutes\" \/>\n<script type=\"application\/ld+json\" class=\"yoast-schema-graph\">{\"@context\":\"https:\/\/schema.org\",\"@graph\":[{\"@type\":\"WebSite\",\"@id\":\"https:\/\/www.visit-ulcinj.com\/blog\/#website\",\"url\":\"https:\/\/www.visit-ulcinj.com\/blog\/\",\"name\":\"Lajme nga Ulqini\",\"description\":\"Lajme,Vijesti,Ulqini,Ulqin,Crna Gora,Mali i Zi\",\"potentialAction\":[{\"@type\":\"SearchAction\",\"target\":{\"@type\":\"EntryPoint\",\"urlTemplate\":\"https:\/\/www.visit-ulcinj.com\/blog\/?s={search_term_string}\"},\"query-input\":\"required name=search_term_string\"}],\"inLanguage\":\"en-US\"},{\"@type\":\"WebPage\",\"@id\":\"https:\/\/www.visit-ulcinj.com\/blog\/2014\/03\/21\/konkurs-ucesnika-za-obuku-marubi-turistickog-vodica\/#webpage\",\"url\":\"https:\/\/www.visit-ulcinj.com\/blog\/2014\/03\/21\/konkurs-ucesnika-za-obuku-marubi-turistickog-vodica\/\",\"name\":\"Konkurs u\u010desnika za obuku Marubi turisti\u010dkog vodi\u010da - Lajme nga Ulqini\",\"isPartOf\":{\"@id\":\"https:\/\/www.visit-ulcinj.com\/blog\/#website\"},\"datePublished\":\"2014-03-21T19:18:17+00:00\",\"dateModified\":\"2014-03-21T19:18:17+00:00\",\"author\":{\"@id\":\"https:\/\/www.visit-ulcinj.com\/blog\/#\/schema\/person\/dcab619c614d3038751c63bc2aadc06d\"},\"description\":\"Saop\u0161tenje Kancelarija za Medjunarodnu Saradnju i Projekte pri Op\u0161tini Ulcinj i Turisti\u010dka Organizacija Ulcinj, u sklopu projekta \u201cMarubi: model saradnje\",\"breadcrumb\":{\"@id\":\"https:\/\/www.visit-ulcinj.com\/blog\/2014\/03\/21\/konkurs-ucesnika-za-obuku-marubi-turistickog-vodica\/#breadcrumb\"},\"inLanguage\":\"en-US\",\"potentialAction\":[{\"@type\":\"ReadAction\",\"target\":[\"https:\/\/www.visit-ulcinj.com\/blog\/2014\/03\/21\/konkurs-ucesnika-za-obuku-marubi-turistickog-vodica\/\"]}]},{\"@type\":\"BreadcrumbList\",\"@id\":\"https:\/\/www.visit-ulcinj.com\/blog\/2014\/03\/21\/konkurs-ucesnika-za-obuku-marubi-turistickog-vodica\/#breadcrumb\",\"itemListElement\":[{\"@type\":\"ListItem\",\"position\":1,\"name\":\"Konkurs u\u010desnika za obuku Marubi turisti\u010dkog vodi\u010da\"}]},{\"@type\":\"Person\",\"@id\":\"https:\/\/www.visit-ulcinj.com\/blog\/#\/schema\/person\/dcab619c614d3038751c63bc2aadc06d\",\"name\":\"ulqini\",\"sameAs\":[\"http:\/\/www.visit-ulcinj.com\"],\"url\":\"https:\/\/www.visit-ulcinj.com\/blog\/author\/admin\/\"}]}<\/script>\n<!-- \/ Yoast SEO plugin. -->","yoast_head_json":{"title":"Konkurs u\u010desnika za obuku Marubi turisti\u010dkog vodi\u010da - Lajme nga Ulqini","description":"Saop\u0161tenje Kancelarija za Medjunarodnu Saradnju i Projekte pri Op\u0161tini Ulcinj i Turisti\u010dka Organizacija Ulcinj, u sklopu projekta \u201cMarubi: model saradnje","robots":{"index":"index","follow":"follow","max-snippet":"max-snippet:-1","max-image-preview":"max-image-preview:large","max-video-preview":"max-video-preview:-1"},"canonical":"https:\/\/www.visit-ulcinj.com\/blog\/2014\/03\/21\/konkurs-ucesnika-za-obuku-marubi-turistickog-vodica\/","og_locale":"en_US","og_type":"article","og_title":"Konkurs u\u010desnika za obuku Marubi turisti\u010dkog vodi\u010da - Lajme nga Ulqini","og_description":"Saop\u0161tenje Kancelarija za Medjunarodnu Saradnju i Projekte pri Op\u0161tini Ulcinj i Turisti\u010dka Organizacija Ulcinj, u sklopu projekta \u201cMarubi: model saradnje","og_url":"https:\/\/www.visit-ulcinj.com\/blog\/2014\/03\/21\/konkurs-ucesnika-za-obuku-marubi-turistickog-vodica\/","og_site_name":"Lajme nga Ulqini","article_published_time":"2014-03-21T19:18:17+00:00","twitter_misc":{"Written by":"ulqini","Est. reading time":"2 minutes"},"schema":{"@context":"https:\/\/schema.org","@graph":[{"@type":"WebSite","@id":"https:\/\/www.visit-ulcinj.com\/blog\/#website","url":"https:\/\/www.visit-ulcinj.com\/blog\/","name":"Lajme nga Ulqini","description":"Lajme,Vijesti,Ulqini,Ulqin,Crna Gora,Mali i Zi","potentialAction":[{"@type":"SearchAction","target":{"@type":"EntryPoint","urlTemplate":"https:\/\/www.visit-ulcinj.com\/blog\/?s={search_term_string}"},"query-input":"required name=search_term_string"}],"inLanguage":"en-US"},{"@type":"WebPage","@id":"https:\/\/www.visit-ulcinj.com\/blog\/2014\/03\/21\/konkurs-ucesnika-za-obuku-marubi-turistickog-vodica\/#webpage","url":"https:\/\/www.visit-ulcinj.com\/blog\/2014\/03\/21\/konkurs-ucesnika-za-obuku-marubi-turistickog-vodica\/","name":"Konkurs u\u010desnika za obuku Marubi turisti\u010dkog vodi\u010da - Lajme nga Ulqini","isPartOf":{"@id":"https:\/\/www.visit-ulcinj.com\/blog\/#website"},"datePublished":"2014-03-21T19:18:17+00:00","dateModified":"2014-03-21T19:18:17+00:00","author":{"@id":"https:\/\/www.visit-ulcinj.com\/blog\/#\/schema\/person\/dcab619c614d3038751c63bc2aadc06d"},"description":"Saop\u0161tenje Kancelarija za Medjunarodnu Saradnju i Projekte pri Op\u0161tini Ulcinj i Turisti\u010dka Organizacija Ulcinj, u sklopu projekta \u201cMarubi: model saradnje","breadcrumb":{"@id":"https:\/\/www.visit-ulcinj.com\/blog\/2014\/03\/21\/konkurs-ucesnika-za-obuku-marubi-turistickog-vodica\/#breadcrumb"},"inLanguage":"en-US","potentialAction":[{"@type":"ReadAction","target":["https:\/\/www.visit-ulcinj.com\/blog\/2014\/03\/21\/konkurs-ucesnika-za-obuku-marubi-turistickog-vodica\/"]}]},{"@type":"BreadcrumbList","@id":"https:\/\/www.visit-ulcinj.com\/blog\/2014\/03\/21\/konkurs-ucesnika-za-obuku-marubi-turistickog-vodica\/#breadcrumb","itemListElement":[{"@type":"ListItem","position":1,"name":"Konkurs u\u010desnika za obuku Marubi turisti\u010dkog vodi\u010da"}]},{"@type":"Person","@id":"https:\/\/www.visit-ulcinj.com\/blog\/#\/schema\/person\/dcab619c614d3038751c63bc2aadc06d","name":"ulqini","sameAs":["http:\/\/www.visit-ulcinj.com"],"url":"https:\/\/www.visit-ulcinj.com\/blog\/author\/admin\/"}]}},"jetpack_featured_media_url":"","jetpack_sharing_enabled":true,"jetpack_shortlink":"https:\/\/wp.me\/pe6lTn-l2T","_links":{"self":[{"href":"https:\/\/www.visit-ulcinj.com\/blog\/wp-json\/wp\/v2\/posts\/80903"}],"collection":[{"href":"https:\/\/www.visit-ulcinj.com\/blog\/wp-json\/wp\/v2\/posts"}],"about":[{"href":"https:\/\/www.visit-ulcinj.com\/blog\/wp-json\/wp\/v2\/types\/post"}],"author":[{"embeddable":true,"href":"https:\/\/www.visit-ulcinj.com\/blog\/wp-json\/wp\/v2\/users\/1"}],"replies":[{"embeddable":true,"href":"https:\/\/www.visit-ulcinj.com\/blog\/wp-json\/wp\/v2\/comments?post=80903"}],"version-history":[{"count":1,"href":"https:\/\/www.visit-ulcinj.com\/blog\/wp-json\/wp\/v2\/posts\/80903\/revisions"}],"predecessor-version":[{"id":80904,"href":"https:\/\/www.visit-ulcinj.com\/blog\/wp-json\/wp\/v2\/posts\/80903\/revisions\/80904"}],"wp:attachment":[{"href":"https:\/\/www.visit-ulcinj.com\/blog\/wp-json\/wp\/v2\/media?parent=80903"}],"wp:term":[{"taxonomy":"category","embeddable":true,"href":"https:\/\/www.visit-ulcinj.com\/blog\/wp-json\/wp\/v2\/categories?post=80903"},{"taxonomy":"post_tag","embeddable":true,"href":"https:\/\/www.visit-ulcinj.com\/blog\/wp-json\/wp\/v2\/tags?post=80903"}],"curies":[{"name":"wp","href":"https:\/\/api.w.org\/{rel}","templated":true}]}}