{"id":80909,"date":"2014-03-22T18:31:54","date_gmt":"2014-03-22T17:31:54","guid":{"rendered":"http:\/\/www.visit-ulcinj.com\/blog\/?p=80909"},"modified":"2014-03-23T13:42:40","modified_gmt":"2014-03-23T12:42:40","slug":"svada-incident-u-ulcinjskoj-solani","status":"publish","type":"post","link":"https:\/\/www.visit-ulcinj.com\/blog\/2014\/03\/22\/svada-incident-u-ulcinjskoj-solani\/","title":{"rendered":"Sva\u0111a i incident u ulcinjskoj Solani &#8211; Video"},"content":{"rendered":"<div id=\"attachment_80910\" style=\"width: 518px\" class=\"wp-caption alignleft\"><a href=\"http:\/\/www.visit-ulcinj.com\/blog\/wp-content\/uploads\/2014\/03\/Svadja-u-ulcinjskoj-Solani.jpg\"><img aria-describedby=\"caption-attachment-80910\" loading=\"lazy\" class=\" wp-image-80910\" alt=\"Svadja u ulcinjskoj Solani\" src=\"http:\/\/www.visit-ulcinj.com\/blog\/wp-content\/uploads\/2014\/03\/Svadja-u-ulcinjskoj-Solani.jpg\" width=\"508\" height=\"360\" \/><\/a><p id=\"caption-attachment-80910\" class=\"wp-caption-text\">Foto: Samir Adrovic &#8211; Vijesti<\/p><\/div>\n<div id=\"article_text\">\n<p><strong>Te\u017eak incident u ulcinjskoj Solani: Sva\u0111a pa potezanje pi\u0161tolja<\/strong><\/p>\n<p>Nakon kra\u0107eg verbalnog sukoba, Ivan Jovanovi\u0107, zaposlen kao obezbje\u0111enje u ulcinjskoj solani, danas je oko 10 \u010dasova nasrnuo na predsjednika sindikata u tom kolektivu Marka Miranovi\u0107a.<\/p>\n<p>On mu se prvo, kako tvrdi Miranovi\u0107, unio u lice a potom kroz d\u017eep dukserice, u njuega uperio i pi\u0161tolj pitav\u0161i ga ima li ne\u0161to protiv njega.<\/p>\n<p>&#8220;Osim mene, pi\u0161tolj je vidio jo\u0161 jedan moj kolega. Glasno sam ga pitao da li to dr\u017ei pi\u0161tolj u ruci. Tada su sko\u010dili i ostali radnici, nastala je gu\u017eva a neko je rekao da \u0107e zvati policiju. Jovanovi\u0107 je tada u\u0161ao u slu\u017ebeni automobili i oti\u0161ao iz kruga fabrike&#8221;, ispri\u010dao je ju\u010de Vijestima Miranovi\u0107 koji je ispred zgrade ulcinjske policije zajedno sa ostalim radnicima \u010dekao saslu\u0161anje.<\/p>\n<p>U me\u0111uvremenu, Jovanovi\u0107 je u pratnji ro\u0111aka do\u0161ao u policiju ali Vijesti nijesu mogle da uzmu izjavu i od njega budu\u0107i da je u tom trenutku, po prijavi Miranovi\u0107a, saslu\u0161avan kod inspektora.<\/p>\n<p>Miranovi\u0107 je kazao da je incidentu prethodila bizarna rasprava izme\u0111u njega i jedne koleginice koja nije u \u0161trajku.<\/p>\n<p>&#8220;Ona i Jovanovi\u0107 gledali su snimke sa ju\u010dera\u0161njeg skupa kod ste\u010dajnog upravnika. Samo sam je pitao za\u0161to se sladi na\u0161im mukama. Tada je po\u010dela da me vrije\u0111a a onda se umije\u0161ao i Jovanovi\u0107&#8221;, ispri\u010dao je Miranovi\u0107<\/p>\n<p>Jutro\u0161nji incident u solani samo je kulminacija vi\u0161emjese\u010dnog tinjaju\u0107eg sukoba radnika sa vlasnicima i upravom. Radnici su u \u0161trajku od 21.januara zbog neispla\u0107enih zarada i nepovezanog sta\u017ea.<\/p>\n<p>Dan ranije, organizovali su obilazak bazena i fabri\u010dkih postrojenja sa poslanicima, odbornicima, predstavnicima lokalne vlasti, politi\u010dkih partija, civilnog sektora i medija kako bi ih uvjerili u kakvom se stanju nalazi solana.<\/p>\n<p>Jovanovi\u0107a je ina\u010de nedavno zaposlio Boj\u0161a \u0160otra, izvr\u0161ni direktor Eurofonda koji gazduje solanom.<\/p>\n<p>Njegov posao je kako je \u0160otra nedavno rekao Vijestima, jeste da isklju\u010divo pazi na imovinu solane sa ciljem da sprije\u010di u\u010destale kra\u0111e. \u0160otra je tada kazao da je Jovanovi\u0107 odgovara samo njemu.<\/p>\n<p><a href=\"http:\/\/www.vijesti.me\/vijesti\/tezak-incident-ulcinjskoj-solani-svada-potezanje-pistolja-clanak-188704\" target=\"_blank\"><strong>Samir Adrovi\u0107<\/strong><\/a><\/p>\n<p><strong>Izvor: Vijesti online<\/strong><\/p>\n<!--YouTube Error: bad URL entered-->\n<\/div>\n","protected":false},"excerpt":{"rendered":"<p>Te\u017eak incident u ulcinjskoj Solani: Sva\u0111a pa potezanje pi\u0161tolja Nakon kra\u0107eg verbalnog sukoba, Ivan Jovanovi\u0107, zaposlen kao obezbje\u0111enje u ulcinjskoj solani, danas je oko 10 \u010dasova nasrnuo na predsjednika sindikata u tom kolektivu Marka Miranovi\u0107a. On mu se prvo, kako tvrdi Miranovi\u0107, unio u lice a potom kroz d\u017eep dukserice, u njuega uperio i pi\u0161tolj [&hellip;]<\/p>\n","protected":false},"author":1,"featured_media":0,"comment_status":"closed","ping_status":"closed","sticky":false,"template":"","format":"standard","meta":{"spay_email":"","jetpack_publicize_message":"","jetpack_is_tweetstorm":false,"jetpack_publicize_feature_enabled":true},"categories":[8337],"tags":[],"jetpack_publicize_connections":[],"yoast_head":"<!-- This site is optimized with the Yoast SEO plugin v19.1 - https:\/\/yoast.com\/wordpress\/plugins\/seo\/ -->\n<title>Sva\u0111a i incident u ulcinjskoj Solani - Video - Lajme nga Ulqini<\/title>\n<meta name=\"description\" content=\"Te\u017eak incident u ulcinjskoj Solani: Sva\u0111a pa potezanje pi\u0161tolja Nakon kra\u0107eg verbalnog sukoba, Ivan Jovanovi\u0107, zaposlen kao obezbje\u0111enje u ulcinjskoj\" \/>\n<meta name=\"robots\" content=\"index, follow, max-snippet:-1, max-image-preview:large, max-video-preview:-1\" \/>\n<link rel=\"canonical\" href=\"https:\/\/www.visit-ulcinj.com\/blog\/2014\/03\/22\/svada-incident-u-ulcinjskoj-solani\/\" \/>\n<meta property=\"og:locale\" content=\"en_US\" \/>\n<meta property=\"og:type\" content=\"article\" \/>\n<meta property=\"og:title\" content=\"Sva\u0111a i incident u ulcinjskoj Solani - Video - Lajme nga Ulqini\" \/>\n<meta property=\"og:description\" content=\"Te\u017eak incident u ulcinjskoj Solani: Sva\u0111a pa potezanje pi\u0161tolja Nakon kra\u0107eg verbalnog sukoba, Ivan Jovanovi\u0107, zaposlen kao obezbje\u0111enje u ulcinjskoj\" \/>\n<meta property=\"og:url\" content=\"https:\/\/www.visit-ulcinj.com\/blog\/2014\/03\/22\/svada-incident-u-ulcinjskoj-solani\/\" \/>\n<meta property=\"og:site_name\" content=\"Lajme nga Ulqini\" \/>\n<meta property=\"article:published_time\" content=\"2014-03-22T17:31:54+00:00\" \/>\n<meta property=\"article:modified_time\" content=\"2014-03-23T12:42:40+00:00\" \/>\n<meta property=\"og:image\" content=\"http:\/\/www.visit-ulcinj.com\/blog\/wp-content\/uploads\/2014\/03\/Svadja-u-ulcinjskoj-Solani.jpg\" \/>\n<meta name=\"twitter:label1\" content=\"Written by\" \/>\n\t<meta name=\"twitter:data1\" content=\"ulqini\" \/>\n\t<meta name=\"twitter:label2\" content=\"Est. reading time\" \/>\n\t<meta name=\"twitter:data2\" content=\"2 minutes\" \/>\n<script type=\"application\/ld+json\" class=\"yoast-schema-graph\">{\"@context\":\"https:\/\/schema.org\",\"@graph\":[{\"@type\":\"WebSite\",\"@id\":\"https:\/\/www.visit-ulcinj.com\/blog\/#website\",\"url\":\"https:\/\/www.visit-ulcinj.com\/blog\/\",\"name\":\"Lajme nga Ulqini\",\"description\":\"Lajme,Vijesti,Ulqini,Ulqin,Crna Gora,Mali i Zi\",\"potentialAction\":[{\"@type\":\"SearchAction\",\"target\":{\"@type\":\"EntryPoint\",\"urlTemplate\":\"https:\/\/www.visit-ulcinj.com\/blog\/?s={search_term_string}\"},\"query-input\":\"required name=search_term_string\"}],\"inLanguage\":\"en-US\"},{\"@type\":\"ImageObject\",\"inLanguage\":\"en-US\",\"@id\":\"https:\/\/www.visit-ulcinj.com\/blog\/2014\/03\/22\/svada-incident-u-ulcinjskoj-solani\/#primaryimage\",\"url\":\"https:\/\/www.visit-ulcinj.com\/blog\/wp-content\/uploads\/2014\/03\/Svadja-u-ulcinjskoj-Solani.jpg\",\"contentUrl\":\"https:\/\/www.visit-ulcinj.com\/blog\/wp-content\/uploads\/2014\/03\/Svadja-u-ulcinjskoj-Solani.jpg\",\"width\":1000,\"height\":750},{\"@type\":\"WebPage\",\"@id\":\"https:\/\/www.visit-ulcinj.com\/blog\/2014\/03\/22\/svada-incident-u-ulcinjskoj-solani\/#webpage\",\"url\":\"https:\/\/www.visit-ulcinj.com\/blog\/2014\/03\/22\/svada-incident-u-ulcinjskoj-solani\/\",\"name\":\"Sva\u0111a i incident u ulcinjskoj Solani - Video - Lajme nga Ulqini\",\"isPartOf\":{\"@id\":\"https:\/\/www.visit-ulcinj.com\/blog\/#website\"},\"primaryImageOfPage\":{\"@id\":\"https:\/\/www.visit-ulcinj.com\/blog\/2014\/03\/22\/svada-incident-u-ulcinjskoj-solani\/#primaryimage\"},\"datePublished\":\"2014-03-22T17:31:54+00:00\",\"dateModified\":\"2014-03-23T12:42:40+00:00\",\"author\":{\"@id\":\"https:\/\/www.visit-ulcinj.com\/blog\/#\/schema\/person\/dcab619c614d3038751c63bc2aadc06d\"},\"description\":\"Te\u017eak incident u ulcinjskoj Solani: Sva\u0111a pa potezanje pi\u0161tolja Nakon kra\u0107eg verbalnog sukoba, Ivan Jovanovi\u0107, zaposlen kao obezbje\u0111enje u ulcinjskoj\",\"breadcrumb\":{\"@id\":\"https:\/\/www.visit-ulcinj.com\/blog\/2014\/03\/22\/svada-incident-u-ulcinjskoj-solani\/#breadcrumb\"},\"inLanguage\":\"en-US\",\"potentialAction\":[{\"@type\":\"ReadAction\",\"target\":[\"https:\/\/www.visit-ulcinj.com\/blog\/2014\/03\/22\/svada-incident-u-ulcinjskoj-solani\/\"]}]},{\"@type\":\"BreadcrumbList\",\"@id\":\"https:\/\/www.visit-ulcinj.com\/blog\/2014\/03\/22\/svada-incident-u-ulcinjskoj-solani\/#breadcrumb\",\"itemListElement\":[{\"@type\":\"ListItem\",\"position\":1,\"name\":\"Sva\u0111a i incident u ulcinjskoj Solani &#8211; Video\"}]},{\"@type\":\"Person\",\"@id\":\"https:\/\/www.visit-ulcinj.com\/blog\/#\/schema\/person\/dcab619c614d3038751c63bc2aadc06d\",\"name\":\"ulqini\",\"sameAs\":[\"http:\/\/www.visit-ulcinj.com\"],\"url\":\"https:\/\/www.visit-ulcinj.com\/blog\/author\/admin\/\"}]}<\/script>\n<!-- \/ Yoast SEO plugin. -->","yoast_head_json":{"title":"Sva\u0111a i incident u ulcinjskoj Solani - Video - Lajme nga Ulqini","description":"Te\u017eak incident u ulcinjskoj Solani: Sva\u0111a pa potezanje pi\u0161tolja Nakon kra\u0107eg verbalnog sukoba, Ivan Jovanovi\u0107, zaposlen kao obezbje\u0111enje u ulcinjskoj","robots":{"index":"index","follow":"follow","max-snippet":"max-snippet:-1","max-image-preview":"max-image-preview:large","max-video-preview":"max-video-preview:-1"},"canonical":"https:\/\/www.visit-ulcinj.com\/blog\/2014\/03\/22\/svada-incident-u-ulcinjskoj-solani\/","og_locale":"en_US","og_type":"article","og_title":"Sva\u0111a i incident u ulcinjskoj Solani - Video - Lajme nga Ulqini","og_description":"Te\u017eak incident u ulcinjskoj Solani: Sva\u0111a pa potezanje pi\u0161tolja Nakon kra\u0107eg verbalnog sukoba, Ivan Jovanovi\u0107, zaposlen kao obezbje\u0111enje u ulcinjskoj","og_url":"https:\/\/www.visit-ulcinj.com\/blog\/2014\/03\/22\/svada-incident-u-ulcinjskoj-solani\/","og_site_name":"Lajme nga Ulqini","article_published_time":"2014-03-22T17:31:54+00:00","article_modified_time":"2014-03-23T12:42:40+00:00","og_image":[{"url":"http:\/\/www.visit-ulcinj.com\/blog\/wp-content\/uploads\/2014\/03\/Svadja-u-ulcinjskoj-Solani.jpg"}],"twitter_misc":{"Written by":"ulqini","Est. reading time":"2 minutes"},"schema":{"@context":"https:\/\/schema.org","@graph":[{"@type":"WebSite","@id":"https:\/\/www.visit-ulcinj.com\/blog\/#website","url":"https:\/\/www.visit-ulcinj.com\/blog\/","name":"Lajme nga Ulqini","description":"Lajme,Vijesti,Ulqini,Ulqin,Crna Gora,Mali i Zi","potentialAction":[{"@type":"SearchAction","target":{"@type":"EntryPoint","urlTemplate":"https:\/\/www.visit-ulcinj.com\/blog\/?s={search_term_string}"},"query-input":"required name=search_term_string"}],"inLanguage":"en-US"},{"@type":"ImageObject","inLanguage":"en-US","@id":"https:\/\/www.visit-ulcinj.com\/blog\/2014\/03\/22\/svada-incident-u-ulcinjskoj-solani\/#primaryimage","url":"https:\/\/www.visit-ulcinj.com\/blog\/wp-content\/uploads\/2014\/03\/Svadja-u-ulcinjskoj-Solani.jpg","contentUrl":"https:\/\/www.visit-ulcinj.com\/blog\/wp-content\/uploads\/2014\/03\/Svadja-u-ulcinjskoj-Solani.jpg","width":1000,"height":750},{"@type":"WebPage","@id":"https:\/\/www.visit-ulcinj.com\/blog\/2014\/03\/22\/svada-incident-u-ulcinjskoj-solani\/#webpage","url":"https:\/\/www.visit-ulcinj.com\/blog\/2014\/03\/22\/svada-incident-u-ulcinjskoj-solani\/","name":"Sva\u0111a i incident u ulcinjskoj Solani - Video - Lajme nga Ulqini","isPartOf":{"@id":"https:\/\/www.visit-ulcinj.com\/blog\/#website"},"primaryImageOfPage":{"@id":"https:\/\/www.visit-ulcinj.com\/blog\/2014\/03\/22\/svada-incident-u-ulcinjskoj-solani\/#primaryimage"},"datePublished":"2014-03-22T17:31:54+00:00","dateModified":"2014-03-23T12:42:40+00:00","author":{"@id":"https:\/\/www.visit-ulcinj.com\/blog\/#\/schema\/person\/dcab619c614d3038751c63bc2aadc06d"},"description":"Te\u017eak incident u ulcinjskoj Solani: Sva\u0111a pa potezanje pi\u0161tolja Nakon kra\u0107eg verbalnog sukoba, Ivan Jovanovi\u0107, zaposlen kao obezbje\u0111enje u ulcinjskoj","breadcrumb":{"@id":"https:\/\/www.visit-ulcinj.com\/blog\/2014\/03\/22\/svada-incident-u-ulcinjskoj-solani\/#breadcrumb"},"inLanguage":"en-US","potentialAction":[{"@type":"ReadAction","target":["https:\/\/www.visit-ulcinj.com\/blog\/2014\/03\/22\/svada-incident-u-ulcinjskoj-solani\/"]}]},{"@type":"BreadcrumbList","@id":"https:\/\/www.visit-ulcinj.com\/blog\/2014\/03\/22\/svada-incident-u-ulcinjskoj-solani\/#breadcrumb","itemListElement":[{"@type":"ListItem","position":1,"name":"Sva\u0111a i incident u ulcinjskoj Solani &#8211; Video"}]},{"@type":"Person","@id":"https:\/\/www.visit-ulcinj.com\/blog\/#\/schema\/person\/dcab619c614d3038751c63bc2aadc06d","name":"ulqini","sameAs":["http:\/\/www.visit-ulcinj.com"],"url":"https:\/\/www.visit-ulcinj.com\/blog\/author\/admin\/"}]}},"jetpack_featured_media_url":"","jetpack_sharing_enabled":true,"jetpack_shortlink":"https:\/\/wp.me\/pe6lTn-l2Z","_links":{"self":[{"href":"https:\/\/www.visit-ulcinj.com\/blog\/wp-json\/wp\/v2\/posts\/80909"}],"collection":[{"href":"https:\/\/www.visit-ulcinj.com\/blog\/wp-json\/wp\/v2\/posts"}],"about":[{"href":"https:\/\/www.visit-ulcinj.com\/blog\/wp-json\/wp\/v2\/types\/post"}],"author":[{"embeddable":true,"href":"https:\/\/www.visit-ulcinj.com\/blog\/wp-json\/wp\/v2\/users\/1"}],"replies":[{"embeddable":true,"href":"https:\/\/www.visit-ulcinj.com\/blog\/wp-json\/wp\/v2\/comments?post=80909"}],"version-history":[{"count":3,"href":"https:\/\/www.visit-ulcinj.com\/blog\/wp-json\/wp\/v2\/posts\/80909\/revisions"}],"predecessor-version":[{"id":80926,"href":"https:\/\/www.visit-ulcinj.com\/blog\/wp-json\/wp\/v2\/posts\/80909\/revisions\/80926"}],"wp:attachment":[{"href":"https:\/\/www.visit-ulcinj.com\/blog\/wp-json\/wp\/v2\/media?parent=80909"}],"wp:term":[{"taxonomy":"category","embeddable":true,"href":"https:\/\/www.visit-ulcinj.com\/blog\/wp-json\/wp\/v2\/categories?post=80909"},{"taxonomy":"post_tag","embeddable":true,"href":"https:\/\/www.visit-ulcinj.com\/blog\/wp-json\/wp\/v2\/tags?post=80909"}],"curies":[{"name":"wp","href":"https:\/\/api.w.org\/{rel}","templated":true}]}}