{"id":80918,"date":"2014-03-23T09:18:57","date_gmt":"2014-03-23T08:18:57","guid":{"rendered":"http:\/\/www.visit-ulcinj.com\/blog\/?p=80918"},"modified":"2014-03-23T09:23:09","modified_gmt":"2014-03-23T08:23:09","slug":"u-ulcinjskoj-solani-izgorela-dva-vozila","status":"publish","type":"post","link":"https:\/\/www.visit-ulcinj.com\/blog\/2014\/03\/23\/u-ulcinjskoj-solani-izgorela-dva-vozila\/","title":{"rendered":"U Ulcinjskoj Solani izgorela dva vozila"},"content":{"rendered":"<p><a href=\"http:\/\/www.visit-ulcinj.com\/blog\/wp-content\/uploads\/2011\/11\/solana_ulcinj_crna-gora.jpg\"><img loading=\"lazy\" class=\"alignleft  wp-image-52789\" alt=\"solana_ulcinj_crna-gora\" src=\"http:\/\/www.visit-ulcinj.com\/blog\/wp-content\/uploads\/2011\/11\/solana_ulcinj_crna-gora.jpg\" width=\"508\" height=\"360\" \/><\/a><strong>Ulcinj: Po\u017ear u krugu solane, izgorjela dva automobila<\/strong><\/p>\n<p>Dva automobila potpuno su izgorjela u po\u017earu koji se oko 22.30 \u010dasova dogodio u krugu solane &#8220;Bajo Sekuli\u0107&#8221; u Ulcinju.<\/p>\n<p>Iz Uprave policje &#8220;Vijestima&#8221; je saop\u0161teno da u po\u017earu nije bilo povrije\u0111enih. Inspektori su radili uvi\u0111aj, a uzrok po\u017eara utvrdi\u0107e istraga.<\/p>\n<p>U ulcinjskoj solani prije dva dana <strong><a href=\"http:\/\/www.vijesti.me\/vijesti\/tezak-incident-ulcinjskoj-solani-svada-potezanje-pistolja-clanak-188704\" target=\"_blank\"><em>umalo je do\u0161lo do te\u0161kog incidenta<\/em><\/a><\/strong>. Nakon kra\u0107eg verbalnog sukoba, radnik obezbije\u0111enja Ivan Jovanovi\u0107 nasrnuo je na predsjednika sindikata u tom kolektivu Marka Miranovi\u0107a.<\/p>\n<p>Miranovi\u0107 tvrdi da je Jovanovi\u0107 kroz d\u017eep dukserice, u njega uperio i pi\u0161tolj. Incident u solani kulminacija je vi\u0161emjese\u010dnog tinjaju\u0107eg sukoba radnika sa vlasnicima i upravom.<\/p>\n<p>Radnici su u \u0161trajku od 21.januara zbog neispla\u0107enih zarada i nepovezanog sta\u017ea.<\/p>\n<p><a href=\"http:\/\/www.vijesti.me\/vijesti\/ulcinj-pozar-krugu-solane-izgorjela-dva-automobila-clanak-189063\" target=\"_blank\"><strong>Jelena Jovanovi\u0107<\/strong><\/a><br \/>\n<strong>Izvor: Vijesti online<\/strong><\/p>\n","protected":false},"excerpt":{"rendered":"<p>Ulcinj: Po\u017ear u krugu solane, izgorjela dva automobila Dva automobila potpuno su izgorjela u po\u017earu koji se oko 22.30 \u010dasova dogodio u krugu solane &#8220;Bajo Sekuli\u0107&#8221; u Ulcinju. Iz Uprave policje &#8220;Vijestima&#8221; je saop\u0161teno da u po\u017earu nije bilo povrije\u0111enih. Inspektori su radili uvi\u0111aj, a uzrok po\u017eara utvrdi\u0107e istraga. U ulcinjskoj solani prije dva dana [&hellip;]<\/p>\n","protected":false},"author":1,"featured_media":0,"comment_status":"closed","ping_status":"closed","sticky":false,"template":"","format":"standard","meta":{"spay_email":"","jetpack_publicize_message":"","jetpack_is_tweetstorm":false,"jetpack_publicize_feature_enabled":true},"categories":[6950],"tags":[],"jetpack_publicize_connections":[],"yoast_head":"<!-- This site is optimized with the Yoast SEO plugin v19.1 - https:\/\/yoast.com\/wordpress\/plugins\/seo\/ -->\n<title>U Ulcinjskoj Solani izgorela dva vozila - Lajme nga Ulqini<\/title>\n<meta name=\"description\" content=\"Ulcinj: Po\u017ear u krugu solane, izgorjela dva automobila Dva automobila potpuno su izgorjela u po\u017earu koji se oko 22.30 \u010dasova dogodio u krugu solane &quot;Bajo\" \/>\n<meta name=\"robots\" content=\"index, follow, max-snippet:-1, max-image-preview:large, max-video-preview:-1\" \/>\n<link rel=\"canonical\" href=\"https:\/\/www.visit-ulcinj.com\/blog\/2014\/03\/23\/u-ulcinjskoj-solani-izgorela-dva-vozila\/\" \/>\n<meta property=\"og:locale\" content=\"en_US\" \/>\n<meta property=\"og:type\" content=\"article\" \/>\n<meta property=\"og:title\" content=\"U Ulcinjskoj Solani izgorela dva vozila - Lajme nga Ulqini\" \/>\n<meta property=\"og:description\" content=\"Ulcinj: Po\u017ear u krugu solane, izgorjela dva automobila Dva automobila potpuno su izgorjela u po\u017earu koji se oko 22.30 \u010dasova dogodio u krugu solane &quot;Bajo\" \/>\n<meta property=\"og:url\" content=\"https:\/\/www.visit-ulcinj.com\/blog\/2014\/03\/23\/u-ulcinjskoj-solani-izgorela-dva-vozila\/\" \/>\n<meta property=\"og:site_name\" content=\"Lajme nga Ulqini\" \/>\n<meta property=\"article:published_time\" content=\"2014-03-23T08:18:57+00:00\" \/>\n<meta property=\"article:modified_time\" content=\"2014-03-23T08:23:09+00:00\" \/>\n<meta property=\"og:image\" content=\"http:\/\/www.visit-ulcinj.com\/blog\/wp-content\/uploads\/2011\/11\/solana_ulcinj_crna-gora.jpg\" \/>\n<meta name=\"twitter:label1\" content=\"Written by\" \/>\n\t<meta name=\"twitter:data1\" content=\"ulqini\" \/>\n\t<meta name=\"twitter:label2\" content=\"Est. reading time\" \/>\n\t<meta name=\"twitter:data2\" content=\"1 minute\" \/>\n<script type=\"application\/ld+json\" class=\"yoast-schema-graph\">{\"@context\":\"https:\/\/schema.org\",\"@graph\":[{\"@type\":\"WebSite\",\"@id\":\"https:\/\/www.visit-ulcinj.com\/blog\/#website\",\"url\":\"https:\/\/www.visit-ulcinj.com\/blog\/\",\"name\":\"Lajme nga Ulqini\",\"description\":\"Lajme,Vijesti,Ulqini,Ulqin,Crna Gora,Mali i Zi\",\"potentialAction\":[{\"@type\":\"SearchAction\",\"target\":{\"@type\":\"EntryPoint\",\"urlTemplate\":\"https:\/\/www.visit-ulcinj.com\/blog\/?s={search_term_string}\"},\"query-input\":\"required name=search_term_string\"}],\"inLanguage\":\"en-US\"},{\"@type\":\"ImageObject\",\"inLanguage\":\"en-US\",\"@id\":\"https:\/\/www.visit-ulcinj.com\/blog\/2014\/03\/23\/u-ulcinjskoj-solani-izgorela-dva-vozila\/#primaryimage\",\"url\":\"https:\/\/www.visit-ulcinj.com\/blog\/wp-content\/uploads\/2011\/11\/solana_ulcinj_crna-gora.jpg\",\"contentUrl\":\"https:\/\/www.visit-ulcinj.com\/blog\/wp-content\/uploads\/2011\/11\/solana_ulcinj_crna-gora.jpg\",\"width\":\"531\",\"height\":\"375\"},{\"@type\":\"WebPage\",\"@id\":\"https:\/\/www.visit-ulcinj.com\/blog\/2014\/03\/23\/u-ulcinjskoj-solani-izgorela-dva-vozila\/#webpage\",\"url\":\"https:\/\/www.visit-ulcinj.com\/blog\/2014\/03\/23\/u-ulcinjskoj-solani-izgorela-dva-vozila\/\",\"name\":\"U Ulcinjskoj Solani izgorela dva vozila - Lajme nga Ulqini\",\"isPartOf\":{\"@id\":\"https:\/\/www.visit-ulcinj.com\/blog\/#website\"},\"primaryImageOfPage\":{\"@id\":\"https:\/\/www.visit-ulcinj.com\/blog\/2014\/03\/23\/u-ulcinjskoj-solani-izgorela-dva-vozila\/#primaryimage\"},\"datePublished\":\"2014-03-23T08:18:57+00:00\",\"dateModified\":\"2014-03-23T08:23:09+00:00\",\"author\":{\"@id\":\"https:\/\/www.visit-ulcinj.com\/blog\/#\/schema\/person\/dcab619c614d3038751c63bc2aadc06d\"},\"description\":\"Ulcinj: Po\u017ear u krugu solane, izgorjela dva automobila Dva automobila potpuno su izgorjela u po\u017earu koji se oko 22.30 \u010dasova dogodio u krugu solane \\\"Bajo\",\"breadcrumb\":{\"@id\":\"https:\/\/www.visit-ulcinj.com\/blog\/2014\/03\/23\/u-ulcinjskoj-solani-izgorela-dva-vozila\/#breadcrumb\"},\"inLanguage\":\"en-US\",\"potentialAction\":[{\"@type\":\"ReadAction\",\"target\":[\"https:\/\/www.visit-ulcinj.com\/blog\/2014\/03\/23\/u-ulcinjskoj-solani-izgorela-dva-vozila\/\"]}]},{\"@type\":\"BreadcrumbList\",\"@id\":\"https:\/\/www.visit-ulcinj.com\/blog\/2014\/03\/23\/u-ulcinjskoj-solani-izgorela-dva-vozila\/#breadcrumb\",\"itemListElement\":[{\"@type\":\"ListItem\",\"position\":1,\"name\":\"U Ulcinjskoj Solani izgorela dva vozila\"}]},{\"@type\":\"Person\",\"@id\":\"https:\/\/www.visit-ulcinj.com\/blog\/#\/schema\/person\/dcab619c614d3038751c63bc2aadc06d\",\"name\":\"ulqini\",\"sameAs\":[\"http:\/\/www.visit-ulcinj.com\"],\"url\":\"https:\/\/www.visit-ulcinj.com\/blog\/author\/admin\/\"}]}<\/script>\n<!-- \/ Yoast SEO plugin. -->","yoast_head_json":{"title":"U Ulcinjskoj Solani izgorela dva vozila - Lajme nga Ulqini","description":"Ulcinj: Po\u017ear u krugu solane, izgorjela dva automobila Dva automobila potpuno su izgorjela u po\u017earu koji se oko 22.30 \u010dasova dogodio u krugu solane \"Bajo","robots":{"index":"index","follow":"follow","max-snippet":"max-snippet:-1","max-image-preview":"max-image-preview:large","max-video-preview":"max-video-preview:-1"},"canonical":"https:\/\/www.visit-ulcinj.com\/blog\/2014\/03\/23\/u-ulcinjskoj-solani-izgorela-dva-vozila\/","og_locale":"en_US","og_type":"article","og_title":"U Ulcinjskoj Solani izgorela dva vozila - Lajme nga Ulqini","og_description":"Ulcinj: Po\u017ear u krugu solane, izgorjela dva automobila Dva automobila potpuno su izgorjela u po\u017earu koji se oko 22.30 \u010dasova dogodio u krugu solane \"Bajo","og_url":"https:\/\/www.visit-ulcinj.com\/blog\/2014\/03\/23\/u-ulcinjskoj-solani-izgorela-dva-vozila\/","og_site_name":"Lajme nga Ulqini","article_published_time":"2014-03-23T08:18:57+00:00","article_modified_time":"2014-03-23T08:23:09+00:00","og_image":[{"url":"http:\/\/www.visit-ulcinj.com\/blog\/wp-content\/uploads\/2011\/11\/solana_ulcinj_crna-gora.jpg"}],"twitter_misc":{"Written by":"ulqini","Est. reading time":"1 minute"},"schema":{"@context":"https:\/\/schema.org","@graph":[{"@type":"WebSite","@id":"https:\/\/www.visit-ulcinj.com\/blog\/#website","url":"https:\/\/www.visit-ulcinj.com\/blog\/","name":"Lajme nga Ulqini","description":"Lajme,Vijesti,Ulqini,Ulqin,Crna Gora,Mali i Zi","potentialAction":[{"@type":"SearchAction","target":{"@type":"EntryPoint","urlTemplate":"https:\/\/www.visit-ulcinj.com\/blog\/?s={search_term_string}"},"query-input":"required name=search_term_string"}],"inLanguage":"en-US"},{"@type":"ImageObject","inLanguage":"en-US","@id":"https:\/\/www.visit-ulcinj.com\/blog\/2014\/03\/23\/u-ulcinjskoj-solani-izgorela-dva-vozila\/#primaryimage","url":"https:\/\/www.visit-ulcinj.com\/blog\/wp-content\/uploads\/2011\/11\/solana_ulcinj_crna-gora.jpg","contentUrl":"https:\/\/www.visit-ulcinj.com\/blog\/wp-content\/uploads\/2011\/11\/solana_ulcinj_crna-gora.jpg","width":"531","height":"375"},{"@type":"WebPage","@id":"https:\/\/www.visit-ulcinj.com\/blog\/2014\/03\/23\/u-ulcinjskoj-solani-izgorela-dva-vozila\/#webpage","url":"https:\/\/www.visit-ulcinj.com\/blog\/2014\/03\/23\/u-ulcinjskoj-solani-izgorela-dva-vozila\/","name":"U Ulcinjskoj Solani izgorela dva vozila - Lajme nga Ulqini","isPartOf":{"@id":"https:\/\/www.visit-ulcinj.com\/blog\/#website"},"primaryImageOfPage":{"@id":"https:\/\/www.visit-ulcinj.com\/blog\/2014\/03\/23\/u-ulcinjskoj-solani-izgorela-dva-vozila\/#primaryimage"},"datePublished":"2014-03-23T08:18:57+00:00","dateModified":"2014-03-23T08:23:09+00:00","author":{"@id":"https:\/\/www.visit-ulcinj.com\/blog\/#\/schema\/person\/dcab619c614d3038751c63bc2aadc06d"},"description":"Ulcinj: Po\u017ear u krugu solane, izgorjela dva automobila Dva automobila potpuno su izgorjela u po\u017earu koji se oko 22.30 \u010dasova dogodio u krugu solane \"Bajo","breadcrumb":{"@id":"https:\/\/www.visit-ulcinj.com\/blog\/2014\/03\/23\/u-ulcinjskoj-solani-izgorela-dva-vozila\/#breadcrumb"},"inLanguage":"en-US","potentialAction":[{"@type":"ReadAction","target":["https:\/\/www.visit-ulcinj.com\/blog\/2014\/03\/23\/u-ulcinjskoj-solani-izgorela-dva-vozila\/"]}]},{"@type":"BreadcrumbList","@id":"https:\/\/www.visit-ulcinj.com\/blog\/2014\/03\/23\/u-ulcinjskoj-solani-izgorela-dva-vozila\/#breadcrumb","itemListElement":[{"@type":"ListItem","position":1,"name":"U Ulcinjskoj Solani izgorela dva vozila"}]},{"@type":"Person","@id":"https:\/\/www.visit-ulcinj.com\/blog\/#\/schema\/person\/dcab619c614d3038751c63bc2aadc06d","name":"ulqini","sameAs":["http:\/\/www.visit-ulcinj.com"],"url":"https:\/\/www.visit-ulcinj.com\/blog\/author\/admin\/"}]}},"jetpack_featured_media_url":"","jetpack_sharing_enabled":true,"jetpack_shortlink":"https:\/\/wp.me\/pe6lTn-l38","_links":{"self":[{"href":"https:\/\/www.visit-ulcinj.com\/blog\/wp-json\/wp\/v2\/posts\/80918"}],"collection":[{"href":"https:\/\/www.visit-ulcinj.com\/blog\/wp-json\/wp\/v2\/posts"}],"about":[{"href":"https:\/\/www.visit-ulcinj.com\/blog\/wp-json\/wp\/v2\/types\/post"}],"author":[{"embeddable":true,"href":"https:\/\/www.visit-ulcinj.com\/blog\/wp-json\/wp\/v2\/users\/1"}],"replies":[{"embeddable":true,"href":"https:\/\/www.visit-ulcinj.com\/blog\/wp-json\/wp\/v2\/comments?post=80918"}],"version-history":[{"count":4,"href":"https:\/\/www.visit-ulcinj.com\/blog\/wp-json\/wp\/v2\/posts\/80918\/revisions"}],"predecessor-version":[{"id":80922,"href":"https:\/\/www.visit-ulcinj.com\/blog\/wp-json\/wp\/v2\/posts\/80918\/revisions\/80922"}],"wp:attachment":[{"href":"https:\/\/www.visit-ulcinj.com\/blog\/wp-json\/wp\/v2\/media?parent=80918"}],"wp:term":[{"taxonomy":"category","embeddable":true,"href":"https:\/\/www.visit-ulcinj.com\/blog\/wp-json\/wp\/v2\/categories?post=80918"},{"taxonomy":"post_tag","embeddable":true,"href":"https:\/\/www.visit-ulcinj.com\/blog\/wp-json\/wp\/v2\/tags?post=80918"}],"curies":[{"name":"wp","href":"https:\/\/api.w.org\/{rel}","templated":true}]}}