{"id":80935,"date":"2014-03-24T15:40:47","date_gmt":"2014-03-24T14:40:47","guid":{"rendered":"http:\/\/www.visit-ulcinj.com\/blog\/?p=80935"},"modified":"2014-03-24T17:42:17","modified_gmt":"2014-03-24T16:42:17","slug":"takimi-keshillit-nderakademik-per-gjuhen-shqipe-video","status":"publish","type":"post","link":"https:\/\/www.visit-ulcinj.com\/blog\/2014\/03\/24\/takimi-keshillit-nderakademik-per-gjuhen-shqipe-video\/","title":{"rendered":"Takimi i K\u00ebshillit nd\u00ebrakademik p\u00ebr gjuh\u00ebn shqipe &#8211; Video"},"content":{"rendered":"<p><strong><a href=\"http:\/\/www.visit-ulcinj.com\/blog\/wp-content\/uploads\/2014\/03\/AkademiA-e-Shkencave-dhe-t\u00eb-Arteve-t\u00eb-Kosov\u00ebs.jpg\"><img loading=\"lazy\" class=\"alignleft  wp-image-80936\" alt=\"AkademiA e Shkencave dhe t\u00eb Arteve t\u00eb Kosov\u00ebs\" src=\"http:\/\/www.visit-ulcinj.com\/blog\/wp-content\/uploads\/2014\/03\/AkademiA-e-Shkencave-dhe-t\u00eb-Arteve-t\u00eb-Kosov\u00ebs.jpg\" width=\"506\" height=\"360\" \/><\/a>Raport nga mbledhja e K\u00ebshillit Nd\u00ebrakademik p\u00ebr Gjuh\u00ebn Shqipe<\/strong><\/p>\n<p>N\u00eb mjediset e Qendr\u00ebs leksikografike-enciklopedike t\u00eb Akademis\u00eb s\u00eb Shkencave dhe t\u00eb Arteve t\u00eb Kosov\u00ebs, m\u00eb 14 mars 2014, u mbajt mbledhja e radh\u00ebs e K\u00ebshillit Nd\u00ebrakademik p\u00ebr Gjuh\u00ebn Shqipe. Mbledhja u mbajt n\u00ebn drejtimin e akad. Rexhep Ismajlit dhe akad. Jani Thomait (bashk\u00ebkryetar\u00eb), me pjes\u00ebmarrjen e akad. Besim Bokshit, akad. Ethem Likajt, akad. Kolec Topallit, akad. Gjovalin Shkurtajt, prof. dr. Shezai Rrokajt, prof. dr. Mehmet \u00c7elikut, prof. dr. Seit Mansakut, prof. dr. Enver Hys\u00ebs, prof. dr. Tomor Osmanit, prof. dr. Imri Badallajt, prof. dr. Shefkije Islamajt, ligj\u00ebrues Isa Baj\u00e7inc\u00ebs, prof. dr. Bardh Rugov\u00ebs, prof. dr. Rrahman Pa\u00e7arrizit dhe prof. dr. Abdullah Zymberit.<br \/>\nDiskutimet u zhvilluan n\u00eb tri seanca sipas materialeve t\u00eb parap\u00ebrgatitura nga grupet e pun\u00ebs p\u00ebr \u00e7\u00ebshtje t\u00eb drejtshkrimit dhe t\u00eb morfologjis\u00eb nga Tirana, si dhe nga an\u00ebtari i K\u00ebshillit e i kryesis\u00eb s\u00eb tij akad. Kolec Topalli, t\u00eb diskutuara me sh\u00ebnime t\u00eb ve\u00e7anta edhe nga grupet p\u00ebrkat\u00ebse nga Prishtina.<br \/>\nN\u00eb fillim u shqyrtuan disa \u00e7\u00ebshtje t\u00eb drejtshkrimit q\u00eb kishin mbetur pa u diskutuar n\u00eb mbledhjet e m\u00ebparshme, pastaj \u00e7\u00ebshtje t\u00eb tjera t\u00eb morfologjis\u00eb, q\u00eb po ashtu nuk ishin shqyrtuar. Si zakonisht, t\u00eb gjitha \u00e7\u00ebshtjet e propozuara p\u00ebr diskutim u shqyrtuan nj\u00eb nga nj\u00eb dhe, pas konsultimit t\u00eb mendimit t\u00eb secilit an\u00ebtar t\u00eb pranish\u00ebm, u vendos t\u00eb propozohen p\u00ebrfundimet.<\/p>\n<p>Lidhur me p\u00ebrdorimin e shkronj\u00ebs s\u00eb madhe dhe drejtshkrimin e emrave t\u00eb vendeve u propozuan k\u00ebto p\u00ebrfundime:<br \/>\nEm\u00ebrtimet e institucioneve e t\u00eb titullar\u00ebve t\u00eb institucioneve, kur paraqesin nomenklatur\u00eb zyrtare, t\u00eb shkruhen me shkronj\u00eb t\u00eb madhe.<br \/>\nN\u00eb shkrimin e toponimeve vend\u00ebse t\u00eb respektohet forma e em\u00ebrtimit vend\u00ebs, si dhe t\u00eb shmangen variacionet fonetike n\u00ebndialektore (p.sh. Lushnje); emrat e vendeve n\u00eb harta dhe n\u00eb shenja rrugore t\u00eb sh\u00ebnohen n\u00eb trajt\u00ebn e shquar.<br \/>\nTek emrat gjeografik\u00eb me dy a m\u00eb shum\u00eb gjymtyr\u00eb (Liqeni i Shkodr\u00ebs) t\u00eb shkruhet me t\u00eb madhe secila nga fjal\u00ebt.<\/p>\n<p>N\u00eb fush\u00ebn e drejtshkrimit u propozua po ashtu t\u00eb sakt\u00ebsohen p\u00ebrfundimet vijuese:<br \/>\nTek emrat me fundjen -nj\u00eb e -nje t\u00eb mbeten n\u00eb p\u00ebrdorim t\u00eb lir\u00eb t\u00eb dy variantet (foshnje \/ foshnj\u00eb, vishnje \/ vishnj\u00eb etj.).<br \/>\nEtnik\u00ebt me prejardhje nga gjuha shqipe t\u00eb shkruhen me prapashtes\u00ebn -j- (-jan-): (matjan, lezhjan), nd\u00ebrsa etnik\u00ebt me prejardhje t\u00eb huaj, q\u00eb n\u00eb tem\u00eb kan\u00eb -i-, t\u00eb vijojn\u00eb t\u00eb shkruhen me -ian (bolivian).<br \/>\nFjal\u00ebt me prejardhje t\u00eb huaj, q\u00eb i takojn\u00eb terminologjis\u00eb tekniko-shkencore, t\u00eb ruajn\u00eb shkrimin me -ie (materie).<br \/>\nFjal\u00ebt e tipit tramvaj, hokej, koktej etj. t\u00eb shkruhen me -j.<br \/>\nFjal\u00ebt angjin dhe gjips t\u00eb shkruhen me g: angin\u00eb dhe gips.<\/p>\n<p><a href=\"http:\/\/www.visit-ulcinj.com\/blog\/wp-content\/uploads\/2014\/03\/K\u00ebshilli-nd\u00ebrakademik-p\u00ebr-gjuh\u00ebn-shqipe.jpg\"><img loading=\"lazy\" class=\"alignleft  wp-image-80937\" alt=\"K\u00ebshilli-nd\u00ebrakademik-p\u00ebr-gjuh\u00ebn-shqipe\" src=\"http:\/\/www.visit-ulcinj.com\/blog\/wp-content\/uploads\/2014\/03\/K\u00ebshilli-nd\u00ebrakademik-p\u00ebr-gjuh\u00ebn-shqipe.jpg\" width=\"508\" height=\"360\" \/><\/a><\/p>\n<p>N\u00eb fush\u00ebn e morfologjis\u00eb pati kryesisht propozime p\u00ebr disa fjal\u00eb e raste t\u00eb ve\u00e7anta. U propozuan k\u00ebto p\u00ebrfundime:<br \/>\nShum\u00ebsi i emrave t\u00eb tipit teat\u00ebr, kabllo, kuad\u00ebr, t\u00eb b\u00ebhet teatra, kablla, kuadra, rrjedhimisht nj\u00ebj\u00ebsi: teat\u00ebr, kab\u00ebll, kuad\u00ebr; shum\u00ebsi i emrit xham t\u00eb mbetet xhama; t\u00eb ngrihen n\u00eb norm\u00eb ngjash\u00ebm me pus \u2013 pusa (si variant i lir\u00eb me trajt\u00ebn pus \u2013 puse), stof \u2013 stofra, grusht \u2013 grushta \/ grushte, \u00e7engel \u2013 \u00e7engel\u00eb \/ \u00e7engela, gisht \u2013 gishta \/ gisht\u00ebrinj; shum\u00ebsi antigaz t\u00eb jet\u00eb antigaze \/ antigazra, fishekzjarr \u2013 fishekzjarre; t\u00eb ruhen t\u00eb dy trajtat p\u00ebr autobus \u2013 autobus\u00eb \/ autobusa, ftiziat\u00ebr \u2013 ftiziat\u00ebr \/ ftiziatra, drap\u00ebr \u2013 drapra \/ draprinj, barbun \u2013 barbunj \/ barbun\u00eb.<br \/>\nTrajtat e mbiemrit i shkurt\u00ebr dhe i shkurt\u00eb t\u00eb mbeten variante t\u00eb lira n\u00eb t\u00eb dy format.<br \/>\nTe foljet e tipit ik, ec, hip, n\u00eb vet\u00ebn e dyt\u00eb e t\u00eb tret\u00eb t\u00eb nj\u00ebj\u00ebsit t\u00eb hiqet mbaresa -\u00ebn.<br \/>\nNdajfoljet me prapashtesa -as\/-azi t\u00eb tipit barkas \/ barkazi, haptas \/ haptazi etj. t\u00eb jen\u00eb n\u00eb p\u00ebrdorim t\u00eb lir\u00eb.<br \/>\nU propozua q\u00eb p\u00ebr mbledhjen e radh\u00ebs t\u00eb merren n\u00eb shqyrtim materialet e p\u00ebrgatitura nga grupet p\u00ebr \u00e7\u00ebshtje t\u00eb sintaks\u00ebs dhe nj\u00ebher\u00ebsh u k\u00ebrkua nga grupet p\u00ebr \u00e7\u00ebshtje t\u00eb gjuh\u00ebs n\u00eb shkoll\u00eb t\u00eb b\u00ebjn\u00eb gati p\u00ebr diskutim propozimet e tyre.<\/p>\n<p><strong>Kryesia e KNGJSH Prishtin\u00eb,<\/strong><br \/>\n<strong>15 mars 2014<\/strong><\/p>\n<p><strong>TV TEUTA &#8211; Ibrahim Berjashi<br \/>\n<\/strong><!--YouTube Error: bad URL entered--><\/p>\n","protected":false},"excerpt":{"rendered":"<p>Raport nga mbledhja e K\u00ebshillit Nd\u00ebrakademik p\u00ebr Gjuh\u00ebn Shqipe N\u00eb mjediset e Qendr\u00ebs leksikografike-enciklopedike t\u00eb Akademis\u00eb s\u00eb Shkencave dhe t\u00eb Arteve t\u00eb Kosov\u00ebs, m\u00eb 14 mars 2014, u mbajt mbledhja e radh\u00ebs e K\u00ebshillit Nd\u00ebrakademik p\u00ebr Gjuh\u00ebn Shqipe. Mbledhja u mbajt n\u00ebn drejtimin e akad. Rexhep Ismajlit dhe akad. Jani Thomait (bashk\u00ebkryetar\u00eb), me pjes\u00ebmarrjen e [&hellip;]<\/p>\n","protected":false},"author":1,"featured_media":0,"comment_status":"closed","ping_status":"closed","sticky":false,"template":"","format":"standard","meta":{"spay_email":"","jetpack_publicize_message":"","jetpack_is_tweetstorm":false,"jetpack_publicize_feature_enabled":true},"categories":[14],"tags":[],"jetpack_publicize_connections":[],"yoast_head":"<!-- This site is optimized with the Yoast SEO plugin v19.1 - https:\/\/yoast.com\/wordpress\/plugins\/seo\/ -->\n<title>Takimi i K\u00ebshillit nd\u00ebrakademik p\u00ebr gjuh\u00ebn shqipe - Video - Lajme nga Ulqini<\/title>\n<meta name=\"description\" content=\"Raport nga mbledhja e K\u00ebshillit Nd\u00ebrakademik p\u00ebr Gjuh\u00ebn Shqipe N\u00eb mjediset e Qendr\u00ebs leksikografike-enciklopedike t\u00eb Akademis\u00eb s\u00eb Shkencave dhe t\u00eb Arteve\" \/>\n<meta name=\"robots\" content=\"index, follow, max-snippet:-1, max-image-preview:large, max-video-preview:-1\" \/>\n<link rel=\"canonical\" href=\"https:\/\/www.visit-ulcinj.com\/blog\/2014\/03\/24\/takimi-keshillit-nderakademik-per-gjuhen-shqipe-video\/\" \/>\n<meta property=\"og:locale\" content=\"en_US\" \/>\n<meta property=\"og:type\" content=\"article\" \/>\n<meta property=\"og:title\" content=\"Takimi i K\u00ebshillit nd\u00ebrakademik p\u00ebr gjuh\u00ebn shqipe - Video - Lajme nga Ulqini\" \/>\n<meta property=\"og:description\" content=\"Raport nga mbledhja e K\u00ebshillit Nd\u00ebrakademik p\u00ebr Gjuh\u00ebn Shqipe N\u00eb mjediset e Qendr\u00ebs leksikografike-enciklopedike t\u00eb Akademis\u00eb s\u00eb Shkencave dhe t\u00eb Arteve\" \/>\n<meta property=\"og:url\" content=\"https:\/\/www.visit-ulcinj.com\/blog\/2014\/03\/24\/takimi-keshillit-nderakademik-per-gjuhen-shqipe-video\/\" \/>\n<meta property=\"og:site_name\" content=\"Lajme nga Ulqini\" \/>\n<meta property=\"article:published_time\" content=\"2014-03-24T14:40:47+00:00\" \/>\n<meta property=\"article:modified_time\" content=\"2014-03-24T16:42:17+00:00\" \/>\n<meta name=\"twitter:label1\" content=\"Written by\" \/>\n\t<meta name=\"twitter:data1\" content=\"ulqini\" \/>\n\t<meta name=\"twitter:label2\" content=\"Est. reading time\" \/>\n\t<meta name=\"twitter:data2\" content=\"4 minutes\" \/>\n<script type=\"application\/ld+json\" class=\"yoast-schema-graph\">{\"@context\":\"https:\/\/schema.org\",\"@graph\":[{\"@type\":\"WebSite\",\"@id\":\"https:\/\/www.visit-ulcinj.com\/blog\/#website\",\"url\":\"https:\/\/www.visit-ulcinj.com\/blog\/\",\"name\":\"Lajme nga Ulqini\",\"description\":\"Lajme,Vijesti,Ulqini,Ulqin,Crna Gora,Mali i Zi\",\"potentialAction\":[{\"@type\":\"SearchAction\",\"target\":{\"@type\":\"EntryPoint\",\"urlTemplate\":\"https:\/\/www.visit-ulcinj.com\/blog\/?s={search_term_string}\"},\"query-input\":\"required name=search_term_string\"}],\"inLanguage\":\"en-US\"},{\"@type\":\"WebPage\",\"@id\":\"https:\/\/www.visit-ulcinj.com\/blog\/2014\/03\/24\/takimi-keshillit-nderakademik-per-gjuhen-shqipe-video\/#webpage\",\"url\":\"https:\/\/www.visit-ulcinj.com\/blog\/2014\/03\/24\/takimi-keshillit-nderakademik-per-gjuhen-shqipe-video\/\",\"name\":\"Takimi i K\u00ebshillit nd\u00ebrakademik p\u00ebr gjuh\u00ebn shqipe - Video - Lajme nga Ulqini\",\"isPartOf\":{\"@id\":\"https:\/\/www.visit-ulcinj.com\/blog\/#website\"},\"datePublished\":\"2014-03-24T14:40:47+00:00\",\"dateModified\":\"2014-03-24T16:42:17+00:00\",\"author\":{\"@id\":\"https:\/\/www.visit-ulcinj.com\/blog\/#\/schema\/person\/dcab619c614d3038751c63bc2aadc06d\"},\"description\":\"Raport nga mbledhja e K\u00ebshillit Nd\u00ebrakademik p\u00ebr Gjuh\u00ebn Shqipe N\u00eb mjediset e Qendr\u00ebs leksikografike-enciklopedike t\u00eb Akademis\u00eb s\u00eb Shkencave dhe t\u00eb Arteve\",\"breadcrumb\":{\"@id\":\"https:\/\/www.visit-ulcinj.com\/blog\/2014\/03\/24\/takimi-keshillit-nderakademik-per-gjuhen-shqipe-video\/#breadcrumb\"},\"inLanguage\":\"en-US\",\"potentialAction\":[{\"@type\":\"ReadAction\",\"target\":[\"https:\/\/www.visit-ulcinj.com\/blog\/2014\/03\/24\/takimi-keshillit-nderakademik-per-gjuhen-shqipe-video\/\"]}]},{\"@type\":\"BreadcrumbList\",\"@id\":\"https:\/\/www.visit-ulcinj.com\/blog\/2014\/03\/24\/takimi-keshillit-nderakademik-per-gjuhen-shqipe-video\/#breadcrumb\",\"itemListElement\":[{\"@type\":\"ListItem\",\"position\":1,\"name\":\"Takimi i K\u00ebshillit nd\u00ebrakademik p\u00ebr gjuh\u00ebn shqipe &#8211; Video\"}]},{\"@type\":\"Person\",\"@id\":\"https:\/\/www.visit-ulcinj.com\/blog\/#\/schema\/person\/dcab619c614d3038751c63bc2aadc06d\",\"name\":\"ulqini\",\"sameAs\":[\"http:\/\/www.visit-ulcinj.com\"],\"url\":\"https:\/\/www.visit-ulcinj.com\/blog\/author\/admin\/\"}]}<\/script>\n<!-- \/ Yoast SEO plugin. -->","yoast_head_json":{"title":"Takimi i K\u00ebshillit nd\u00ebrakademik p\u00ebr gjuh\u00ebn shqipe - Video - Lajme nga Ulqini","description":"Raport nga mbledhja e K\u00ebshillit Nd\u00ebrakademik p\u00ebr Gjuh\u00ebn Shqipe N\u00eb mjediset e Qendr\u00ebs leksikografike-enciklopedike t\u00eb Akademis\u00eb s\u00eb Shkencave dhe t\u00eb Arteve","robots":{"index":"index","follow":"follow","max-snippet":"max-snippet:-1","max-image-preview":"max-image-preview:large","max-video-preview":"max-video-preview:-1"},"canonical":"https:\/\/www.visit-ulcinj.com\/blog\/2014\/03\/24\/takimi-keshillit-nderakademik-per-gjuhen-shqipe-video\/","og_locale":"en_US","og_type":"article","og_title":"Takimi i K\u00ebshillit nd\u00ebrakademik p\u00ebr gjuh\u00ebn shqipe - Video - Lajme nga Ulqini","og_description":"Raport nga mbledhja e K\u00ebshillit Nd\u00ebrakademik p\u00ebr Gjuh\u00ebn Shqipe N\u00eb mjediset e Qendr\u00ebs leksikografike-enciklopedike t\u00eb Akademis\u00eb s\u00eb Shkencave dhe t\u00eb Arteve","og_url":"https:\/\/www.visit-ulcinj.com\/blog\/2014\/03\/24\/takimi-keshillit-nderakademik-per-gjuhen-shqipe-video\/","og_site_name":"Lajme nga Ulqini","article_published_time":"2014-03-24T14:40:47+00:00","article_modified_time":"2014-03-24T16:42:17+00:00","twitter_misc":{"Written by":"ulqini","Est. reading time":"4 minutes"},"schema":{"@context":"https:\/\/schema.org","@graph":[{"@type":"WebSite","@id":"https:\/\/www.visit-ulcinj.com\/blog\/#website","url":"https:\/\/www.visit-ulcinj.com\/blog\/","name":"Lajme nga Ulqini","description":"Lajme,Vijesti,Ulqini,Ulqin,Crna Gora,Mali i Zi","potentialAction":[{"@type":"SearchAction","target":{"@type":"EntryPoint","urlTemplate":"https:\/\/www.visit-ulcinj.com\/blog\/?s={search_term_string}"},"query-input":"required name=search_term_string"}],"inLanguage":"en-US"},{"@type":"WebPage","@id":"https:\/\/www.visit-ulcinj.com\/blog\/2014\/03\/24\/takimi-keshillit-nderakademik-per-gjuhen-shqipe-video\/#webpage","url":"https:\/\/www.visit-ulcinj.com\/blog\/2014\/03\/24\/takimi-keshillit-nderakademik-per-gjuhen-shqipe-video\/","name":"Takimi i K\u00ebshillit nd\u00ebrakademik p\u00ebr gjuh\u00ebn shqipe - Video - Lajme nga Ulqini","isPartOf":{"@id":"https:\/\/www.visit-ulcinj.com\/blog\/#website"},"datePublished":"2014-03-24T14:40:47+00:00","dateModified":"2014-03-24T16:42:17+00:00","author":{"@id":"https:\/\/www.visit-ulcinj.com\/blog\/#\/schema\/person\/dcab619c614d3038751c63bc2aadc06d"},"description":"Raport nga mbledhja e K\u00ebshillit Nd\u00ebrakademik p\u00ebr Gjuh\u00ebn Shqipe N\u00eb mjediset e Qendr\u00ebs leksikografike-enciklopedike t\u00eb Akademis\u00eb s\u00eb Shkencave dhe t\u00eb Arteve","breadcrumb":{"@id":"https:\/\/www.visit-ulcinj.com\/blog\/2014\/03\/24\/takimi-keshillit-nderakademik-per-gjuhen-shqipe-video\/#breadcrumb"},"inLanguage":"en-US","potentialAction":[{"@type":"ReadAction","target":["https:\/\/www.visit-ulcinj.com\/blog\/2014\/03\/24\/takimi-keshillit-nderakademik-per-gjuhen-shqipe-video\/"]}]},{"@type":"BreadcrumbList","@id":"https:\/\/www.visit-ulcinj.com\/blog\/2014\/03\/24\/takimi-keshillit-nderakademik-per-gjuhen-shqipe-video\/#breadcrumb","itemListElement":[{"@type":"ListItem","position":1,"name":"Takimi i K\u00ebshillit nd\u00ebrakademik p\u00ebr gjuh\u00ebn shqipe &#8211; Video"}]},{"@type":"Person","@id":"https:\/\/www.visit-ulcinj.com\/blog\/#\/schema\/person\/dcab619c614d3038751c63bc2aadc06d","name":"ulqini","sameAs":["http:\/\/www.visit-ulcinj.com"],"url":"https:\/\/www.visit-ulcinj.com\/blog\/author\/admin\/"}]}},"jetpack_featured_media_url":"","jetpack_sharing_enabled":true,"jetpack_shortlink":"https:\/\/wp.me\/pe6lTn-l3p","_links":{"self":[{"href":"https:\/\/www.visit-ulcinj.com\/blog\/wp-json\/wp\/v2\/posts\/80935"}],"collection":[{"href":"https:\/\/www.visit-ulcinj.com\/blog\/wp-json\/wp\/v2\/posts"}],"about":[{"href":"https:\/\/www.visit-ulcinj.com\/blog\/wp-json\/wp\/v2\/types\/post"}],"author":[{"embeddable":true,"href":"https:\/\/www.visit-ulcinj.com\/blog\/wp-json\/wp\/v2\/users\/1"}],"replies":[{"embeddable":true,"href":"https:\/\/www.visit-ulcinj.com\/blog\/wp-json\/wp\/v2\/comments?post=80935"}],"version-history":[{"count":1,"href":"https:\/\/www.visit-ulcinj.com\/blog\/wp-json\/wp\/v2\/posts\/80935\/revisions"}],"predecessor-version":[{"id":80938,"href":"https:\/\/www.visit-ulcinj.com\/blog\/wp-json\/wp\/v2\/posts\/80935\/revisions\/80938"}],"wp:attachment":[{"href":"https:\/\/www.visit-ulcinj.com\/blog\/wp-json\/wp\/v2\/media?parent=80935"}],"wp:term":[{"taxonomy":"category","embeddable":true,"href":"https:\/\/www.visit-ulcinj.com\/blog\/wp-json\/wp\/v2\/categories?post=80935"},{"taxonomy":"post_tag","embeddable":true,"href":"https:\/\/www.visit-ulcinj.com\/blog\/wp-json\/wp\/v2\/tags?post=80935"}],"curies":[{"name":"wp","href":"https:\/\/api.w.org\/{rel}","templated":true}]}}