{"id":80940,"date":"2014-03-24T15:59:29","date_gmt":"2014-03-24T14:59:29","guid":{"rendered":"http:\/\/www.visit-ulcinj.com\/blog\/?p=80940"},"modified":"2014-03-24T16:00:32","modified_gmt":"2014-03-24T15:00:32","slug":"18-marsi-dite-vere-ne-ulqin-video","status":"publish","type":"post","link":"https:\/\/www.visit-ulcinj.com\/blog\/2014\/03\/24\/18-marsi-dite-vere-ne-ulqin-video\/","title":{"rendered":"18 Marsi Dit\u00eb Vere n\u00eb Ulqin &#8211; Video"},"content":{"rendered":"<p><a href=\"http:\/\/www.visit-ulcinj.com\/blog\/wp-content\/uploads\/2014\/03\/Plazhi-vogel-Ulqin.jpg\"><img loading=\"lazy\" class=\"alignleft  wp-image-80941\" alt=\"Plazhi-vogel-Ulqin\" src=\"http:\/\/www.visit-ulcinj.com\/blog\/wp-content\/uploads\/2014\/03\/Plazhi-vogel-Ulqin.jpg\" width=\"508\" height=\"360\" \/><\/a>N\u00eb fakt askush nuk mund ta kuptoj\u00eb Fest\u00ebn e Dit\u00ebs s\u00eb Ver\u00ebs, nj\u00eb fest\u00eb tradicionale pagane, e cila kremtohet \u00e7do 14 mars, pa shijimin e ballokumes, nj\u00eb gatim i ve\u00e7ant\u00eb i Elbasanit, nj\u00eb qytet i cili ndodhet n\u00eb qend\u00ebr t\u00eb Shqip\u00ebris\u00eb dhe i njohur p\u00ebr traditat e tij sidomos n\u00eb fush\u00ebn e arsimit.\u2028 Behet pyetja: A duhet edhe n\u00eb viset tona t\u00eb kremtohet &#8220;Dita e Ver\u00ebs n\u00eb Ulqin&#8221;.<\/p>\n<p><strong>Ju ftojm\u00eb ta ndiqni Videon nga TV TEUTA<\/strong><\/p>\n<!--YouTube Error: bad URL entered-->\n","protected":false},"excerpt":{"rendered":"<p>N\u00eb fakt askush nuk mund ta kuptoj\u00eb Fest\u00ebn e Dit\u00ebs s\u00eb Ver\u00ebs, nj\u00eb fest\u00eb tradicionale pagane, e cila kremtohet \u00e7do 14 mars, pa shijimin e ballokumes, nj\u00eb gatim i ve\u00e7ant\u00eb i Elbasanit, nj\u00eb qytet i cili ndodhet n\u00eb qend\u00ebr t\u00eb Shqip\u00ebris\u00eb dhe i njohur p\u00ebr traditat e tij sidomos n\u00eb fush\u00ebn e arsimit.\u2028 Behet pyetja: [&hellip;]<\/p>\n","protected":false},"author":1,"featured_media":0,"comment_status":"closed","ping_status":"closed","sticky":false,"template":"","format":"standard","meta":{"spay_email":"","jetpack_publicize_message":"","jetpack_is_tweetstorm":false,"jetpack_publicize_feature_enabled":true},"categories":[13],"tags":[],"jetpack_publicize_connections":[],"yoast_head":"<!-- This site is optimized with the Yoast SEO plugin v19.1 - https:\/\/yoast.com\/wordpress\/plugins\/seo\/ -->\n<title>18 Marsi Dit\u00eb Vere n\u00eb Ulqin - Video - Lajme nga Ulqini<\/title>\n<meta name=\"description\" content=\"N\u00eb fakt askush nuk mund ta kuptoj\u00eb Fest\u00ebn e Dit\u00ebs s\u00eb Ver\u00ebs, nj\u00eb fest\u00eb tradicionale pagane, e cila kremtohet \u00e7do 14 mars, pa shijimin e ballokumes, nj\u00eb\" \/>\n<meta name=\"robots\" content=\"index, follow, max-snippet:-1, max-image-preview:large, max-video-preview:-1\" \/>\n<link rel=\"canonical\" href=\"https:\/\/www.visit-ulcinj.com\/blog\/2014\/03\/24\/18-marsi-dite-vere-ne-ulqin-video\/\" \/>\n<meta property=\"og:locale\" content=\"en_US\" \/>\n<meta property=\"og:type\" content=\"article\" \/>\n<meta property=\"og:title\" content=\"18 Marsi Dit\u00eb Vere n\u00eb Ulqin - Video - Lajme nga Ulqini\" \/>\n<meta property=\"og:description\" content=\"N\u00eb fakt askush nuk mund ta kuptoj\u00eb Fest\u00ebn e Dit\u00ebs s\u00eb Ver\u00ebs, nj\u00eb fest\u00eb tradicionale pagane, e cila kremtohet \u00e7do 14 mars, pa shijimin e ballokumes, nj\u00eb\" \/>\n<meta property=\"og:url\" content=\"https:\/\/www.visit-ulcinj.com\/blog\/2014\/03\/24\/18-marsi-dite-vere-ne-ulqin-video\/\" \/>\n<meta property=\"og:site_name\" content=\"Lajme nga Ulqini\" \/>\n<meta property=\"article:published_time\" content=\"2014-03-24T14:59:29+00:00\" \/>\n<meta property=\"article:modified_time\" content=\"2014-03-24T15:00:32+00:00\" \/>\n<meta property=\"og:image\" content=\"http:\/\/www.visit-ulcinj.com\/blog\/wp-content\/uploads\/2014\/03\/Plazhi-vogel-Ulqin.jpg\" \/>\n<meta name=\"twitter:label1\" content=\"Written by\" \/>\n\t<meta name=\"twitter:data1\" content=\"ulqini\" \/>\n<script type=\"application\/ld+json\" class=\"yoast-schema-graph\">{\"@context\":\"https:\/\/schema.org\",\"@graph\":[{\"@type\":\"WebSite\",\"@id\":\"https:\/\/www.visit-ulcinj.com\/blog\/#website\",\"url\":\"https:\/\/www.visit-ulcinj.com\/blog\/\",\"name\":\"Lajme nga Ulqini\",\"description\":\"Lajme,Vijesti,Ulqini,Ulqin,Crna Gora,Mali i Zi\",\"potentialAction\":[{\"@type\":\"SearchAction\",\"target\":{\"@type\":\"EntryPoint\",\"urlTemplate\":\"https:\/\/www.visit-ulcinj.com\/blog\/?s={search_term_string}\"},\"query-input\":\"required name=search_term_string\"}],\"inLanguage\":\"en-US\"},{\"@type\":\"ImageObject\",\"inLanguage\":\"en-US\",\"@id\":\"https:\/\/www.visit-ulcinj.com\/blog\/2014\/03\/24\/18-marsi-dite-vere-ne-ulqin-video\/#primaryimage\",\"url\":\"https:\/\/www.visit-ulcinj.com\/blog\/wp-content\/uploads\/2014\/03\/Plazhi-vogel-Ulqin.jpg\",\"contentUrl\":\"https:\/\/www.visit-ulcinj.com\/blog\/wp-content\/uploads\/2014\/03\/Plazhi-vogel-Ulqin.jpg\",\"width\":960,\"height\":720},{\"@type\":\"WebPage\",\"@id\":\"https:\/\/www.visit-ulcinj.com\/blog\/2014\/03\/24\/18-marsi-dite-vere-ne-ulqin-video\/#webpage\",\"url\":\"https:\/\/www.visit-ulcinj.com\/blog\/2014\/03\/24\/18-marsi-dite-vere-ne-ulqin-video\/\",\"name\":\"18 Marsi Dit\u00eb Vere n\u00eb Ulqin - Video - Lajme nga Ulqini\",\"isPartOf\":{\"@id\":\"https:\/\/www.visit-ulcinj.com\/blog\/#website\"},\"primaryImageOfPage\":{\"@id\":\"https:\/\/www.visit-ulcinj.com\/blog\/2014\/03\/24\/18-marsi-dite-vere-ne-ulqin-video\/#primaryimage\"},\"datePublished\":\"2014-03-24T14:59:29+00:00\",\"dateModified\":\"2014-03-24T15:00:32+00:00\",\"author\":{\"@id\":\"https:\/\/www.visit-ulcinj.com\/blog\/#\/schema\/person\/dcab619c614d3038751c63bc2aadc06d\"},\"description\":\"N\u00eb fakt askush nuk mund ta kuptoj\u00eb Fest\u00ebn e Dit\u00ebs s\u00eb Ver\u00ebs, nj\u00eb fest\u00eb tradicionale pagane, e cila kremtohet \u00e7do 14 mars, pa shijimin e ballokumes, nj\u00eb\",\"breadcrumb\":{\"@id\":\"https:\/\/www.visit-ulcinj.com\/blog\/2014\/03\/24\/18-marsi-dite-vere-ne-ulqin-video\/#breadcrumb\"},\"inLanguage\":\"en-US\",\"potentialAction\":[{\"@type\":\"ReadAction\",\"target\":[\"https:\/\/www.visit-ulcinj.com\/blog\/2014\/03\/24\/18-marsi-dite-vere-ne-ulqin-video\/\"]}]},{\"@type\":\"BreadcrumbList\",\"@id\":\"https:\/\/www.visit-ulcinj.com\/blog\/2014\/03\/24\/18-marsi-dite-vere-ne-ulqin-video\/#breadcrumb\",\"itemListElement\":[{\"@type\":\"ListItem\",\"position\":1,\"name\":\"18 Marsi Dit\u00eb Vere n\u00eb Ulqin &#8211; Video\"}]},{\"@type\":\"Person\",\"@id\":\"https:\/\/www.visit-ulcinj.com\/blog\/#\/schema\/person\/dcab619c614d3038751c63bc2aadc06d\",\"name\":\"ulqini\",\"sameAs\":[\"http:\/\/www.visit-ulcinj.com\"],\"url\":\"https:\/\/www.visit-ulcinj.com\/blog\/author\/admin\/\"}]}<\/script>\n<!-- \/ Yoast SEO plugin. -->","yoast_head_json":{"title":"18 Marsi Dit\u00eb Vere n\u00eb Ulqin - Video - Lajme nga Ulqini","description":"N\u00eb fakt askush nuk mund ta kuptoj\u00eb Fest\u00ebn e Dit\u00ebs s\u00eb Ver\u00ebs, nj\u00eb fest\u00eb tradicionale pagane, e cila kremtohet \u00e7do 14 mars, pa shijimin e ballokumes, nj\u00eb","robots":{"index":"index","follow":"follow","max-snippet":"max-snippet:-1","max-image-preview":"max-image-preview:large","max-video-preview":"max-video-preview:-1"},"canonical":"https:\/\/www.visit-ulcinj.com\/blog\/2014\/03\/24\/18-marsi-dite-vere-ne-ulqin-video\/","og_locale":"en_US","og_type":"article","og_title":"18 Marsi Dit\u00eb Vere n\u00eb Ulqin - Video - Lajme nga Ulqini","og_description":"N\u00eb fakt askush nuk mund ta kuptoj\u00eb Fest\u00ebn e Dit\u00ebs s\u00eb Ver\u00ebs, nj\u00eb fest\u00eb tradicionale pagane, e cila kremtohet \u00e7do 14 mars, pa shijimin e ballokumes, nj\u00eb","og_url":"https:\/\/www.visit-ulcinj.com\/blog\/2014\/03\/24\/18-marsi-dite-vere-ne-ulqin-video\/","og_site_name":"Lajme nga Ulqini","article_published_time":"2014-03-24T14:59:29+00:00","article_modified_time":"2014-03-24T15:00:32+00:00","og_image":[{"url":"http:\/\/www.visit-ulcinj.com\/blog\/wp-content\/uploads\/2014\/03\/Plazhi-vogel-Ulqin.jpg"}],"twitter_misc":{"Written by":"ulqini"},"schema":{"@context":"https:\/\/schema.org","@graph":[{"@type":"WebSite","@id":"https:\/\/www.visit-ulcinj.com\/blog\/#website","url":"https:\/\/www.visit-ulcinj.com\/blog\/","name":"Lajme nga Ulqini","description":"Lajme,Vijesti,Ulqini,Ulqin,Crna Gora,Mali i Zi","potentialAction":[{"@type":"SearchAction","target":{"@type":"EntryPoint","urlTemplate":"https:\/\/www.visit-ulcinj.com\/blog\/?s={search_term_string}"},"query-input":"required name=search_term_string"}],"inLanguage":"en-US"},{"@type":"ImageObject","inLanguage":"en-US","@id":"https:\/\/www.visit-ulcinj.com\/blog\/2014\/03\/24\/18-marsi-dite-vere-ne-ulqin-video\/#primaryimage","url":"https:\/\/www.visit-ulcinj.com\/blog\/wp-content\/uploads\/2014\/03\/Plazhi-vogel-Ulqin.jpg","contentUrl":"https:\/\/www.visit-ulcinj.com\/blog\/wp-content\/uploads\/2014\/03\/Plazhi-vogel-Ulqin.jpg","width":960,"height":720},{"@type":"WebPage","@id":"https:\/\/www.visit-ulcinj.com\/blog\/2014\/03\/24\/18-marsi-dite-vere-ne-ulqin-video\/#webpage","url":"https:\/\/www.visit-ulcinj.com\/blog\/2014\/03\/24\/18-marsi-dite-vere-ne-ulqin-video\/","name":"18 Marsi Dit\u00eb Vere n\u00eb Ulqin - Video - Lajme nga Ulqini","isPartOf":{"@id":"https:\/\/www.visit-ulcinj.com\/blog\/#website"},"primaryImageOfPage":{"@id":"https:\/\/www.visit-ulcinj.com\/blog\/2014\/03\/24\/18-marsi-dite-vere-ne-ulqin-video\/#primaryimage"},"datePublished":"2014-03-24T14:59:29+00:00","dateModified":"2014-03-24T15:00:32+00:00","author":{"@id":"https:\/\/www.visit-ulcinj.com\/blog\/#\/schema\/person\/dcab619c614d3038751c63bc2aadc06d"},"description":"N\u00eb fakt askush nuk mund ta kuptoj\u00eb Fest\u00ebn e Dit\u00ebs s\u00eb Ver\u00ebs, nj\u00eb fest\u00eb tradicionale pagane, e cila kremtohet \u00e7do 14 mars, pa shijimin e ballokumes, nj\u00eb","breadcrumb":{"@id":"https:\/\/www.visit-ulcinj.com\/blog\/2014\/03\/24\/18-marsi-dite-vere-ne-ulqin-video\/#breadcrumb"},"inLanguage":"en-US","potentialAction":[{"@type":"ReadAction","target":["https:\/\/www.visit-ulcinj.com\/blog\/2014\/03\/24\/18-marsi-dite-vere-ne-ulqin-video\/"]}]},{"@type":"BreadcrumbList","@id":"https:\/\/www.visit-ulcinj.com\/blog\/2014\/03\/24\/18-marsi-dite-vere-ne-ulqin-video\/#breadcrumb","itemListElement":[{"@type":"ListItem","position":1,"name":"18 Marsi Dit\u00eb Vere n\u00eb Ulqin &#8211; Video"}]},{"@type":"Person","@id":"https:\/\/www.visit-ulcinj.com\/blog\/#\/schema\/person\/dcab619c614d3038751c63bc2aadc06d","name":"ulqini","sameAs":["http:\/\/www.visit-ulcinj.com"],"url":"https:\/\/www.visit-ulcinj.com\/blog\/author\/admin\/"}]}},"jetpack_featured_media_url":"","jetpack_sharing_enabled":true,"jetpack_shortlink":"https:\/\/wp.me\/pe6lTn-l3u","_links":{"self":[{"href":"https:\/\/www.visit-ulcinj.com\/blog\/wp-json\/wp\/v2\/posts\/80940"}],"collection":[{"href":"https:\/\/www.visit-ulcinj.com\/blog\/wp-json\/wp\/v2\/posts"}],"about":[{"href":"https:\/\/www.visit-ulcinj.com\/blog\/wp-json\/wp\/v2\/types\/post"}],"author":[{"embeddable":true,"href":"https:\/\/www.visit-ulcinj.com\/blog\/wp-json\/wp\/v2\/users\/1"}],"replies":[{"embeddable":true,"href":"https:\/\/www.visit-ulcinj.com\/blog\/wp-json\/wp\/v2\/comments?post=80940"}],"version-history":[{"count":3,"href":"https:\/\/www.visit-ulcinj.com\/blog\/wp-json\/wp\/v2\/posts\/80940\/revisions"}],"predecessor-version":[{"id":80944,"href":"https:\/\/www.visit-ulcinj.com\/blog\/wp-json\/wp\/v2\/posts\/80940\/revisions\/80944"}],"wp:attachment":[{"href":"https:\/\/www.visit-ulcinj.com\/blog\/wp-json\/wp\/v2\/media?parent=80940"}],"wp:term":[{"taxonomy":"category","embeddable":true,"href":"https:\/\/www.visit-ulcinj.com\/blog\/wp-json\/wp\/v2\/categories?post=80940"},{"taxonomy":"post_tag","embeddable":true,"href":"https:\/\/www.visit-ulcinj.com\/blog\/wp-json\/wp\/v2\/tags?post=80940"}],"curies":[{"name":"wp","href":"https:\/\/api.w.org\/{rel}","templated":true}]}}