{"id":80964,"date":"2014-03-24T17:40:42","date_gmt":"2014-03-24T16:40:42","guid":{"rendered":"http:\/\/www.visit-ulcinj.com\/blog\/?p=80964"},"modified":"2014-03-24T17:40:59","modified_gmt":"2014-03-24T16:40:59","slug":"gjimnazi-vellazerim-bashkim-shenon-49-vjetorin-e-themelimit-video","status":"publish","type":"post","link":"https:\/\/www.visit-ulcinj.com\/blog\/2014\/03\/24\/gjimnazi-vellazerim-bashkim-shenon-49-vjetorin-e-themelimit-video\/","title":{"rendered":"Gjimnazi &#8220;V\u00ebllaz\u00ebrim-Bashkim&#8221; sh\u00ebnon 49 vjetorin e themelimit &#8211; Video"},"content":{"rendered":"<p><strong><a href=\"http:\/\/www.visit-ulcinj.com\/blog\/wp-content\/uploads\/2014\/03\/Gjimnazi-Bashkim-Vellazerim-Ulqin.jpg\"><img loading=\"lazy\" class=\"alignleft  wp-image-80966\" alt=\"Gjimnazi-Bashkim-Vellazerim-Ulqin\" src=\"http:\/\/www.visit-ulcinj.com\/blog\/wp-content\/uploads\/2014\/03\/Gjimnazi-Bashkim-Vellazerim-Ulqin.jpg\" width=\"508\" height=\"360\" \/><\/a>Dita e shkolles gjimnazi &#8221;Bashkim Vellazerim&#8221; kremton 49 vjetorin \u00a0e themelimit<\/strong><\/p>\n<p>&nbsp;<\/p>\n<p>Solemniteti i dit\u00ebs s\u00eb shkoll\u00ebs esht\u00eb organizuar n\u00eb Valdanos, \u00a0me k\u00ebt\u00eb rast ishin t\u00eb pranish\u00ebm nx\u00ebn\u00ebs, prind\u00ebr, m\u00ebsimdh\u00ebn\u00ebs dhe t\u00eb ftuar t\u00eb tjer\u00eb nga jeta politike, ekonomike, kulturore \u00a0t\u00eb Ulqinit etj.<\/p>\n<p>Sekretari i Gjimnazit &#8221;Bashkim Vellazerim&#8221; &#8211; Z. Muzafer Gjoni vlersoi pozitivisht pun\u00ebn dhe p\u00ebrkushtimin e nx\u00ebn\u00ebsve e t\u00eb m\u00ebsimdh\u00ebn\u00ebsve\u00a0 p\u00ebr rezulltatet e arritura n\u00eb k\u00ebt\u00eb vit shkollor\u00eb. Gjithashtu ai theksoi se q\u00ebllim par\u00ebsor\u00eb i gjimnazit ton\u00eb \u00ebsht\u00eb ngritja e cil\u00ebsis\u00eb, serioziteti n\u00eb pun\u00eb, motivimi, trajtimi i drejt\u00eb dhe gjith\u00ebp\u00ebrfshir\u00ebs, ku t\u00eb gith\u00eb nx\u00ebn\u00ebsit t\u00eb ken\u00eb mund\u00ebsi t\u00eb arrijn\u00eb synimet e tyre dhe t\u00eb jen\u00eb t\u00eb suksessh\u00ebm n\u00eb testin e ardhm\u00ebris\u00eb.<\/p>\n<!--YouTube Error: bad URL entered-->\n<p>Di\u00e7ka p\u00ebr <b>Shkollen e Mesme e Kombinuar &#8220;V\u00ebllaz\u00ebrim-Bashkim&#8221;<\/b> \u00ebsht\u00eb nj\u00eb shkoll\u00eb e mesme n\u00eb Ulqin, Mal t\u00eb Zi. Kjo shkoll\u00eb p\u00ebrmban k\u00ebto profile arsimore: gjimnaz i p\u00ebrgjithsh\u00ebm dhe teknik i turizmit (shkalla e IV), kamarier, gjell\u00ebb\u00ebr\u00ebs, shit\u00ebs, elekromekanik i makinave dhe paisjeve, automekanik, autollamarier dhe frizer (shkalla e III).<\/p>\n<h2>Historia<\/h2>\n<p>Me vendimin e KK t\u00eb Ulqinit, n\u00eb qershor t\u00eb vitit 1965 u themelua Gjimnazi n\u00eb Ulqin me m\u00ebsim n\u00eb t\u00eb dyja gjuh\u00ebt n\u00eb at\u00eb serbokroate dhe shqipe. Duke iu fal\u00ebnderuar solidaritetit t\u00eb popullit t\u00eb Bosnj\u00ebs dhe Hercegovin\u00ebs, u nd\u00ebrtua nd\u00ebrtesa e re e Gjimnazit &#8220;V\u00ebllaz\u00ebrim-bashkim&#8221; e cila solemnisht u hap me 16.11.1969 me emrin Gjimnazi &#8216;V\u00ebllaz\u00ebrim-bashkim&#8217; Ulqin me 360 nx\u00ebn\u00ebs.<\/p>\n<p>Sot n\u00eb k\u00ebt\u00eb nd\u00ebrtes\u00eb e cila \u00ebsht\u00eb nd\u00ebrtuar p\u00ebr ti plot\u00ebsuar nevojat p\u00ebr 350 &#8211; 400 nx\u00ebn\u00ebs, m\u00ebsimin ndjekin 1306 nx\u00ebn\u00ebs t\u00eb ndar\u00eb n\u00eb 44 paralele (18 n\u00eb gjuh\u00ebn Serbe dhe 26 n\u00eb gjuh\u00ebn Shqipe). M\u00ebsimi zhvillohet n\u00eb dy turne\u00a0: turni i par\u00eb prej or\u00ebs 7.30 &#8211; 13.30 dhe turni i dyt\u00eb prej or\u00ebs 14.00 &#8211; 20.00).<\/p>\n<p>M\u00ebsimi zhvillohet n\u00eb gjuh\u00ebn malazisht dhe shqipe. Shkolla sot ka 94 t\u00eb pun\u00ebsuar prej t\u00eb cil\u00ebve 79 jan\u00eb drejtp\u00ebrs\u00ebdrejti t\u00eb p\u00ebrfshir\u00eb n\u00eb m\u00ebsim dhe 14 jan\u00eb pun\u00ebtor\u00eb ndihm\u00ebs dhe t\u00eb pun\u00ebsuar jasht\u00eb pro\u00e7esit m\u00ebsimor. N\u00eb t\u00eb arsimohen kuadro p\u00ebr n\u00ebnt\u00eb profile arsimore prej t\u00eb cil\u00ebve dy profile arsimore t\u00eb shkall\u00ebs s\u00eb kat\u00ebrt profesionale: Gjimnazi \u2013 Tipi i p\u00ebrgjithsh\u00ebm dhe Teknik i turizmit, dhe shtat\u00eb profile arsimore t\u00eb shkall\u00ebs s\u00eb tret\u00eb profesionale: Kamarier &#8211; Gjell\u00ebb\u00ebr\u00ebs &#8211; Shit\u00ebs &#8211; Elektromekanik i makinave dhe paisjes &#8211; Automekanik &#8211; Autollamarier dhe Frizer. Me rritjen e numrit t\u00eb nx\u00ebn\u00ebsve n\u00eb k\u00ebt\u00eb shkoll\u00eb, kushtet p\u00ebr pun\u00eb po v\u00ebshtir\u00ebsohen dhe gjithnj\u00eb e m\u00eb tep\u00ebr po komplikohen. P\u00ebr \u00e7do vit p\u00ebr shkak t\u00eb numrit t\u00eb madh t\u00eb nx\u00ebn\u00ebsve, kabinetet ekzistuese jan\u00eb shnd\u00ebrruar n\u00eb klas\u00eb klasike k\u00ebshtuq\u00eb sot n\u00eb shkoll\u00eb funksionon vet\u00ebm nj\u00eb kabinet &#8211; kabineti p\u00ebr llogaritari e informatik\u00eb.<\/p>\n<p>Gjat\u00eb kat\u00ebr viteve t\u00eb fundit n\u00eb k\u00ebt\u00eb shkoll\u00eb jan\u00eb investuar mjete t\u00eb konsiderueshme materiale nga ana e organizatave humanitare, Ministrive dhe donator\u00ebve. N\u00eb mas\u00eb t\u00eb konsiderueshme jan\u00eb p\u00ebrmir\u00ebsuar kushtet higjieniko-sanitare, n\u00eb shkoll\u00eb jan\u00eb rregulluar t\u00eb gjitha nyjet sanitare dhe hap\u00ebsirat p\u00ebrcjell\u00ebse, salla e edukat\u00ebs fizike, dhomat e xhveshjes dhe banjot. Organizata humanitare HELP ka nd\u00ebrtuar aneksin prej dy dhomash ku jan\u00eb vendosur zyrja e arsimtar\u00ebve dhe biblioteka e shkoll\u00ebs. Paralelet s\u00eb bashku mbajn\u00eb or\u00ebn e edukat\u00ebs fizike. Ndjehet nevoja urgjente per ngritjen e nje shkolle te mesme qofte si vazhdim per shkolle profesionale turizmi por edhe nje gjimnaz i gjuheve te huaja.<\/p>\n<p><strong>Rreth t\u00eb dh\u00ebnave: Wikipedia<br \/>\n<\/strong><a href=\"http:\/\/sq.wikipedia.org\/wiki\/Shkolla_e_Mesme_e_Kombinuar_%22V%C3%ABllaz%C3%ABrim-Bashkim%22\" target=\"_blank\">http:\/\/sq.wikipedia.org\/wiki\/Shkolla_e_Mesme_e_Kombinuar_%22V%C3%ABllaz%C3%ABrim-Bashkim%22<\/a><\/p>\n","protected":false},"excerpt":{"rendered":"<p>Dita e shkolles gjimnazi &#8221;Bashkim Vellazerim&#8221; kremton 49 vjetorin \u00a0e themelimit &nbsp; Solemniteti i dit\u00ebs s\u00eb shkoll\u00ebs esht\u00eb organizuar n\u00eb Valdanos, \u00a0me k\u00ebt\u00eb rast ishin t\u00eb pranish\u00ebm nx\u00ebn\u00ebs, prind\u00ebr, m\u00ebsimdh\u00ebn\u00ebs dhe t\u00eb ftuar t\u00eb tjer\u00eb nga jeta politike, ekonomike, kulturore \u00a0t\u00eb Ulqinit etj. Sekretari i Gjimnazit &#8221;Bashkim Vellazerim&#8221; &#8211; Z. Muzafer Gjoni vlersoi pozitivisht pun\u00ebn [&hellip;]<\/p>\n","protected":false},"author":1,"featured_media":0,"comment_status":"closed","ping_status":"closed","sticky":false,"template":"","format":"standard","meta":{"spay_email":"","jetpack_publicize_message":"","jetpack_is_tweetstorm":false,"jetpack_publicize_feature_enabled":true},"categories":[4],"tags":[],"jetpack_publicize_connections":[],"yoast_head":"<!-- This site is optimized with the Yoast SEO plugin v19.1 - https:\/\/yoast.com\/wordpress\/plugins\/seo\/ -->\n<title>Gjimnazi &quot;V\u00ebllaz\u00ebrim-Bashkim&quot; sh\u00ebnon 49 vjetorin e themelimit - Video - Lajme nga Ulqini<\/title>\n<meta name=\"description\" content=\"Dita e shkolles gjimnazi &#039;&#039;Bashkim Vellazerim&#039;&#039; kremton 49 vjetorin \u00a0e themelimit &nbsp; Solemniteti i dit\u00ebs s\u00eb shkoll\u00ebs esht\u00eb organizuar n\u00eb Valdanos, \u00a0me\" \/>\n<meta name=\"robots\" content=\"index, follow, max-snippet:-1, max-image-preview:large, max-video-preview:-1\" \/>\n<link rel=\"canonical\" href=\"https:\/\/www.visit-ulcinj.com\/blog\/2014\/03\/24\/gjimnazi-vellazerim-bashkim-shenon-49-vjetorin-e-themelimit-video\/\" \/>\n<meta property=\"og:locale\" content=\"en_US\" \/>\n<meta property=\"og:type\" content=\"article\" \/>\n<meta property=\"og:title\" content=\"Gjimnazi &quot;V\u00ebllaz\u00ebrim-Bashkim&quot; sh\u00ebnon 49 vjetorin e themelimit - Video - Lajme nga Ulqini\" \/>\n<meta property=\"og:description\" content=\"Dita e shkolles gjimnazi &#039;&#039;Bashkim Vellazerim&#039;&#039; kremton 49 vjetorin \u00a0e themelimit &nbsp; Solemniteti i dit\u00ebs s\u00eb shkoll\u00ebs esht\u00eb organizuar n\u00eb Valdanos, \u00a0me\" \/>\n<meta property=\"og:url\" content=\"https:\/\/www.visit-ulcinj.com\/blog\/2014\/03\/24\/gjimnazi-vellazerim-bashkim-shenon-49-vjetorin-e-themelimit-video\/\" \/>\n<meta property=\"og:site_name\" content=\"Lajme nga Ulqini\" \/>\n<meta property=\"article:published_time\" content=\"2014-03-24T16:40:42+00:00\" \/>\n<meta property=\"article:modified_time\" content=\"2014-03-24T16:40:59+00:00\" \/>\n<meta property=\"og:image\" content=\"http:\/\/www.visit-ulcinj.com\/blog\/wp-content\/uploads\/2014\/03\/Gjimnazi-Bashkim-Vellazerim-Ulqin.jpg\" \/>\n<meta name=\"twitter:label1\" content=\"Written by\" \/>\n\t<meta name=\"twitter:data1\" content=\"ulqini\" \/>\n\t<meta name=\"twitter:label2\" content=\"Est. reading time\" \/>\n\t<meta name=\"twitter:data2\" content=\"3 minutes\" \/>\n<script type=\"application\/ld+json\" class=\"yoast-schema-graph\">{\"@context\":\"https:\/\/schema.org\",\"@graph\":[{\"@type\":\"WebSite\",\"@id\":\"https:\/\/www.visit-ulcinj.com\/blog\/#website\",\"url\":\"https:\/\/www.visit-ulcinj.com\/blog\/\",\"name\":\"Lajme nga Ulqini\",\"description\":\"Lajme,Vijesti,Ulqini,Ulqin,Crna Gora,Mali i Zi\",\"potentialAction\":[{\"@type\":\"SearchAction\",\"target\":{\"@type\":\"EntryPoint\",\"urlTemplate\":\"https:\/\/www.visit-ulcinj.com\/blog\/?s={search_term_string}\"},\"query-input\":\"required name=search_term_string\"}],\"inLanguage\":\"en-US\"},{\"@type\":\"ImageObject\",\"inLanguage\":\"en-US\",\"@id\":\"https:\/\/www.visit-ulcinj.com\/blog\/2014\/03\/24\/gjimnazi-vellazerim-bashkim-shenon-49-vjetorin-e-themelimit-video\/#primaryimage\",\"url\":\"https:\/\/www.visit-ulcinj.com\/blog\/wp-content\/uploads\/2014\/03\/Gjimnazi-Bashkim-Vellazerim-Ulqin.jpg\",\"contentUrl\":\"https:\/\/www.visit-ulcinj.com\/blog\/wp-content\/uploads\/2014\/03\/Gjimnazi-Bashkim-Vellazerim-Ulqin.jpg\",\"width\":999,\"height\":397},{\"@type\":\"WebPage\",\"@id\":\"https:\/\/www.visit-ulcinj.com\/blog\/2014\/03\/24\/gjimnazi-vellazerim-bashkim-shenon-49-vjetorin-e-themelimit-video\/#webpage\",\"url\":\"https:\/\/www.visit-ulcinj.com\/blog\/2014\/03\/24\/gjimnazi-vellazerim-bashkim-shenon-49-vjetorin-e-themelimit-video\/\",\"name\":\"Gjimnazi \\\"V\u00ebllaz\u00ebrim-Bashkim\\\" sh\u00ebnon 49 vjetorin e themelimit - Video - Lajme nga Ulqini\",\"isPartOf\":{\"@id\":\"https:\/\/www.visit-ulcinj.com\/blog\/#website\"},\"primaryImageOfPage\":{\"@id\":\"https:\/\/www.visit-ulcinj.com\/blog\/2014\/03\/24\/gjimnazi-vellazerim-bashkim-shenon-49-vjetorin-e-themelimit-video\/#primaryimage\"},\"datePublished\":\"2014-03-24T16:40:42+00:00\",\"dateModified\":\"2014-03-24T16:40:59+00:00\",\"author\":{\"@id\":\"https:\/\/www.visit-ulcinj.com\/blog\/#\/schema\/person\/dcab619c614d3038751c63bc2aadc06d\"},\"description\":\"Dita e shkolles gjimnazi ''Bashkim Vellazerim'' kremton 49 vjetorin \u00a0e themelimit &nbsp; Solemniteti i dit\u00ebs s\u00eb shkoll\u00ebs esht\u00eb organizuar n\u00eb Valdanos, \u00a0me\",\"breadcrumb\":{\"@id\":\"https:\/\/www.visit-ulcinj.com\/blog\/2014\/03\/24\/gjimnazi-vellazerim-bashkim-shenon-49-vjetorin-e-themelimit-video\/#breadcrumb\"},\"inLanguage\":\"en-US\",\"potentialAction\":[{\"@type\":\"ReadAction\",\"target\":[\"https:\/\/www.visit-ulcinj.com\/blog\/2014\/03\/24\/gjimnazi-vellazerim-bashkim-shenon-49-vjetorin-e-themelimit-video\/\"]}]},{\"@type\":\"BreadcrumbList\",\"@id\":\"https:\/\/www.visit-ulcinj.com\/blog\/2014\/03\/24\/gjimnazi-vellazerim-bashkim-shenon-49-vjetorin-e-themelimit-video\/#breadcrumb\",\"itemListElement\":[{\"@type\":\"ListItem\",\"position\":1,\"name\":\"Gjimnazi &#8220;V\u00ebllaz\u00ebrim-Bashkim&#8221; sh\u00ebnon 49 vjetorin e themelimit &#8211; Video\"}]},{\"@type\":\"Person\",\"@id\":\"https:\/\/www.visit-ulcinj.com\/blog\/#\/schema\/person\/dcab619c614d3038751c63bc2aadc06d\",\"name\":\"ulqini\",\"sameAs\":[\"http:\/\/www.visit-ulcinj.com\"],\"url\":\"https:\/\/www.visit-ulcinj.com\/blog\/author\/admin\/\"}]}<\/script>\n<!-- \/ Yoast SEO plugin. -->","yoast_head_json":{"title":"Gjimnazi \"V\u00ebllaz\u00ebrim-Bashkim\" sh\u00ebnon 49 vjetorin e themelimit - Video - Lajme nga Ulqini","description":"Dita e shkolles gjimnazi ''Bashkim Vellazerim'' kremton 49 vjetorin \u00a0e themelimit &nbsp; Solemniteti i dit\u00ebs s\u00eb shkoll\u00ebs esht\u00eb organizuar n\u00eb Valdanos, \u00a0me","robots":{"index":"index","follow":"follow","max-snippet":"max-snippet:-1","max-image-preview":"max-image-preview:large","max-video-preview":"max-video-preview:-1"},"canonical":"https:\/\/www.visit-ulcinj.com\/blog\/2014\/03\/24\/gjimnazi-vellazerim-bashkim-shenon-49-vjetorin-e-themelimit-video\/","og_locale":"en_US","og_type":"article","og_title":"Gjimnazi \"V\u00ebllaz\u00ebrim-Bashkim\" sh\u00ebnon 49 vjetorin e themelimit - Video - Lajme nga Ulqini","og_description":"Dita e shkolles gjimnazi ''Bashkim Vellazerim'' kremton 49 vjetorin \u00a0e themelimit &nbsp; Solemniteti i dit\u00ebs s\u00eb shkoll\u00ebs esht\u00eb organizuar n\u00eb Valdanos, \u00a0me","og_url":"https:\/\/www.visit-ulcinj.com\/blog\/2014\/03\/24\/gjimnazi-vellazerim-bashkim-shenon-49-vjetorin-e-themelimit-video\/","og_site_name":"Lajme nga Ulqini","article_published_time":"2014-03-24T16:40:42+00:00","article_modified_time":"2014-03-24T16:40:59+00:00","og_image":[{"url":"http:\/\/www.visit-ulcinj.com\/blog\/wp-content\/uploads\/2014\/03\/Gjimnazi-Bashkim-Vellazerim-Ulqin.jpg"}],"twitter_misc":{"Written by":"ulqini","Est. reading time":"3 minutes"},"schema":{"@context":"https:\/\/schema.org","@graph":[{"@type":"WebSite","@id":"https:\/\/www.visit-ulcinj.com\/blog\/#website","url":"https:\/\/www.visit-ulcinj.com\/blog\/","name":"Lajme nga Ulqini","description":"Lajme,Vijesti,Ulqini,Ulqin,Crna Gora,Mali i Zi","potentialAction":[{"@type":"SearchAction","target":{"@type":"EntryPoint","urlTemplate":"https:\/\/www.visit-ulcinj.com\/blog\/?s={search_term_string}"},"query-input":"required name=search_term_string"}],"inLanguage":"en-US"},{"@type":"ImageObject","inLanguage":"en-US","@id":"https:\/\/www.visit-ulcinj.com\/blog\/2014\/03\/24\/gjimnazi-vellazerim-bashkim-shenon-49-vjetorin-e-themelimit-video\/#primaryimage","url":"https:\/\/www.visit-ulcinj.com\/blog\/wp-content\/uploads\/2014\/03\/Gjimnazi-Bashkim-Vellazerim-Ulqin.jpg","contentUrl":"https:\/\/www.visit-ulcinj.com\/blog\/wp-content\/uploads\/2014\/03\/Gjimnazi-Bashkim-Vellazerim-Ulqin.jpg","width":999,"height":397},{"@type":"WebPage","@id":"https:\/\/www.visit-ulcinj.com\/blog\/2014\/03\/24\/gjimnazi-vellazerim-bashkim-shenon-49-vjetorin-e-themelimit-video\/#webpage","url":"https:\/\/www.visit-ulcinj.com\/blog\/2014\/03\/24\/gjimnazi-vellazerim-bashkim-shenon-49-vjetorin-e-themelimit-video\/","name":"Gjimnazi \"V\u00ebllaz\u00ebrim-Bashkim\" sh\u00ebnon 49 vjetorin e themelimit - Video - Lajme nga Ulqini","isPartOf":{"@id":"https:\/\/www.visit-ulcinj.com\/blog\/#website"},"primaryImageOfPage":{"@id":"https:\/\/www.visit-ulcinj.com\/blog\/2014\/03\/24\/gjimnazi-vellazerim-bashkim-shenon-49-vjetorin-e-themelimit-video\/#primaryimage"},"datePublished":"2014-03-24T16:40:42+00:00","dateModified":"2014-03-24T16:40:59+00:00","author":{"@id":"https:\/\/www.visit-ulcinj.com\/blog\/#\/schema\/person\/dcab619c614d3038751c63bc2aadc06d"},"description":"Dita e shkolles gjimnazi ''Bashkim Vellazerim'' kremton 49 vjetorin \u00a0e themelimit &nbsp; Solemniteti i dit\u00ebs s\u00eb shkoll\u00ebs esht\u00eb organizuar n\u00eb Valdanos, \u00a0me","breadcrumb":{"@id":"https:\/\/www.visit-ulcinj.com\/blog\/2014\/03\/24\/gjimnazi-vellazerim-bashkim-shenon-49-vjetorin-e-themelimit-video\/#breadcrumb"},"inLanguage":"en-US","potentialAction":[{"@type":"ReadAction","target":["https:\/\/www.visit-ulcinj.com\/blog\/2014\/03\/24\/gjimnazi-vellazerim-bashkim-shenon-49-vjetorin-e-themelimit-video\/"]}]},{"@type":"BreadcrumbList","@id":"https:\/\/www.visit-ulcinj.com\/blog\/2014\/03\/24\/gjimnazi-vellazerim-bashkim-shenon-49-vjetorin-e-themelimit-video\/#breadcrumb","itemListElement":[{"@type":"ListItem","position":1,"name":"Gjimnazi &#8220;V\u00ebllaz\u00ebrim-Bashkim&#8221; sh\u00ebnon 49 vjetorin e themelimit &#8211; Video"}]},{"@type":"Person","@id":"https:\/\/www.visit-ulcinj.com\/blog\/#\/schema\/person\/dcab619c614d3038751c63bc2aadc06d","name":"ulqini","sameAs":["http:\/\/www.visit-ulcinj.com"],"url":"https:\/\/www.visit-ulcinj.com\/blog\/author\/admin\/"}]}},"jetpack_featured_media_url":"","jetpack_sharing_enabled":true,"jetpack_shortlink":"https:\/\/wp.me\/pe6lTn-l3S","_links":{"self":[{"href":"https:\/\/www.visit-ulcinj.com\/blog\/wp-json\/wp\/v2\/posts\/80964"}],"collection":[{"href":"https:\/\/www.visit-ulcinj.com\/blog\/wp-json\/wp\/v2\/posts"}],"about":[{"href":"https:\/\/www.visit-ulcinj.com\/blog\/wp-json\/wp\/v2\/types\/post"}],"author":[{"embeddable":true,"href":"https:\/\/www.visit-ulcinj.com\/blog\/wp-json\/wp\/v2\/users\/1"}],"replies":[{"embeddable":true,"href":"https:\/\/www.visit-ulcinj.com\/blog\/wp-json\/wp\/v2\/comments?post=80964"}],"version-history":[{"count":2,"href":"https:\/\/www.visit-ulcinj.com\/blog\/wp-json\/wp\/v2\/posts\/80964\/revisions"}],"predecessor-version":[{"id":80968,"href":"https:\/\/www.visit-ulcinj.com\/blog\/wp-json\/wp\/v2\/posts\/80964\/revisions\/80968"}],"wp:attachment":[{"href":"https:\/\/www.visit-ulcinj.com\/blog\/wp-json\/wp\/v2\/media?parent=80964"}],"wp:term":[{"taxonomy":"category","embeddable":true,"href":"https:\/\/www.visit-ulcinj.com\/blog\/wp-json\/wp\/v2\/categories?post=80964"},{"taxonomy":"post_tag","embeddable":true,"href":"https:\/\/www.visit-ulcinj.com\/blog\/wp-json\/wp\/v2\/tags?post=80964"}],"curies":[{"name":"wp","href":"https:\/\/api.w.org\/{rel}","templated":true}]}}