{"id":80978,"date":"2014-03-24T18:38:13","date_gmt":"2014-03-24T17:38:13","guid":{"rendered":"http:\/\/www.visit-ulcinj.com\/blog\/?p=80978"},"modified":"2014-03-24T18:39:29","modified_gmt":"2014-03-24T17:39:29","slug":"zhvillohet-ne-budve-panairi-mobilerise-2014-video","status":"publish","type":"post","link":"https:\/\/www.visit-ulcinj.com\/blog\/2014\/03\/24\/zhvillohet-ne-budve-panairi-mobilerise-2014-video\/","title":{"rendered":"Zhvillohet n\u00eb Budve panairi i mobileris\u00eb 2014 &#8211; Video"},"content":{"rendered":"<p><a href=\"http:\/\/www.visit-ulcinj.com\/blog\/wp-content\/uploads\/2014\/03\/Panairi-i-mobiljeve-budve-2014.jpg\"><img loading=\"lazy\" class=\"alignleft  wp-image-80979\" alt=\"Panairi-i-mobiljeve-budve-2014\" src=\"http:\/\/www.visit-ulcinj.com\/blog\/wp-content\/uploads\/2014\/03\/Panairi-i-mobiljeve-budve-2014.jpg\" width=\"508\" height=\"360\" \/><\/a>N\u00eb Panairin e Budves 2014 u mbajt Panairi nd\u00ebrkomb\u00ebtar p\u00ebr mobilje, n\u00eb t\u00eb cilin edicionin te sivjet\u00ebshem u prezantuen\u00a0 shum\u00eb ekspozues t\u00eb drejtp\u00ebrdrejt\u00eb nga vendi dhe vendet e huaja.<\/p>\n<p>\u201cKy \u00ebsht\u00eb nd\u00ebr manifestimet m\u00eb atraktive t\u00eb panaireve ne Budve, vend i shk\u00eblqyesh\u00ebm p\u00ebr fillim t\u00eb bashk\u00ebpunimit midis kompanive vendore dhe t\u00eb huaja.<\/p>\n<p>Nga 60 kompani pjes\u00ebmarr\u00ebse n\u00eb k\u00ebt\u00eb panair nj\u00eb e kat\u00ebrta vijn\u00eb nga Mali i Zi, Kraoacia, Bosna dhe Hercegovina, Serbia, Kosova, Maqedonia, Shqiperia, Slovenia, Hungaria, Letoania, Polonia, Slovakia, Turkia etj. Por panairi ka t\u00eb pranishme edhe kompani t\u00eb tjera nga t\u00eb gjith\u00eb vendet e rajonit dhe bota. \u201cPanairi ofron mund\u00ebsi t\u00eb shumta p\u00ebr promovimin e produkteve, sh\u00ebrbimeve dhe aktiviteteve t\u00eb ndryshme si dhe kontribuon n\u00eb bashk\u00ebpunimin e m\u00ebtejsh\u00ebm nd\u00ebr rajonal.<\/p>\n<p>N\u00eb panair te Budves ka pasur mund\u00ebsi t\u00eb shikohen trendet m\u00eb t\u00eb reja n\u00eb prodhimtarin\u00eb e mobiljeve p\u00ebr sht\u00ebpi, p\u00ebr kuzhin\u00eb, banjo, dhoma gjumi, dhoma f\u00ebmij\u00ebsh, mobilje p\u00ebr zyra, mobilje p\u00ebr objekte publike, p\u00ebr industri dhe ngjash\u00ebm.<\/p>\n<p>Kompanit\u00eb pjes\u00ebmarr\u00ebse n\u00eb k\u00ebt\u00eb panair nga Ulqini kan\u00eb qen\u00eb: Fabrika Kurti, Eurofleks, Kreda, Cungu &amp; CO etj.<\/p>\n<!--YouTube Error: bad URL entered-->\n","protected":false},"excerpt":{"rendered":"<p>N\u00eb Panairin e Budves 2014 u mbajt Panairi nd\u00ebrkomb\u00ebtar p\u00ebr mobilje, n\u00eb t\u00eb cilin edicionin te sivjet\u00ebshem u prezantuen\u00a0 shum\u00eb ekspozues t\u00eb drejtp\u00ebrdrejt\u00eb nga vendi dhe vendet e huaja. \u201cKy \u00ebsht\u00eb nd\u00ebr manifestimet m\u00eb atraktive t\u00eb panaireve ne Budve, vend i shk\u00eblqyesh\u00ebm p\u00ebr fillim t\u00eb bashk\u00ebpunimit midis kompanive vendore dhe t\u00eb huaja. Nga 60 kompani [&hellip;]<\/p>\n","protected":false},"author":1,"featured_media":0,"comment_status":"closed","ping_status":"closed","sticky":false,"template":"","format":"standard","meta":{"spay_email":"","jetpack_publicize_message":"","jetpack_is_tweetstorm":false,"jetpack_publicize_feature_enabled":true},"categories":[10],"tags":[],"jetpack_publicize_connections":[],"yoast_head":"<!-- This site is optimized with the Yoast SEO plugin v19.1 - https:\/\/yoast.com\/wordpress\/plugins\/seo\/ -->\n<title>Zhvillohet n\u00eb Budve panairi i mobileris\u00eb 2014 - Video - Lajme nga Ulqini<\/title>\n<meta name=\"description\" content=\"N\u00eb Panairin e Budves 2014 u mbajt Panairi nd\u00ebrkomb\u00ebtar p\u00ebr mobilje, n\u00eb t\u00eb cilin edicionin te sivjet\u00ebshem u prezantuen\u00a0 shum\u00eb ekspozues t\u00eb drejtp\u00ebrdrejt\u00eb\" \/>\n<meta name=\"robots\" content=\"index, follow, max-snippet:-1, max-image-preview:large, max-video-preview:-1\" \/>\n<link rel=\"canonical\" href=\"https:\/\/www.visit-ulcinj.com\/blog\/2014\/03\/24\/zhvillohet-ne-budve-panairi-mobilerise-2014-video\/\" \/>\n<meta property=\"og:locale\" content=\"en_US\" \/>\n<meta property=\"og:type\" content=\"article\" \/>\n<meta property=\"og:title\" content=\"Zhvillohet n\u00eb Budve panairi i mobileris\u00eb 2014 - Video - Lajme nga Ulqini\" \/>\n<meta property=\"og:description\" content=\"N\u00eb Panairin e Budves 2014 u mbajt Panairi nd\u00ebrkomb\u00ebtar p\u00ebr mobilje, n\u00eb t\u00eb cilin edicionin te sivjet\u00ebshem u prezantuen\u00a0 shum\u00eb ekspozues t\u00eb drejtp\u00ebrdrejt\u00eb\" \/>\n<meta property=\"og:url\" content=\"https:\/\/www.visit-ulcinj.com\/blog\/2014\/03\/24\/zhvillohet-ne-budve-panairi-mobilerise-2014-video\/\" \/>\n<meta property=\"og:site_name\" content=\"Lajme nga Ulqini\" \/>\n<meta property=\"article:published_time\" content=\"2014-03-24T17:38:13+00:00\" \/>\n<meta property=\"article:modified_time\" content=\"2014-03-24T17:39:29+00:00\" \/>\n<meta property=\"og:image\" content=\"http:\/\/www.visit-ulcinj.com\/blog\/wp-content\/uploads\/2014\/03\/Panairi-i-mobiljeve-budve-2014.jpg\" \/>\n<meta name=\"twitter:label1\" content=\"Written by\" \/>\n\t<meta name=\"twitter:data1\" content=\"ulqini\" \/>\n\t<meta name=\"twitter:label2\" content=\"Est. reading time\" \/>\n\t<meta name=\"twitter:data2\" content=\"1 minute\" \/>\n<script type=\"application\/ld+json\" class=\"yoast-schema-graph\">{\"@context\":\"https:\/\/schema.org\",\"@graph\":[{\"@type\":\"WebSite\",\"@id\":\"https:\/\/www.visit-ulcinj.com\/blog\/#website\",\"url\":\"https:\/\/www.visit-ulcinj.com\/blog\/\",\"name\":\"Lajme nga Ulqini\",\"description\":\"Lajme,Vijesti,Ulqini,Ulqin,Crna Gora,Mali i Zi\",\"potentialAction\":[{\"@type\":\"SearchAction\",\"target\":{\"@type\":\"EntryPoint\",\"urlTemplate\":\"https:\/\/www.visit-ulcinj.com\/blog\/?s={search_term_string}\"},\"query-input\":\"required name=search_term_string\"}],\"inLanguage\":\"en-US\"},{\"@type\":\"ImageObject\",\"inLanguage\":\"en-US\",\"@id\":\"https:\/\/www.visit-ulcinj.com\/blog\/2014\/03\/24\/zhvillohet-ne-budve-panairi-mobilerise-2014-video\/#primaryimage\",\"url\":\"https:\/\/www.visit-ulcinj.com\/blog\/wp-content\/uploads\/2014\/03\/Panairi-i-mobiljeve-budve-2014.jpg\",\"contentUrl\":\"https:\/\/www.visit-ulcinj.com\/blog\/wp-content\/uploads\/2014\/03\/Panairi-i-mobiljeve-budve-2014.jpg\",\"width\":537,\"height\":385},{\"@type\":\"WebPage\",\"@id\":\"https:\/\/www.visit-ulcinj.com\/blog\/2014\/03\/24\/zhvillohet-ne-budve-panairi-mobilerise-2014-video\/#webpage\",\"url\":\"https:\/\/www.visit-ulcinj.com\/blog\/2014\/03\/24\/zhvillohet-ne-budve-panairi-mobilerise-2014-video\/\",\"name\":\"Zhvillohet n\u00eb Budve panairi i mobileris\u00eb 2014 - Video - Lajme nga Ulqini\",\"isPartOf\":{\"@id\":\"https:\/\/www.visit-ulcinj.com\/blog\/#website\"},\"primaryImageOfPage\":{\"@id\":\"https:\/\/www.visit-ulcinj.com\/blog\/2014\/03\/24\/zhvillohet-ne-budve-panairi-mobilerise-2014-video\/#primaryimage\"},\"datePublished\":\"2014-03-24T17:38:13+00:00\",\"dateModified\":\"2014-03-24T17:39:29+00:00\",\"author\":{\"@id\":\"https:\/\/www.visit-ulcinj.com\/blog\/#\/schema\/person\/dcab619c614d3038751c63bc2aadc06d\"},\"description\":\"N\u00eb Panairin e Budves 2014 u mbajt Panairi nd\u00ebrkomb\u00ebtar p\u00ebr mobilje, n\u00eb t\u00eb cilin edicionin te sivjet\u00ebshem u prezantuen\u00a0 shum\u00eb ekspozues t\u00eb drejtp\u00ebrdrejt\u00eb\",\"breadcrumb\":{\"@id\":\"https:\/\/www.visit-ulcinj.com\/blog\/2014\/03\/24\/zhvillohet-ne-budve-panairi-mobilerise-2014-video\/#breadcrumb\"},\"inLanguage\":\"en-US\",\"potentialAction\":[{\"@type\":\"ReadAction\",\"target\":[\"https:\/\/www.visit-ulcinj.com\/blog\/2014\/03\/24\/zhvillohet-ne-budve-panairi-mobilerise-2014-video\/\"]}]},{\"@type\":\"BreadcrumbList\",\"@id\":\"https:\/\/www.visit-ulcinj.com\/blog\/2014\/03\/24\/zhvillohet-ne-budve-panairi-mobilerise-2014-video\/#breadcrumb\",\"itemListElement\":[{\"@type\":\"ListItem\",\"position\":1,\"name\":\"Zhvillohet n\u00eb Budve panairi i mobileris\u00eb 2014 &#8211; Video\"}]},{\"@type\":\"Person\",\"@id\":\"https:\/\/www.visit-ulcinj.com\/blog\/#\/schema\/person\/dcab619c614d3038751c63bc2aadc06d\",\"name\":\"ulqini\",\"sameAs\":[\"http:\/\/www.visit-ulcinj.com\"],\"url\":\"https:\/\/www.visit-ulcinj.com\/blog\/author\/admin\/\"}]}<\/script>\n<!-- \/ Yoast SEO plugin. -->","yoast_head_json":{"title":"Zhvillohet n\u00eb Budve panairi i mobileris\u00eb 2014 - Video - Lajme nga Ulqini","description":"N\u00eb Panairin e Budves 2014 u mbajt Panairi nd\u00ebrkomb\u00ebtar p\u00ebr mobilje, n\u00eb t\u00eb cilin edicionin te sivjet\u00ebshem u prezantuen\u00a0 shum\u00eb ekspozues t\u00eb drejtp\u00ebrdrejt\u00eb","robots":{"index":"index","follow":"follow","max-snippet":"max-snippet:-1","max-image-preview":"max-image-preview:large","max-video-preview":"max-video-preview:-1"},"canonical":"https:\/\/www.visit-ulcinj.com\/blog\/2014\/03\/24\/zhvillohet-ne-budve-panairi-mobilerise-2014-video\/","og_locale":"en_US","og_type":"article","og_title":"Zhvillohet n\u00eb Budve panairi i mobileris\u00eb 2014 - Video - Lajme nga Ulqini","og_description":"N\u00eb Panairin e Budves 2014 u mbajt Panairi nd\u00ebrkomb\u00ebtar p\u00ebr mobilje, n\u00eb t\u00eb cilin edicionin te sivjet\u00ebshem u prezantuen\u00a0 shum\u00eb ekspozues t\u00eb drejtp\u00ebrdrejt\u00eb","og_url":"https:\/\/www.visit-ulcinj.com\/blog\/2014\/03\/24\/zhvillohet-ne-budve-panairi-mobilerise-2014-video\/","og_site_name":"Lajme nga Ulqini","article_published_time":"2014-03-24T17:38:13+00:00","article_modified_time":"2014-03-24T17:39:29+00:00","og_image":[{"url":"http:\/\/www.visit-ulcinj.com\/blog\/wp-content\/uploads\/2014\/03\/Panairi-i-mobiljeve-budve-2014.jpg"}],"twitter_misc":{"Written by":"ulqini","Est. reading time":"1 minute"},"schema":{"@context":"https:\/\/schema.org","@graph":[{"@type":"WebSite","@id":"https:\/\/www.visit-ulcinj.com\/blog\/#website","url":"https:\/\/www.visit-ulcinj.com\/blog\/","name":"Lajme nga Ulqini","description":"Lajme,Vijesti,Ulqini,Ulqin,Crna Gora,Mali i Zi","potentialAction":[{"@type":"SearchAction","target":{"@type":"EntryPoint","urlTemplate":"https:\/\/www.visit-ulcinj.com\/blog\/?s={search_term_string}"},"query-input":"required name=search_term_string"}],"inLanguage":"en-US"},{"@type":"ImageObject","inLanguage":"en-US","@id":"https:\/\/www.visit-ulcinj.com\/blog\/2014\/03\/24\/zhvillohet-ne-budve-panairi-mobilerise-2014-video\/#primaryimage","url":"https:\/\/www.visit-ulcinj.com\/blog\/wp-content\/uploads\/2014\/03\/Panairi-i-mobiljeve-budve-2014.jpg","contentUrl":"https:\/\/www.visit-ulcinj.com\/blog\/wp-content\/uploads\/2014\/03\/Panairi-i-mobiljeve-budve-2014.jpg","width":537,"height":385},{"@type":"WebPage","@id":"https:\/\/www.visit-ulcinj.com\/blog\/2014\/03\/24\/zhvillohet-ne-budve-panairi-mobilerise-2014-video\/#webpage","url":"https:\/\/www.visit-ulcinj.com\/blog\/2014\/03\/24\/zhvillohet-ne-budve-panairi-mobilerise-2014-video\/","name":"Zhvillohet n\u00eb Budve panairi i mobileris\u00eb 2014 - Video - Lajme nga Ulqini","isPartOf":{"@id":"https:\/\/www.visit-ulcinj.com\/blog\/#website"},"primaryImageOfPage":{"@id":"https:\/\/www.visit-ulcinj.com\/blog\/2014\/03\/24\/zhvillohet-ne-budve-panairi-mobilerise-2014-video\/#primaryimage"},"datePublished":"2014-03-24T17:38:13+00:00","dateModified":"2014-03-24T17:39:29+00:00","author":{"@id":"https:\/\/www.visit-ulcinj.com\/blog\/#\/schema\/person\/dcab619c614d3038751c63bc2aadc06d"},"description":"N\u00eb Panairin e Budves 2014 u mbajt Panairi nd\u00ebrkomb\u00ebtar p\u00ebr mobilje, n\u00eb t\u00eb cilin edicionin te sivjet\u00ebshem u prezantuen\u00a0 shum\u00eb ekspozues t\u00eb drejtp\u00ebrdrejt\u00eb","breadcrumb":{"@id":"https:\/\/www.visit-ulcinj.com\/blog\/2014\/03\/24\/zhvillohet-ne-budve-panairi-mobilerise-2014-video\/#breadcrumb"},"inLanguage":"en-US","potentialAction":[{"@type":"ReadAction","target":["https:\/\/www.visit-ulcinj.com\/blog\/2014\/03\/24\/zhvillohet-ne-budve-panairi-mobilerise-2014-video\/"]}]},{"@type":"BreadcrumbList","@id":"https:\/\/www.visit-ulcinj.com\/blog\/2014\/03\/24\/zhvillohet-ne-budve-panairi-mobilerise-2014-video\/#breadcrumb","itemListElement":[{"@type":"ListItem","position":1,"name":"Zhvillohet n\u00eb Budve panairi i mobileris\u00eb 2014 &#8211; Video"}]},{"@type":"Person","@id":"https:\/\/www.visit-ulcinj.com\/blog\/#\/schema\/person\/dcab619c614d3038751c63bc2aadc06d","name":"ulqini","sameAs":["http:\/\/www.visit-ulcinj.com"],"url":"https:\/\/www.visit-ulcinj.com\/blog\/author\/admin\/"}]}},"jetpack_featured_media_url":"","jetpack_sharing_enabled":true,"jetpack_shortlink":"https:\/\/wp.me\/pe6lTn-l46","_links":{"self":[{"href":"https:\/\/www.visit-ulcinj.com\/blog\/wp-json\/wp\/v2\/posts\/80978"}],"collection":[{"href":"https:\/\/www.visit-ulcinj.com\/blog\/wp-json\/wp\/v2\/posts"}],"about":[{"href":"https:\/\/www.visit-ulcinj.com\/blog\/wp-json\/wp\/v2\/types\/post"}],"author":[{"embeddable":true,"href":"https:\/\/www.visit-ulcinj.com\/blog\/wp-json\/wp\/v2\/users\/1"}],"replies":[{"embeddable":true,"href":"https:\/\/www.visit-ulcinj.com\/blog\/wp-json\/wp\/v2\/comments?post=80978"}],"version-history":[{"count":2,"href":"https:\/\/www.visit-ulcinj.com\/blog\/wp-json\/wp\/v2\/posts\/80978\/revisions"}],"predecessor-version":[{"id":80981,"href":"https:\/\/www.visit-ulcinj.com\/blog\/wp-json\/wp\/v2\/posts\/80978\/revisions\/80981"}],"wp:attachment":[{"href":"https:\/\/www.visit-ulcinj.com\/blog\/wp-json\/wp\/v2\/media?parent=80978"}],"wp:term":[{"taxonomy":"category","embeddable":true,"href":"https:\/\/www.visit-ulcinj.com\/blog\/wp-json\/wp\/v2\/categories?post=80978"},{"taxonomy":"post_tag","embeddable":true,"href":"https:\/\/www.visit-ulcinj.com\/blog\/wp-json\/wp\/v2\/tags?post=80978"}],"curies":[{"name":"wp","href":"https:\/\/api.w.org\/{rel}","templated":true}]}}