{"id":80990,"date":"2014-03-24T21:37:42","date_gmt":"2014-03-24T20:37:42","guid":{"rendered":"http:\/\/www.visit-ulcinj.com\/blog\/?p=80990"},"modified":"2016-03-21T21:23:12","modified_gmt":"2016-03-21T20:23:12","slug":"panairi-punes-18-prill-ne-ulqin-hotel-mediteran","status":"publish","type":"post","link":"https:\/\/www.visit-ulcinj.com\/blog\/2014\/03\/24\/panairi-punes-18-prill-ne-ulqin-hotel-mediteran\/","title":{"rendered":"Panairi i pun\u00ebs me 18 Prill ne Ulqin &#8211; Hotel Mediteran -Video"},"content":{"rendered":"<p align=\"center\"><b><span style=\"text-decoration: underline;\"><a href=\"http:\/\/www.visit-ulcinj.com\/blog\/wp-content\/uploads\/2014\/03\/Panairi-i-pun\u00ebs-me-18-Prill-ne-Ulqin-Hotel-Mediteran.jpg\"><img loading=\"lazy\" class=\"alignleft  wp-image-80991\" src=\"http:\/\/www.visit-ulcinj.com\/blog\/wp-content\/uploads\/2014\/03\/Panairi-i-pun\u00ebs-me-18-Prill-ne-Ulqin-Hotel-Mediteran.jpg\" alt=\"Panairi i pun\u00ebs me 18 Prill ne Ulqin - Hotel Mediteran\" width=\"508\" height=\"360\" \/><\/a>NJOFTIM<\/span><\/b><\/p>\n<p align=\"center\"><b><span style=\"text-decoration: underline;\">\u00a0<\/span><\/b><\/p>\n<p>Hotel Mediteran ne bashkepunim me Organizaten Turistike dhe Qendren per \u00a0Zhvillim Ekonomik Ulqin \u00a0me dat\u00ebn 18 Prill , organizojn\u00eb n\u00eb ambjentet e hotelit \u00a0\u00a0<b>\u201cPanairin e Pun\u00ebs 2014\u201d<\/b>.<\/p>\n<p>Ky panair do t\u00eb sjell\u00eb p\u00ebrball\u00eb pun\u00ebdh\u00ebn\u00ebsit (nga subjekte t\u00eb ndryshme n\u00eb Komunen e Ulqinit) dhe te gjithe punekerkuesit e tjere t\u00eb cil\u00ebt p\u00ebrb\u00ebjn\u00eb kandidat\u00eb potencial me vler\u00eb n\u00eb tregun e pun\u00ebs.<\/p>\n<p>Panairi i pun\u00ebs cil\u00ebsohet si nj\u00eb metod\u00eb efikase pasi do t \u2018i mb\u00ebshtes\u00eb punekerkuesit\u00a0 t\u00eb shfryt\u00ebzojn\u00eb k\u00ebt\u00eb rast p\u00ebr tu njohur me vendet e lira t\u00eb pun\u00ebs, t\u00eb konkurrojn\u00eb p\u00ebr pozicionet e pun\u00ebs q\u00eb i p\u00ebrshtaten k\u00ebrkesave t\u00eb tyre.<\/p>\n<p>Gjat\u00eb panairit, pun\u00ebdh\u00ebn\u00ebsit e firmave t\u00eb ndryshme do t\u00eb intervistojn\u00eb t\u00eb gjithe \u00a0te interesuarit \u00a0p\u00ebr t\u2019u pun\u00ebsuar. P\u00ebr \u00e7do aplikant koha e\u00a0 intervistimit do t\u00eb jet\u00eb rreth 15 minuta .<\/p>\n<p>Kompanit\u00eb do t\u00eb b\u00ebjn\u00eb nj\u00eb p\u00ebrzgjedhje paraprake n\u00eb list\u00ebn e punekerkuesve q\u00eb kan\u00eb aplikuar.<\/p>\n<p>Gjat\u00eb intervistave t\u00eb shumta do t\u00eb p\u00ebrzgjidhen ato\u00a0 t\u00eb cil\u00ebt do t\u2019i p\u00ebrgjigjen m\u00eb mir\u00eb pyetjeve t\u00eb shtruara dhe ata t\u00eb cil\u00ebt do t\u00eb rezultojn\u00eb t\u00eb duhurit do t\u00eb ken\u00eb shanse p\u00ebr tu pun\u00ebsuar.<\/p>\n<p>Te gjithe te interesuarit (Kompanite dhe personat Fizik)te kontaktojne ne kete adrese :<\/p>\n<p>&nbsp;<\/p>\n<p>Aplikimi do zgjate deri me daten 10 Prill 2014.<\/p>\n<p>&nbsp;<\/p>\n<p>Mbeshtetje ekskluzive : Komuna e Ulqinit , Entit per Punesim Ulqin, Televizioni Teuta , Biznis Klub Anamali, Asocioni UBA.<\/p>\n<p>Hotel Mediteran sjell ne hapesirat e Ulqinit nje prej sistemeve me te sukseshme te Shkodres , ne investimin e burimeve njerzore.<\/p>\n<p>&nbsp;<\/p>\n<p>Jeni te Mireseardhun !<\/p>\n<!--YouTube Error: bad URL entered-->\n","protected":false},"excerpt":{"rendered":"<p>NJOFTIM \u00a0 Hotel Mediteran ne bashkepunim me Organizaten Turistike dhe Qendren per \u00a0Zhvillim Ekonomik Ulqin \u00a0me dat\u00ebn 18 Prill , organizojn\u00eb n\u00eb ambjentet e hotelit \u00a0\u00a0\u201cPanairin e Pun\u00ebs 2014\u201d. Ky panair do t\u00eb sjell\u00eb p\u00ebrball\u00eb pun\u00ebdh\u00ebn\u00ebsit (nga subjekte t\u00eb ndryshme n\u00eb Komunen e Ulqinit) dhe te gjithe punekerkuesit e tjere t\u00eb cil\u00ebt p\u00ebrb\u00ebjn\u00eb kandidat\u00eb potencial [&hellip;]<\/p>\n","protected":false},"author":1,"featured_media":0,"comment_status":"closed","ping_status":"closed","sticky":false,"template":"","format":"standard","meta":{"spay_email":"","jetpack_publicize_message":"","jetpack_is_tweetstorm":false,"jetpack_publicize_feature_enabled":true},"categories":[15],"tags":[],"jetpack_publicize_connections":[],"yoast_head":"<!-- This site is optimized with the Yoast SEO plugin v19.1 - https:\/\/yoast.com\/wordpress\/plugins\/seo\/ -->\n<title>Panairi i pun\u00ebs me 18 Prill ne Ulqin - Hotel Mediteran -Video - Lajme nga Ulqini<\/title>\n<meta name=\"description\" content=\"NJOFTIM \u00a0 Hotel Mediteran ne bashkepunim me Organizaten Turistike dhe Qendren per \u00a0Zhvillim Ekonomik Ulqin \u00a0me dat\u00ebn 18 Prill , organizojn\u00eb n\u00eb ambjentet e\" \/>\n<meta name=\"robots\" content=\"index, follow, max-snippet:-1, max-image-preview:large, max-video-preview:-1\" \/>\n<link rel=\"canonical\" href=\"https:\/\/www.visit-ulcinj.com\/blog\/2014\/03\/24\/panairi-punes-18-prill-ne-ulqin-hotel-mediteran\/\" \/>\n<meta property=\"og:locale\" content=\"en_US\" \/>\n<meta property=\"og:type\" content=\"article\" \/>\n<meta property=\"og:title\" content=\"Panairi i pun\u00ebs me 18 Prill ne Ulqin - Hotel Mediteran -Video - Lajme nga Ulqini\" \/>\n<meta property=\"og:description\" content=\"NJOFTIM \u00a0 Hotel Mediteran ne bashkepunim me Organizaten Turistike dhe Qendren per \u00a0Zhvillim Ekonomik Ulqin \u00a0me dat\u00ebn 18 Prill , organizojn\u00eb n\u00eb ambjentet e\" \/>\n<meta property=\"og:url\" content=\"https:\/\/www.visit-ulcinj.com\/blog\/2014\/03\/24\/panairi-punes-18-prill-ne-ulqin-hotel-mediteran\/\" \/>\n<meta property=\"og:site_name\" content=\"Lajme nga Ulqini\" \/>\n<meta property=\"article:published_time\" content=\"2014-03-24T20:37:42+00:00\" \/>\n<meta property=\"article:modified_time\" content=\"2016-03-21T20:23:12+00:00\" \/>\n<meta name=\"twitter:label1\" content=\"Written by\" \/>\n\t<meta name=\"twitter:data1\" content=\"ulqini\" \/>\n\t<meta name=\"twitter:label2\" content=\"Est. reading time\" \/>\n\t<meta name=\"twitter:data2\" content=\"1 minute\" \/>\n<script type=\"application\/ld+json\" class=\"yoast-schema-graph\">{\"@context\":\"https:\/\/schema.org\",\"@graph\":[{\"@type\":\"WebSite\",\"@id\":\"https:\/\/www.visit-ulcinj.com\/blog\/#website\",\"url\":\"https:\/\/www.visit-ulcinj.com\/blog\/\",\"name\":\"Lajme nga Ulqini\",\"description\":\"Lajme,Vijesti,Ulqini,Ulqin,Crna Gora,Mali i Zi\",\"potentialAction\":[{\"@type\":\"SearchAction\",\"target\":{\"@type\":\"EntryPoint\",\"urlTemplate\":\"https:\/\/www.visit-ulcinj.com\/blog\/?s={search_term_string}\"},\"query-input\":\"required name=search_term_string\"}],\"inLanguage\":\"en-US\"},{\"@type\":\"WebPage\",\"@id\":\"https:\/\/www.visit-ulcinj.com\/blog\/2014\/03\/24\/panairi-punes-18-prill-ne-ulqin-hotel-mediteran\/#webpage\",\"url\":\"https:\/\/www.visit-ulcinj.com\/blog\/2014\/03\/24\/panairi-punes-18-prill-ne-ulqin-hotel-mediteran\/\",\"name\":\"Panairi i pun\u00ebs me 18 Prill ne Ulqin - Hotel Mediteran -Video - Lajme nga Ulqini\",\"isPartOf\":{\"@id\":\"https:\/\/www.visit-ulcinj.com\/blog\/#website\"},\"datePublished\":\"2014-03-24T20:37:42+00:00\",\"dateModified\":\"2016-03-21T20:23:12+00:00\",\"author\":{\"@id\":\"https:\/\/www.visit-ulcinj.com\/blog\/#\/schema\/person\/dcab619c614d3038751c63bc2aadc06d\"},\"description\":\"NJOFTIM \u00a0 Hotel Mediteran ne bashkepunim me Organizaten Turistike dhe Qendren per \u00a0Zhvillim Ekonomik Ulqin \u00a0me dat\u00ebn 18 Prill , organizojn\u00eb n\u00eb ambjentet e\",\"breadcrumb\":{\"@id\":\"https:\/\/www.visit-ulcinj.com\/blog\/2014\/03\/24\/panairi-punes-18-prill-ne-ulqin-hotel-mediteran\/#breadcrumb\"},\"inLanguage\":\"en-US\",\"potentialAction\":[{\"@type\":\"ReadAction\",\"target\":[\"https:\/\/www.visit-ulcinj.com\/blog\/2014\/03\/24\/panairi-punes-18-prill-ne-ulqin-hotel-mediteran\/\"]}]},{\"@type\":\"BreadcrumbList\",\"@id\":\"https:\/\/www.visit-ulcinj.com\/blog\/2014\/03\/24\/panairi-punes-18-prill-ne-ulqin-hotel-mediteran\/#breadcrumb\",\"itemListElement\":[{\"@type\":\"ListItem\",\"position\":1,\"name\":\"Panairi i pun\u00ebs me 18 Prill ne Ulqin &#8211; Hotel Mediteran -Video\"}]},{\"@type\":\"Person\",\"@id\":\"https:\/\/www.visit-ulcinj.com\/blog\/#\/schema\/person\/dcab619c614d3038751c63bc2aadc06d\",\"name\":\"ulqini\",\"sameAs\":[\"http:\/\/www.visit-ulcinj.com\"],\"url\":\"https:\/\/www.visit-ulcinj.com\/blog\/author\/admin\/\"}]}<\/script>\n<!-- \/ Yoast SEO plugin. -->","yoast_head_json":{"title":"Panairi i pun\u00ebs me 18 Prill ne Ulqin - Hotel Mediteran -Video - Lajme nga Ulqini","description":"NJOFTIM \u00a0 Hotel Mediteran ne bashkepunim me Organizaten Turistike dhe Qendren per \u00a0Zhvillim Ekonomik Ulqin \u00a0me dat\u00ebn 18 Prill , organizojn\u00eb n\u00eb ambjentet e","robots":{"index":"index","follow":"follow","max-snippet":"max-snippet:-1","max-image-preview":"max-image-preview:large","max-video-preview":"max-video-preview:-1"},"canonical":"https:\/\/www.visit-ulcinj.com\/blog\/2014\/03\/24\/panairi-punes-18-prill-ne-ulqin-hotel-mediteran\/","og_locale":"en_US","og_type":"article","og_title":"Panairi i pun\u00ebs me 18 Prill ne Ulqin - Hotel Mediteran -Video - Lajme nga Ulqini","og_description":"NJOFTIM \u00a0 Hotel Mediteran ne bashkepunim me Organizaten Turistike dhe Qendren per \u00a0Zhvillim Ekonomik Ulqin \u00a0me dat\u00ebn 18 Prill , organizojn\u00eb n\u00eb ambjentet e","og_url":"https:\/\/www.visit-ulcinj.com\/blog\/2014\/03\/24\/panairi-punes-18-prill-ne-ulqin-hotel-mediteran\/","og_site_name":"Lajme nga Ulqini","article_published_time":"2014-03-24T20:37:42+00:00","article_modified_time":"2016-03-21T20:23:12+00:00","twitter_misc":{"Written by":"ulqini","Est. reading time":"1 minute"},"schema":{"@context":"https:\/\/schema.org","@graph":[{"@type":"WebSite","@id":"https:\/\/www.visit-ulcinj.com\/blog\/#website","url":"https:\/\/www.visit-ulcinj.com\/blog\/","name":"Lajme nga Ulqini","description":"Lajme,Vijesti,Ulqini,Ulqin,Crna Gora,Mali i Zi","potentialAction":[{"@type":"SearchAction","target":{"@type":"EntryPoint","urlTemplate":"https:\/\/www.visit-ulcinj.com\/blog\/?s={search_term_string}"},"query-input":"required name=search_term_string"}],"inLanguage":"en-US"},{"@type":"WebPage","@id":"https:\/\/www.visit-ulcinj.com\/blog\/2014\/03\/24\/panairi-punes-18-prill-ne-ulqin-hotel-mediteran\/#webpage","url":"https:\/\/www.visit-ulcinj.com\/blog\/2014\/03\/24\/panairi-punes-18-prill-ne-ulqin-hotel-mediteran\/","name":"Panairi i pun\u00ebs me 18 Prill ne Ulqin - Hotel Mediteran -Video - Lajme nga Ulqini","isPartOf":{"@id":"https:\/\/www.visit-ulcinj.com\/blog\/#website"},"datePublished":"2014-03-24T20:37:42+00:00","dateModified":"2016-03-21T20:23:12+00:00","author":{"@id":"https:\/\/www.visit-ulcinj.com\/blog\/#\/schema\/person\/dcab619c614d3038751c63bc2aadc06d"},"description":"NJOFTIM \u00a0 Hotel Mediteran ne bashkepunim me Organizaten Turistike dhe Qendren per \u00a0Zhvillim Ekonomik Ulqin \u00a0me dat\u00ebn 18 Prill , organizojn\u00eb n\u00eb ambjentet e","breadcrumb":{"@id":"https:\/\/www.visit-ulcinj.com\/blog\/2014\/03\/24\/panairi-punes-18-prill-ne-ulqin-hotel-mediteran\/#breadcrumb"},"inLanguage":"en-US","potentialAction":[{"@type":"ReadAction","target":["https:\/\/www.visit-ulcinj.com\/blog\/2014\/03\/24\/panairi-punes-18-prill-ne-ulqin-hotel-mediteran\/"]}]},{"@type":"BreadcrumbList","@id":"https:\/\/www.visit-ulcinj.com\/blog\/2014\/03\/24\/panairi-punes-18-prill-ne-ulqin-hotel-mediteran\/#breadcrumb","itemListElement":[{"@type":"ListItem","position":1,"name":"Panairi i pun\u00ebs me 18 Prill ne Ulqin &#8211; Hotel Mediteran -Video"}]},{"@type":"Person","@id":"https:\/\/www.visit-ulcinj.com\/blog\/#\/schema\/person\/dcab619c614d3038751c63bc2aadc06d","name":"ulqini","sameAs":["http:\/\/www.visit-ulcinj.com"],"url":"https:\/\/www.visit-ulcinj.com\/blog\/author\/admin\/"}]}},"jetpack_featured_media_url":"","jetpack_sharing_enabled":true,"jetpack_shortlink":"https:\/\/wp.me\/pe6lTn-l4i","_links":{"self":[{"href":"https:\/\/www.visit-ulcinj.com\/blog\/wp-json\/wp\/v2\/posts\/80990"}],"collection":[{"href":"https:\/\/www.visit-ulcinj.com\/blog\/wp-json\/wp\/v2\/posts"}],"about":[{"href":"https:\/\/www.visit-ulcinj.com\/blog\/wp-json\/wp\/v2\/types\/post"}],"author":[{"embeddable":true,"href":"https:\/\/www.visit-ulcinj.com\/blog\/wp-json\/wp\/v2\/users\/1"}],"replies":[{"embeddable":true,"href":"https:\/\/www.visit-ulcinj.com\/blog\/wp-json\/wp\/v2\/comments?post=80990"}],"version-history":[{"count":3,"href":"https:\/\/www.visit-ulcinj.com\/blog\/wp-json\/wp\/v2\/posts\/80990\/revisions"}],"predecessor-version":[{"id":95378,"href":"https:\/\/www.visit-ulcinj.com\/blog\/wp-json\/wp\/v2\/posts\/80990\/revisions\/95378"}],"wp:attachment":[{"href":"https:\/\/www.visit-ulcinj.com\/blog\/wp-json\/wp\/v2\/media?parent=80990"}],"wp:term":[{"taxonomy":"category","embeddable":true,"href":"https:\/\/www.visit-ulcinj.com\/blog\/wp-json\/wp\/v2\/categories?post=80990"},{"taxonomy":"post_tag","embeddable":true,"href":"https:\/\/www.visit-ulcinj.com\/blog\/wp-json\/wp\/v2\/tags?post=80990"}],"curies":[{"name":"wp","href":"https:\/\/api.w.org\/{rel}","templated":true}]}}