{"id":80993,"date":"2014-03-25T10:00:01","date_gmt":"2014-03-25T09:00:01","guid":{"rendered":"http:\/\/www.visit-ulcinj.com\/blog\/?p=80993"},"modified":"2014-03-25T10:00:01","modified_gmt":"2014-03-25T09:00:01","slug":"flamingos-ubijen-na-ulcinjskoj-solani","status":"publish","type":"post","link":"https:\/\/www.visit-ulcinj.com\/blog\/2014\/03\/25\/flamingos-ubijen-na-ulcinjskoj-solani\/","title":{"rendered":"Flamingos ubijen na ulcinjskoj Solani"},"content":{"rendered":"<p><a href=\"http:\/\/www.visit-ulcinj.com\/blog\/wp-content\/uploads\/2014\/03\/Flamingos-ubijen-na-ulcinjskoj-Solani.jpg\"><img loading=\"lazy\" class=\"alignleft  wp-image-80994\" alt=\"Flamingos ubijen na ulcinjskoj Solani\" src=\"http:\/\/www.visit-ulcinj.com\/blog\/wp-content\/uploads\/2014\/03\/Flamingos-ubijen-na-ulcinjskoj-Solani.jpg\" width=\"508\" height=\"287\" \/><\/a>Na ulcinjskoj Solani ponovo ima krivolova, a iz Centra za za\u0161titu i prou\u010davanje ptica ka\u017eu da su u subotu prona\u0161li jednog ubijenog i jednog ranjenog flamingosa. Iz Centra su <em>Portalu Analitika <\/em>kazali da su njihove kolege iz Slovenije, koje svakodnevno prate prolje\u0107nu migraciju, prona\u0161li ubijanu pticu. Ovakvi doga\u0111aji dovode u pitanje organizovanje posmatranja ptica, a Crna Gora ima tu privilegiju da je jedna od rijetkih zemalja koje ljubitelji ptica posje\u0107uju u sve ve\u0107em broju, ka\u017eu u CZIP-u.<\/p>\n<p>Ova NVO tre\u0107u godinu za redom vr\u0161i monitoring krivolova na teritoriji op\u0161tine Ulcinj.<br \/>\nU posljednjih mjesec dana je primije\u0107en krivolov u bazenima solane i ptice su prepla\u0161ene, ka\u017eu u Centu. Oni nagla\u0161avaju da ulcinjska policija zbog nedovoljno ljudi nije u mogu\u0107nosti u potpunosti da isprati de\u0161avanja na Solani, te je CZIP-u te\u0161ko da se izbori sa ovakvim problemom. Stoga pozivaju sve zainteresovane da pomognu na terenu, a mogu se javiti <strong>na telefon 067207117<\/strong>.<\/p>\n<p>Terenska istraga podrazumijeva monitoring krivolova, pra\u0107enje tragova, tra\u017eenje \u010daura i svega \u0161to mo\u017ee pomo\u0107i da se utvrdi ko stoji iza ubijanja ptica.<br \/>\n<a href=\"http:\/\/www.visit-ulcinj.com\/blog\/wp-content\/uploads\/2014\/03\/flamingos.jpg\"><img loading=\"lazy\" class=\"alignleft  wp-image-80995\" alt=\"flamingos\" src=\"http:\/\/www.visit-ulcinj.com\/blog\/wp-content\/uploads\/2014\/03\/flamingos.jpg\" width=\"508\" height=\"360\" \/><\/a><br \/>\nU CZIP-u isti\u010du da smrt samo jedne ptice iz jata ili uporni pucnji \u0107e zauvijek otjerati flamingose, jer im je prije svega potreban mir.<\/p>\n<p><strong>Izvor: Analitika &#8211; Informativni Portal<\/strong><\/p>\n<!--YouTube Error: bad URL entered-->\n","protected":false},"excerpt":{"rendered":"<p>Na ulcinjskoj Solani ponovo ima krivolova, a iz Centra za za\u0161titu i prou\u010davanje ptica ka\u017eu da su u subotu prona\u0161li jednog ubijenog i jednog ranjenog flamingosa. Iz Centra su Portalu Analitika kazali da su njihove kolege iz Slovenije, koje svakodnevno prate prolje\u0107nu migraciju, prona\u0161li ubijanu pticu. Ovakvi doga\u0111aji dovode u pitanje organizovanje posmatranja ptica, a [&hellip;]<\/p>\n","protected":false},"author":1,"featured_media":0,"comment_status":"closed","ping_status":"closed","sticky":false,"template":"","format":"standard","meta":{"spay_email":"","jetpack_publicize_message":"","jetpack_is_tweetstorm":false,"jetpack_publicize_feature_enabled":true},"categories":[8337],"tags":[],"jetpack_publicize_connections":[],"yoast_head":"<!-- This site is optimized with the Yoast SEO plugin v19.1 - https:\/\/yoast.com\/wordpress\/plugins\/seo\/ -->\n<title>Flamingos ubijen na ulcinjskoj Solani - Lajme nga Ulqini<\/title>\n<meta name=\"description\" content=\"Na ulcinjskoj Solani ponovo ima krivolova, a iz Centra za za\u0161titu i prou\u010davanje ptica ka\u017eu da su u subotu prona\u0161li jednog ubijenog i jednog ranjenog\" \/>\n<meta name=\"robots\" content=\"index, follow, max-snippet:-1, max-image-preview:large, max-video-preview:-1\" \/>\n<link rel=\"canonical\" href=\"https:\/\/www.visit-ulcinj.com\/blog\/2014\/03\/25\/flamingos-ubijen-na-ulcinjskoj-solani\/\" \/>\n<meta property=\"og:locale\" content=\"en_US\" \/>\n<meta property=\"og:type\" content=\"article\" \/>\n<meta property=\"og:title\" content=\"Flamingos ubijen na ulcinjskoj Solani - Lajme nga Ulqini\" \/>\n<meta property=\"og:description\" content=\"Na ulcinjskoj Solani ponovo ima krivolova, a iz Centra za za\u0161titu i prou\u010davanje ptica ka\u017eu da su u subotu prona\u0161li jednog ubijenog i jednog ranjenog\" \/>\n<meta property=\"og:url\" content=\"https:\/\/www.visit-ulcinj.com\/blog\/2014\/03\/25\/flamingos-ubijen-na-ulcinjskoj-solani\/\" \/>\n<meta property=\"og:site_name\" content=\"Lajme nga Ulqini\" \/>\n<meta property=\"article:published_time\" content=\"2014-03-25T09:00:01+00:00\" \/>\n<meta property=\"og:image\" content=\"http:\/\/www.visit-ulcinj.com\/blog\/wp-content\/uploads\/2014\/03\/Flamingos-ubijen-na-ulcinjskoj-Solani.jpg\" \/>\n<meta name=\"twitter:label1\" content=\"Written by\" \/>\n\t<meta name=\"twitter:data1\" content=\"ulqini\" \/>\n\t<meta name=\"twitter:label2\" content=\"Est. reading time\" \/>\n\t<meta name=\"twitter:data2\" content=\"1 minute\" \/>\n<script type=\"application\/ld+json\" class=\"yoast-schema-graph\">{\"@context\":\"https:\/\/schema.org\",\"@graph\":[{\"@type\":\"WebSite\",\"@id\":\"https:\/\/www.visit-ulcinj.com\/blog\/#website\",\"url\":\"https:\/\/www.visit-ulcinj.com\/blog\/\",\"name\":\"Lajme nga Ulqini\",\"description\":\"Lajme,Vijesti,Ulqini,Ulqin,Crna Gora,Mali i Zi\",\"potentialAction\":[{\"@type\":\"SearchAction\",\"target\":{\"@type\":\"EntryPoint\",\"urlTemplate\":\"https:\/\/www.visit-ulcinj.com\/blog\/?s={search_term_string}\"},\"query-input\":\"required name=search_term_string\"}],\"inLanguage\":\"en-US\"},{\"@type\":\"ImageObject\",\"inLanguage\":\"en-US\",\"@id\":\"https:\/\/www.visit-ulcinj.com\/blog\/2014\/03\/25\/flamingos-ubijen-na-ulcinjskoj-solani\/#primaryimage\",\"url\":\"https:\/\/www.visit-ulcinj.com\/blog\/wp-content\/uploads\/2014\/03\/Flamingos-ubijen-na-ulcinjskoj-Solani.jpg\",\"contentUrl\":\"https:\/\/www.visit-ulcinj.com\/blog\/wp-content\/uploads\/2014\/03\/Flamingos-ubijen-na-ulcinjskoj-Solani.jpg\",\"width\":429,\"height\":287},{\"@type\":\"WebPage\",\"@id\":\"https:\/\/www.visit-ulcinj.com\/blog\/2014\/03\/25\/flamingos-ubijen-na-ulcinjskoj-solani\/#webpage\",\"url\":\"https:\/\/www.visit-ulcinj.com\/blog\/2014\/03\/25\/flamingos-ubijen-na-ulcinjskoj-solani\/\",\"name\":\"Flamingos ubijen na ulcinjskoj Solani - Lajme nga Ulqini\",\"isPartOf\":{\"@id\":\"https:\/\/www.visit-ulcinj.com\/blog\/#website\"},\"primaryImageOfPage\":{\"@id\":\"https:\/\/www.visit-ulcinj.com\/blog\/2014\/03\/25\/flamingos-ubijen-na-ulcinjskoj-solani\/#primaryimage\"},\"datePublished\":\"2014-03-25T09:00:01+00:00\",\"dateModified\":\"2014-03-25T09:00:01+00:00\",\"author\":{\"@id\":\"https:\/\/www.visit-ulcinj.com\/blog\/#\/schema\/person\/dcab619c614d3038751c63bc2aadc06d\"},\"description\":\"Na ulcinjskoj Solani ponovo ima krivolova, a iz Centra za za\u0161titu i prou\u010davanje ptica ka\u017eu da su u subotu prona\u0161li jednog ubijenog i jednog ranjenog\",\"breadcrumb\":{\"@id\":\"https:\/\/www.visit-ulcinj.com\/blog\/2014\/03\/25\/flamingos-ubijen-na-ulcinjskoj-solani\/#breadcrumb\"},\"inLanguage\":\"en-US\",\"potentialAction\":[{\"@type\":\"ReadAction\",\"target\":[\"https:\/\/www.visit-ulcinj.com\/blog\/2014\/03\/25\/flamingos-ubijen-na-ulcinjskoj-solani\/\"]}]},{\"@type\":\"BreadcrumbList\",\"@id\":\"https:\/\/www.visit-ulcinj.com\/blog\/2014\/03\/25\/flamingos-ubijen-na-ulcinjskoj-solani\/#breadcrumb\",\"itemListElement\":[{\"@type\":\"ListItem\",\"position\":1,\"name\":\"Flamingos ubijen na ulcinjskoj Solani\"}]},{\"@type\":\"Person\",\"@id\":\"https:\/\/www.visit-ulcinj.com\/blog\/#\/schema\/person\/dcab619c614d3038751c63bc2aadc06d\",\"name\":\"ulqini\",\"sameAs\":[\"http:\/\/www.visit-ulcinj.com\"],\"url\":\"https:\/\/www.visit-ulcinj.com\/blog\/author\/admin\/\"}]}<\/script>\n<!-- \/ Yoast SEO plugin. -->","yoast_head_json":{"title":"Flamingos ubijen na ulcinjskoj Solani - Lajme nga Ulqini","description":"Na ulcinjskoj Solani ponovo ima krivolova, a iz Centra za za\u0161titu i prou\u010davanje ptica ka\u017eu da su u subotu prona\u0161li jednog ubijenog i jednog ranjenog","robots":{"index":"index","follow":"follow","max-snippet":"max-snippet:-1","max-image-preview":"max-image-preview:large","max-video-preview":"max-video-preview:-1"},"canonical":"https:\/\/www.visit-ulcinj.com\/blog\/2014\/03\/25\/flamingos-ubijen-na-ulcinjskoj-solani\/","og_locale":"en_US","og_type":"article","og_title":"Flamingos ubijen na ulcinjskoj Solani - Lajme nga Ulqini","og_description":"Na ulcinjskoj Solani ponovo ima krivolova, a iz Centra za za\u0161titu i prou\u010davanje ptica ka\u017eu da su u subotu prona\u0161li jednog ubijenog i jednog ranjenog","og_url":"https:\/\/www.visit-ulcinj.com\/blog\/2014\/03\/25\/flamingos-ubijen-na-ulcinjskoj-solani\/","og_site_name":"Lajme nga Ulqini","article_published_time":"2014-03-25T09:00:01+00:00","og_image":[{"url":"http:\/\/www.visit-ulcinj.com\/blog\/wp-content\/uploads\/2014\/03\/Flamingos-ubijen-na-ulcinjskoj-Solani.jpg"}],"twitter_misc":{"Written by":"ulqini","Est. reading time":"1 minute"},"schema":{"@context":"https:\/\/schema.org","@graph":[{"@type":"WebSite","@id":"https:\/\/www.visit-ulcinj.com\/blog\/#website","url":"https:\/\/www.visit-ulcinj.com\/blog\/","name":"Lajme nga Ulqini","description":"Lajme,Vijesti,Ulqini,Ulqin,Crna Gora,Mali i Zi","potentialAction":[{"@type":"SearchAction","target":{"@type":"EntryPoint","urlTemplate":"https:\/\/www.visit-ulcinj.com\/blog\/?s={search_term_string}"},"query-input":"required name=search_term_string"}],"inLanguage":"en-US"},{"@type":"ImageObject","inLanguage":"en-US","@id":"https:\/\/www.visit-ulcinj.com\/blog\/2014\/03\/25\/flamingos-ubijen-na-ulcinjskoj-solani\/#primaryimage","url":"https:\/\/www.visit-ulcinj.com\/blog\/wp-content\/uploads\/2014\/03\/Flamingos-ubijen-na-ulcinjskoj-Solani.jpg","contentUrl":"https:\/\/www.visit-ulcinj.com\/blog\/wp-content\/uploads\/2014\/03\/Flamingos-ubijen-na-ulcinjskoj-Solani.jpg","width":429,"height":287},{"@type":"WebPage","@id":"https:\/\/www.visit-ulcinj.com\/blog\/2014\/03\/25\/flamingos-ubijen-na-ulcinjskoj-solani\/#webpage","url":"https:\/\/www.visit-ulcinj.com\/blog\/2014\/03\/25\/flamingos-ubijen-na-ulcinjskoj-solani\/","name":"Flamingos ubijen na ulcinjskoj Solani - Lajme nga Ulqini","isPartOf":{"@id":"https:\/\/www.visit-ulcinj.com\/blog\/#website"},"primaryImageOfPage":{"@id":"https:\/\/www.visit-ulcinj.com\/blog\/2014\/03\/25\/flamingos-ubijen-na-ulcinjskoj-solani\/#primaryimage"},"datePublished":"2014-03-25T09:00:01+00:00","dateModified":"2014-03-25T09:00:01+00:00","author":{"@id":"https:\/\/www.visit-ulcinj.com\/blog\/#\/schema\/person\/dcab619c614d3038751c63bc2aadc06d"},"description":"Na ulcinjskoj Solani ponovo ima krivolova, a iz Centra za za\u0161titu i prou\u010davanje ptica ka\u017eu da su u subotu prona\u0161li jednog ubijenog i jednog ranjenog","breadcrumb":{"@id":"https:\/\/www.visit-ulcinj.com\/blog\/2014\/03\/25\/flamingos-ubijen-na-ulcinjskoj-solani\/#breadcrumb"},"inLanguage":"en-US","potentialAction":[{"@type":"ReadAction","target":["https:\/\/www.visit-ulcinj.com\/blog\/2014\/03\/25\/flamingos-ubijen-na-ulcinjskoj-solani\/"]}]},{"@type":"BreadcrumbList","@id":"https:\/\/www.visit-ulcinj.com\/blog\/2014\/03\/25\/flamingos-ubijen-na-ulcinjskoj-solani\/#breadcrumb","itemListElement":[{"@type":"ListItem","position":1,"name":"Flamingos ubijen na ulcinjskoj Solani"}]},{"@type":"Person","@id":"https:\/\/www.visit-ulcinj.com\/blog\/#\/schema\/person\/dcab619c614d3038751c63bc2aadc06d","name":"ulqini","sameAs":["http:\/\/www.visit-ulcinj.com"],"url":"https:\/\/www.visit-ulcinj.com\/blog\/author\/admin\/"}]}},"jetpack_featured_media_url":"","jetpack_sharing_enabled":true,"jetpack_shortlink":"https:\/\/wp.me\/pe6lTn-l4l","_links":{"self":[{"href":"https:\/\/www.visit-ulcinj.com\/blog\/wp-json\/wp\/v2\/posts\/80993"}],"collection":[{"href":"https:\/\/www.visit-ulcinj.com\/blog\/wp-json\/wp\/v2\/posts"}],"about":[{"href":"https:\/\/www.visit-ulcinj.com\/blog\/wp-json\/wp\/v2\/types\/post"}],"author":[{"embeddable":true,"href":"https:\/\/www.visit-ulcinj.com\/blog\/wp-json\/wp\/v2\/users\/1"}],"replies":[{"embeddable":true,"href":"https:\/\/www.visit-ulcinj.com\/blog\/wp-json\/wp\/v2\/comments?post=80993"}],"version-history":[{"count":1,"href":"https:\/\/www.visit-ulcinj.com\/blog\/wp-json\/wp\/v2\/posts\/80993\/revisions"}],"predecessor-version":[{"id":80996,"href":"https:\/\/www.visit-ulcinj.com\/blog\/wp-json\/wp\/v2\/posts\/80993\/revisions\/80996"}],"wp:attachment":[{"href":"https:\/\/www.visit-ulcinj.com\/blog\/wp-json\/wp\/v2\/media?parent=80993"}],"wp:term":[{"taxonomy":"category","embeddable":true,"href":"https:\/\/www.visit-ulcinj.com\/blog\/wp-json\/wp\/v2\/categories?post=80993"},{"taxonomy":"post_tag","embeddable":true,"href":"https:\/\/www.visit-ulcinj.com\/blog\/wp-json\/wp\/v2\/tags?post=80993"}],"curies":[{"name":"wp","href":"https:\/\/api.w.org\/{rel}","templated":true}]}}