{"id":80997,"date":"2014-03-25T11:19:25","date_gmt":"2014-03-25T10:19:25","guid":{"rendered":"http:\/\/www.visit-ulcinj.com\/blog\/?p=80997"},"modified":"2014-03-25T12:21:52","modified_gmt":"2014-03-25T11:21:52","slug":"kush-eshte-vrasesi-flamingos-roze-ne-ulqin","status":"publish","type":"post","link":"https:\/\/www.visit-ulcinj.com\/blog\/2014\/03\/25\/kush-eshte-vrasesi-flamingos-roze-ne-ulqin\/","title":{"rendered":"Kush \u00ebsht\u00eb vras\u00ebsi i flamingos roz\u00eb n\u00eb Ulqin &#8211; Video"},"content":{"rendered":"<p><a href=\"http:\/\/www.visit-ulcinj.com\/blog\/wp-content\/uploads\/2014\/03\/Flamingos-ubijen-na-ulcinjskoj-Solani.jpg\"><img loading=\"lazy\" class=\"alignleft  wp-image-80994\" alt=\"Flamingos ubijen na ulcinjskoj Solani\" src=\"http:\/\/www.visit-ulcinj.com\/blog\/wp-content\/uploads\/2014\/03\/Flamingos-ubijen-na-ulcinjskoj-Solani.jpg\" width=\"508\" height=\"287\" \/><\/a>N\u00eb rethin e kripores se Ulqinit po behet d\u00ebmtimi\u00a0i ndjesh\u00ebm i faun\u00ebs t\u00eb zon\u00ebs s\u00eb flamingoseve roz\u00eb,ku \u00a0evidentohet\u00a0vazhdimi i gjuetis\u00eb\u00a0s\u00eb pakontrolluar\u00a0dhe me mjete shfaros\u00ebse, nj\u00eb fenomen i njohur\u00a0 prej vitesh. Duhet cekur se kan\u00eb munguar\u00a0masat kund\u00ebr k\u00ebtij fenomeni.<\/p>\n<p>Ky lajm\u00eb i vrasjes s\u00eb Flmingos roz\u00eb, ngjalli zem\u00ebrimin e shoqatave t\u00eb mbrojtjes s\u00eb kafsh\u00ebve dhe m\u00eb pas edhe t\u00eb\u00a0autoriteteve lokale dhe atyre nd\u00ebrkomb\u00ebtare.<\/p>\n<p>Ndon\u00ebse,\u00a0zhdukja e disa kafsh\u00ebve e shpend\u00ebve t\u00eb eg\u00ebr \u00ebsht\u00eb e dukshme\u00a0vazhdon n\u00eb p\u00ebrmasa t\u00eb m\u00ebdha\u00a0gjuetia nga\u00a0gjuetar\u00ebt\u00a0e ardhur nga rrethe t\u00eb tjera q\u00eb ushtrojn\u00eb at\u00eb gjat\u00eb\u00a0nat\u00ebs dhe me mjete shfaros\u00ebse.\u00a0Gjuetia pa kriter,\u00a0q\u00eb po vazhdon t\u00eb mos nd\u00ebshkohet, po sjell dal\u00ebngadal\u00eb humbjen e nj\u00eb pjese t\u00eb mir\u00eb t\u00eb faun\u00ebs n\u00eb viset tona.<br \/>\n<a href=\"http:\/\/www.visit-ulcinj.com\/blog\/wp-content\/uploads\/2014\/03\/flamingos.jpg\"><img loading=\"lazy\" class=\"alignleft  wp-image-80995\" alt=\"flamingos\" src=\"http:\/\/www.visit-ulcinj.com\/blog\/wp-content\/uploads\/2014\/03\/flamingos.jpg\" width=\"508\" height=\"360\" \/><\/a><\/p>\n<p>Nga Qendra p\u00ebr Mbrojtjen e Shpend\u00ebve \u00a0n\u00eb Mali t\u00eb \u00a0Zi thuhet se:&#8221; Duhet t\u00eb ndalohet automatikisht vrasja e kafsh\u00ebve dhe shpend\u00ebve pa kriter pasi ky fenomen po \u00e7on drejt zhdukjes s\u00eb shum\u00eb krijesave me vler\u00eb t\u00eb zon\u00ebs s\u00eb Ulqinit&#8221;.<\/p>\n<p>Kjo gjueti ilegale q\u00eb po kryhet n\u00eb nj\u00eb koh\u00eb t\u00eb pap\u00ebrshtatshme, ka b\u00ebr\u00eb q\u00eb kafsh\u00eb dhe shpend\u00eb karakteristike t\u00eb rajonit, t\u00eb zhduken dita \u2013 dit\u00ebs.<\/p>\n<p>Deri m\u00eb sot, pavar\u00ebsisht deklaratave t\u00eb kryera, si nga sh\u00ebrbimi pyjor por edhe nga policia e rendit, nuk ka asnj\u00eb person t\u00eb v\u00ebn\u00eb para drejt\u00ebsis\u00eb p\u00ebr shkat\u00ebrrimin e madh t\u00eb k\u00ebsaj pasurie q\u00eb ka qyteti jugor\u00eb i Ulqinit.<\/p>\n<p><strong>Ju thrasim p\u00ebr ndihm\u00eb q\u00eb t\u00eb ndalohet gjuetia e paligjshme n\u00eb telefon: 067207117<\/strong><\/p>\n<!--YouTube Error: bad URL entered-->\n","protected":false},"excerpt":{"rendered":"<p>N\u00eb rethin e kripores se Ulqinit po behet d\u00ebmtimi\u00a0i ndjesh\u00ebm i faun\u00ebs t\u00eb zon\u00ebs s\u00eb flamingoseve roz\u00eb,ku \u00a0evidentohet\u00a0vazhdimi i gjuetis\u00eb\u00a0s\u00eb pakontrolluar\u00a0dhe me mjete shfaros\u00ebse, nj\u00eb fenomen i njohur\u00a0 prej vitesh. Duhet cekur se kan\u00eb munguar\u00a0masat kund\u00ebr k\u00ebtij fenomeni. Ky lajm\u00eb i vrasjes s\u00eb Flmingos roz\u00eb, ngjalli zem\u00ebrimin e shoqatave t\u00eb mbrojtjes s\u00eb kafsh\u00ebve dhe m\u00eb [&hellip;]<\/p>\n","protected":false},"author":1,"featured_media":0,"comment_status":"closed","ping_status":"closed","sticky":false,"template":"","format":"standard","meta":{"spay_email":"","jetpack_publicize_message":"","jetpack_is_tweetstorm":false,"jetpack_publicize_feature_enabled":true},"categories":[1,11],"tags":[],"jetpack_publicize_connections":[],"yoast_head":"<!-- This site is optimized with the Yoast SEO plugin v19.1 - https:\/\/yoast.com\/wordpress\/plugins\/seo\/ -->\n<title>Kush \u00ebsht\u00eb vras\u00ebsi i flamingos roz\u00eb n\u00eb Ulqin - Video - Lajme nga Ulqini<\/title>\n<meta name=\"description\" content=\"N\u00eb rethin e kripores se Ulqinit po behet d\u00ebmtimi\u00a0i ndjesh\u00ebm i faun\u00ebs t\u00eb zon\u00ebs s\u00eb flamingoseve roz\u00eb,ku \u00a0evidentohet\u00a0vazhdimi i gjuetis\u00eb\u00a0s\u00eb\" \/>\n<meta name=\"robots\" content=\"index, follow, max-snippet:-1, max-image-preview:large, max-video-preview:-1\" \/>\n<link rel=\"canonical\" href=\"https:\/\/www.visit-ulcinj.com\/blog\/2014\/03\/25\/kush-eshte-vrasesi-flamingos-roze-ne-ulqin\/\" \/>\n<meta property=\"og:locale\" content=\"en_US\" \/>\n<meta property=\"og:type\" content=\"article\" \/>\n<meta property=\"og:title\" content=\"Kush \u00ebsht\u00eb vras\u00ebsi i flamingos roz\u00eb n\u00eb Ulqin - Video - Lajme nga Ulqini\" \/>\n<meta property=\"og:description\" content=\"N\u00eb rethin e kripores se Ulqinit po behet d\u00ebmtimi\u00a0i ndjesh\u00ebm i faun\u00ebs t\u00eb zon\u00ebs s\u00eb flamingoseve roz\u00eb,ku \u00a0evidentohet\u00a0vazhdimi i gjuetis\u00eb\u00a0s\u00eb\" \/>\n<meta property=\"og:url\" content=\"https:\/\/www.visit-ulcinj.com\/blog\/2014\/03\/25\/kush-eshte-vrasesi-flamingos-roze-ne-ulqin\/\" \/>\n<meta property=\"og:site_name\" content=\"Lajme nga Ulqini\" \/>\n<meta property=\"article:published_time\" content=\"2014-03-25T10:19:25+00:00\" \/>\n<meta property=\"article:modified_time\" content=\"2014-03-25T11:21:52+00:00\" \/>\n<meta property=\"og:image\" content=\"http:\/\/www.visit-ulcinj.com\/blog\/wp-content\/uploads\/2014\/03\/Flamingos-ubijen-na-ulcinjskoj-Solani.jpg\" \/>\n<meta name=\"twitter:label1\" content=\"Written by\" \/>\n\t<meta name=\"twitter:data1\" content=\"ulqini\" \/>\n\t<meta name=\"twitter:label2\" content=\"Est. reading time\" \/>\n\t<meta name=\"twitter:data2\" content=\"1 minute\" \/>\n<script type=\"application\/ld+json\" class=\"yoast-schema-graph\">{\"@context\":\"https:\/\/schema.org\",\"@graph\":[{\"@type\":\"WebSite\",\"@id\":\"https:\/\/www.visit-ulcinj.com\/blog\/#website\",\"url\":\"https:\/\/www.visit-ulcinj.com\/blog\/\",\"name\":\"Lajme nga Ulqini\",\"description\":\"Lajme,Vijesti,Ulqini,Ulqin,Crna Gora,Mali i Zi\",\"potentialAction\":[{\"@type\":\"SearchAction\",\"target\":{\"@type\":\"EntryPoint\",\"urlTemplate\":\"https:\/\/www.visit-ulcinj.com\/blog\/?s={search_term_string}\"},\"query-input\":\"required name=search_term_string\"}],\"inLanguage\":\"en-US\"},{\"@type\":\"ImageObject\",\"inLanguage\":\"en-US\",\"@id\":\"https:\/\/www.visit-ulcinj.com\/blog\/2014\/03\/25\/kush-eshte-vrasesi-flamingos-roze-ne-ulqin\/#primaryimage\",\"url\":\"https:\/\/www.visit-ulcinj.com\/blog\/wp-content\/uploads\/2014\/03\/Flamingos-ubijen-na-ulcinjskoj-Solani.jpg\",\"contentUrl\":\"https:\/\/www.visit-ulcinj.com\/blog\/wp-content\/uploads\/2014\/03\/Flamingos-ubijen-na-ulcinjskoj-Solani.jpg\",\"width\":429,\"height\":287},{\"@type\":\"WebPage\",\"@id\":\"https:\/\/www.visit-ulcinj.com\/blog\/2014\/03\/25\/kush-eshte-vrasesi-flamingos-roze-ne-ulqin\/#webpage\",\"url\":\"https:\/\/www.visit-ulcinj.com\/blog\/2014\/03\/25\/kush-eshte-vrasesi-flamingos-roze-ne-ulqin\/\",\"name\":\"Kush \u00ebsht\u00eb vras\u00ebsi i flamingos roz\u00eb n\u00eb Ulqin - Video - Lajme nga Ulqini\",\"isPartOf\":{\"@id\":\"https:\/\/www.visit-ulcinj.com\/blog\/#website\"},\"primaryImageOfPage\":{\"@id\":\"https:\/\/www.visit-ulcinj.com\/blog\/2014\/03\/25\/kush-eshte-vrasesi-flamingos-roze-ne-ulqin\/#primaryimage\"},\"datePublished\":\"2014-03-25T10:19:25+00:00\",\"dateModified\":\"2014-03-25T11:21:52+00:00\",\"author\":{\"@id\":\"https:\/\/www.visit-ulcinj.com\/blog\/#\/schema\/person\/dcab619c614d3038751c63bc2aadc06d\"},\"description\":\"N\u00eb rethin e kripores se Ulqinit po behet d\u00ebmtimi\u00a0i ndjesh\u00ebm i faun\u00ebs t\u00eb zon\u00ebs s\u00eb flamingoseve roz\u00eb,ku \u00a0evidentohet\u00a0vazhdimi i gjuetis\u00eb\u00a0s\u00eb\",\"breadcrumb\":{\"@id\":\"https:\/\/www.visit-ulcinj.com\/blog\/2014\/03\/25\/kush-eshte-vrasesi-flamingos-roze-ne-ulqin\/#breadcrumb\"},\"inLanguage\":\"en-US\",\"potentialAction\":[{\"@type\":\"ReadAction\",\"target\":[\"https:\/\/www.visit-ulcinj.com\/blog\/2014\/03\/25\/kush-eshte-vrasesi-flamingos-roze-ne-ulqin\/\"]}]},{\"@type\":\"BreadcrumbList\",\"@id\":\"https:\/\/www.visit-ulcinj.com\/blog\/2014\/03\/25\/kush-eshte-vrasesi-flamingos-roze-ne-ulqin\/#breadcrumb\",\"itemListElement\":[{\"@type\":\"ListItem\",\"position\":1,\"name\":\"Kush \u00ebsht\u00eb vras\u00ebsi i flamingos roz\u00eb n\u00eb Ulqin &#8211; Video\"}]},{\"@type\":\"Person\",\"@id\":\"https:\/\/www.visit-ulcinj.com\/blog\/#\/schema\/person\/dcab619c614d3038751c63bc2aadc06d\",\"name\":\"ulqini\",\"sameAs\":[\"http:\/\/www.visit-ulcinj.com\"],\"url\":\"https:\/\/www.visit-ulcinj.com\/blog\/author\/admin\/\"}]}<\/script>\n<!-- \/ Yoast SEO plugin. -->","yoast_head_json":{"title":"Kush \u00ebsht\u00eb vras\u00ebsi i flamingos roz\u00eb n\u00eb Ulqin - Video - Lajme nga Ulqini","description":"N\u00eb rethin e kripores se Ulqinit po behet d\u00ebmtimi\u00a0i ndjesh\u00ebm i faun\u00ebs t\u00eb zon\u00ebs s\u00eb flamingoseve roz\u00eb,ku \u00a0evidentohet\u00a0vazhdimi i gjuetis\u00eb\u00a0s\u00eb","robots":{"index":"index","follow":"follow","max-snippet":"max-snippet:-1","max-image-preview":"max-image-preview:large","max-video-preview":"max-video-preview:-1"},"canonical":"https:\/\/www.visit-ulcinj.com\/blog\/2014\/03\/25\/kush-eshte-vrasesi-flamingos-roze-ne-ulqin\/","og_locale":"en_US","og_type":"article","og_title":"Kush \u00ebsht\u00eb vras\u00ebsi i flamingos roz\u00eb n\u00eb Ulqin - Video - Lajme nga Ulqini","og_description":"N\u00eb rethin e kripores se Ulqinit po behet d\u00ebmtimi\u00a0i ndjesh\u00ebm i faun\u00ebs t\u00eb zon\u00ebs s\u00eb flamingoseve roz\u00eb,ku \u00a0evidentohet\u00a0vazhdimi i gjuetis\u00eb\u00a0s\u00eb","og_url":"https:\/\/www.visit-ulcinj.com\/blog\/2014\/03\/25\/kush-eshte-vrasesi-flamingos-roze-ne-ulqin\/","og_site_name":"Lajme nga Ulqini","article_published_time":"2014-03-25T10:19:25+00:00","article_modified_time":"2014-03-25T11:21:52+00:00","og_image":[{"url":"http:\/\/www.visit-ulcinj.com\/blog\/wp-content\/uploads\/2014\/03\/Flamingos-ubijen-na-ulcinjskoj-Solani.jpg"}],"twitter_misc":{"Written by":"ulqini","Est. reading time":"1 minute"},"schema":{"@context":"https:\/\/schema.org","@graph":[{"@type":"WebSite","@id":"https:\/\/www.visit-ulcinj.com\/blog\/#website","url":"https:\/\/www.visit-ulcinj.com\/blog\/","name":"Lajme nga Ulqini","description":"Lajme,Vijesti,Ulqini,Ulqin,Crna Gora,Mali i Zi","potentialAction":[{"@type":"SearchAction","target":{"@type":"EntryPoint","urlTemplate":"https:\/\/www.visit-ulcinj.com\/blog\/?s={search_term_string}"},"query-input":"required name=search_term_string"}],"inLanguage":"en-US"},{"@type":"ImageObject","inLanguage":"en-US","@id":"https:\/\/www.visit-ulcinj.com\/blog\/2014\/03\/25\/kush-eshte-vrasesi-flamingos-roze-ne-ulqin\/#primaryimage","url":"https:\/\/www.visit-ulcinj.com\/blog\/wp-content\/uploads\/2014\/03\/Flamingos-ubijen-na-ulcinjskoj-Solani.jpg","contentUrl":"https:\/\/www.visit-ulcinj.com\/blog\/wp-content\/uploads\/2014\/03\/Flamingos-ubijen-na-ulcinjskoj-Solani.jpg","width":429,"height":287},{"@type":"WebPage","@id":"https:\/\/www.visit-ulcinj.com\/blog\/2014\/03\/25\/kush-eshte-vrasesi-flamingos-roze-ne-ulqin\/#webpage","url":"https:\/\/www.visit-ulcinj.com\/blog\/2014\/03\/25\/kush-eshte-vrasesi-flamingos-roze-ne-ulqin\/","name":"Kush \u00ebsht\u00eb vras\u00ebsi i flamingos roz\u00eb n\u00eb Ulqin - Video - Lajme nga Ulqini","isPartOf":{"@id":"https:\/\/www.visit-ulcinj.com\/blog\/#website"},"primaryImageOfPage":{"@id":"https:\/\/www.visit-ulcinj.com\/blog\/2014\/03\/25\/kush-eshte-vrasesi-flamingos-roze-ne-ulqin\/#primaryimage"},"datePublished":"2014-03-25T10:19:25+00:00","dateModified":"2014-03-25T11:21:52+00:00","author":{"@id":"https:\/\/www.visit-ulcinj.com\/blog\/#\/schema\/person\/dcab619c614d3038751c63bc2aadc06d"},"description":"N\u00eb rethin e kripores se Ulqinit po behet d\u00ebmtimi\u00a0i ndjesh\u00ebm i faun\u00ebs t\u00eb zon\u00ebs s\u00eb flamingoseve roz\u00eb,ku \u00a0evidentohet\u00a0vazhdimi i gjuetis\u00eb\u00a0s\u00eb","breadcrumb":{"@id":"https:\/\/www.visit-ulcinj.com\/blog\/2014\/03\/25\/kush-eshte-vrasesi-flamingos-roze-ne-ulqin\/#breadcrumb"},"inLanguage":"en-US","potentialAction":[{"@type":"ReadAction","target":["https:\/\/www.visit-ulcinj.com\/blog\/2014\/03\/25\/kush-eshte-vrasesi-flamingos-roze-ne-ulqin\/"]}]},{"@type":"BreadcrumbList","@id":"https:\/\/www.visit-ulcinj.com\/blog\/2014\/03\/25\/kush-eshte-vrasesi-flamingos-roze-ne-ulqin\/#breadcrumb","itemListElement":[{"@type":"ListItem","position":1,"name":"Kush \u00ebsht\u00eb vras\u00ebsi i flamingos roz\u00eb n\u00eb Ulqin &#8211; Video"}]},{"@type":"Person","@id":"https:\/\/www.visit-ulcinj.com\/blog\/#\/schema\/person\/dcab619c614d3038751c63bc2aadc06d","name":"ulqini","sameAs":["http:\/\/www.visit-ulcinj.com"],"url":"https:\/\/www.visit-ulcinj.com\/blog\/author\/admin\/"}]}},"jetpack_featured_media_url":"","jetpack_sharing_enabled":true,"jetpack_shortlink":"https:\/\/wp.me\/pe6lTn-l4p","_links":{"self":[{"href":"https:\/\/www.visit-ulcinj.com\/blog\/wp-json\/wp\/v2\/posts\/80997"}],"collection":[{"href":"https:\/\/www.visit-ulcinj.com\/blog\/wp-json\/wp\/v2\/posts"}],"about":[{"href":"https:\/\/www.visit-ulcinj.com\/blog\/wp-json\/wp\/v2\/types\/post"}],"author":[{"embeddable":true,"href":"https:\/\/www.visit-ulcinj.com\/blog\/wp-json\/wp\/v2\/users\/1"}],"replies":[{"embeddable":true,"href":"https:\/\/www.visit-ulcinj.com\/blog\/wp-json\/wp\/v2\/comments?post=80997"}],"version-history":[{"count":2,"href":"https:\/\/www.visit-ulcinj.com\/blog\/wp-json\/wp\/v2\/posts\/80997\/revisions"}],"predecessor-version":[{"id":80999,"href":"https:\/\/www.visit-ulcinj.com\/blog\/wp-json\/wp\/v2\/posts\/80997\/revisions\/80999"}],"wp:attachment":[{"href":"https:\/\/www.visit-ulcinj.com\/blog\/wp-json\/wp\/v2\/media?parent=80997"}],"wp:term":[{"taxonomy":"category","embeddable":true,"href":"https:\/\/www.visit-ulcinj.com\/blog\/wp-json\/wp\/v2\/categories?post=80997"},{"taxonomy":"post_tag","embeddable":true,"href":"https:\/\/www.visit-ulcinj.com\/blog\/wp-json\/wp\/v2\/tags?post=80997"}],"curies":[{"name":"wp","href":"https:\/\/api.w.org\/{rel}","templated":true}]}}