{"id":81,"date":"2008-01-07T17:16:24","date_gmt":"2008-01-07T22:16:24","guid":{"rendered":"http:\/\/www.visit-ulcinj.com\/blog\/2008\/01\/07\/shpejtove-miku-im-dhe-e-anashkalove-dukurine\/"},"modified":"2008-02-12T18:07:40","modified_gmt":"2008-02-12T23:07:40","slug":"shpejtove-miku-im-dhe-e-anashkalove-dukurine","status":"publish","type":"post","link":"https:\/\/www.visit-ulcinj.com\/blog\/2008\/01\/07\/shpejtove-miku-im-dhe-e-anashkalove-dukurine\/","title":{"rendered":"Shpejtove, miku im, dhe e anashkalove dukurin\u00eb"},"content":{"rendered":"<p align=\"left\"><img loading=\"lazy\" src=\"http:\/\/www.visit-ulcinj.com\/blog\/wp-content\/uploads\/2008\/01\/met-gjoni.thumbnail.jpg\" align=\"left\" height=\"128\" hspace=\"2\" vspace=\"2\" width=\"99\" \/><span style=\"font-family: Times New Roman\"><font face=\"Arial, Helvetica, sans-serif\" size=\"5\"><strong>Polemik\u00eb<br \/>\n<\/strong><\/font><\/span><\/p>\n<p><span style=\"font-size: 12pt; font-family: 'Times New Roman'\"><\/span><span><font face=\"Verdana\" size=\"2\">Ishte dit\u00eb feste dhe posa isha kthyer nga vendlindja, ku isha n\u00eb vizit\u00eb te t\u00eb af\u00ebrmit e mi. Para muzgut ra telefoni, dhe ja, nj\u00eb mik imi, gazetar, m\u00eb njoftoi p\u00ebr reagimin dhe nj\u00ebkoh\u00ebsisht m\u00eb tha se Radio Ulqini ka organizuar emision special<\/font><\/span><!--more--><span><font face=\"Verdana\" size=\"2\"> kushtuar figur\u00ebs s\u00eb Gjergj Gjokaj-t dhe se gjendet n\u00eb arkivin e Radios. E<\/font><\/span><span><font face=\"Verdana\" size=\"2\"> fal\u00ebnderova dhe dola t\u00eb marr gazet\u00ebn. Mendova, si \u00ebsht\u00eb e mundur q\u00eb miku im, Nikolla, nuk m\u00eb ka njoftuar se do t\u00eb reagoj\u00eb n\u00eb tekstin tim, dhe se \u00e7ka do t\u00eb ishte tem\u00eb dhe q\u00ebllim i reagimit.<br \/>\nNga titulli i artikullit pash\u00eb se miku im, Nikolla, s`ia kishte takuar fare asaj q\u00eb un\u00eb t\u00ebr\u00eb koh\u00ebn isha munduar t\u00eb paraqes n\u00eb tekstin tim &#8211; nj\u00eb dukuri negative e cila p\u00ebr fat t\u00eb keq po e p\u00ebrcjell Mal\u00ebsin\u00eb koh\u00ebve t\u00eb fundit dhe e cila po thellohet vazhdimisht.<br \/>\nMiku im, Nikolla, kryek\u00ebput ishte marr\u00eb me kronologjin\u00eb e aktiviteteve t\u00eb organizuara p\u00ebr veprimtarin e shquar, Gjergj Gjokaj.<br \/>\nNga respekti p\u00ebr t\u00eb ndjerin Gjergj, nuk dua t\u00eb polemizoj me rastin konkret, se nuk kam d\u00ebshir\u00eb q\u00eb emri i nj\u00eb njeriu q\u00eb luftoi ndarjet n\u00eb p\u00ebrgjith\u00ebsi, e ato konfesionale n\u00eb ve\u00e7anti, t\u00eb shfryt\u00ebzohet p\u00ebr k\u00ebt\u00eb shkrim, t\u00eb cilin nuk do ta quaja as reagim por nj\u00eb apel drejtuar gjith\u00eb atyre q\u00eb kjo dukuri i brengos\u00eb dhe jane t\u00eb gatsh\u00ebm q\u00eb t\u00eb nd\u00ebrmarrin hapa konkret\u00eb n\u00eb zhdukjen e nj\u00eb sindromi me pasoja te pad\u00ebshiruara p\u00ebr t\u00eb gjith\u00eb ne.<br \/>\nMiku im, Nikolla, po t\u00eb kishte dashur t\u00eb v\u00ebrej\u00eb at\u00eb q\u00eb i ndjeri Gjergj v\u00ebrejti me rastin e zbulimit t\u00eb trupores s\u00eb N\u00ebn\u00eb Terez\u00ebs, nuk do t\u00eb mundohej me \u00e7do kusht t\u00eb mbroj\u00eb at\u00eb q\u00eb syri leht\u00eb e ka dalluar. \u00c7udit\u00ebrisht k\u00ebt\u00eb nuk ka mund ta v\u00ebrej\u00eb as n\u00eb in\u00e7izimin e kameramanit t\u00eb TV-Boin-it.<br \/>\nMiku im, Nikoll\u00eb, n\u00eb shkrimin tim, \u00e7dokush ka mundur t\u00eb p\u00ebrcaktoj\u00eb q\u00ebllimin e reagimit tim dhe asnj\u00ebher\u00eb nuk jam munduar t\u00eb mohoj at\u00eb q\u00eb ju keni b\u00ebr\u00eb p\u00ebr figur\u00ebn e t\u00eb ndjerit Gjergj, nga momenti i vdekjes gjer m\u00eb sot. Po e them edhe tani, se \u00ebsht\u00eb p\u00ebr t`u lavd\u00ebruar puna q\u00eb keni b\u00ebr\u00eb ju p\u00ebr k\u00ebt\u00eb periudh\u00eb. N\u00eb an\u00ebn tjet\u00ebr dua t\u00eb them edhe at\u00eb, q\u00eb periudh\u00ebs nga viti `90 gjer n\u00eb vitin `97 , q\u00eb ishte periudh\u00eb mjaft e r\u00ebnd\u00ebsishme p\u00ebr shqiptar\u00ebt n\u00eb Mal t\u00eb Zi, kur un\u00eb bashk\u00ebpunova me t\u00eb ndjerin Gjergj, nuk i \u00ebsht\u00eb kushtuar r\u00ebnd\u00ebsi e posa\u00e7me. Gjysma e dyt\u00eb e viteve `90 \u00ebsht\u00eb mjaft e trazuar, njer\u00ebzit p\u00ebrcilleshin hap pas hapi, nd\u00ebrsa aktivitetet e intelektual\u00ebve n\u00eb trevat shqiptare studjoheshin nga sistemi i at\u00ebhersh\u00ebm ende monist. Ishte v\u00ebshtir\u00eb t`i tubosh intelektual\u00ebt, sepse ekzistonte friga nga pasojat q\u00eb mund t\u00eb kishin. K\u00ebtu dua t\u00eb p\u00ebrmend kontributin e madh q\u00eb dha Shoqata Kulturo Artistike &#8220;Mal\u00ebsia&#8221; me koncertet e veta n\u00eb t\u00ebr\u00eb trevat e banuara me shqiptar\u00eb. Njer\u00ebzit u tubuan, sallat u mbush\u00ebn plot e p\u00ebrplot, guximi filloi tia z\u00ebj\u00eb vendin frik\u00ebs, edhe pse syri i pushtetit vazhdonte t\u00eb v\u00ebshtronte dukurit\u00eb e reja. M\u00eb kujtohet nj\u00eb koncert q\u00eb u mbajt n\u00eb Ulqin n\u00eb sall\u00ebn verore n\u00eb Ran\u00eb. Gjat\u00eb koncertit, nga lart, pra nga p\u00ebrmendorja, na gjuanin me gur. Kjo dhe shiu q\u00eb filloi m\u00eb von\u00eb, jo q\u00eb nuk e larguan popullin, por ata q\u00ebndruan besnik\u00eb deri n\u00eb fund t\u00eb koncertit, duke u duartrokitur k\u00ebng\u00ebtar\u00ebve patriot\u00eb shqiptar\u00eb. E them me plot z\u00eb k\u00ebt\u00eb, sepse k\u00ebndoheshin k\u00ebng\u00eb patriotike dhe at\u00eb p\u00ebr t\u00eb par\u00ebn her\u00eb n\u00eb k\u00ebto treva. Pra, n\u00eb k\u00ebt\u00eb koh\u00eb dhe n\u00eb k\u00ebto rrethana jan\u00eb mbajtur mbledhjet parap\u00ebrgatitore p\u00ebr themelimin e asociacionit t\u00eb par\u00eb shqiptar, pra Forumit Demokratik dhe subjektet e tjera politike shqiptare. Kjo me siguri ka ndodh\u00eb ngase nuk k\u00ebrkuat informacione t\u00eb holl\u00ebsishme nga ata me t\u00eb cil\u00ebt Gjergji bashk\u00ebpunoi vite me radh\u00eb.<br \/>\nSe sa un\u00eb e nderova Gjergjin p\u00ebr s\u00eb gjalli dhe \u00e7far\u00eb b\u00ebm\u00eb p\u00ebr periudh\u00ebn shtat\u00ebvje\u00e7are nuk ju interesoi fare, edhe pse un\u00eb z. Fran i ofrova bashk\u00ebpunim. Ai mu p\u00ebrgjigj se &#8220;nuk planifikojm\u00eb t\u00eb b\u00ebjm\u00eb ndonj\u00eb publikim t\u00eb ve\u00e7ant\u00eb p\u00ebr k\u00ebt\u00eb&#8221;. Bile ua d\u00ebrgova edhe nj\u00eb fotografi, ndoshta pak me vones\u00eb, por e cila nuk gjeti vend n\u00eb publikimin tuaj. Un\u00eb p\u00ebr k\u00ebt\u00eb as q\u00eb kisha d\u00ebshir\u00eb t\u00eb flisja, por ma imponuat.<br \/>\nMund t\u00eb them se kur Gjergji vinte n\u00eb Ulqin destinacioni kryesor ishte sht\u00ebpia ime, ku edhe i mbanim t\u00eb gjitha mbledhjet p\u00ebrgatitore, hartonim kumtesa p\u00ebr opinion si dhe mbanim mbledhjet e Kryesis\u00eb s\u00eb Forumit Demokratik, ku n\u00eb mes t\u00eb tjer\u00ebve b\u00ebnin pjes\u00eb: i ndjeri Elez Nikeziqi, Shaban Dollaku, Mustaf\u00eb \u00c7apuni, Nik\u00eb Palkola e Elez Lamoja, i ndjeri Sulejman Gjoni etj.. Gjergji ishte mir\u00ebnjoh\u00ebs p\u00ebr t\u00eb gjitha dhe sa her\u00eb q\u00eb t\u00eb tjer\u00ebt e ftonin, ai thoshte se &#8220;un\u00eb m\u00eb s\u00eb miri ndihem te Meti, meq\u00eb bashk\u00ebshortja e tij \u00ebsht\u00eb nga Mal\u00ebsia dhe mbes\u00eb e Gjokajve&#8221;.<br \/>\nEdhe kur ishte n\u00eb spitalin e Kamenic\u00ebs kontaktoja me t\u00eb ose me familje p\u00ebr \u00e7do dit\u00eb. Un\u00eb jam i lumtur p\u00ebr bashk\u00ebpunimin korekt dhe miq\u00ebsor si dhe p\u00ebr at\u00eb q\u00eb b\u00ebra p\u00ebr nj\u00eb personalitet si\u00e7 ishte Gjergji. P\u00ebr, k\u00ebt\u00eb do t\u00eb duhej t\u00eb flasin ata t\u00eb cil\u00ebt her\u00ebpashere merrnin pjes\u00eb n\u00eb aktivitetet e asociacioneve t\u00eb at\u00ebhershme shqiptare. K\u00ebta i ke t\u00eb njohura edhe ti, Nikoll\u00eb, si an\u00ebtar i Forumit.<br \/>\nUn\u00eb n\u00eb tekstin tim e kam cekur se rasti i Akademis\u00eb p\u00ebrkujtimore, \u00ebsht\u00eb marr\u00eb si rast drastik, ku nuk \u00ebsht\u00eb dashur t\u00eb ndodh\u00eb kjo dukuri e sh\u00ebmtuar. Pothuajse n\u00eb fund t\u00eb tekstit theksova se ky ka qen\u00eb nj\u00eb l\u00ebshim dhe se ndasit\u00eb datojn\u00eb m\u00eb heret, dhe se fajtor\u00eb jemi t\u00eb gjith\u00eb ne etj. etj. Heshtja dhe zhytja e kok\u00ebs n\u00eb r\u00ebr\u00eb, p\u00ebr k\u00ebt\u00eb dukuri, do t\u00eb jet\u00eb edhe m\u00eb e rrezikshme. Kjo ka t\u00eb b\u00ebj\u00eb jo vet\u00ebm me rastin konkret, por, p\u00ebr dukurin\u00eb e p\u00ebrmendur<br \/>\nn\u00eb p\u00ebrgjith\u00ebsi.<br \/>\nKomentet e intelektual\u00ebve p\u00ebr k\u00ebt\u00eb tekst, sidomos nga Mal\u00ebsia, kan\u00eb qen\u00eb se e ke v\u00ebrejtur nj\u00eb dukuri dhe pajtohen me at\u00eb q\u00eb duhet luftuar me t\u00eb gjitha mjetet.<br \/>\nKuptoj, miku im, se ti, si nj\u00ebri nga organizator\u00ebt, e ke komentuar Akademin\u00eb p\u00ebrkujtimonre ashtu si\u00e7 e e ke konceptuar ti, por nuk duhet harruar at\u00eb, se ata q\u00eb jan\u00eb anash v\u00ebrejn\u00eb m\u00eb shum\u00eb, si\u00e7 ndodh psh. edhe n\u00eb loj\u00ebn e shahut, apo, jo.<br \/>\n\u00c7udit fakti se shum\u00eb pak, p\u00ebr t\u00eb mos th\u00ebn\u00eb aspak, nuk je marr\u00eb me m\u00ebnyr\u00ebn e evitimit t\u00eb dukuris\u00eb q\u00eb po merr p\u00ebrmasa marramend\u00ebse. Nd\u00ebrkaq poenta ime ishte pik\u00ebrisht aty, te gjetja e m\u00ebnyr\u00ebs s\u00eb evitimit s\u00eb k\u00ebsaj dukurie. K\u00ebt\u00eb e kam b\u00ebr\u00eb kurdo dhe kudo q\u00eb kam patur mund\u00ebsi . Pra, nuk q\u00ebndron fakti se nuk e kam ngritur z\u00ebrin p\u00ebr at\u00eb q\u00eb ka ndodhur n\u00eb Unionin Demokratik, n\u00eb deg\u00ebn e Mal\u00ebsis\u00eb. Kam sygjeruar q\u00eb t\u00eb mos b\u00ebjm\u00eb nd\u00ebrrime kadrovike p\u00ebr ato zgjedhje dhe jam i bindur se po t\u00eb m\u00eb kishin d\u00ebgjuar miqt\u00eb e mi nga Mal\u00ebsia, pun\u00ebt do t\u00eb kishin rrjedhur krejt ndryshe. Se q\u00ebllimi im ishte n\u00eb t\u00eb mir\u00ebn e mal\u00ebsorve dhe nj\u00ebkoh\u00ebsisht t\u00eb krejt subjektit politik, d\u00ebshmon edhe miq\u00ebsia ime e vazhduar me t\u00eb gjith\u00eb mal\u00ebsor\u00ebt q\u00eb u larguan aso kohe nga UDSH. Dera ime \u00ebsht\u00eb e hapur p\u00ebr t\u00eb gjith\u00eb, por edhe un\u00eb jam i mir\u00ebpritur nga t\u00eb gjith\u00eb .<br \/>\nN\u00eb tekst e kam cekur, se edhe k\u00ebto ngjarje me siguri kan\u00eb ndikuar n\u00eb ftohjen e marr\u00ebdh\u00ebnieve nd\u00ebrkonfesionale. Por, a thua vall\u00eb duhet t\u00eb pajtohemi me k\u00ebt\u00eb? Me siguri jo, dhe duhet t\u00eb kemi kujdes q\u00eb n\u00eb organizimet e tubimeve t\u00eb ndryshme, t\u00eb jemi shum\u00eb t\u00eb kujdessh\u00ebm, ashtu q\u00eb t\u00eb mos l\u00ebm\u00eb hap\u00ebsir\u00eb p\u00ebr l\u00ebshime t\u00eb tilla. Rasti i paraqitur nga i ndjeri Gjergj ka ndodhur n\u00eb koh\u00ebn kur k\u00ebto ndasi nuk ishin t\u00eb theksuara fare. \u00c7ka do t\u00eb thot\u00eb kjo? \u00cbsht\u00eb leht\u00eb t\u00eb konkludohet, se l\u00ebshimi i organizatorit ka pru, edhe at\u00ebher\u00eb, deri te ajo q\u00eb autori e p\u00ebrshkruan. K\u00ebshtu pra, edhe rasti i fundit mund t\u00eb cil\u00ebsohet si nj\u00eb l\u00ebshim i organizatorit. Po ta pyesim veten: pse i ndjeri Gjergj ngriti z\u00ebrin p\u00ebr k\u00ebt\u00eb, \u00e7ka iu desh atij kjo? A e kishte m\u00eb leht\u00eb t\u00eb hesht\u00ebte?<br \/>\nMe siguri q\u00eb ma leht\u00eb do ta kishte t\u00eb mos e kishte p\u00ebrshkruar k\u00ebt\u00eb dukuri fare, por si intelektual i rrall\u00eb ai nuk ka mundur t\u00eb hesht\u00eb, sepse e ka cil\u00ebsur dukurin\u00eb si rrezik me pasoja t\u00eb m\u00ebdha. Pra, i takon intelektualit t\u00eb ngris\u00eb z\u00ebrin, t\u00eb gjej\u00eb shkakun dhe t\u00eb inicoj\u00eb m\u00ebnyr\u00ebn se si duhet luftuar dukurit\u00eb q\u00eb i sjellin d\u00ebm kombit. Tani nuk mbetet tjet\u00ebr, por ve\u00e7 ta pyesim veten, se a duam t\u00eb merremi me k\u00ebt\u00eb dukuri, apo duam t\u00eb rrijm\u00eb duar kryq?<br \/>\nJam i sigurt se pohimi im dhe mohimi yt, p\u00ebr rastin konkret, nuk do t\u00eb na \u00e7oj\u00eb te evitimi i dukuris\u00eb, por \u00ebsht\u00eb angazhimi im e yti dhe i t\u00eb gjith\u00eb njer\u00ebzve q\u00ebllimmir\u00eb ai q\u00eb do t\u00eb \u00e7oj\u00eb drejt harmonizimit t\u00eb marr\u00ebdh\u00ebnieve nd\u00ebrnjer\u00ebzore dhe nd\u00ebrkonfesionale. Cil\u00ebt jan\u00eb hapat konkret t\u00eb cil\u00ebt duhet nd\u00ebrmarr\u00eb n\u00eb k\u00ebt\u00eb drejtim? A thua duhet organizuar nj\u00eb tryez\u00eb t\u00eb rrumbullak\u00ebt t\u00eb intelektual\u00ebve p\u00ebr t\u00eb caktuar m\u00ebnyr\u00ebn e veprimit?<br \/>\nUn\u00eb jam i mendimit se po. N\u00ebse duam q\u00eb intelektual\u00ebt t`i paraprijn\u00eb evitimit t\u00eb k\u00ebtij problemi brengos\u00ebs. Mendoj se aktivizimi i Forumit Demokratik do t\u00eb mund t\u00eb harmonizoj\u00eb marr\u00ebdh\u00ebniet nd\u00ebrnjerzore dhe nd\u00ebrkonfesionale, do t\u00eb ul\u00eb tensionet nd\u00ebrmjet subjekteve politike etj. Pra, e kam fjal\u00ebn p\u00ebr Forumin si nj\u00eb trup mbipartiak, ashtu si\u00e7 ishte edhe n\u00eb fillim. Me siguri se nuk do t\u00eb jet\u00eb pun\u00eb e lehte kjo, sepse duhet ditur se, para dhjet\u00eb vitesh, kur vepronin vet\u00ebm dy parti shqiptare, puna e Forumit u bllokua nga subjekti i par\u00eb politik shqiptar, LD n\u00eb MZ. A thua sot, kur n\u00eb trevat shqiptare n\u00eb Mal t\u00eb Zi veprojn\u00eb gjasht\u00eb parti politike dhe p\u00ebrmbi nj\u00ebqind OJQ, ka nevoj\u00eb p\u00ebr nj\u00eb subjekt i cili do t\u00eb sublimoj\u00eb q\u00ebndrimet e partive politike, OJQ-ve dhe t\u00eb tjer\u00ebve, me q\u00ebllim q\u00eb para opinionit t\u00eb dilet me nj\u00eb q\u00ebndrim. \u00cbsht\u00eb kjo m\u00eb se e nevojshme dhe k\u00ebrkes\u00eb e nd\u00ebrkombtar\u00ebve, e sidomos e diaspor\u00ebs son\u00eb, e cila shfryt\u00ebzon \u00e7do rast p\u00ebr t\u00eb b\u00ebr\u00eb apel p\u00ebr harmonizim t\u00eb marr\u00ebdh\u00ebnieve dhe redukim t\u00eb partive politike p\u00ebrmes bashkimit t\u00eb disa partive n\u00eb nj\u00eb, ashtu q\u00eb t\u00eb mos kemi m\u00eb shum\u00eb se dy, eventualisht tri partive politike.<br \/>\nT\u00eb gjith\u00eb e dim\u00eb se, derisa p\u00ebr gj\u00ebrat madhore nuk do t\u00eb flasim me nj\u00eb z\u00eb, kurr\u00eb nuk do ta realizojm\u00eb at\u00eb q\u00eb populli pret prej nesh vite me radh\u00eb &#8211; realizimin e t\u00eb gjitha t\u00eb drejtave t\u00eb shqiptar\u00ebve n\u00eb Mal t\u00eb Zi.<\/font><\/span><\/p>\n<p>http:\/\/www.kohajavore.cg.yu\/ <strong>Mr:Met Gjoni<\/strong><\/p>\n<p><strong>Ulqini me shum\u00eb galeri por pa asnj\u00eb kinema<\/strong><\/p>\n<p>Qyteti i Ulqinit, i cili stin\u00ebn e dimrit, pothuajse \u00ebsht\u00eb i fjetur p\u00ebr sa i p\u00ebrket aktiviteteve kulturore disponon  galeri arti,por nd\u00ebrkoh\u00eb q\u00eb nuk ka asnj\u00eb kinema. T\u00eb vetmen gjall\u00ebri ky qytet e njeh n\u00eb stin\u00ebn e ver\u00ebs, fal\u00eb detit dhe an\u00ebs turistike q\u00eb ka. E vetmja kinema, q\u00eb ishte dhe q\u00eb shikohej dhe si nj\u00eb alternative p\u00ebr t\u00eb kaluar koh\u00ebn e lir\u00eb nga qytetar\u00ebt ulqinak\u00eb, tashm\u00eb \u00ebsht\u00eb kthyer n\u00eb bingo dhe kazino. E nd\u00ebrsa vazhdojn\u00eb t\u00eb hapen galeri arti, askush nuk e merr iniciativ\u00ebn p\u00ebr t\u00eb hapur nj\u00eb kinema. Kjo p\u00ebr arsye se galerit\u00eb e artit vizitohen n\u00eb raste ekspozitash vet\u00ebm nga njer\u00ebzit e artit.Ndryshe nga p\u00ebrpjekjet q\u00eb po b\u00ebhen n\u00eb hapjen e galerive,Ulqini vijon t\u00eb mos ket\u00eb asnj\u00eb kinema.Nj\u00eb kinema, nj\u00ebra prej tyre verore  q\u00eb ka egzistuar n\u00eb plazhin e vogel  edhe ajo asht  mbyllur p\u00ebr shkak t\u00eb frekuentimit t\u00eb dob\u00ebt.<\/p>\n<p><span><\/span><\/p>\n","protected":false},"excerpt":{"rendered":"<p><img loading=\"lazy\" src=\"http:\/\/www.visit-ulcinj.com\/blog\/wp-content\/uploads\/2008\/01\/met-gjoni.thumbnail.jpg\" alt=\"Met Gjoni\" height=\"140\" width=\"140\" \/><\/p>\n","protected":false},"author":1,"featured_media":0,"comment_status":"open","ping_status":"closed","sticky":false,"template":"","format":"standard","meta":{"spay_email":"","jetpack_publicize_message":"","jetpack_is_tweetstorm":false,"jetpack_publicize_feature_enabled":true},"categories":[12],"tags":[1171,129,124,131,127,362,128,130,95,126,125,18,359],"jetpack_publicize_connections":[],"yoast_head":"<!-- This site is optimized with the Yoast SEO plugin v19.1 - https:\/\/yoast.com\/wordpress\/plugins\/seo\/ -->\n<title>Shpejtove, miku im, dhe e anashkalove dukurin\u00eb - Lajme nga Ulqini<\/title>\n<meta name=\"robots\" content=\"index, follow, max-snippet:-1, max-image-preview:large, max-video-preview:-1\" \/>\n<link rel=\"canonical\" href=\"https:\/\/www.visit-ulcinj.com\/blog\/2008\/01\/07\/shpejtove-miku-im-dhe-e-anashkalove-dukurine\/\" \/>\n<meta property=\"og:locale\" content=\"en_US\" \/>\n<meta property=\"og:type\" content=\"article\" \/>\n<meta property=\"og:title\" content=\"Shpejtove, miku im, dhe e anashkalove dukurin\u00eb - Lajme nga Ulqini\" \/>\n<meta property=\"og:url\" content=\"https:\/\/www.visit-ulcinj.com\/blog\/2008\/01\/07\/shpejtove-miku-im-dhe-e-anashkalove-dukurine\/\" \/>\n<meta property=\"og:site_name\" content=\"Lajme nga Ulqini\" \/>\n<meta property=\"article:published_time\" content=\"2008-01-07T22:16:24+00:00\" \/>\n<meta property=\"article:modified_time\" content=\"2008-02-12T23:07:40+00:00\" \/>\n<meta property=\"og:image\" content=\"http:\/\/www.visit-ulcinj.com\/blog\/wp-content\/uploads\/2008\/01\/met-gjoni.thumbnail.jpg\" \/>\n<meta name=\"twitter:label1\" content=\"Written by\" \/>\n\t<meta name=\"twitter:data1\" content=\"ulqini\" \/>\n\t<meta name=\"twitter:label2\" content=\"Est. reading time\" \/>\n\t<meta name=\"twitter:data2\" content=\"11 minutes\" \/>\n<script type=\"application\/ld+json\" class=\"yoast-schema-graph\">{\"@context\":\"https:\/\/schema.org\",\"@graph\":[{\"@type\":\"WebSite\",\"@id\":\"https:\/\/www.visit-ulcinj.com\/blog\/#website\",\"url\":\"https:\/\/www.visit-ulcinj.com\/blog\/\",\"name\":\"Lajme nga Ulqini\",\"description\":\"Lajme,Vijesti,Ulqini,Ulqin,Crna Gora,Mali i Zi\",\"potentialAction\":[{\"@type\":\"SearchAction\",\"target\":{\"@type\":\"EntryPoint\",\"urlTemplate\":\"https:\/\/www.visit-ulcinj.com\/blog\/?s={search_term_string}\"},\"query-input\":\"required name=search_term_string\"}],\"inLanguage\":\"en-US\"},{\"@type\":\"ImageObject\",\"inLanguage\":\"en-US\",\"@id\":\"https:\/\/www.visit-ulcinj.com\/blog\/2008\/01\/07\/shpejtove-miku-im-dhe-e-anashkalove-dukurine\/#primaryimage\",\"url\":\"http:\/\/www.visit-ulcinj.com\/blog\/wp-content\/uploads\/2008\/01\/met-gjoni.thumbnail.jpg\",\"contentUrl\":\"http:\/\/www.visit-ulcinj.com\/blog\/wp-content\/uploads\/2008\/01\/met-gjoni.thumbnail.jpg\"},{\"@type\":\"WebPage\",\"@id\":\"https:\/\/www.visit-ulcinj.com\/blog\/2008\/01\/07\/shpejtove-miku-im-dhe-e-anashkalove-dukurine\/#webpage\",\"url\":\"https:\/\/www.visit-ulcinj.com\/blog\/2008\/01\/07\/shpejtove-miku-im-dhe-e-anashkalove-dukurine\/\",\"name\":\"Shpejtove, miku im, dhe e anashkalove dukurin\u00eb - Lajme nga Ulqini\",\"isPartOf\":{\"@id\":\"https:\/\/www.visit-ulcinj.com\/blog\/#website\"},\"primaryImageOfPage\":{\"@id\":\"https:\/\/www.visit-ulcinj.com\/blog\/2008\/01\/07\/shpejtove-miku-im-dhe-e-anashkalove-dukurine\/#primaryimage\"},\"datePublished\":\"2008-01-07T22:16:24+00:00\",\"dateModified\":\"2008-02-12T23:07:40+00:00\",\"author\":{\"@id\":\"https:\/\/www.visit-ulcinj.com\/blog\/#\/schema\/person\/dcab619c614d3038751c63bc2aadc06d\"},\"breadcrumb\":{\"@id\":\"https:\/\/www.visit-ulcinj.com\/blog\/2008\/01\/07\/shpejtove-miku-im-dhe-e-anashkalove-dukurine\/#breadcrumb\"},\"inLanguage\":\"en-US\",\"potentialAction\":[{\"@type\":\"ReadAction\",\"target\":[\"https:\/\/www.visit-ulcinj.com\/blog\/2008\/01\/07\/shpejtove-miku-im-dhe-e-anashkalove-dukurine\/\"]}]},{\"@type\":\"BreadcrumbList\",\"@id\":\"https:\/\/www.visit-ulcinj.com\/blog\/2008\/01\/07\/shpejtove-miku-im-dhe-e-anashkalove-dukurine\/#breadcrumb\",\"itemListElement\":[{\"@type\":\"ListItem\",\"position\":1,\"name\":\"Shpejtove, miku im, dhe e anashkalove dukurin\u00eb\"}]},{\"@type\":\"Person\",\"@id\":\"https:\/\/www.visit-ulcinj.com\/blog\/#\/schema\/person\/dcab619c614d3038751c63bc2aadc06d\",\"name\":\"ulqini\",\"sameAs\":[\"http:\/\/www.visit-ulcinj.com\"],\"url\":\"https:\/\/www.visit-ulcinj.com\/blog\/author\/admin\/\"}]}<\/script>\n<!-- \/ Yoast SEO plugin. -->","yoast_head_json":{"title":"Shpejtove, miku im, dhe e anashkalove dukurin\u00eb - Lajme nga Ulqini","robots":{"index":"index","follow":"follow","max-snippet":"max-snippet:-1","max-image-preview":"max-image-preview:large","max-video-preview":"max-video-preview:-1"},"canonical":"https:\/\/www.visit-ulcinj.com\/blog\/2008\/01\/07\/shpejtove-miku-im-dhe-e-anashkalove-dukurine\/","og_locale":"en_US","og_type":"article","og_title":"Shpejtove, miku im, dhe e anashkalove dukurin\u00eb - Lajme nga Ulqini","og_url":"https:\/\/www.visit-ulcinj.com\/blog\/2008\/01\/07\/shpejtove-miku-im-dhe-e-anashkalove-dukurine\/","og_site_name":"Lajme nga Ulqini","article_published_time":"2008-01-07T22:16:24+00:00","article_modified_time":"2008-02-12T23:07:40+00:00","og_image":[{"url":"http:\/\/www.visit-ulcinj.com\/blog\/wp-content\/uploads\/2008\/01\/met-gjoni.thumbnail.jpg"}],"twitter_misc":{"Written by":"ulqini","Est. reading time":"11 minutes"},"schema":{"@context":"https:\/\/schema.org","@graph":[{"@type":"WebSite","@id":"https:\/\/www.visit-ulcinj.com\/blog\/#website","url":"https:\/\/www.visit-ulcinj.com\/blog\/","name":"Lajme nga Ulqini","description":"Lajme,Vijesti,Ulqini,Ulqin,Crna Gora,Mali i Zi","potentialAction":[{"@type":"SearchAction","target":{"@type":"EntryPoint","urlTemplate":"https:\/\/www.visit-ulcinj.com\/blog\/?s={search_term_string}"},"query-input":"required name=search_term_string"}],"inLanguage":"en-US"},{"@type":"ImageObject","inLanguage":"en-US","@id":"https:\/\/www.visit-ulcinj.com\/blog\/2008\/01\/07\/shpejtove-miku-im-dhe-e-anashkalove-dukurine\/#primaryimage","url":"http:\/\/www.visit-ulcinj.com\/blog\/wp-content\/uploads\/2008\/01\/met-gjoni.thumbnail.jpg","contentUrl":"http:\/\/www.visit-ulcinj.com\/blog\/wp-content\/uploads\/2008\/01\/met-gjoni.thumbnail.jpg"},{"@type":"WebPage","@id":"https:\/\/www.visit-ulcinj.com\/blog\/2008\/01\/07\/shpejtove-miku-im-dhe-e-anashkalove-dukurine\/#webpage","url":"https:\/\/www.visit-ulcinj.com\/blog\/2008\/01\/07\/shpejtove-miku-im-dhe-e-anashkalove-dukurine\/","name":"Shpejtove, miku im, dhe e anashkalove dukurin\u00eb - Lajme nga Ulqini","isPartOf":{"@id":"https:\/\/www.visit-ulcinj.com\/blog\/#website"},"primaryImageOfPage":{"@id":"https:\/\/www.visit-ulcinj.com\/blog\/2008\/01\/07\/shpejtove-miku-im-dhe-e-anashkalove-dukurine\/#primaryimage"},"datePublished":"2008-01-07T22:16:24+00:00","dateModified":"2008-02-12T23:07:40+00:00","author":{"@id":"https:\/\/www.visit-ulcinj.com\/blog\/#\/schema\/person\/dcab619c614d3038751c63bc2aadc06d"},"breadcrumb":{"@id":"https:\/\/www.visit-ulcinj.com\/blog\/2008\/01\/07\/shpejtove-miku-im-dhe-e-anashkalove-dukurine\/#breadcrumb"},"inLanguage":"en-US","potentialAction":[{"@type":"ReadAction","target":["https:\/\/www.visit-ulcinj.com\/blog\/2008\/01\/07\/shpejtove-miku-im-dhe-e-anashkalove-dukurine\/"]}]},{"@type":"BreadcrumbList","@id":"https:\/\/www.visit-ulcinj.com\/blog\/2008\/01\/07\/shpejtove-miku-im-dhe-e-anashkalove-dukurine\/#breadcrumb","itemListElement":[{"@type":"ListItem","position":1,"name":"Shpejtove, miku im, dhe e anashkalove dukurin\u00eb"}]},{"@type":"Person","@id":"https:\/\/www.visit-ulcinj.com\/blog\/#\/schema\/person\/dcab619c614d3038751c63bc2aadc06d","name":"ulqini","sameAs":["http:\/\/www.visit-ulcinj.com"],"url":"https:\/\/www.visit-ulcinj.com\/blog\/author\/admin\/"}]}},"jetpack_featured_media_url":"","jetpack_sharing_enabled":true,"jetpack_shortlink":"https:\/\/wp.me\/pe6lTn-1j","_links":{"self":[{"href":"https:\/\/www.visit-ulcinj.com\/blog\/wp-json\/wp\/v2\/posts\/81"}],"collection":[{"href":"https:\/\/www.visit-ulcinj.com\/blog\/wp-json\/wp\/v2\/posts"}],"about":[{"href":"https:\/\/www.visit-ulcinj.com\/blog\/wp-json\/wp\/v2\/types\/post"}],"author":[{"embeddable":true,"href":"https:\/\/www.visit-ulcinj.com\/blog\/wp-json\/wp\/v2\/users\/1"}],"replies":[{"embeddable":true,"href":"https:\/\/www.visit-ulcinj.com\/blog\/wp-json\/wp\/v2\/comments?post=81"}],"version-history":[{"count":0,"href":"https:\/\/www.visit-ulcinj.com\/blog\/wp-json\/wp\/v2\/posts\/81\/revisions"}],"wp:attachment":[{"href":"https:\/\/www.visit-ulcinj.com\/blog\/wp-json\/wp\/v2\/media?parent=81"}],"wp:term":[{"taxonomy":"category","embeddable":true,"href":"https:\/\/www.visit-ulcinj.com\/blog\/wp-json\/wp\/v2\/categories?post=81"},{"taxonomy":"post_tag","embeddable":true,"href":"https:\/\/www.visit-ulcinj.com\/blog\/wp-json\/wp\/v2\/tags?post=81"}],"curies":[{"name":"wp","href":"https:\/\/api.w.org\/{rel}","templated":true}]}}