{"id":81001,"date":"2014-03-25T12:19:37","date_gmt":"2014-03-25T11:19:37","guid":{"rendered":"http:\/\/www.visit-ulcinj.com\/blog\/?p=81001"},"modified":"2014-03-26T11:00:44","modified_gmt":"2014-03-26T10:00:44","slug":"beqir-truma-nje-emer-vecante-ne-ulqin","status":"publish","type":"post","link":"https:\/\/www.visit-ulcinj.com\/blog\/2014\/03\/25\/beqir-truma-nje-emer-vecante-ne-ulqin\/","title":{"rendered":"Beqir Truma nje emer i ve\u00e7ante n\u00eb Ulqin &#8211; Video"},"content":{"rendered":"<p><a href=\"http:\/\/www.visit-ulcinj.com\/blog\/wp-content\/uploads\/2014\/03\/Beqir-Truma-Ulqin.jpg\"><img loading=\"lazy\" class=\"alignleft  wp-image-81002\" alt=\"Beqir-Truma-Ulqin\" src=\"http:\/\/www.visit-ulcinj.com\/blog\/wp-content\/uploads\/2014\/03\/Beqir-Truma-Ulqin.jpg\" width=\"508\" height=\"360\" \/><\/a>Beqo TRUMA meriton nj\u00eb vend t\u00eb ve\u00e7ant n\u00eb faqen time. Nuk mundet pa Ran\u00eb, shpesh ulet n\u00eb Ran\u00eb, por m\u00eb tep\u00ebr tash nga pranvera, kurse ver\u00ebs p\u00ebr \u00e7do dit\u00eb. Beqoja a po Beqiri, mundohem q\u00eb mos t\u00eb gaboj, kur\u00eb jan\u00eb &#8220;Ranacak\u00ebt&#8221; n\u00eb pyetje, ka lindur n\u00eb Ran\u00eb, ve\u00e7 pak metra larg nga deti&#8230;Ka qen\u00eb nj\u00eb sportist i dalluar, edukator i shum\u00eb gjeneratave n\u00eb shkoll\u00eb, dhe nj\u00eb nd\u00ebr valtar\u00ebt m\u00eb t\u00eb mir\u00eb t\u00eb folkllorit ton\u00eb, n\u00eb koh\u00ebn e t\u00eb ndjerit Rexhep Abazit, themeluesit e SHK Zana.<\/p>\n<p><a href=\"http:\/\/www.visit-ulcinj.com\/blog\/wp-content\/uploads\/2014\/03\/Beqir-Truma-Ulqin-1.jpg\"><img loading=\"lazy\" class=\"alignleft  wp-image-81003\" alt=\"Beqir-Truma-Ulqin-1\" src=\"http:\/\/www.visit-ulcinj.com\/blog\/wp-content\/uploads\/2014\/03\/Beqir-Truma-Ulqin-1.jpg\" width=\"508\" height=\"300\" \/><\/a><\/p>\n<p>M\u00eb von\u00eb, Beqiri ka qen\u00eb nj\u00eb nd\u00ebr ato persona i cili m\u00eb autoritetin e tij, ka pas ndikim t\u00eb madh\u00eb n\u00eb ruajtjen dhe mir\u00ebmbajtjen e folkllorit\u00eb ton\u00eb dhe t\u00eb trashig\u00ebmis\u00eb ton\u00eb kulturore. Prandaj, t\u00eb gjith\u00eb ne nga Rana, nga Kalaja dhe Pazari, e kemi pas Beqon si idoll&#8230;Gjithmon\u00eb ka qen\u00eb modest, i but\u00eb, i bukur dhe i mir\u00eb si\u00e7 thot\u00eb populli yn\u00eb. T\u00eb paret nga familia Truma nga Rana, kan\u00eb qen\u00eb detar\u00eb me nam, duke filluar nga Hamdija, Qemali dhe tjer\u00ebt, k\u00ebshtu q\u00eb edhe Beqoja e ka pasur, dhe ende e ka detin n\u00eb gjak. Lumi Buna, sanallat, peshku dhe peshkimi, ndoshta edhe kan\u00eb ndiku, dhe kan\u00eb l\u00ebn\u00eb gjurm\u00eb n\u00eb sh\u00ebndetin e k\u00ebtij sportisti t\u00eb dalluar.<br \/>\n<a href=\"http:\/\/www.visit-ulcinj.com\/blog\/wp-content\/uploads\/2014\/03\/Beqir-Truma-Ulqin-2.jpg\"><img loading=\"lazy\" class=\"alignleft  wp-image-81004\" alt=\"Beqir-Truma-Ulqin-2\" src=\"http:\/\/www.visit-ulcinj.com\/blog\/wp-content\/uploads\/2014\/03\/Beqir-Truma-Ulqin-2.jpg\" width=\"508\" height=\"360\" \/><\/a><\/p>\n<p>Dua ta theksoj, se nj\u00eb organiz\u00ebm i pregaditur maksimal psiko &#8211; fizik\u00eb ka qen\u00eb n\u00eb gjendje ti p\u00ebrballojn\u00eb t\u00eb gjitha k\u00ebto probleme, m\u00eb von\u00eb. Sot, ul\u00ebt n\u00eb Ran\u00eb, pa ndihm\u00ebn e askujt, takohet m\u00eb shok\u00ebt nga rinia, bisedon dhe flet\u00eb qart\u00eb, dhe ngadal p\u00ebrs\u00ebri shkon\u00eb n\u00eb rrug\u00ebn e cila t\u00eb \u00e7on deri ke Komuna, ku e ka banes\u00ebn.<\/p>\n<p><a href=\"http:\/\/www.visit-ulcinj.com\/blog\/wp-content\/uploads\/2014\/03\/BEQIR-TRUMA-ULQIN-3.jpg\"><img loading=\"lazy\" class=\"alignleft  wp-image-81005\" alt=\"BEQIR-TRUMA-ULQIN-3\" src=\"http:\/\/www.visit-ulcinj.com\/blog\/wp-content\/uploads\/2014\/03\/BEQIR-TRUMA-ULQIN-3.jpg\" width=\"508\" height=\"360\" \/><\/a><\/p>\n<p>Un\u00eb i dyshiroj nj\u00eb jet\u00eb t\u00eb gjat\u00eb dhe t\u00eb mir\u00eb, dyshiroj q\u00eb p\u00ebr \u00e7do dit\u00eb t\u00eb ulet n\u00eb Ran\u00ebn ton\u00eb t\u00eb bukur, ta shikojn dhe ta shijojn detin, peshkun, barkat dhe sanallat&#8230;<\/p>\n<p>&nbsp;<\/p>\n<p data-ft=\"{&quot;tn&quot;:&quot;C&quot;}\"><strong><a href=\"https:\/\/www.facebook.com\/ismet.karamanaga?hc_location=timeline\" data-hovercard=\"\/ajax\/hovercard\/user.php?id=1359492972&amp;extragetparams=%7B%22hc_location%22%3A%22timeline%22%7D\">Ismet Karamanaga Facebook<\/a><\/strong><\/p>\n<!--YouTube Error: bad URL entered-->\n","protected":false},"excerpt":{"rendered":"<p>Beqo TRUMA meriton nj\u00eb vend t\u00eb ve\u00e7ant n\u00eb faqen time. Nuk mundet pa Ran\u00eb, shpesh ulet n\u00eb Ran\u00eb, por m\u00eb tep\u00ebr tash nga pranvera, kurse ver\u00ebs p\u00ebr \u00e7do dit\u00eb. Beqoja a po Beqiri, mundohem q\u00eb mos t\u00eb gaboj, kur\u00eb jan\u00eb &#8220;Ranacak\u00ebt&#8221; n\u00eb pyetje, ka lindur n\u00eb Ran\u00eb, ve\u00e7 pak metra larg nga deti&#8230;Ka qen\u00eb nj\u00eb [&hellip;]<\/p>\n","protected":false},"author":1,"featured_media":0,"comment_status":"closed","ping_status":"closed","sticky":false,"template":"","format":"standard","meta":{"spay_email":"","jetpack_publicize_message":"","jetpack_is_tweetstorm":false,"jetpack_publicize_feature_enabled":true},"categories":[5,1],"tags":[],"jetpack_publicize_connections":[],"yoast_head":"<!-- This site is optimized with the Yoast SEO plugin v19.1 - https:\/\/yoast.com\/wordpress\/plugins\/seo\/ -->\n<title>Beqir Truma nje emer i ve\u00e7ante n\u00eb Ulqin - Video - Lajme nga Ulqini<\/title>\n<meta name=\"description\" content=\"Beqo TRUMA meriton nj\u00eb vend t\u00eb ve\u00e7ant n\u00eb faqen time. Nuk mundet pa Ran\u00eb, shpesh ulet n\u00eb Ran\u00eb, por m\u00eb tep\u00ebr tash nga pranvera, kurse ver\u00ebs p\u00ebr \u00e7do dit\u00eb.\" \/>\n<meta name=\"robots\" content=\"index, follow, max-snippet:-1, max-image-preview:large, max-video-preview:-1\" \/>\n<link rel=\"canonical\" href=\"https:\/\/www.visit-ulcinj.com\/blog\/2014\/03\/25\/beqir-truma-nje-emer-vecante-ne-ulqin\/\" \/>\n<meta property=\"og:locale\" content=\"en_US\" \/>\n<meta property=\"og:type\" content=\"article\" \/>\n<meta property=\"og:title\" content=\"Beqir Truma nje emer i ve\u00e7ante n\u00eb Ulqin - Video - Lajme nga Ulqini\" \/>\n<meta property=\"og:description\" content=\"Beqo TRUMA meriton nj\u00eb vend t\u00eb ve\u00e7ant n\u00eb faqen time. Nuk mundet pa Ran\u00eb, shpesh ulet n\u00eb Ran\u00eb, por m\u00eb tep\u00ebr tash nga pranvera, kurse ver\u00ebs p\u00ebr \u00e7do dit\u00eb.\" \/>\n<meta property=\"og:url\" content=\"https:\/\/www.visit-ulcinj.com\/blog\/2014\/03\/25\/beqir-truma-nje-emer-vecante-ne-ulqin\/\" \/>\n<meta property=\"og:site_name\" content=\"Lajme nga Ulqini\" \/>\n<meta property=\"article:published_time\" content=\"2014-03-25T11:19:37+00:00\" \/>\n<meta property=\"article:modified_time\" content=\"2014-03-26T10:00:44+00:00\" \/>\n<meta property=\"og:image\" content=\"http:\/\/www.visit-ulcinj.com\/blog\/wp-content\/uploads\/2014\/03\/Beqir-Truma-Ulqin.jpg\" \/>\n<meta name=\"twitter:label1\" content=\"Written by\" \/>\n\t<meta name=\"twitter:data1\" content=\"ulqini\" \/>\n\t<meta name=\"twitter:label2\" content=\"Est. reading time\" \/>\n\t<meta name=\"twitter:data2\" content=\"2 minutes\" \/>\n<script type=\"application\/ld+json\" class=\"yoast-schema-graph\">{\"@context\":\"https:\/\/schema.org\",\"@graph\":[{\"@type\":\"WebSite\",\"@id\":\"https:\/\/www.visit-ulcinj.com\/blog\/#website\",\"url\":\"https:\/\/www.visit-ulcinj.com\/blog\/\",\"name\":\"Lajme nga Ulqini\",\"description\":\"Lajme,Vijesti,Ulqini,Ulqin,Crna Gora,Mali i Zi\",\"potentialAction\":[{\"@type\":\"SearchAction\",\"target\":{\"@type\":\"EntryPoint\",\"urlTemplate\":\"https:\/\/www.visit-ulcinj.com\/blog\/?s={search_term_string}\"},\"query-input\":\"required name=search_term_string\"}],\"inLanguage\":\"en-US\"},{\"@type\":\"ImageObject\",\"inLanguage\":\"en-US\",\"@id\":\"https:\/\/www.visit-ulcinj.com\/blog\/2014\/03\/25\/beqir-truma-nje-emer-vecante-ne-ulqin\/#primaryimage\",\"url\":\"https:\/\/www.visit-ulcinj.com\/blog\/wp-content\/uploads\/2014\/03\/Beqir-Truma-Ulqin.jpg\",\"contentUrl\":\"https:\/\/www.visit-ulcinj.com\/blog\/wp-content\/uploads\/2014\/03\/Beqir-Truma-Ulqin.jpg\",\"width\":960,\"height\":720},{\"@type\":\"WebPage\",\"@id\":\"https:\/\/www.visit-ulcinj.com\/blog\/2014\/03\/25\/beqir-truma-nje-emer-vecante-ne-ulqin\/#webpage\",\"url\":\"https:\/\/www.visit-ulcinj.com\/blog\/2014\/03\/25\/beqir-truma-nje-emer-vecante-ne-ulqin\/\",\"name\":\"Beqir Truma nje emer i ve\u00e7ante n\u00eb Ulqin - Video - Lajme nga Ulqini\",\"isPartOf\":{\"@id\":\"https:\/\/www.visit-ulcinj.com\/blog\/#website\"},\"primaryImageOfPage\":{\"@id\":\"https:\/\/www.visit-ulcinj.com\/blog\/2014\/03\/25\/beqir-truma-nje-emer-vecante-ne-ulqin\/#primaryimage\"},\"datePublished\":\"2014-03-25T11:19:37+00:00\",\"dateModified\":\"2014-03-26T10:00:44+00:00\",\"author\":{\"@id\":\"https:\/\/www.visit-ulcinj.com\/blog\/#\/schema\/person\/dcab619c614d3038751c63bc2aadc06d\"},\"description\":\"Beqo TRUMA meriton nj\u00eb vend t\u00eb ve\u00e7ant n\u00eb faqen time. Nuk mundet pa Ran\u00eb, shpesh ulet n\u00eb Ran\u00eb, por m\u00eb tep\u00ebr tash nga pranvera, kurse ver\u00ebs p\u00ebr \u00e7do dit\u00eb.\",\"breadcrumb\":{\"@id\":\"https:\/\/www.visit-ulcinj.com\/blog\/2014\/03\/25\/beqir-truma-nje-emer-vecante-ne-ulqin\/#breadcrumb\"},\"inLanguage\":\"en-US\",\"potentialAction\":[{\"@type\":\"ReadAction\",\"target\":[\"https:\/\/www.visit-ulcinj.com\/blog\/2014\/03\/25\/beqir-truma-nje-emer-vecante-ne-ulqin\/\"]}]},{\"@type\":\"BreadcrumbList\",\"@id\":\"https:\/\/www.visit-ulcinj.com\/blog\/2014\/03\/25\/beqir-truma-nje-emer-vecante-ne-ulqin\/#breadcrumb\",\"itemListElement\":[{\"@type\":\"ListItem\",\"position\":1,\"name\":\"Beqir Truma nje emer i ve\u00e7ante n\u00eb Ulqin &#8211; Video\"}]},{\"@type\":\"Person\",\"@id\":\"https:\/\/www.visit-ulcinj.com\/blog\/#\/schema\/person\/dcab619c614d3038751c63bc2aadc06d\",\"name\":\"ulqini\",\"sameAs\":[\"http:\/\/www.visit-ulcinj.com\"],\"url\":\"https:\/\/www.visit-ulcinj.com\/blog\/author\/admin\/\"}]}<\/script>\n<!-- \/ Yoast SEO plugin. -->","yoast_head_json":{"title":"Beqir Truma nje emer i ve\u00e7ante n\u00eb Ulqin - Video - Lajme nga Ulqini","description":"Beqo TRUMA meriton nj\u00eb vend t\u00eb ve\u00e7ant n\u00eb faqen time. Nuk mundet pa Ran\u00eb, shpesh ulet n\u00eb Ran\u00eb, por m\u00eb tep\u00ebr tash nga pranvera, kurse ver\u00ebs p\u00ebr \u00e7do dit\u00eb.","robots":{"index":"index","follow":"follow","max-snippet":"max-snippet:-1","max-image-preview":"max-image-preview:large","max-video-preview":"max-video-preview:-1"},"canonical":"https:\/\/www.visit-ulcinj.com\/blog\/2014\/03\/25\/beqir-truma-nje-emer-vecante-ne-ulqin\/","og_locale":"en_US","og_type":"article","og_title":"Beqir Truma nje emer i ve\u00e7ante n\u00eb Ulqin - Video - Lajme nga Ulqini","og_description":"Beqo TRUMA meriton nj\u00eb vend t\u00eb ve\u00e7ant n\u00eb faqen time. Nuk mundet pa Ran\u00eb, shpesh ulet n\u00eb Ran\u00eb, por m\u00eb tep\u00ebr tash nga pranvera, kurse ver\u00ebs p\u00ebr \u00e7do dit\u00eb.","og_url":"https:\/\/www.visit-ulcinj.com\/blog\/2014\/03\/25\/beqir-truma-nje-emer-vecante-ne-ulqin\/","og_site_name":"Lajme nga Ulqini","article_published_time":"2014-03-25T11:19:37+00:00","article_modified_time":"2014-03-26T10:00:44+00:00","og_image":[{"url":"http:\/\/www.visit-ulcinj.com\/blog\/wp-content\/uploads\/2014\/03\/Beqir-Truma-Ulqin.jpg"}],"twitter_misc":{"Written by":"ulqini","Est. reading time":"2 minutes"},"schema":{"@context":"https:\/\/schema.org","@graph":[{"@type":"WebSite","@id":"https:\/\/www.visit-ulcinj.com\/blog\/#website","url":"https:\/\/www.visit-ulcinj.com\/blog\/","name":"Lajme nga Ulqini","description":"Lajme,Vijesti,Ulqini,Ulqin,Crna Gora,Mali i Zi","potentialAction":[{"@type":"SearchAction","target":{"@type":"EntryPoint","urlTemplate":"https:\/\/www.visit-ulcinj.com\/blog\/?s={search_term_string}"},"query-input":"required name=search_term_string"}],"inLanguage":"en-US"},{"@type":"ImageObject","inLanguage":"en-US","@id":"https:\/\/www.visit-ulcinj.com\/blog\/2014\/03\/25\/beqir-truma-nje-emer-vecante-ne-ulqin\/#primaryimage","url":"https:\/\/www.visit-ulcinj.com\/blog\/wp-content\/uploads\/2014\/03\/Beqir-Truma-Ulqin.jpg","contentUrl":"https:\/\/www.visit-ulcinj.com\/blog\/wp-content\/uploads\/2014\/03\/Beqir-Truma-Ulqin.jpg","width":960,"height":720},{"@type":"WebPage","@id":"https:\/\/www.visit-ulcinj.com\/blog\/2014\/03\/25\/beqir-truma-nje-emer-vecante-ne-ulqin\/#webpage","url":"https:\/\/www.visit-ulcinj.com\/blog\/2014\/03\/25\/beqir-truma-nje-emer-vecante-ne-ulqin\/","name":"Beqir Truma nje emer i ve\u00e7ante n\u00eb Ulqin - Video - Lajme nga Ulqini","isPartOf":{"@id":"https:\/\/www.visit-ulcinj.com\/blog\/#website"},"primaryImageOfPage":{"@id":"https:\/\/www.visit-ulcinj.com\/blog\/2014\/03\/25\/beqir-truma-nje-emer-vecante-ne-ulqin\/#primaryimage"},"datePublished":"2014-03-25T11:19:37+00:00","dateModified":"2014-03-26T10:00:44+00:00","author":{"@id":"https:\/\/www.visit-ulcinj.com\/blog\/#\/schema\/person\/dcab619c614d3038751c63bc2aadc06d"},"description":"Beqo TRUMA meriton nj\u00eb vend t\u00eb ve\u00e7ant n\u00eb faqen time. Nuk mundet pa Ran\u00eb, shpesh ulet n\u00eb Ran\u00eb, por m\u00eb tep\u00ebr tash nga pranvera, kurse ver\u00ebs p\u00ebr \u00e7do dit\u00eb.","breadcrumb":{"@id":"https:\/\/www.visit-ulcinj.com\/blog\/2014\/03\/25\/beqir-truma-nje-emer-vecante-ne-ulqin\/#breadcrumb"},"inLanguage":"en-US","potentialAction":[{"@type":"ReadAction","target":["https:\/\/www.visit-ulcinj.com\/blog\/2014\/03\/25\/beqir-truma-nje-emer-vecante-ne-ulqin\/"]}]},{"@type":"BreadcrumbList","@id":"https:\/\/www.visit-ulcinj.com\/blog\/2014\/03\/25\/beqir-truma-nje-emer-vecante-ne-ulqin\/#breadcrumb","itemListElement":[{"@type":"ListItem","position":1,"name":"Beqir Truma nje emer i ve\u00e7ante n\u00eb Ulqin &#8211; Video"}]},{"@type":"Person","@id":"https:\/\/www.visit-ulcinj.com\/blog\/#\/schema\/person\/dcab619c614d3038751c63bc2aadc06d","name":"ulqini","sameAs":["http:\/\/www.visit-ulcinj.com"],"url":"https:\/\/www.visit-ulcinj.com\/blog\/author\/admin\/"}]}},"jetpack_featured_media_url":"","jetpack_sharing_enabled":true,"jetpack_shortlink":"https:\/\/wp.me\/pe6lTn-l4t","_links":{"self":[{"href":"https:\/\/www.visit-ulcinj.com\/blog\/wp-json\/wp\/v2\/posts\/81001"}],"collection":[{"href":"https:\/\/www.visit-ulcinj.com\/blog\/wp-json\/wp\/v2\/posts"}],"about":[{"href":"https:\/\/www.visit-ulcinj.com\/blog\/wp-json\/wp\/v2\/types\/post"}],"author":[{"embeddable":true,"href":"https:\/\/www.visit-ulcinj.com\/blog\/wp-json\/wp\/v2\/users\/1"}],"replies":[{"embeddable":true,"href":"https:\/\/www.visit-ulcinj.com\/blog\/wp-json\/wp\/v2\/comments?post=81001"}],"version-history":[{"count":3,"href":"https:\/\/www.visit-ulcinj.com\/blog\/wp-json\/wp\/v2\/posts\/81001\/revisions"}],"predecessor-version":[{"id":81008,"href":"https:\/\/www.visit-ulcinj.com\/blog\/wp-json\/wp\/v2\/posts\/81001\/revisions\/81008"}],"wp:attachment":[{"href":"https:\/\/www.visit-ulcinj.com\/blog\/wp-json\/wp\/v2\/media?parent=81001"}],"wp:term":[{"taxonomy":"category","embeddable":true,"href":"https:\/\/www.visit-ulcinj.com\/blog\/wp-json\/wp\/v2\/categories?post=81001"},{"taxonomy":"post_tag","embeddable":true,"href":"https:\/\/www.visit-ulcinj.com\/blog\/wp-json\/wp\/v2\/tags?post=81001"}],"curies":[{"name":"wp","href":"https:\/\/api.w.org\/{rel}","templated":true}]}}