{"id":81009,"date":"2014-03-25T12:30:48","date_gmt":"2014-03-25T11:30:48","guid":{"rendered":"http:\/\/www.visit-ulcinj.com\/blog\/?p=81009"},"modified":"2014-03-25T12:31:21","modified_gmt":"2014-03-25T11:31:21","slug":"becir-truma-ima-veliku-zaslugu-ulcinja-video","status":"publish","type":"post","link":"https:\/\/www.visit-ulcinj.com\/blog\/2014\/03\/25\/becir-truma-ima-veliku-zaslugu-ulcinja-video\/","title":{"rendered":"Be\u0107ir Truma ima veliku zaslugu Ulcinja &#8211; Video"},"content":{"rendered":"<div id=\"id_5331675706c388a06076276\"><a href=\"http:\/\/www.visit-ulcinj.com\/blog\/wp-content\/uploads\/2014\/03\/Beqir-Truma-Ulqin.jpg\"><img loading=\"lazy\" class=\"alignleft  wp-image-81002\" alt=\"Beqir-Truma-Ulqin\" src=\"http:\/\/www.visit-ulcinj.com\/blog\/wp-content\/uploads\/2014\/03\/Beqir-Truma-Ulqin.jpg\" width=\"508\" height=\"360\" \/><\/a>O Be\u0107u TRUMI napisa\u0107u kasnije nekoliko re\u010denica i na srpsko-crnogorskom jeziku, jer iskreno mislim da o zaslu\u017euje po\u0161tovanje sviju gra\u0111ana Ulcinja.<br \/>\nBE\u0106O TRUMA JE TIH, MIRAN I SKROMAN \u010cOVJEK. Uvijek je bio takav, i kad je bio mla\u0111i, i kao vrhunski sportista, ali i kao pedagog i vaspita\u010d. Bio je uzor mnogim generacijama.. .Mislim da je bio dobar u svim sportovima, dokazao se i kao vaspita\u010d u \u0161koli, gdje je dugo godina sa uspjehom predavao fizi\u010dko vaspitanje, ali i bavio se sportom.<\/div>\n<div><a href=\"http:\/\/www.visit-ulcinj.com\/blog\/wp-content\/uploads\/2014\/03\/Beqir-Truma-Ulqin-2.jpg\"><img loading=\"lazy\" class=\"alignleft  wp-image-81004\" alt=\"Beqir-Truma-Ulqin-2\" src=\"http:\/\/www.visit-ulcinj.com\/blog\/wp-content\/uploads\/2014\/03\/Beqir-Truma-Ulqin-2.jpg\" width=\"508\" height=\"360\" \/><\/a><\/div>\n<div><\/div>\n<div>Me\u0111utim, rekao bih da je iznad svega Be\u0107o volio more, \u010damce i ribu. \u010cesto je lovio na rijeci Bojani sam ili u dru\u0161tvu ribara i prijatelja. Nije ni \u010dudo, s obzirom da je ro\u0111en na samoj pjeni od mora, na Pristanu. Osim toga on i poti\u010de iz porodice iz koje je izniklo mnogo vrsnih pomoraca i kapetana. Be\u0107o je dugo bio i jedan od osniva\u010da, ili bolje re\u010deno nastavlja\u010da na\u0161eg folklora. Bio je jedan od sto\u017eera KUD Zana i to veoma uspje\u0161no. Mislim da je ovo dru\u0161tvo dostiglo svoju kulminaciju sa Red\u017eepom Abazijem, me\u0111utim, neosporno je da u svemu tome veliku zaslugu ima i Be\u0107o Truma. Danas ima skoro sedamdeset godina, no, bez obzira na godine i bolest koja ga prati ve\u0107 dugi niz godina, on je jo\u0161 uvijek vedar i markantan \u010dovjek. Ovu izuzetno te\u0161ku bolest je mogao pobijediti samo maksimalno psiho &#8211; fizi\u010dki spreman \u010dovjek i li\u010dnost, kakav je Be\u0107ir TRUMA.<\/div>\n<div><a href=\"http:\/\/www.visit-ulcinj.com\/blog\/wp-content\/uploads\/2014\/03\/Beqir-Truma-Ulqin-1.jpg\"><img loading=\"lazy\" class=\"alignleft  wp-image-81003\" alt=\"Beqir-Truma-Ulqin-1\" src=\"http:\/\/www.visit-ulcinj.com\/blog\/wp-content\/uploads\/2014\/03\/Beqir-Truma-Ulqin-1.jpg\" width=\"508\" height=\"300\" \/><\/a><\/div>\n<div><\/div>\n<div>Hoda, malo ote\u017eano, ali, sam dolazi pje\u0161ice do Pristana i sam se vra\u0107a do svoje ku\u0107e, koja se nalazi skoro dva km. udaljena. Voli Pristan i more, voli da gleda ribare i \u010damce kada se vra\u0107aju sa mora, i &#8220;zbog toga i dolazim skoro svaki dan&#8221; , ka\u017ee ovaj, skromni i tihi \u010dovjek sa na\u0161eg Pristana. Govori normalno, tako da ja mislim da je on uglavnom preboljeo sve. Po\u0161tovan je i cijenjen od svih gra\u0111ana ovog grada i okoline.<\/div>\n<div><a href=\"http:\/\/www.visit-ulcinj.com\/blog\/wp-content\/uploads\/2014\/03\/BEQIR-TRUMA-ULQIN-3.jpg\"><img loading=\"lazy\" class=\"alignleft  wp-image-81005\" alt=\"BEQIR-TRUMA-ULQIN-3\" src=\"http:\/\/www.visit-ulcinj.com\/blog\/wp-content\/uploads\/2014\/03\/BEQIR-TRUMA-ULQIN-3.jpg\" width=\"508\" height=\"360\" \/><\/a><\/div>\n<div>Svi se mi radujemo kada ga vidimo, kako polako silazi ulicom i kako prilazi klupi gdje ga \u010dekaju Tabljo, Ru\u017edo i jo\u0161 poneko od njegovih starih prijatelja.<\/div>\n<div><\/div>\n<div><\/div>\n<div>\n<p data-ft=\"{&quot;tn&quot;:&quot;C&quot;}\"><strong><a id=\"js_61\" href=\"https:\/\/www.facebook.com\/ismet.karamanaga?hc_location=timeline\" data-hovercard=\"\/ajax\/hovercard\/user.php?id=1359492972&amp;extragetparams=%7B%22hc_location%22%3A%22timeline%22%7D\">Ismet Karamanaga Facebook<\/a><\/strong><\/p>\n<p data-ft=\"{&quot;tn&quot;:&quot;C&quot;}\"><!--YouTube Error: bad URL entered--><\/p>\n<\/div>\n","protected":false},"excerpt":{"rendered":"<p>O Be\u0107u TRUMI napisa\u0107u kasnije nekoliko re\u010denica i na srpsko-crnogorskom jeziku, jer iskreno mislim da o zaslu\u017euje po\u0161tovanje sviju gra\u0111ana Ulcinja. BE\u0106O TRUMA JE TIH, MIRAN I SKROMAN \u010cOVJEK. Uvijek je bio takav, i kad je bio mla\u0111i, i kao vrhunski sportista, ali i kao pedagog i vaspita\u010d. Bio je uzor mnogim generacijama.. .Mislim da [&hellip;]<\/p>\n","protected":false},"author":1,"featured_media":0,"comment_status":"closed","ping_status":"closed","sticky":false,"template":"","format":"standard","meta":{"spay_email":"","jetpack_publicize_message":"","jetpack_is_tweetstorm":false,"jetpack_publicize_feature_enabled":true},"categories":[8337],"tags":[],"jetpack_publicize_connections":[],"yoast_head":"<!-- This site is optimized with the Yoast SEO plugin v19.1 - https:\/\/yoast.com\/wordpress\/plugins\/seo\/ -->\n<title>Be\u0107ir Truma ima veliku zaslugu Ulcinja - Video - Lajme nga Ulqini<\/title>\n<meta name=\"description\" content=\"O Be\u0107u TRUMI napisa\u0107u kasnije nekoliko re\u010denica i na srpsko-crnogorskom jeziku, jer iskreno mislim da o zaslu\u017euje po\u0161tovanje sviju gra\u0111ana Ulcinja. BE\u0106O\" \/>\n<meta name=\"robots\" content=\"index, follow, max-snippet:-1, max-image-preview:large, max-video-preview:-1\" \/>\n<link rel=\"canonical\" href=\"https:\/\/www.visit-ulcinj.com\/blog\/2014\/03\/25\/becir-truma-ima-veliku-zaslugu-ulcinja-video\/\" \/>\n<meta property=\"og:locale\" content=\"en_US\" \/>\n<meta property=\"og:type\" content=\"article\" \/>\n<meta property=\"og:title\" content=\"Be\u0107ir Truma ima veliku zaslugu Ulcinja - Video - Lajme nga Ulqini\" \/>\n<meta property=\"og:description\" content=\"O Be\u0107u TRUMI napisa\u0107u kasnije nekoliko re\u010denica i na srpsko-crnogorskom jeziku, jer iskreno mislim da o zaslu\u017euje po\u0161tovanje sviju gra\u0111ana Ulcinja. BE\u0106O\" \/>\n<meta property=\"og:url\" content=\"https:\/\/www.visit-ulcinj.com\/blog\/2014\/03\/25\/becir-truma-ima-veliku-zaslugu-ulcinja-video\/\" \/>\n<meta property=\"og:site_name\" content=\"Lajme nga Ulqini\" \/>\n<meta property=\"article:published_time\" content=\"2014-03-25T11:30:48+00:00\" \/>\n<meta property=\"article:modified_time\" content=\"2014-03-25T11:31:21+00:00\" \/>\n<meta property=\"og:image\" content=\"http:\/\/www.visit-ulcinj.com\/blog\/wp-content\/uploads\/2014\/03\/Beqir-Truma-Ulqin.jpg\" \/>\n<meta name=\"twitter:label1\" content=\"Written by\" \/>\n\t<meta name=\"twitter:data1\" content=\"ulqini\" \/>\n\t<meta name=\"twitter:label2\" content=\"Est. reading time\" \/>\n\t<meta name=\"twitter:data2\" content=\"2 minutes\" \/>\n<script type=\"application\/ld+json\" class=\"yoast-schema-graph\">{\"@context\":\"https:\/\/schema.org\",\"@graph\":[{\"@type\":\"WebSite\",\"@id\":\"https:\/\/www.visit-ulcinj.com\/blog\/#website\",\"url\":\"https:\/\/www.visit-ulcinj.com\/blog\/\",\"name\":\"Lajme nga Ulqini\",\"description\":\"Lajme,Vijesti,Ulqini,Ulqin,Crna Gora,Mali i Zi\",\"potentialAction\":[{\"@type\":\"SearchAction\",\"target\":{\"@type\":\"EntryPoint\",\"urlTemplate\":\"https:\/\/www.visit-ulcinj.com\/blog\/?s={search_term_string}\"},\"query-input\":\"required name=search_term_string\"}],\"inLanguage\":\"en-US\"},{\"@type\":\"ImageObject\",\"inLanguage\":\"en-US\",\"@id\":\"https:\/\/www.visit-ulcinj.com\/blog\/2014\/03\/25\/becir-truma-ima-veliku-zaslugu-ulcinja-video\/#primaryimage\",\"url\":\"https:\/\/www.visit-ulcinj.com\/blog\/wp-content\/uploads\/2014\/03\/Beqir-Truma-Ulqin.jpg\",\"contentUrl\":\"https:\/\/www.visit-ulcinj.com\/blog\/wp-content\/uploads\/2014\/03\/Beqir-Truma-Ulqin.jpg\",\"width\":960,\"height\":720},{\"@type\":\"WebPage\",\"@id\":\"https:\/\/www.visit-ulcinj.com\/blog\/2014\/03\/25\/becir-truma-ima-veliku-zaslugu-ulcinja-video\/#webpage\",\"url\":\"https:\/\/www.visit-ulcinj.com\/blog\/2014\/03\/25\/becir-truma-ima-veliku-zaslugu-ulcinja-video\/\",\"name\":\"Be\u0107ir Truma ima veliku zaslugu Ulcinja - Video - Lajme nga Ulqini\",\"isPartOf\":{\"@id\":\"https:\/\/www.visit-ulcinj.com\/blog\/#website\"},\"primaryImageOfPage\":{\"@id\":\"https:\/\/www.visit-ulcinj.com\/blog\/2014\/03\/25\/becir-truma-ima-veliku-zaslugu-ulcinja-video\/#primaryimage\"},\"datePublished\":\"2014-03-25T11:30:48+00:00\",\"dateModified\":\"2014-03-25T11:31:21+00:00\",\"author\":{\"@id\":\"https:\/\/www.visit-ulcinj.com\/blog\/#\/schema\/person\/dcab619c614d3038751c63bc2aadc06d\"},\"description\":\"O Be\u0107u TRUMI napisa\u0107u kasnije nekoliko re\u010denica i na srpsko-crnogorskom jeziku, jer iskreno mislim da o zaslu\u017euje po\u0161tovanje sviju gra\u0111ana Ulcinja. BE\u0106O\",\"breadcrumb\":{\"@id\":\"https:\/\/www.visit-ulcinj.com\/blog\/2014\/03\/25\/becir-truma-ima-veliku-zaslugu-ulcinja-video\/#breadcrumb\"},\"inLanguage\":\"en-US\",\"potentialAction\":[{\"@type\":\"ReadAction\",\"target\":[\"https:\/\/www.visit-ulcinj.com\/blog\/2014\/03\/25\/becir-truma-ima-veliku-zaslugu-ulcinja-video\/\"]}]},{\"@type\":\"BreadcrumbList\",\"@id\":\"https:\/\/www.visit-ulcinj.com\/blog\/2014\/03\/25\/becir-truma-ima-veliku-zaslugu-ulcinja-video\/#breadcrumb\",\"itemListElement\":[{\"@type\":\"ListItem\",\"position\":1,\"name\":\"Be\u0107ir Truma ima veliku zaslugu Ulcinja &#8211; Video\"}]},{\"@type\":\"Person\",\"@id\":\"https:\/\/www.visit-ulcinj.com\/blog\/#\/schema\/person\/dcab619c614d3038751c63bc2aadc06d\",\"name\":\"ulqini\",\"sameAs\":[\"http:\/\/www.visit-ulcinj.com\"],\"url\":\"https:\/\/www.visit-ulcinj.com\/blog\/author\/admin\/\"}]}<\/script>\n<!-- \/ Yoast SEO plugin. -->","yoast_head_json":{"title":"Be\u0107ir Truma ima veliku zaslugu Ulcinja - Video - Lajme nga Ulqini","description":"O Be\u0107u TRUMI napisa\u0107u kasnije nekoliko re\u010denica i na srpsko-crnogorskom jeziku, jer iskreno mislim da o zaslu\u017euje po\u0161tovanje sviju gra\u0111ana Ulcinja. BE\u0106O","robots":{"index":"index","follow":"follow","max-snippet":"max-snippet:-1","max-image-preview":"max-image-preview:large","max-video-preview":"max-video-preview:-1"},"canonical":"https:\/\/www.visit-ulcinj.com\/blog\/2014\/03\/25\/becir-truma-ima-veliku-zaslugu-ulcinja-video\/","og_locale":"en_US","og_type":"article","og_title":"Be\u0107ir Truma ima veliku zaslugu Ulcinja - Video - Lajme nga Ulqini","og_description":"O Be\u0107u TRUMI napisa\u0107u kasnije nekoliko re\u010denica i na srpsko-crnogorskom jeziku, jer iskreno mislim da o zaslu\u017euje po\u0161tovanje sviju gra\u0111ana Ulcinja. BE\u0106O","og_url":"https:\/\/www.visit-ulcinj.com\/blog\/2014\/03\/25\/becir-truma-ima-veliku-zaslugu-ulcinja-video\/","og_site_name":"Lajme nga Ulqini","article_published_time":"2014-03-25T11:30:48+00:00","article_modified_time":"2014-03-25T11:31:21+00:00","og_image":[{"url":"http:\/\/www.visit-ulcinj.com\/blog\/wp-content\/uploads\/2014\/03\/Beqir-Truma-Ulqin.jpg"}],"twitter_misc":{"Written by":"ulqini","Est. reading time":"2 minutes"},"schema":{"@context":"https:\/\/schema.org","@graph":[{"@type":"WebSite","@id":"https:\/\/www.visit-ulcinj.com\/blog\/#website","url":"https:\/\/www.visit-ulcinj.com\/blog\/","name":"Lajme nga Ulqini","description":"Lajme,Vijesti,Ulqini,Ulqin,Crna Gora,Mali i Zi","potentialAction":[{"@type":"SearchAction","target":{"@type":"EntryPoint","urlTemplate":"https:\/\/www.visit-ulcinj.com\/blog\/?s={search_term_string}"},"query-input":"required name=search_term_string"}],"inLanguage":"en-US"},{"@type":"ImageObject","inLanguage":"en-US","@id":"https:\/\/www.visit-ulcinj.com\/blog\/2014\/03\/25\/becir-truma-ima-veliku-zaslugu-ulcinja-video\/#primaryimage","url":"https:\/\/www.visit-ulcinj.com\/blog\/wp-content\/uploads\/2014\/03\/Beqir-Truma-Ulqin.jpg","contentUrl":"https:\/\/www.visit-ulcinj.com\/blog\/wp-content\/uploads\/2014\/03\/Beqir-Truma-Ulqin.jpg","width":960,"height":720},{"@type":"WebPage","@id":"https:\/\/www.visit-ulcinj.com\/blog\/2014\/03\/25\/becir-truma-ima-veliku-zaslugu-ulcinja-video\/#webpage","url":"https:\/\/www.visit-ulcinj.com\/blog\/2014\/03\/25\/becir-truma-ima-veliku-zaslugu-ulcinja-video\/","name":"Be\u0107ir Truma ima veliku zaslugu Ulcinja - Video - Lajme nga Ulqini","isPartOf":{"@id":"https:\/\/www.visit-ulcinj.com\/blog\/#website"},"primaryImageOfPage":{"@id":"https:\/\/www.visit-ulcinj.com\/blog\/2014\/03\/25\/becir-truma-ima-veliku-zaslugu-ulcinja-video\/#primaryimage"},"datePublished":"2014-03-25T11:30:48+00:00","dateModified":"2014-03-25T11:31:21+00:00","author":{"@id":"https:\/\/www.visit-ulcinj.com\/blog\/#\/schema\/person\/dcab619c614d3038751c63bc2aadc06d"},"description":"O Be\u0107u TRUMI napisa\u0107u kasnije nekoliko re\u010denica i na srpsko-crnogorskom jeziku, jer iskreno mislim da o zaslu\u017euje po\u0161tovanje sviju gra\u0111ana Ulcinja. BE\u0106O","breadcrumb":{"@id":"https:\/\/www.visit-ulcinj.com\/blog\/2014\/03\/25\/becir-truma-ima-veliku-zaslugu-ulcinja-video\/#breadcrumb"},"inLanguage":"en-US","potentialAction":[{"@type":"ReadAction","target":["https:\/\/www.visit-ulcinj.com\/blog\/2014\/03\/25\/becir-truma-ima-veliku-zaslugu-ulcinja-video\/"]}]},{"@type":"BreadcrumbList","@id":"https:\/\/www.visit-ulcinj.com\/blog\/2014\/03\/25\/becir-truma-ima-veliku-zaslugu-ulcinja-video\/#breadcrumb","itemListElement":[{"@type":"ListItem","position":1,"name":"Be\u0107ir Truma ima veliku zaslugu Ulcinja &#8211; Video"}]},{"@type":"Person","@id":"https:\/\/www.visit-ulcinj.com\/blog\/#\/schema\/person\/dcab619c614d3038751c63bc2aadc06d","name":"ulqini","sameAs":["http:\/\/www.visit-ulcinj.com"],"url":"https:\/\/www.visit-ulcinj.com\/blog\/author\/admin\/"}]}},"jetpack_featured_media_url":"","jetpack_sharing_enabled":true,"jetpack_shortlink":"https:\/\/wp.me\/pe6lTn-l4B","_links":{"self":[{"href":"https:\/\/www.visit-ulcinj.com\/blog\/wp-json\/wp\/v2\/posts\/81009"}],"collection":[{"href":"https:\/\/www.visit-ulcinj.com\/blog\/wp-json\/wp\/v2\/posts"}],"about":[{"href":"https:\/\/www.visit-ulcinj.com\/blog\/wp-json\/wp\/v2\/types\/post"}],"author":[{"embeddable":true,"href":"https:\/\/www.visit-ulcinj.com\/blog\/wp-json\/wp\/v2\/users\/1"}],"replies":[{"embeddable":true,"href":"https:\/\/www.visit-ulcinj.com\/blog\/wp-json\/wp\/v2\/comments?post=81009"}],"version-history":[{"count":2,"href":"https:\/\/www.visit-ulcinj.com\/blog\/wp-json\/wp\/v2\/posts\/81009\/revisions"}],"predecessor-version":[{"id":81011,"href":"https:\/\/www.visit-ulcinj.com\/blog\/wp-json\/wp\/v2\/posts\/81009\/revisions\/81011"}],"wp:attachment":[{"href":"https:\/\/www.visit-ulcinj.com\/blog\/wp-json\/wp\/v2\/media?parent=81009"}],"wp:term":[{"taxonomy":"category","embeddable":true,"href":"https:\/\/www.visit-ulcinj.com\/blog\/wp-json\/wp\/v2\/categories?post=81009"},{"taxonomy":"post_tag","embeddable":true,"href":"https:\/\/www.visit-ulcinj.com\/blog\/wp-json\/wp\/v2\/tags?post=81009"}],"curies":[{"name":"wp","href":"https:\/\/api.w.org\/{rel}","templated":true}]}}