{"id":81018,"date":"2014-03-25T17:08:18","date_gmt":"2014-03-25T16:08:18","guid":{"rendered":"http:\/\/www.visit-ulcinj.com\/blog\/?p=81018"},"modified":"2014-03-25T17:08:18","modified_gmt":"2014-03-25T16:08:18","slug":"mali-zi-kerkon-punetore-sezonal-te-maqedonise","status":"publish","type":"post","link":"https:\/\/www.visit-ulcinj.com\/blog\/2014\/03\/25\/mali-zi-kerkon-punetore-sezonal-te-maqedonise\/","title":{"rendered":"Mali i Zi k\u00ebrkon pun\u00ebtor\u00eb sezonal t\u00eb Maqedonis\u00eb"},"content":{"rendered":"<p><a href=\"http:\/\/www.visit-ulcinj.com\/blog\/wp-content\/uploads\/2014\/03\/Puntoret-sezonal-Mali-Zi.jpg\"><img loading=\"lazy\" class=\"alignleft  wp-image-81019\" alt=\"Puntoret-sezonal-Mali-Zi\" src=\"http:\/\/www.visit-ulcinj.com\/blog\/wp-content\/uploads\/2014\/03\/Puntoret-sezonal-Mali-Zi.jpg\" width=\"508\" height=\"360\" \/><\/a>P\u00ebr pun\u00ebtor\u00ebt sezonal t\u00eb Maqedonis\u00eb do t\u00eb ket\u00eb pun\u00eb n\u00eb Mal t\u00eb Zi\u00a0 dhe n\u00eb sezonin e ardhsh\u00ebm. Realizohen investime\u00a0 n\u00eb bregdet p\u00ebr t\u00eb cilat do t\u00eb ket\u00eb nevoj\u00eb\u00a0 nga angazhimi i kuadrove vendore dhe\u00a0 t\u00eb huaj. At\u00eb do ta paralajm\u00ebroj\u00eb drejtoresha e Entit p\u00ebr pun\u00ebsim t\u00eb Malit t\u00eb Zi\u00a0 Vukica Jeliq pas n\u00ebnshkrimit t\u00eb sot\u00ebm t\u00eb memorandumit p\u00ebr bashk\u00ebpunim me Agjencin\u00eb e Maqedonis\u00eb p\u00ebr pun\u00ebsim.<\/p>\n<p>N\u00eb tregun malazez vitin e kaluar me leje t\u00eb pun\u00ebs kan\u00eb qen\u00eb t\u00eb pranish\u00ebm 3.500 pun\u00ebtor\u00eb, por, sipas Jeliqit ka pasur edhe t\u00eb painvedentuar. Memorandumi p\u00ebr bashk\u00ebpunim \u00ebsht\u00eb p\u00ebrgatitje p\u00ebr marr\u00ebveshjen\u00a0 mes t\u00eb dy institucioneve q\u00eb duhet t\u00eb n\u00ebnshkruhet p\u00ebr disa muaj, nd\u00ebrsa i cili do t\u00eb ofroj\u00eb evidentim t\u00eb sakt\u00eb p\u00ebr pun\u00ebtor\u00ebt e angazhuar nga Maqedonia dhe Mali i Zi dhe e kund\u00ebrta, si dhe informatat adekuate\u00a0 p\u00ebr mund\u00ebsit\u00eb p\u00ebr pun\u00ebsim dhe procedurat e nevojshme dhe rregullat nga t\u00eb dy shtetet.<\/p>\n<p>&#8220;Me n\u00ebnshkrimin e memorandumit do t\u00eb kemi kontroll t\u00eb t\u00eb gjith\u00eb pun\u00ebtor\u00ebve q\u00eb punojn\u00eb rregullisht ose n\u00eb sezon n\u00eb tregun malazez. Do t\u00eb mundemi qytetar\u00ebve tan\u00eb q\u00eb punojn\u00eb n\u00eb Mal t\u00eb Zi nd\u00ebrsa edhe malazez\u00ebve q\u00eb punojn\u00eb n\u00eb Republik\u00ebn e Maqedonis\u00eb, t&#8217;ju ofrojm\u00eb informata adekuate dhe procedura&#8221;, tha Vllatko Popovski, drejtor i Agjencis\u00eb p\u00ebr pun\u00ebsim t\u00eb RM-s\u00eb.<\/p>\n<p>Sipas Jeliqit, q\u00ebllimi\u00a0 i bashk\u00ebpunimit \u00ebsht\u00eb k\u00ebmbimi i p\u00ebrvojave dhe shfryt\u00ebzimi i t\u00eb gjitha programeve me praktik\u00eb pozitive,\u00a0 si dhe pun\u00eb dhe aplikim n\u00eb projekte t\u00eb p\u00ebrbashk\u00ebta nga Bashkimi Evropian.<\/p>\n<p>&#8220;T\u00eb dy institucionet do t\u00eb punojn\u00eb n\u00eb projekte t\u00eb cilat do t&#8217;i p\u00ebrmir\u00ebsojn\u00eb t\u00eb gjitha programet\u00a0 p\u00ebr dh\u00ebnien e sh\u00ebrbimeve t\u00eb t\u00eb papun\u00ebsuarve, pun\u00ebdh\u00ebn\u00ebsve, student\u00ebve&#8230;Do t\u00eb tentojm\u00eb ta zvog\u00eblojm\u00eb sa m\u00eb shum\u00eb q\u00eb \u00ebsht\u00eb e mundur problemin e madh me papun\u00ebsin\u00eb me t\u00eb cilin p\u00ebrballet i gjith\u00eb rajoni i Evrop\u00ebs&#8221;, potencoi Jeliq.<\/p>\n<p>Shkalla e papun\u00ebsis\u00eb n\u00eb Mal t\u00eb Zi\u00a0 arrin 15 p\u00ebr qind, nd\u00ebrsa t\u00eb rinjt\u00eb marrin pjes\u00eb me 20 p\u00ebr qind\u00a0 n\u00eb shifr\u00ebn e t\u00ebr\u00ebsishme t\u00eb t\u00eb papun\u00ebve. Kuadro\u00a0deficitar\u00eb, sipas Jeliqit, edhe m\u00eb tutje jan\u00eb pun\u00ebtor\u00ebt nd\u00ebrtimor dhe kuadri\u00a0i lart\u00eb profesional.<\/p>\n<p>Zhurnal<\/p>\n","protected":false},"excerpt":{"rendered":"<p>P\u00ebr pun\u00ebtor\u00ebt sezonal t\u00eb Maqedonis\u00eb do t\u00eb ket\u00eb pun\u00eb n\u00eb Mal t\u00eb Zi\u00a0 dhe n\u00eb sezonin e ardhsh\u00ebm. Realizohen investime\u00a0 n\u00eb bregdet p\u00ebr t\u00eb cilat do t\u00eb ket\u00eb nevoj\u00eb\u00a0 nga angazhimi i kuadrove vendore dhe\u00a0 t\u00eb huaj. At\u00eb do ta paralajm\u00ebroj\u00eb drejtoresha e Entit p\u00ebr pun\u00ebsim t\u00eb Malit t\u00eb Zi\u00a0 Vukica Jeliq pas n\u00ebnshkrimit t\u00eb [&hellip;]<\/p>\n","protected":false},"author":1,"featured_media":0,"comment_status":"closed","ping_status":"closed","sticky":false,"template":"","format":"standard","meta":{"spay_email":"","jetpack_publicize_message":"","jetpack_is_tweetstorm":false,"jetpack_publicize_feature_enabled":true},"categories":[14],"tags":[],"jetpack_publicize_connections":[],"yoast_head":"<!-- This site is optimized with the Yoast SEO plugin v19.1 - https:\/\/yoast.com\/wordpress\/plugins\/seo\/ -->\n<title>Mali i Zi k\u00ebrkon pun\u00ebtor\u00eb sezonal t\u00eb Maqedonis\u00eb - Lajme nga Ulqini<\/title>\n<meta name=\"description\" content=\"P\u00ebr pun\u00ebtor\u00ebt sezonal t\u00eb Maqedonis\u00eb do t\u00eb ket\u00eb pun\u00eb n\u00eb Mal t\u00eb Zi\u00a0 dhe n\u00eb sezonin e ardhsh\u00ebm. Realizohen investime\u00a0 n\u00eb bregdet p\u00ebr t\u00eb cilat do t\u00eb ket\u00eb\" \/>\n<meta name=\"robots\" content=\"index, follow, max-snippet:-1, max-image-preview:large, max-video-preview:-1\" \/>\n<link rel=\"canonical\" href=\"https:\/\/www.visit-ulcinj.com\/blog\/2014\/03\/25\/mali-zi-kerkon-punetore-sezonal-te-maqedonise\/\" \/>\n<meta property=\"og:locale\" content=\"en_US\" \/>\n<meta property=\"og:type\" content=\"article\" \/>\n<meta property=\"og:title\" content=\"Mali i Zi k\u00ebrkon pun\u00ebtor\u00eb sezonal t\u00eb Maqedonis\u00eb - Lajme nga Ulqini\" \/>\n<meta property=\"og:description\" content=\"P\u00ebr pun\u00ebtor\u00ebt sezonal t\u00eb Maqedonis\u00eb do t\u00eb ket\u00eb pun\u00eb n\u00eb Mal t\u00eb Zi\u00a0 dhe n\u00eb sezonin e ardhsh\u00ebm. Realizohen investime\u00a0 n\u00eb bregdet p\u00ebr t\u00eb cilat do t\u00eb ket\u00eb\" \/>\n<meta property=\"og:url\" content=\"https:\/\/www.visit-ulcinj.com\/blog\/2014\/03\/25\/mali-zi-kerkon-punetore-sezonal-te-maqedonise\/\" \/>\n<meta property=\"og:site_name\" content=\"Lajme nga Ulqini\" \/>\n<meta property=\"article:published_time\" content=\"2014-03-25T16:08:18+00:00\" \/>\n<meta property=\"og:image\" content=\"http:\/\/www.visit-ulcinj.com\/blog\/wp-content\/uploads\/2014\/03\/Puntoret-sezonal-Mali-Zi.jpg\" \/>\n<meta name=\"twitter:label1\" content=\"Written by\" \/>\n\t<meta name=\"twitter:data1\" content=\"ulqini\" \/>\n\t<meta name=\"twitter:label2\" content=\"Est. reading time\" \/>\n\t<meta name=\"twitter:data2\" content=\"2 minutes\" \/>\n<script type=\"application\/ld+json\" class=\"yoast-schema-graph\">{\"@context\":\"https:\/\/schema.org\",\"@graph\":[{\"@type\":\"WebSite\",\"@id\":\"https:\/\/www.visit-ulcinj.com\/blog\/#website\",\"url\":\"https:\/\/www.visit-ulcinj.com\/blog\/\",\"name\":\"Lajme nga Ulqini\",\"description\":\"Lajme,Vijesti,Ulqini,Ulqin,Crna Gora,Mali i Zi\",\"potentialAction\":[{\"@type\":\"SearchAction\",\"target\":{\"@type\":\"EntryPoint\",\"urlTemplate\":\"https:\/\/www.visit-ulcinj.com\/blog\/?s={search_term_string}\"},\"query-input\":\"required name=search_term_string\"}],\"inLanguage\":\"en-US\"},{\"@type\":\"ImageObject\",\"inLanguage\":\"en-US\",\"@id\":\"https:\/\/www.visit-ulcinj.com\/blog\/2014\/03\/25\/mali-zi-kerkon-punetore-sezonal-te-maqedonise\/#primaryimage\",\"url\":\"https:\/\/www.visit-ulcinj.com\/blog\/wp-content\/uploads\/2014\/03\/Puntoret-sezonal-Mali-Zi.jpg\",\"contentUrl\":\"https:\/\/www.visit-ulcinj.com\/blog\/wp-content\/uploads\/2014\/03\/Puntoret-sezonal-Mali-Zi.jpg\",\"width\":986,\"height\":405},{\"@type\":\"WebPage\",\"@id\":\"https:\/\/www.visit-ulcinj.com\/blog\/2014\/03\/25\/mali-zi-kerkon-punetore-sezonal-te-maqedonise\/#webpage\",\"url\":\"https:\/\/www.visit-ulcinj.com\/blog\/2014\/03\/25\/mali-zi-kerkon-punetore-sezonal-te-maqedonise\/\",\"name\":\"Mali i Zi k\u00ebrkon pun\u00ebtor\u00eb sezonal t\u00eb Maqedonis\u00eb - Lajme nga Ulqini\",\"isPartOf\":{\"@id\":\"https:\/\/www.visit-ulcinj.com\/blog\/#website\"},\"primaryImageOfPage\":{\"@id\":\"https:\/\/www.visit-ulcinj.com\/blog\/2014\/03\/25\/mali-zi-kerkon-punetore-sezonal-te-maqedonise\/#primaryimage\"},\"datePublished\":\"2014-03-25T16:08:18+00:00\",\"dateModified\":\"2014-03-25T16:08:18+00:00\",\"author\":{\"@id\":\"https:\/\/www.visit-ulcinj.com\/blog\/#\/schema\/person\/dcab619c614d3038751c63bc2aadc06d\"},\"description\":\"P\u00ebr pun\u00ebtor\u00ebt sezonal t\u00eb Maqedonis\u00eb do t\u00eb ket\u00eb pun\u00eb n\u00eb Mal t\u00eb Zi\u00a0 dhe n\u00eb sezonin e ardhsh\u00ebm. Realizohen investime\u00a0 n\u00eb bregdet p\u00ebr t\u00eb cilat do t\u00eb ket\u00eb\",\"breadcrumb\":{\"@id\":\"https:\/\/www.visit-ulcinj.com\/blog\/2014\/03\/25\/mali-zi-kerkon-punetore-sezonal-te-maqedonise\/#breadcrumb\"},\"inLanguage\":\"en-US\",\"potentialAction\":[{\"@type\":\"ReadAction\",\"target\":[\"https:\/\/www.visit-ulcinj.com\/blog\/2014\/03\/25\/mali-zi-kerkon-punetore-sezonal-te-maqedonise\/\"]}]},{\"@type\":\"BreadcrumbList\",\"@id\":\"https:\/\/www.visit-ulcinj.com\/blog\/2014\/03\/25\/mali-zi-kerkon-punetore-sezonal-te-maqedonise\/#breadcrumb\",\"itemListElement\":[{\"@type\":\"ListItem\",\"position\":1,\"name\":\"Mali i Zi k\u00ebrkon pun\u00ebtor\u00eb sezonal t\u00eb Maqedonis\u00eb\"}]},{\"@type\":\"Person\",\"@id\":\"https:\/\/www.visit-ulcinj.com\/blog\/#\/schema\/person\/dcab619c614d3038751c63bc2aadc06d\",\"name\":\"ulqini\",\"sameAs\":[\"http:\/\/www.visit-ulcinj.com\"],\"url\":\"https:\/\/www.visit-ulcinj.com\/blog\/author\/admin\/\"}]}<\/script>\n<!-- \/ Yoast SEO plugin. -->","yoast_head_json":{"title":"Mali i Zi k\u00ebrkon pun\u00ebtor\u00eb sezonal t\u00eb Maqedonis\u00eb - Lajme nga Ulqini","description":"P\u00ebr pun\u00ebtor\u00ebt sezonal t\u00eb Maqedonis\u00eb do t\u00eb ket\u00eb pun\u00eb n\u00eb Mal t\u00eb Zi\u00a0 dhe n\u00eb sezonin e ardhsh\u00ebm. Realizohen investime\u00a0 n\u00eb bregdet p\u00ebr t\u00eb cilat do t\u00eb ket\u00eb","robots":{"index":"index","follow":"follow","max-snippet":"max-snippet:-1","max-image-preview":"max-image-preview:large","max-video-preview":"max-video-preview:-1"},"canonical":"https:\/\/www.visit-ulcinj.com\/blog\/2014\/03\/25\/mali-zi-kerkon-punetore-sezonal-te-maqedonise\/","og_locale":"en_US","og_type":"article","og_title":"Mali i Zi k\u00ebrkon pun\u00ebtor\u00eb sezonal t\u00eb Maqedonis\u00eb - Lajme nga Ulqini","og_description":"P\u00ebr pun\u00ebtor\u00ebt sezonal t\u00eb Maqedonis\u00eb do t\u00eb ket\u00eb pun\u00eb n\u00eb Mal t\u00eb Zi\u00a0 dhe n\u00eb sezonin e ardhsh\u00ebm. Realizohen investime\u00a0 n\u00eb bregdet p\u00ebr t\u00eb cilat do t\u00eb ket\u00eb","og_url":"https:\/\/www.visit-ulcinj.com\/blog\/2014\/03\/25\/mali-zi-kerkon-punetore-sezonal-te-maqedonise\/","og_site_name":"Lajme nga Ulqini","article_published_time":"2014-03-25T16:08:18+00:00","og_image":[{"url":"http:\/\/www.visit-ulcinj.com\/blog\/wp-content\/uploads\/2014\/03\/Puntoret-sezonal-Mali-Zi.jpg"}],"twitter_misc":{"Written by":"ulqini","Est. reading time":"2 minutes"},"schema":{"@context":"https:\/\/schema.org","@graph":[{"@type":"WebSite","@id":"https:\/\/www.visit-ulcinj.com\/blog\/#website","url":"https:\/\/www.visit-ulcinj.com\/blog\/","name":"Lajme nga Ulqini","description":"Lajme,Vijesti,Ulqini,Ulqin,Crna Gora,Mali i Zi","potentialAction":[{"@type":"SearchAction","target":{"@type":"EntryPoint","urlTemplate":"https:\/\/www.visit-ulcinj.com\/blog\/?s={search_term_string}"},"query-input":"required name=search_term_string"}],"inLanguage":"en-US"},{"@type":"ImageObject","inLanguage":"en-US","@id":"https:\/\/www.visit-ulcinj.com\/blog\/2014\/03\/25\/mali-zi-kerkon-punetore-sezonal-te-maqedonise\/#primaryimage","url":"https:\/\/www.visit-ulcinj.com\/blog\/wp-content\/uploads\/2014\/03\/Puntoret-sezonal-Mali-Zi.jpg","contentUrl":"https:\/\/www.visit-ulcinj.com\/blog\/wp-content\/uploads\/2014\/03\/Puntoret-sezonal-Mali-Zi.jpg","width":986,"height":405},{"@type":"WebPage","@id":"https:\/\/www.visit-ulcinj.com\/blog\/2014\/03\/25\/mali-zi-kerkon-punetore-sezonal-te-maqedonise\/#webpage","url":"https:\/\/www.visit-ulcinj.com\/blog\/2014\/03\/25\/mali-zi-kerkon-punetore-sezonal-te-maqedonise\/","name":"Mali i Zi k\u00ebrkon pun\u00ebtor\u00eb sezonal t\u00eb Maqedonis\u00eb - Lajme nga Ulqini","isPartOf":{"@id":"https:\/\/www.visit-ulcinj.com\/blog\/#website"},"primaryImageOfPage":{"@id":"https:\/\/www.visit-ulcinj.com\/blog\/2014\/03\/25\/mali-zi-kerkon-punetore-sezonal-te-maqedonise\/#primaryimage"},"datePublished":"2014-03-25T16:08:18+00:00","dateModified":"2014-03-25T16:08:18+00:00","author":{"@id":"https:\/\/www.visit-ulcinj.com\/blog\/#\/schema\/person\/dcab619c614d3038751c63bc2aadc06d"},"description":"P\u00ebr pun\u00ebtor\u00ebt sezonal t\u00eb Maqedonis\u00eb do t\u00eb ket\u00eb pun\u00eb n\u00eb Mal t\u00eb Zi\u00a0 dhe n\u00eb sezonin e ardhsh\u00ebm. Realizohen investime\u00a0 n\u00eb bregdet p\u00ebr t\u00eb cilat do t\u00eb ket\u00eb","breadcrumb":{"@id":"https:\/\/www.visit-ulcinj.com\/blog\/2014\/03\/25\/mali-zi-kerkon-punetore-sezonal-te-maqedonise\/#breadcrumb"},"inLanguage":"en-US","potentialAction":[{"@type":"ReadAction","target":["https:\/\/www.visit-ulcinj.com\/blog\/2014\/03\/25\/mali-zi-kerkon-punetore-sezonal-te-maqedonise\/"]}]},{"@type":"BreadcrumbList","@id":"https:\/\/www.visit-ulcinj.com\/blog\/2014\/03\/25\/mali-zi-kerkon-punetore-sezonal-te-maqedonise\/#breadcrumb","itemListElement":[{"@type":"ListItem","position":1,"name":"Mali i Zi k\u00ebrkon pun\u00ebtor\u00eb sezonal t\u00eb Maqedonis\u00eb"}]},{"@type":"Person","@id":"https:\/\/www.visit-ulcinj.com\/blog\/#\/schema\/person\/dcab619c614d3038751c63bc2aadc06d","name":"ulqini","sameAs":["http:\/\/www.visit-ulcinj.com"],"url":"https:\/\/www.visit-ulcinj.com\/blog\/author\/admin\/"}]}},"jetpack_featured_media_url":"","jetpack_sharing_enabled":true,"jetpack_shortlink":"https:\/\/wp.me\/pe6lTn-l4K","_links":{"self":[{"href":"https:\/\/www.visit-ulcinj.com\/blog\/wp-json\/wp\/v2\/posts\/81018"}],"collection":[{"href":"https:\/\/www.visit-ulcinj.com\/blog\/wp-json\/wp\/v2\/posts"}],"about":[{"href":"https:\/\/www.visit-ulcinj.com\/blog\/wp-json\/wp\/v2\/types\/post"}],"author":[{"embeddable":true,"href":"https:\/\/www.visit-ulcinj.com\/blog\/wp-json\/wp\/v2\/users\/1"}],"replies":[{"embeddable":true,"href":"https:\/\/www.visit-ulcinj.com\/blog\/wp-json\/wp\/v2\/comments?post=81018"}],"version-history":[{"count":1,"href":"https:\/\/www.visit-ulcinj.com\/blog\/wp-json\/wp\/v2\/posts\/81018\/revisions"}],"predecessor-version":[{"id":81020,"href":"https:\/\/www.visit-ulcinj.com\/blog\/wp-json\/wp\/v2\/posts\/81018\/revisions\/81020"}],"wp:attachment":[{"href":"https:\/\/www.visit-ulcinj.com\/blog\/wp-json\/wp\/v2\/media?parent=81018"}],"wp:term":[{"taxonomy":"category","embeddable":true,"href":"https:\/\/www.visit-ulcinj.com\/blog\/wp-json\/wp\/v2\/categories?post=81018"},{"taxonomy":"post_tag","embeddable":true,"href":"https:\/\/www.visit-ulcinj.com\/blog\/wp-json\/wp\/v2\/tags?post=81018"}],"curies":[{"name":"wp","href":"https:\/\/api.w.org\/{rel}","templated":true}]}}