{"id":8102,"date":"2009-01-05T21:29:57","date_gmt":"2009-01-05T20:29:57","guid":{"rendered":"http:\/\/www.visit-ulcinj.com\/blog\/?p=8102"},"modified":"2009-01-05T23:42:33","modified_gmt":"2009-01-05T22:42:33","slug":"ambasada-ne-podgorice-mali-i-zi-ve-kushte","status":"publish","type":"post","link":"https:\/\/www.visit-ulcinj.com\/blog\/2009\/01\/05\/ambasada-ne-podgorice-mali-i-zi-ve-kushte\/","title":{"rendered":"Ambasada n\u00eb Podgoric\u00eb, Mali i Zi v\u00eb kushte"},"content":{"rendered":"<p><img loading=\"lazy\" class=\"alignleft size-full wp-image-8103\" title=\"flag-kosova\" src=\"http:\/\/www.visit-ulcinj.com\/blog\/wp-content\/uploads\/2009\/01\/flag-kosova.jpg\" alt=\"flag-kosova\" width=\"266\" height=\"266\" srcset=\"https:\/\/www.visit-ulcinj.com\/blog\/wp-content\/uploads\/2009\/01\/flag-kosova.jpg 210w, https:\/\/www.visit-ulcinj.com\/blog\/wp-content\/uploads\/2009\/01\/flag-kosova-150x150.jpg 150w\" sizes=\"(max-width: 266px) 100vw, 266px\" \/>Presidenti i Kosov\u00ebs, Fatmir Sejdiu, ka paralajm\u00ebruar n\u00eb mediat malazeze se Kosova, n\u00eb fillim t\u00eb k\u00ebtij viti, do t\u00eb hap\u00eb ambasad\u00ebn n\u00eb Mal t\u00eb Zi. Megjithat\u00eb, i shpejt ka qen\u00eb edhe reagimi i presidentit malazez, Filip Vujanoviq, i cili ka deklaruar se pranimi i ambasadorit t\u00eb Kosov\u00ebs kusht\u00ebzohet me njohjen e pakic\u00ebs malazeze n\u00eb Kosov\u00eb, si dhe krijimin e kushteve p\u00ebr kthimin e refugjat\u00ebve joshqiptar\u00eb nga Mali i Zi n\u00eb Kosov\u00eb.<br \/>\nPresidenti Sejdiu ka vler\u00ebsuar se vendosja e marr\u00ebdh\u00ebnieve t\u00eb dyanshme \u00ebsht\u00eb n\u00eb interes t\u00eb t\u00eb dy vendeve, nd\u00ebrsa ka shtuar se p\u00ebr k\u00ebt\u00eb \u00e7\u00ebshtje \u00ebsht\u00eb biseduar me presidentin Vujanoviq dhe me ministrin e Jasht\u00ebm Ro\u00e7en.<br \/>\n&#8220;Nuk mund t\u00eb them sakt\u00ebsisht se n\u00eb cil\u00ebn dit\u00eb do t\u00eb b\u00ebhet kjo, pasi po zhvillohen edhe disa procedura t\u00eb brendshme&#8221;, ka th\u00ebn\u00eb Sejdiu<br \/>\nPresidenti i Malit t\u00eb Zi, Filip Vujanoviq nd\u00ebrkaq, deklaroi t\u00eb h\u00ebn\u00ebn se pranimi i ambasadorit t\u00eb Kosov\u00ebs kusht\u00ebzohet me njohjen e pakic\u00ebs malazeze n\u00eb Kosov\u00eb, si dhe krijimin e kushteve p\u00ebr kthimin e refugjat\u00ebve joshqiptar\u00eb nga Mali i Zi n\u00eb Kosov\u00eb.<br \/>\nDeklarata e presidentit t\u00eb Malit t\u00eb Zi u b\u00eb pas paralajm\u00ebrimeve t\u00eb homologut t\u00eb tij kosovar, Fatmir Sejdiu, se n\u00eb fillim t\u00eb k\u00ebtij viti do t\u00eb hapet ambasada e Kosov\u00ebs n\u00eb Podgoric\u00eb. <strong>\/REL\/Telegrafi\/<\/strong><\/p>\n","protected":false},"excerpt":{"rendered":"<p>Presidenti i Kosov\u00ebs, Fatmir Sejdiu, ka paralajm\u00ebruar n\u00eb mediat malazeze se Kosova, n\u00eb fillim t\u00eb k\u00ebtij viti, do t\u00eb hap\u00eb ambasad\u00ebn n\u00eb Mal t\u00eb Zi. Megjithat\u00eb, i shpejt ka qen\u00eb edhe reagimi i presidentit malazez, Filip Vujanoviq, i cili ka deklaruar se pranimi i ambasadorit t\u00eb Kosov\u00ebs kusht\u00ebzohet me njohjen e pakic\u00ebs malazeze n\u00eb Kosov\u00eb, [&hellip;]<\/p>\n","protected":false},"author":1,"featured_media":0,"comment_status":"open","ping_status":"closed","sticky":false,"template":"","format":"standard","meta":{"spay_email":"","jetpack_publicize_message":"","jetpack_is_tweetstorm":false,"jetpack_publicize_feature_enabled":true},"categories":[14],"tags":[5582,1768,5583,5584],"jetpack_publicize_connections":[],"yoast_head":"<!-- This site is optimized with the Yoast SEO plugin v19.1 - https:\/\/yoast.com\/wordpress\/plugins\/seo\/ -->\n<title>Ambasada n\u00eb Podgoric\u00eb, Mali i Zi v\u00eb kushte - Lajme nga Ulqini<\/title>\n<meta name=\"description\" content=\"Presidenti i Kosov\u00ebs, Fatmir Sejdiu, ka paralajm\u00ebruar n\u00eb mediat malazeze se Kosova, n\u00eb fillim t\u00eb k\u00ebtij viti, do t\u00eb hap\u00eb ambasad\u00ebn n\u00eb Mal t\u00eb Zi.\" \/>\n<meta name=\"robots\" content=\"index, follow, max-snippet:-1, max-image-preview:large, max-video-preview:-1\" \/>\n<link rel=\"canonical\" href=\"https:\/\/www.visit-ulcinj.com\/blog\/2009\/01\/05\/ambasada-ne-podgorice-mali-i-zi-ve-kushte\/\" \/>\n<meta property=\"og:locale\" content=\"en_US\" \/>\n<meta property=\"og:type\" content=\"article\" \/>\n<meta property=\"og:title\" content=\"Ambasada n\u00eb Podgoric\u00eb, Mali i Zi v\u00eb kushte - Lajme nga Ulqini\" \/>\n<meta property=\"og:description\" content=\"Presidenti i Kosov\u00ebs, Fatmir Sejdiu, ka paralajm\u00ebruar n\u00eb mediat malazeze se Kosova, n\u00eb fillim t\u00eb k\u00ebtij viti, do t\u00eb hap\u00eb ambasad\u00ebn n\u00eb Mal t\u00eb Zi.\" \/>\n<meta property=\"og:url\" content=\"https:\/\/www.visit-ulcinj.com\/blog\/2009\/01\/05\/ambasada-ne-podgorice-mali-i-zi-ve-kushte\/\" \/>\n<meta property=\"og:site_name\" content=\"Lajme nga Ulqini\" \/>\n<meta property=\"article:published_time\" content=\"2009-01-05T20:29:57+00:00\" \/>\n<meta property=\"article:modified_time\" content=\"2009-01-05T22:42:33+00:00\" \/>\n<meta property=\"og:image\" content=\"http:\/\/www.visit-ulcinj.com\/blog\/wp-content\/uploads\/2009\/01\/flag-kosova.jpg\" \/>\n<meta name=\"twitter:label1\" content=\"Written by\" \/>\n\t<meta name=\"twitter:data1\" content=\"ulqini\" \/>\n\t<meta name=\"twitter:label2\" content=\"Est. reading time\" \/>\n\t<meta name=\"twitter:data2\" content=\"1 minute\" \/>\n<script type=\"application\/ld+json\" class=\"yoast-schema-graph\">{\"@context\":\"https:\/\/schema.org\",\"@graph\":[{\"@type\":\"WebSite\",\"@id\":\"https:\/\/www.visit-ulcinj.com\/blog\/#website\",\"url\":\"https:\/\/www.visit-ulcinj.com\/blog\/\",\"name\":\"Lajme nga Ulqini\",\"description\":\"Lajme,Vijesti,Ulqini,Ulqin,Crna Gora,Mali i Zi\",\"potentialAction\":[{\"@type\":\"SearchAction\",\"target\":{\"@type\":\"EntryPoint\",\"urlTemplate\":\"https:\/\/www.visit-ulcinj.com\/blog\/?s={search_term_string}\"},\"query-input\":\"required name=search_term_string\"}],\"inLanguage\":\"en-US\"},{\"@type\":\"ImageObject\",\"inLanguage\":\"en-US\",\"@id\":\"https:\/\/www.visit-ulcinj.com\/blog\/2009\/01\/05\/ambasada-ne-podgorice-mali-i-zi-ve-kushte\/#primaryimage\",\"url\":\"https:\/\/www.visit-ulcinj.com\/blog\/wp-content\/uploads\/2009\/01\/flag-kosova.jpg\",\"contentUrl\":\"https:\/\/www.visit-ulcinj.com\/blog\/wp-content\/uploads\/2009\/01\/flag-kosova.jpg\",\"width\":\"210\",\"height\":\"210\"},{\"@type\":\"WebPage\",\"@id\":\"https:\/\/www.visit-ulcinj.com\/blog\/2009\/01\/05\/ambasada-ne-podgorice-mali-i-zi-ve-kushte\/#webpage\",\"url\":\"https:\/\/www.visit-ulcinj.com\/blog\/2009\/01\/05\/ambasada-ne-podgorice-mali-i-zi-ve-kushte\/\",\"name\":\"Ambasada n\u00eb Podgoric\u00eb, Mali i Zi v\u00eb kushte - Lajme nga Ulqini\",\"isPartOf\":{\"@id\":\"https:\/\/www.visit-ulcinj.com\/blog\/#website\"},\"primaryImageOfPage\":{\"@id\":\"https:\/\/www.visit-ulcinj.com\/blog\/2009\/01\/05\/ambasada-ne-podgorice-mali-i-zi-ve-kushte\/#primaryimage\"},\"datePublished\":\"2009-01-05T20:29:57+00:00\",\"dateModified\":\"2009-01-05T22:42:33+00:00\",\"author\":{\"@id\":\"https:\/\/www.visit-ulcinj.com\/blog\/#\/schema\/person\/dcab619c614d3038751c63bc2aadc06d\"},\"description\":\"Presidenti i Kosov\u00ebs, Fatmir Sejdiu, ka paralajm\u00ebruar n\u00eb mediat malazeze se Kosova, n\u00eb fillim t\u00eb k\u00ebtij viti, do t\u00eb hap\u00eb ambasad\u00ebn n\u00eb Mal t\u00eb Zi.\",\"breadcrumb\":{\"@id\":\"https:\/\/www.visit-ulcinj.com\/blog\/2009\/01\/05\/ambasada-ne-podgorice-mali-i-zi-ve-kushte\/#breadcrumb\"},\"inLanguage\":\"en-US\",\"potentialAction\":[{\"@type\":\"ReadAction\",\"target\":[\"https:\/\/www.visit-ulcinj.com\/blog\/2009\/01\/05\/ambasada-ne-podgorice-mali-i-zi-ve-kushte\/\"]}]},{\"@type\":\"BreadcrumbList\",\"@id\":\"https:\/\/www.visit-ulcinj.com\/blog\/2009\/01\/05\/ambasada-ne-podgorice-mali-i-zi-ve-kushte\/#breadcrumb\",\"itemListElement\":[{\"@type\":\"ListItem\",\"position\":1,\"name\":\"Ambasada n\u00eb Podgoric\u00eb, Mali i Zi v\u00eb kushte\"}]},{\"@type\":\"Person\",\"@id\":\"https:\/\/www.visit-ulcinj.com\/blog\/#\/schema\/person\/dcab619c614d3038751c63bc2aadc06d\",\"name\":\"ulqini\",\"sameAs\":[\"http:\/\/www.visit-ulcinj.com\"],\"url\":\"https:\/\/www.visit-ulcinj.com\/blog\/author\/admin\/\"}]}<\/script>\n<!-- \/ Yoast SEO plugin. -->","yoast_head_json":{"title":"Ambasada n\u00eb Podgoric\u00eb, Mali i Zi v\u00eb kushte - Lajme nga Ulqini","description":"Presidenti i Kosov\u00ebs, Fatmir Sejdiu, ka paralajm\u00ebruar n\u00eb mediat malazeze se Kosova, n\u00eb fillim t\u00eb k\u00ebtij viti, do t\u00eb hap\u00eb ambasad\u00ebn n\u00eb Mal t\u00eb Zi.","robots":{"index":"index","follow":"follow","max-snippet":"max-snippet:-1","max-image-preview":"max-image-preview:large","max-video-preview":"max-video-preview:-1"},"canonical":"https:\/\/www.visit-ulcinj.com\/blog\/2009\/01\/05\/ambasada-ne-podgorice-mali-i-zi-ve-kushte\/","og_locale":"en_US","og_type":"article","og_title":"Ambasada n\u00eb Podgoric\u00eb, Mali i Zi v\u00eb kushte - Lajme nga Ulqini","og_description":"Presidenti i Kosov\u00ebs, Fatmir Sejdiu, ka paralajm\u00ebruar n\u00eb mediat malazeze se Kosova, n\u00eb fillim t\u00eb k\u00ebtij viti, do t\u00eb hap\u00eb ambasad\u00ebn n\u00eb Mal t\u00eb Zi.","og_url":"https:\/\/www.visit-ulcinj.com\/blog\/2009\/01\/05\/ambasada-ne-podgorice-mali-i-zi-ve-kushte\/","og_site_name":"Lajme nga Ulqini","article_published_time":"2009-01-05T20:29:57+00:00","article_modified_time":"2009-01-05T22:42:33+00:00","og_image":[{"url":"http:\/\/www.visit-ulcinj.com\/blog\/wp-content\/uploads\/2009\/01\/flag-kosova.jpg"}],"twitter_misc":{"Written by":"ulqini","Est. reading time":"1 minute"},"schema":{"@context":"https:\/\/schema.org","@graph":[{"@type":"WebSite","@id":"https:\/\/www.visit-ulcinj.com\/blog\/#website","url":"https:\/\/www.visit-ulcinj.com\/blog\/","name":"Lajme nga Ulqini","description":"Lajme,Vijesti,Ulqini,Ulqin,Crna Gora,Mali i Zi","potentialAction":[{"@type":"SearchAction","target":{"@type":"EntryPoint","urlTemplate":"https:\/\/www.visit-ulcinj.com\/blog\/?s={search_term_string}"},"query-input":"required name=search_term_string"}],"inLanguage":"en-US"},{"@type":"ImageObject","inLanguage":"en-US","@id":"https:\/\/www.visit-ulcinj.com\/blog\/2009\/01\/05\/ambasada-ne-podgorice-mali-i-zi-ve-kushte\/#primaryimage","url":"https:\/\/www.visit-ulcinj.com\/blog\/wp-content\/uploads\/2009\/01\/flag-kosova.jpg","contentUrl":"https:\/\/www.visit-ulcinj.com\/blog\/wp-content\/uploads\/2009\/01\/flag-kosova.jpg","width":"210","height":"210"},{"@type":"WebPage","@id":"https:\/\/www.visit-ulcinj.com\/blog\/2009\/01\/05\/ambasada-ne-podgorice-mali-i-zi-ve-kushte\/#webpage","url":"https:\/\/www.visit-ulcinj.com\/blog\/2009\/01\/05\/ambasada-ne-podgorice-mali-i-zi-ve-kushte\/","name":"Ambasada n\u00eb Podgoric\u00eb, Mali i Zi v\u00eb kushte - Lajme nga Ulqini","isPartOf":{"@id":"https:\/\/www.visit-ulcinj.com\/blog\/#website"},"primaryImageOfPage":{"@id":"https:\/\/www.visit-ulcinj.com\/blog\/2009\/01\/05\/ambasada-ne-podgorice-mali-i-zi-ve-kushte\/#primaryimage"},"datePublished":"2009-01-05T20:29:57+00:00","dateModified":"2009-01-05T22:42:33+00:00","author":{"@id":"https:\/\/www.visit-ulcinj.com\/blog\/#\/schema\/person\/dcab619c614d3038751c63bc2aadc06d"},"description":"Presidenti i Kosov\u00ebs, Fatmir Sejdiu, ka paralajm\u00ebruar n\u00eb mediat malazeze se Kosova, n\u00eb fillim t\u00eb k\u00ebtij viti, do t\u00eb hap\u00eb ambasad\u00ebn n\u00eb Mal t\u00eb Zi.","breadcrumb":{"@id":"https:\/\/www.visit-ulcinj.com\/blog\/2009\/01\/05\/ambasada-ne-podgorice-mali-i-zi-ve-kushte\/#breadcrumb"},"inLanguage":"en-US","potentialAction":[{"@type":"ReadAction","target":["https:\/\/www.visit-ulcinj.com\/blog\/2009\/01\/05\/ambasada-ne-podgorice-mali-i-zi-ve-kushte\/"]}]},{"@type":"BreadcrumbList","@id":"https:\/\/www.visit-ulcinj.com\/blog\/2009\/01\/05\/ambasada-ne-podgorice-mali-i-zi-ve-kushte\/#breadcrumb","itemListElement":[{"@type":"ListItem","position":1,"name":"Ambasada n\u00eb Podgoric\u00eb, Mali i Zi v\u00eb kushte"}]},{"@type":"Person","@id":"https:\/\/www.visit-ulcinj.com\/blog\/#\/schema\/person\/dcab619c614d3038751c63bc2aadc06d","name":"ulqini","sameAs":["http:\/\/www.visit-ulcinj.com"],"url":"https:\/\/www.visit-ulcinj.com\/blog\/author\/admin\/"}]}},"jetpack_featured_media_url":"","jetpack_sharing_enabled":true,"jetpack_shortlink":"https:\/\/wp.me\/pe6lTn-26G","_links":{"self":[{"href":"https:\/\/www.visit-ulcinj.com\/blog\/wp-json\/wp\/v2\/posts\/8102"}],"collection":[{"href":"https:\/\/www.visit-ulcinj.com\/blog\/wp-json\/wp\/v2\/posts"}],"about":[{"href":"https:\/\/www.visit-ulcinj.com\/blog\/wp-json\/wp\/v2\/types\/post"}],"author":[{"embeddable":true,"href":"https:\/\/www.visit-ulcinj.com\/blog\/wp-json\/wp\/v2\/users\/1"}],"replies":[{"embeddable":true,"href":"https:\/\/www.visit-ulcinj.com\/blog\/wp-json\/wp\/v2\/comments?post=8102"}],"version-history":[{"count":0,"href":"https:\/\/www.visit-ulcinj.com\/blog\/wp-json\/wp\/v2\/posts\/8102\/revisions"}],"wp:attachment":[{"href":"https:\/\/www.visit-ulcinj.com\/blog\/wp-json\/wp\/v2\/media?parent=8102"}],"wp:term":[{"taxonomy":"category","embeddable":true,"href":"https:\/\/www.visit-ulcinj.com\/blog\/wp-json\/wp\/v2\/categories?post=8102"},{"taxonomy":"post_tag","embeddable":true,"href":"https:\/\/www.visit-ulcinj.com\/blog\/wp-json\/wp\/v2\/tags?post=8102"}],"curies":[{"name":"wp","href":"https:\/\/api.w.org\/{rel}","templated":true}]}}