{"id":81033,"date":"2014-03-26T10:18:34","date_gmt":"2014-03-26T09:18:34","guid":{"rendered":"http:\/\/www.visit-ulcinj.com\/blog\/?p=81033"},"modified":"2014-03-29T16:34:24","modified_gmt":"2014-03-29T15:34:24","slug":"radnici-ulcinjske-solane-dobili-otkaze-za-31mart-2014","status":"publish","type":"post","link":"https:\/\/www.visit-ulcinj.com\/blog\/2014\/03\/26\/radnici-ulcinjske-solane-dobili-otkaze-za-31mart-2014\/","title":{"rendered":"Radnici ulcinjske solane dobili otkaze za 31mart 2014 -Video"},"content":{"rendered":"<div id=\"article_text\">\n<p><a href=\"http:\/\/www.visit-ulcinj.com\/blog\/wp-content\/uploads\/2014\/03\/SNP-dolazi-na-razgovor-sa-radnicima-Solane.jpg\"><img loading=\"lazy\" class=\"alignleft  wp-image-81022\" alt=\"SNP dolazi na razgovor sa radnicima Solane\" src=\"http:\/\/www.visit-ulcinj.com\/blog\/wp-content\/uploads\/2014\/03\/SNP-dolazi-na-razgovor-sa-radnicima-Solane.jpg\" width=\"508\" height=\"360\" \/><\/a>Radnici ulcinjske solane, njih 49, koji \u0161trajkuju od 21. januara zbog neispla\u0107enih zarada i nepovezanog sta\u017ea, dobili su otkaze.<\/p>\n<p>Rje\u0161enja o otkazima, kako je Vijestima kazao predsjednik sindikata Marko Miranovi\u0107, radnicima su, nakon sastanka sa ste\u010dajnim upravnikom, uru\u010dena na kapiji dok su razgovarali sa liderom SNP Sr\u0111anom Mili\u0107em.<\/p>\n<p><a href=\"http:\/\/www.visit-ulcinj.com\/blog\/wp-content\/uploads\/2014\/03\/otkaz-radnika-ulcinjske-solane.jpg\"><img loading=\"lazy\" class=\"alignleft  wp-image-81034\" alt=\"otkaz-radnika-ulcinjske-solane\" src=\"http:\/\/www.visit-ulcinj.com\/blog\/wp-content\/uploads\/2014\/03\/otkaz-radnika-ulcinjske-solane.jpg\" width=\"508\" height=\"600\" \/><\/a><\/p>\n<p>U obrazlo\u017eenju rje\u0161nja, ste\u010dajni upravnik Ognjen Jovovi\u0107, kazao je da su otkazi uslijedili nakon \u0161to je uprava procijenila da je prestala potreba za daljim anga\u017eovanjem radnika. Time je stavljena ta\u010dka na vi\u0161emjese\u010dnu i mu\u010dnu polemiku radnika sa jedne i uprave sa druge strane.<\/p>\n<p>U godini jubileja, kada slavi osamdeset godina postojanja, solana je vjerovatno nestala sa mape jugoisto\u010dnog Balkana, prepoznata kao najve\u0107a fabrika za proizvodnju kvalitetnih slanih kristala.<\/p>\n<p><strong>Samir Adrovi\u0107<\/strong><br \/>\n<strong>Izvor: Vijesti Online<\/strong><\/p>\n<\/div>\n<!--YouTube Error: bad URL entered-->\n","protected":false},"excerpt":{"rendered":"<p>Radnici ulcinjske solane, njih 49, koji \u0161trajkuju od 21. januara zbog neispla\u0107enih zarada i nepovezanog sta\u017ea, dobili su otkaze. Rje\u0161enja o otkazima, kako je Vijestima kazao predsjednik sindikata Marko Miranovi\u0107, radnicima su, nakon sastanka sa ste\u010dajnim upravnikom, uru\u010dena na kapiji dok su razgovarali sa liderom SNP Sr\u0111anom Mili\u0107em. U obrazlo\u017eenju rje\u0161nja, ste\u010dajni upravnik Ognjen Jovovi\u0107, [&hellip;]<\/p>\n","protected":false},"author":1,"featured_media":0,"comment_status":"closed","ping_status":"closed","sticky":false,"template":"","format":"standard","meta":{"spay_email":"","jetpack_publicize_message":"","jetpack_is_tweetstorm":false,"jetpack_publicize_feature_enabled":true},"categories":[8337],"tags":[],"jetpack_publicize_connections":[],"yoast_head":"<!-- This site is optimized with the Yoast SEO plugin v19.1 - https:\/\/yoast.com\/wordpress\/plugins\/seo\/ -->\n<title>Radnici ulcinjske solane dobili otkaze za 31mart 2014 -Video - Lajme nga Ulqini<\/title>\n<meta name=\"description\" content=\"Radnici ulcinjske solane, njih 49, koji \u0161trajkuju od 21. januara zbog neispla\u0107enih zarada i nepovezanog sta\u017ea, dobili su otkaze. Rje\u0161enja o otkazima, kako\" \/>\n<meta name=\"robots\" content=\"index, follow, max-snippet:-1, max-image-preview:large, max-video-preview:-1\" \/>\n<link rel=\"canonical\" href=\"https:\/\/www.visit-ulcinj.com\/blog\/2014\/03\/26\/radnici-ulcinjske-solane-dobili-otkaze-za-31mart-2014\/\" \/>\n<meta property=\"og:locale\" content=\"en_US\" \/>\n<meta property=\"og:type\" content=\"article\" \/>\n<meta property=\"og:title\" content=\"Radnici ulcinjske solane dobili otkaze za 31mart 2014 -Video - Lajme nga Ulqini\" \/>\n<meta property=\"og:description\" content=\"Radnici ulcinjske solane, njih 49, koji \u0161trajkuju od 21. januara zbog neispla\u0107enih zarada i nepovezanog sta\u017ea, dobili su otkaze. Rje\u0161enja o otkazima, kako\" \/>\n<meta property=\"og:url\" content=\"https:\/\/www.visit-ulcinj.com\/blog\/2014\/03\/26\/radnici-ulcinjske-solane-dobili-otkaze-za-31mart-2014\/\" \/>\n<meta property=\"og:site_name\" content=\"Lajme nga Ulqini\" \/>\n<meta property=\"article:published_time\" content=\"2014-03-26T09:18:34+00:00\" \/>\n<meta property=\"article:modified_time\" content=\"2014-03-29T15:34:24+00:00\" \/>\n<meta property=\"og:image\" content=\"http:\/\/www.visit-ulcinj.com\/blog\/wp-content\/uploads\/2014\/03\/SNP-dolazi-na-razgovor-sa-radnicima-Solane.jpg\" \/>\n<meta name=\"twitter:label1\" content=\"Written by\" \/>\n\t<meta name=\"twitter:data1\" content=\"ulqini\" \/>\n\t<meta name=\"twitter:label2\" content=\"Est. reading time\" \/>\n\t<meta name=\"twitter:data2\" content=\"1 minute\" \/>\n<script type=\"application\/ld+json\" class=\"yoast-schema-graph\">{\"@context\":\"https:\/\/schema.org\",\"@graph\":[{\"@type\":\"WebSite\",\"@id\":\"https:\/\/www.visit-ulcinj.com\/blog\/#website\",\"url\":\"https:\/\/www.visit-ulcinj.com\/blog\/\",\"name\":\"Lajme nga Ulqini\",\"description\":\"Lajme,Vijesti,Ulqini,Ulqin,Crna Gora,Mali i Zi\",\"potentialAction\":[{\"@type\":\"SearchAction\",\"target\":{\"@type\":\"EntryPoint\",\"urlTemplate\":\"https:\/\/www.visit-ulcinj.com\/blog\/?s={search_term_string}\"},\"query-input\":\"required name=search_term_string\"}],\"inLanguage\":\"en-US\"},{\"@type\":\"ImageObject\",\"inLanguage\":\"en-US\",\"@id\":\"https:\/\/www.visit-ulcinj.com\/blog\/2014\/03\/26\/radnici-ulcinjske-solane-dobili-otkaze-za-31mart-2014\/#primaryimage\",\"url\":\"https:\/\/www.visit-ulcinj.com\/blog\/wp-content\/uploads\/2014\/03\/SNP-dolazi-na-razgovor-sa-radnicima-Solane.jpg\",\"contentUrl\":\"https:\/\/www.visit-ulcinj.com\/blog\/wp-content\/uploads\/2014\/03\/SNP-dolazi-na-razgovor-sa-radnicima-Solane.jpg\",\"width\":960,\"height\":575},{\"@type\":\"WebPage\",\"@id\":\"https:\/\/www.visit-ulcinj.com\/blog\/2014\/03\/26\/radnici-ulcinjske-solane-dobili-otkaze-za-31mart-2014\/#webpage\",\"url\":\"https:\/\/www.visit-ulcinj.com\/blog\/2014\/03\/26\/radnici-ulcinjske-solane-dobili-otkaze-za-31mart-2014\/\",\"name\":\"Radnici ulcinjske solane dobili otkaze za 31mart 2014 -Video - Lajme nga Ulqini\",\"isPartOf\":{\"@id\":\"https:\/\/www.visit-ulcinj.com\/blog\/#website\"},\"primaryImageOfPage\":{\"@id\":\"https:\/\/www.visit-ulcinj.com\/blog\/2014\/03\/26\/radnici-ulcinjske-solane-dobili-otkaze-za-31mart-2014\/#primaryimage\"},\"datePublished\":\"2014-03-26T09:18:34+00:00\",\"dateModified\":\"2014-03-29T15:34:24+00:00\",\"author\":{\"@id\":\"https:\/\/www.visit-ulcinj.com\/blog\/#\/schema\/person\/dcab619c614d3038751c63bc2aadc06d\"},\"description\":\"Radnici ulcinjske solane, njih 49, koji \u0161trajkuju od 21. januara zbog neispla\u0107enih zarada i nepovezanog sta\u017ea, dobili su otkaze. Rje\u0161enja o otkazima, kako\",\"breadcrumb\":{\"@id\":\"https:\/\/www.visit-ulcinj.com\/blog\/2014\/03\/26\/radnici-ulcinjske-solane-dobili-otkaze-za-31mart-2014\/#breadcrumb\"},\"inLanguage\":\"en-US\",\"potentialAction\":[{\"@type\":\"ReadAction\",\"target\":[\"https:\/\/www.visit-ulcinj.com\/blog\/2014\/03\/26\/radnici-ulcinjske-solane-dobili-otkaze-za-31mart-2014\/\"]}]},{\"@type\":\"BreadcrumbList\",\"@id\":\"https:\/\/www.visit-ulcinj.com\/blog\/2014\/03\/26\/radnici-ulcinjske-solane-dobili-otkaze-za-31mart-2014\/#breadcrumb\",\"itemListElement\":[{\"@type\":\"ListItem\",\"position\":1,\"name\":\"Radnici ulcinjske solane dobili otkaze za 31mart 2014 -Video\"}]},{\"@type\":\"Person\",\"@id\":\"https:\/\/www.visit-ulcinj.com\/blog\/#\/schema\/person\/dcab619c614d3038751c63bc2aadc06d\",\"name\":\"ulqini\",\"sameAs\":[\"http:\/\/www.visit-ulcinj.com\"],\"url\":\"https:\/\/www.visit-ulcinj.com\/blog\/author\/admin\/\"}]}<\/script>\n<!-- \/ Yoast SEO plugin. -->","yoast_head_json":{"title":"Radnici ulcinjske solane dobili otkaze za 31mart 2014 -Video - Lajme nga Ulqini","description":"Radnici ulcinjske solane, njih 49, koji \u0161trajkuju od 21. januara zbog neispla\u0107enih zarada i nepovezanog sta\u017ea, dobili su otkaze. Rje\u0161enja o otkazima, kako","robots":{"index":"index","follow":"follow","max-snippet":"max-snippet:-1","max-image-preview":"max-image-preview:large","max-video-preview":"max-video-preview:-1"},"canonical":"https:\/\/www.visit-ulcinj.com\/blog\/2014\/03\/26\/radnici-ulcinjske-solane-dobili-otkaze-za-31mart-2014\/","og_locale":"en_US","og_type":"article","og_title":"Radnici ulcinjske solane dobili otkaze za 31mart 2014 -Video - Lajme nga Ulqini","og_description":"Radnici ulcinjske solane, njih 49, koji \u0161trajkuju od 21. januara zbog neispla\u0107enih zarada i nepovezanog sta\u017ea, dobili su otkaze. Rje\u0161enja o otkazima, kako","og_url":"https:\/\/www.visit-ulcinj.com\/blog\/2014\/03\/26\/radnici-ulcinjske-solane-dobili-otkaze-za-31mart-2014\/","og_site_name":"Lajme nga Ulqini","article_published_time":"2014-03-26T09:18:34+00:00","article_modified_time":"2014-03-29T15:34:24+00:00","og_image":[{"url":"http:\/\/www.visit-ulcinj.com\/blog\/wp-content\/uploads\/2014\/03\/SNP-dolazi-na-razgovor-sa-radnicima-Solane.jpg"}],"twitter_misc":{"Written by":"ulqini","Est. reading time":"1 minute"},"schema":{"@context":"https:\/\/schema.org","@graph":[{"@type":"WebSite","@id":"https:\/\/www.visit-ulcinj.com\/blog\/#website","url":"https:\/\/www.visit-ulcinj.com\/blog\/","name":"Lajme nga Ulqini","description":"Lajme,Vijesti,Ulqini,Ulqin,Crna Gora,Mali i Zi","potentialAction":[{"@type":"SearchAction","target":{"@type":"EntryPoint","urlTemplate":"https:\/\/www.visit-ulcinj.com\/blog\/?s={search_term_string}"},"query-input":"required name=search_term_string"}],"inLanguage":"en-US"},{"@type":"ImageObject","inLanguage":"en-US","@id":"https:\/\/www.visit-ulcinj.com\/blog\/2014\/03\/26\/radnici-ulcinjske-solane-dobili-otkaze-za-31mart-2014\/#primaryimage","url":"https:\/\/www.visit-ulcinj.com\/blog\/wp-content\/uploads\/2014\/03\/SNP-dolazi-na-razgovor-sa-radnicima-Solane.jpg","contentUrl":"https:\/\/www.visit-ulcinj.com\/blog\/wp-content\/uploads\/2014\/03\/SNP-dolazi-na-razgovor-sa-radnicima-Solane.jpg","width":960,"height":575},{"@type":"WebPage","@id":"https:\/\/www.visit-ulcinj.com\/blog\/2014\/03\/26\/radnici-ulcinjske-solane-dobili-otkaze-za-31mart-2014\/#webpage","url":"https:\/\/www.visit-ulcinj.com\/blog\/2014\/03\/26\/radnici-ulcinjske-solane-dobili-otkaze-za-31mart-2014\/","name":"Radnici ulcinjske solane dobili otkaze za 31mart 2014 -Video - Lajme nga Ulqini","isPartOf":{"@id":"https:\/\/www.visit-ulcinj.com\/blog\/#website"},"primaryImageOfPage":{"@id":"https:\/\/www.visit-ulcinj.com\/blog\/2014\/03\/26\/radnici-ulcinjske-solane-dobili-otkaze-za-31mart-2014\/#primaryimage"},"datePublished":"2014-03-26T09:18:34+00:00","dateModified":"2014-03-29T15:34:24+00:00","author":{"@id":"https:\/\/www.visit-ulcinj.com\/blog\/#\/schema\/person\/dcab619c614d3038751c63bc2aadc06d"},"description":"Radnici ulcinjske solane, njih 49, koji \u0161trajkuju od 21. januara zbog neispla\u0107enih zarada i nepovezanog sta\u017ea, dobili su otkaze. Rje\u0161enja o otkazima, kako","breadcrumb":{"@id":"https:\/\/www.visit-ulcinj.com\/blog\/2014\/03\/26\/radnici-ulcinjske-solane-dobili-otkaze-za-31mart-2014\/#breadcrumb"},"inLanguage":"en-US","potentialAction":[{"@type":"ReadAction","target":["https:\/\/www.visit-ulcinj.com\/blog\/2014\/03\/26\/radnici-ulcinjske-solane-dobili-otkaze-za-31mart-2014\/"]}]},{"@type":"BreadcrumbList","@id":"https:\/\/www.visit-ulcinj.com\/blog\/2014\/03\/26\/radnici-ulcinjske-solane-dobili-otkaze-za-31mart-2014\/#breadcrumb","itemListElement":[{"@type":"ListItem","position":1,"name":"Radnici ulcinjske solane dobili otkaze za 31mart 2014 -Video"}]},{"@type":"Person","@id":"https:\/\/www.visit-ulcinj.com\/blog\/#\/schema\/person\/dcab619c614d3038751c63bc2aadc06d","name":"ulqini","sameAs":["http:\/\/www.visit-ulcinj.com"],"url":"https:\/\/www.visit-ulcinj.com\/blog\/author\/admin\/"}]}},"jetpack_featured_media_url":"","jetpack_sharing_enabled":true,"jetpack_shortlink":"https:\/\/wp.me\/pe6lTn-l4Z","_links":{"self":[{"href":"https:\/\/www.visit-ulcinj.com\/blog\/wp-json\/wp\/v2\/posts\/81033"}],"collection":[{"href":"https:\/\/www.visit-ulcinj.com\/blog\/wp-json\/wp\/v2\/posts"}],"about":[{"href":"https:\/\/www.visit-ulcinj.com\/blog\/wp-json\/wp\/v2\/types\/post"}],"author":[{"embeddable":true,"href":"https:\/\/www.visit-ulcinj.com\/blog\/wp-json\/wp\/v2\/users\/1"}],"replies":[{"embeddable":true,"href":"https:\/\/www.visit-ulcinj.com\/blog\/wp-json\/wp\/v2\/comments?post=81033"}],"version-history":[{"count":2,"href":"https:\/\/www.visit-ulcinj.com\/blog\/wp-json\/wp\/v2\/posts\/81033\/revisions"}],"predecessor-version":[{"id":81092,"href":"https:\/\/www.visit-ulcinj.com\/blog\/wp-json\/wp\/v2\/posts\/81033\/revisions\/81092"}],"wp:attachment":[{"href":"https:\/\/www.visit-ulcinj.com\/blog\/wp-json\/wp\/v2\/media?parent=81033"}],"wp:term":[{"taxonomy":"category","embeddable":true,"href":"https:\/\/www.visit-ulcinj.com\/blog\/wp-json\/wp\/v2\/categories?post=81033"},{"taxonomy":"post_tag","embeddable":true,"href":"https:\/\/www.visit-ulcinj.com\/blog\/wp-json\/wp\/v2\/tags?post=81033"}],"curies":[{"name":"wp","href":"https:\/\/api.w.org\/{rel}","templated":true}]}}