{"id":81036,"date":"2014-03-26T10:59:00","date_gmt":"2014-03-26T09:59:00","guid":{"rendered":"http:\/\/www.visit-ulcinj.com\/blog\/?p=81036"},"modified":"2014-03-26T11:23:02","modified_gmt":"2014-03-26T10:23:02","slug":"skandal-49-punetore-te-kripores-largohen-nga-puna","status":"publish","type":"post","link":"https:\/\/www.visit-ulcinj.com\/blog\/2014\/03\/26\/skandal-49-punetore-te-kripores-largohen-nga-puna\/","title":{"rendered":"Skandal 49 pun\u00ebtor\u00eb t\u00eb Kripores largohen nga puna"},"content":{"rendered":"<p><a href=\"http:\/\/www.visit-ulcinj.com\/blog\/wp-content\/uploads\/2014\/03\/SNP-dolazi-na-razgovor-sa-radnicima-Solane.jpg\"><img loading=\"lazy\" class=\"alignleft  wp-image-81022\" alt=\"SNP dolazi na razgovor sa radnicima Solane\" src=\"http:\/\/www.visit-ulcinj.com\/blog\/wp-content\/uploads\/2014\/03\/SNP-dolazi-na-razgovor-sa-radnicima-Solane.jpg\" width=\"508\" height=\"360\" \/><\/a>Rreth 49 pun\u00ebtor\u00eb t\u00eb Kripores s\u00eb Ulqinit &#8220;Bajo Sekuliq&#8221;, mund t\u00eb mbesin pa pun\u00eb qysh nga data 31 mars 2014.\u00a0 P\u00ebr k\u00ebt\u00eb tashm\u00eb ka marr\u00eb vendim menaxhmenti i kompanis\u00eb cili menaxhon me Kriporen e Ulqinit.<\/p>\n<p>Nj\u00eb burim i sigurt i Gazet\u00ebs Vijesti, ka b\u00ebr\u00eb t\u00eb ditur s\u00eb \u00ebsht\u00eb p\u00ebrpiluar lista me mbi 49 pun\u00ebtor\u00eb, t\u00eb cil\u00ebve nuk do t\u2019u vazhdohen kontratata dhe ku drejtori i Kripores Ognjen Jovoviq sot ka filluar t\u00eb shp\u00ebrndajn\u00eb pun\u00ebtor\u00ebve t\u00eb k\u00ebsaj kompani vendimet p\u00ebr largim nga puna.<\/p>\n<p>Si\u00e7 njofton edhe gazeta informative vendase Ul-info.com, Vendimet p\u00ebr largim nga puna jan\u00eb ndar\u00eb mbasi q\u00eb kryetari i Partis\u00eb socialiste popullore Srgjan Milliq, i cili t\u00eb mart\u00ebn vizitoi Kriporen dhe bisedoi me Jovoviqin, morri detyrim t\u00eb b\u00ebj \u00e7do gj\u00eb n\u00eb m\u00ebnyr\u00eb q\u00eb t\u00eb realizohet grumbullimi i sivjetm\u00eb i krip\u00ebs. E kjo do t\u00eb thot\u00eb q\u00eb Kripores ti ky\u00e7et rryma, t\u00eb ndizen pompat dhe t\u00eb shkarkohen uj\u00ebrat atmosferike nga basenet, si dhe t\u00eb mbushen me uj\u00eb t\u00eb detit.<\/p>\n<p>Por, shtrohet pyetja: kush do ta b\u00ebj pun\u00ebn n\u00eb grumbullimin e 80 n\u00ebse pun\u00ebtor\u00ebt largohen nga puna.<br \/>\n<a href=\"http:\/\/www.visit-ulcinj.com\/blog\/wp-content\/uploads\/2014\/03\/otkaz-radnika-ulcinjske-solane.jpg\"><img loading=\"lazy\" class=\"alignleft  wp-image-81034\" alt=\"otkaz-radnika-ulcinjske-solane\" src=\"http:\/\/www.visit-ulcinj.com\/blog\/wp-content\/uploads\/2014\/03\/otkaz-radnika-ulcinjske-solane.jpg\" width=\"508\" height=\"600\" \/><\/a><strong>Zmado Fotografin\u00eb<\/strong><\/p>\n<p>Vendimi tashm\u00eb \u00ebsht\u00eb marr\u00eb dhe kjo do t\u2019u b\u00ebhet e ditur zyrtarisht pun\u00ebtor\u00ebve. Pun\u00ebtor\u00ebt tashm\u00eb jan\u00eb t\u00eb njoftuar s\u00eb do t\u2019ju nd\u00ebrpritet kontrata\u201d, ka th\u00ebn\u00eb ky i njajti burim.<\/p>\n<p>Sipas tyre, n\u00ebse qeveria nuk merr masa, pun\u00ebtor\u00ebt e Kripores nga e h\u00ebna mund t\u00eb fillojn\u00eb me protesta dhe do t\u00eb revoltohen.<br \/>\nN\u00eb an\u00ebn tjet\u00ebr duhet shikuar kontrat\u00ebn e partneritetit mes Qeveris\u00eb dhe menaxhmentit t\u00eb\u00a0 kompanis, a \u00ebsht\u00eb e obliguar t\u00eb mbaj\u00eb n\u00eb pun\u00eb t\u00eb gjith\u00eb pun\u00ebtor\u00ebt dhe deri n\u00eb kur.<\/p>\n","protected":false},"excerpt":{"rendered":"<p>Rreth 49 pun\u00ebtor\u00eb t\u00eb Kripores s\u00eb Ulqinit &#8220;Bajo Sekuliq&#8221;, mund t\u00eb mbesin pa pun\u00eb qysh nga data 31 mars 2014.\u00a0 P\u00ebr k\u00ebt\u00eb tashm\u00eb ka marr\u00eb vendim menaxhmenti i kompanis\u00eb cili menaxhon me Kriporen e Ulqinit. Nj\u00eb burim i sigurt i Gazet\u00ebs Vijesti, ka b\u00ebr\u00eb t\u00eb ditur s\u00eb \u00ebsht\u00eb p\u00ebrpiluar lista me mbi 49 pun\u00ebtor\u00eb, t\u00eb [&hellip;]<\/p>\n","protected":false},"author":1,"featured_media":0,"comment_status":"closed","ping_status":"closed","sticky":false,"template":"","format":"standard","meta":{"spay_email":"","jetpack_publicize_message":"","jetpack_is_tweetstorm":false,"jetpack_publicize_feature_enabled":true},"categories":[10,1],"tags":[],"jetpack_publicize_connections":[],"yoast_head":"<!-- This site is optimized with the Yoast SEO plugin v19.1 - https:\/\/yoast.com\/wordpress\/plugins\/seo\/ -->\n<title>Skandal 49 pun\u00ebtor\u00eb t\u00eb Kripores largohen nga puna - Lajme nga Ulqini<\/title>\n<meta name=\"description\" content=\"Rreth 49 pun\u00ebtor\u00eb t\u00eb Kripores s\u00eb Ulqinit &quot;Bajo Sekuliq&quot;, mund t\u00eb mbesin pa pun\u00eb qysh nga data 31 mars 2014.\u00a0 P\u00ebr k\u00ebt\u00eb tashm\u00eb ka marr\u00eb vendim menaxhmenti i\" \/>\n<meta name=\"robots\" content=\"index, follow, max-snippet:-1, max-image-preview:large, max-video-preview:-1\" \/>\n<link rel=\"canonical\" href=\"https:\/\/www.visit-ulcinj.com\/blog\/2014\/03\/26\/skandal-49-punetore-te-kripores-largohen-nga-puna\/\" \/>\n<meta property=\"og:locale\" content=\"en_US\" \/>\n<meta property=\"og:type\" content=\"article\" \/>\n<meta property=\"og:title\" content=\"Skandal 49 pun\u00ebtor\u00eb t\u00eb Kripores largohen nga puna - Lajme nga Ulqini\" \/>\n<meta property=\"og:description\" content=\"Rreth 49 pun\u00ebtor\u00eb t\u00eb Kripores s\u00eb Ulqinit &quot;Bajo Sekuliq&quot;, mund t\u00eb mbesin pa pun\u00eb qysh nga data 31 mars 2014.\u00a0 P\u00ebr k\u00ebt\u00eb tashm\u00eb ka marr\u00eb vendim menaxhmenti i\" \/>\n<meta property=\"og:url\" content=\"https:\/\/www.visit-ulcinj.com\/blog\/2014\/03\/26\/skandal-49-punetore-te-kripores-largohen-nga-puna\/\" \/>\n<meta property=\"og:site_name\" content=\"Lajme nga Ulqini\" \/>\n<meta property=\"article:published_time\" content=\"2014-03-26T09:59:00+00:00\" \/>\n<meta property=\"article:modified_time\" content=\"2014-03-26T10:23:02+00:00\" \/>\n<meta property=\"og:image\" content=\"http:\/\/www.visit-ulcinj.com\/blog\/wp-content\/uploads\/2014\/03\/SNP-dolazi-na-razgovor-sa-radnicima-Solane.jpg\" \/>\n<meta name=\"twitter:label1\" content=\"Written by\" \/>\n\t<meta name=\"twitter:data1\" content=\"ulqini\" \/>\n\t<meta name=\"twitter:label2\" content=\"Est. reading time\" \/>\n\t<meta name=\"twitter:data2\" content=\"1 minute\" \/>\n<script type=\"application\/ld+json\" class=\"yoast-schema-graph\">{\"@context\":\"https:\/\/schema.org\",\"@graph\":[{\"@type\":\"WebSite\",\"@id\":\"https:\/\/www.visit-ulcinj.com\/blog\/#website\",\"url\":\"https:\/\/www.visit-ulcinj.com\/blog\/\",\"name\":\"Lajme nga Ulqini\",\"description\":\"Lajme,Vijesti,Ulqini,Ulqin,Crna Gora,Mali i Zi\",\"potentialAction\":[{\"@type\":\"SearchAction\",\"target\":{\"@type\":\"EntryPoint\",\"urlTemplate\":\"https:\/\/www.visit-ulcinj.com\/blog\/?s={search_term_string}\"},\"query-input\":\"required name=search_term_string\"}],\"inLanguage\":\"en-US\"},{\"@type\":\"ImageObject\",\"inLanguage\":\"en-US\",\"@id\":\"https:\/\/www.visit-ulcinj.com\/blog\/2014\/03\/26\/skandal-49-punetore-te-kripores-largohen-nga-puna\/#primaryimage\",\"url\":\"https:\/\/www.visit-ulcinj.com\/blog\/wp-content\/uploads\/2014\/03\/SNP-dolazi-na-razgovor-sa-radnicima-Solane.jpg\",\"contentUrl\":\"https:\/\/www.visit-ulcinj.com\/blog\/wp-content\/uploads\/2014\/03\/SNP-dolazi-na-razgovor-sa-radnicima-Solane.jpg\",\"width\":960,\"height\":575},{\"@type\":\"WebPage\",\"@id\":\"https:\/\/www.visit-ulcinj.com\/blog\/2014\/03\/26\/skandal-49-punetore-te-kripores-largohen-nga-puna\/#webpage\",\"url\":\"https:\/\/www.visit-ulcinj.com\/blog\/2014\/03\/26\/skandal-49-punetore-te-kripores-largohen-nga-puna\/\",\"name\":\"Skandal 49 pun\u00ebtor\u00eb t\u00eb Kripores largohen nga puna - Lajme nga Ulqini\",\"isPartOf\":{\"@id\":\"https:\/\/www.visit-ulcinj.com\/blog\/#website\"},\"primaryImageOfPage\":{\"@id\":\"https:\/\/www.visit-ulcinj.com\/blog\/2014\/03\/26\/skandal-49-punetore-te-kripores-largohen-nga-puna\/#primaryimage\"},\"datePublished\":\"2014-03-26T09:59:00+00:00\",\"dateModified\":\"2014-03-26T10:23:02+00:00\",\"author\":{\"@id\":\"https:\/\/www.visit-ulcinj.com\/blog\/#\/schema\/person\/dcab619c614d3038751c63bc2aadc06d\"},\"description\":\"Rreth 49 pun\u00ebtor\u00eb t\u00eb Kripores s\u00eb Ulqinit \\\"Bajo Sekuliq\\\", mund t\u00eb mbesin pa pun\u00eb qysh nga data 31 mars 2014.\u00a0 P\u00ebr k\u00ebt\u00eb tashm\u00eb ka marr\u00eb vendim menaxhmenti i\",\"breadcrumb\":{\"@id\":\"https:\/\/www.visit-ulcinj.com\/blog\/2014\/03\/26\/skandal-49-punetore-te-kripores-largohen-nga-puna\/#breadcrumb\"},\"inLanguage\":\"en-US\",\"potentialAction\":[{\"@type\":\"ReadAction\",\"target\":[\"https:\/\/www.visit-ulcinj.com\/blog\/2014\/03\/26\/skandal-49-punetore-te-kripores-largohen-nga-puna\/\"]}]},{\"@type\":\"BreadcrumbList\",\"@id\":\"https:\/\/www.visit-ulcinj.com\/blog\/2014\/03\/26\/skandal-49-punetore-te-kripores-largohen-nga-puna\/#breadcrumb\",\"itemListElement\":[{\"@type\":\"ListItem\",\"position\":1,\"name\":\"Skandal 49 pun\u00ebtor\u00eb t\u00eb Kripores largohen nga puna\"}]},{\"@type\":\"Person\",\"@id\":\"https:\/\/www.visit-ulcinj.com\/blog\/#\/schema\/person\/dcab619c614d3038751c63bc2aadc06d\",\"name\":\"ulqini\",\"sameAs\":[\"http:\/\/www.visit-ulcinj.com\"],\"url\":\"https:\/\/www.visit-ulcinj.com\/blog\/author\/admin\/\"}]}<\/script>\n<!-- \/ Yoast SEO plugin. -->","yoast_head_json":{"title":"Skandal 49 pun\u00ebtor\u00eb t\u00eb Kripores largohen nga puna - Lajme nga Ulqini","description":"Rreth 49 pun\u00ebtor\u00eb t\u00eb Kripores s\u00eb Ulqinit \"Bajo Sekuliq\", mund t\u00eb mbesin pa pun\u00eb qysh nga data 31 mars 2014.\u00a0 P\u00ebr k\u00ebt\u00eb tashm\u00eb ka marr\u00eb vendim menaxhmenti i","robots":{"index":"index","follow":"follow","max-snippet":"max-snippet:-1","max-image-preview":"max-image-preview:large","max-video-preview":"max-video-preview:-1"},"canonical":"https:\/\/www.visit-ulcinj.com\/blog\/2014\/03\/26\/skandal-49-punetore-te-kripores-largohen-nga-puna\/","og_locale":"en_US","og_type":"article","og_title":"Skandal 49 pun\u00ebtor\u00eb t\u00eb Kripores largohen nga puna - Lajme nga Ulqini","og_description":"Rreth 49 pun\u00ebtor\u00eb t\u00eb Kripores s\u00eb Ulqinit \"Bajo Sekuliq\", mund t\u00eb mbesin pa pun\u00eb qysh nga data 31 mars 2014.\u00a0 P\u00ebr k\u00ebt\u00eb tashm\u00eb ka marr\u00eb vendim menaxhmenti i","og_url":"https:\/\/www.visit-ulcinj.com\/blog\/2014\/03\/26\/skandal-49-punetore-te-kripores-largohen-nga-puna\/","og_site_name":"Lajme nga Ulqini","article_published_time":"2014-03-26T09:59:00+00:00","article_modified_time":"2014-03-26T10:23:02+00:00","og_image":[{"url":"http:\/\/www.visit-ulcinj.com\/blog\/wp-content\/uploads\/2014\/03\/SNP-dolazi-na-razgovor-sa-radnicima-Solane.jpg"}],"twitter_misc":{"Written by":"ulqini","Est. reading time":"1 minute"},"schema":{"@context":"https:\/\/schema.org","@graph":[{"@type":"WebSite","@id":"https:\/\/www.visit-ulcinj.com\/blog\/#website","url":"https:\/\/www.visit-ulcinj.com\/blog\/","name":"Lajme nga Ulqini","description":"Lajme,Vijesti,Ulqini,Ulqin,Crna Gora,Mali i Zi","potentialAction":[{"@type":"SearchAction","target":{"@type":"EntryPoint","urlTemplate":"https:\/\/www.visit-ulcinj.com\/blog\/?s={search_term_string}"},"query-input":"required name=search_term_string"}],"inLanguage":"en-US"},{"@type":"ImageObject","inLanguage":"en-US","@id":"https:\/\/www.visit-ulcinj.com\/blog\/2014\/03\/26\/skandal-49-punetore-te-kripores-largohen-nga-puna\/#primaryimage","url":"https:\/\/www.visit-ulcinj.com\/blog\/wp-content\/uploads\/2014\/03\/SNP-dolazi-na-razgovor-sa-radnicima-Solane.jpg","contentUrl":"https:\/\/www.visit-ulcinj.com\/blog\/wp-content\/uploads\/2014\/03\/SNP-dolazi-na-razgovor-sa-radnicima-Solane.jpg","width":960,"height":575},{"@type":"WebPage","@id":"https:\/\/www.visit-ulcinj.com\/blog\/2014\/03\/26\/skandal-49-punetore-te-kripores-largohen-nga-puna\/#webpage","url":"https:\/\/www.visit-ulcinj.com\/blog\/2014\/03\/26\/skandal-49-punetore-te-kripores-largohen-nga-puna\/","name":"Skandal 49 pun\u00ebtor\u00eb t\u00eb Kripores largohen nga puna - Lajme nga Ulqini","isPartOf":{"@id":"https:\/\/www.visit-ulcinj.com\/blog\/#website"},"primaryImageOfPage":{"@id":"https:\/\/www.visit-ulcinj.com\/blog\/2014\/03\/26\/skandal-49-punetore-te-kripores-largohen-nga-puna\/#primaryimage"},"datePublished":"2014-03-26T09:59:00+00:00","dateModified":"2014-03-26T10:23:02+00:00","author":{"@id":"https:\/\/www.visit-ulcinj.com\/blog\/#\/schema\/person\/dcab619c614d3038751c63bc2aadc06d"},"description":"Rreth 49 pun\u00ebtor\u00eb t\u00eb Kripores s\u00eb Ulqinit \"Bajo Sekuliq\", mund t\u00eb mbesin pa pun\u00eb qysh nga data 31 mars 2014.\u00a0 P\u00ebr k\u00ebt\u00eb tashm\u00eb ka marr\u00eb vendim menaxhmenti i","breadcrumb":{"@id":"https:\/\/www.visit-ulcinj.com\/blog\/2014\/03\/26\/skandal-49-punetore-te-kripores-largohen-nga-puna\/#breadcrumb"},"inLanguage":"en-US","potentialAction":[{"@type":"ReadAction","target":["https:\/\/www.visit-ulcinj.com\/blog\/2014\/03\/26\/skandal-49-punetore-te-kripores-largohen-nga-puna\/"]}]},{"@type":"BreadcrumbList","@id":"https:\/\/www.visit-ulcinj.com\/blog\/2014\/03\/26\/skandal-49-punetore-te-kripores-largohen-nga-puna\/#breadcrumb","itemListElement":[{"@type":"ListItem","position":1,"name":"Skandal 49 pun\u00ebtor\u00eb t\u00eb Kripores largohen nga puna"}]},{"@type":"Person","@id":"https:\/\/www.visit-ulcinj.com\/blog\/#\/schema\/person\/dcab619c614d3038751c63bc2aadc06d","name":"ulqini","sameAs":["http:\/\/www.visit-ulcinj.com"],"url":"https:\/\/www.visit-ulcinj.com\/blog\/author\/admin\/"}]}},"jetpack_featured_media_url":"","jetpack_sharing_enabled":true,"jetpack_shortlink":"https:\/\/wp.me\/pe6lTn-l52","_links":{"self":[{"href":"https:\/\/www.visit-ulcinj.com\/blog\/wp-json\/wp\/v2\/posts\/81036"}],"collection":[{"href":"https:\/\/www.visit-ulcinj.com\/blog\/wp-json\/wp\/v2\/posts"}],"about":[{"href":"https:\/\/www.visit-ulcinj.com\/blog\/wp-json\/wp\/v2\/types\/post"}],"author":[{"embeddable":true,"href":"https:\/\/www.visit-ulcinj.com\/blog\/wp-json\/wp\/v2\/users\/1"}],"replies":[{"embeddable":true,"href":"https:\/\/www.visit-ulcinj.com\/blog\/wp-json\/wp\/v2\/comments?post=81036"}],"version-history":[{"count":3,"href":"https:\/\/www.visit-ulcinj.com\/blog\/wp-json\/wp\/v2\/posts\/81036\/revisions"}],"predecessor-version":[{"id":81039,"href":"https:\/\/www.visit-ulcinj.com\/blog\/wp-json\/wp\/v2\/posts\/81036\/revisions\/81039"}],"wp:attachment":[{"href":"https:\/\/www.visit-ulcinj.com\/blog\/wp-json\/wp\/v2\/media?parent=81036"}],"wp:term":[{"taxonomy":"category","embeddable":true,"href":"https:\/\/www.visit-ulcinj.com\/blog\/wp-json\/wp\/v2\/categories?post=81036"},{"taxonomy":"post_tag","embeddable":true,"href":"https:\/\/www.visit-ulcinj.com\/blog\/wp-json\/wp\/v2\/tags?post=81036"}],"curies":[{"name":"wp","href":"https:\/\/api.w.org\/{rel}","templated":true}]}}