{"id":81045,"date":"2014-03-26T17:40:30","date_gmt":"2014-03-26T16:40:30","guid":{"rendered":"http:\/\/www.visit-ulcinj.com\/blog\/?p=81045"},"modified":"2014-03-26T17:44:03","modified_gmt":"2014-03-26T16:44:03","slug":"sasko-jezero-prema-nvo-green-home-spomenik-prirode","status":"publish","type":"post","link":"https:\/\/www.visit-ulcinj.com\/blog\/2014\/03\/26\/sasko-jezero-prema-nvo-green-home-spomenik-prirode\/","title":{"rendered":"\u0160asko jezero prema NVO Green Home &#8211;  Spomenik prirode + Foto + Video"},"content":{"rendered":"<p><strong><a href=\"http:\/\/www.visit-ulcinj.com\/blog\/wp-content\/uploads\/2014\/03\/Sasko-jezero_ulcinj_crna-gora.12.jpg\"><img loading=\"lazy\" class=\"alignleft  wp-image-81046\" alt=\"Sasko-jezero_ulcinj_crna-gora.12\" src=\"http:\/\/www.visit-ulcinj.com\/blog\/wp-content\/uploads\/2014\/03\/Sasko-jezero_ulcinj_crna-gora.12.jpg\" width=\"508\" height=\"360\" \/><\/a>NVO Green Home: Uvrstiti \u0160asko jezero u Spomenik prirode<\/strong><\/p>\n<p>\u0160asko jezero treba da bude za\u0161ti\u0107eno u kategoriji Spomenik prirode uz sagledavanje mogu\u0107nosti za stavljanje u ve\u0107u kategoriju za\u0161tite, poru\u010deno je iz nevladine organizacije Green Home.<\/p>\n<p>U okviru projekta \u00a0pod nazivom \u201ePodr\u0161ka lokalnim zajednicama u implementaciji turisti\u010dkih praksi zasnovanih na prirodnim bogatstvima u okolini \u0160askog jezera\u201c predstavnici ove NVO i Partnerskog fonda za kriti\u010dne ekosisteme su posjetili ovo jezero i njegovu okolinu u neposrednoj blizini Ulcinja.<\/p>\n<p>Koordinator projekta Azra Vukovi\u0107 kazala je da je ovim projektom planirana izrada Studije za\u0161tite ovog prostora koja \u0107e biti osnov za iniciranje procesa stavljanja \u0160askog jezera pod za\u0161titu.<\/p>\n<p>\u201cU budu\u0107em spomeniku prirode i njihovoj neposrednoj okolini, koja \u010dini sastavni dio za\u0161ti\u0107enog prirodnog dobra treba biti zabranjeno vr\u0161iti radnje i aktivnosti koje ugro\u017eavaju obilje\u017eja, vrijednsoti i ulogu spomenika prirode. NVO Green Home \u0107e u nastavku projekta posebnu pa\u017enju posvetiti saradnji sa lokalnim zajednicama i sagledavanju njihovih interesa i potreba vezanih za upotrebu ovog resursa\u201d, istakla je ona.<\/p>\n<p>Vukovi\u0107 je dodala da je jako zna\u010dajno promovisati \u0160asko jezero kao odr\u017eivu turisti\u010dku destinaciju i da je neophodno raditi na ja\u010danju kapaciteta same zajednice kroz pobolj\u0161anje kvaliteta turisti\u010dkih ponuda.<\/p>\n<p><strong>Izvor: CDM<\/strong><\/p>\n<!--YouTube Error: bad URL entered-->\n\n\t\t<style type=\"text\/css\">\n\t\t\t#gallery-1 {\n\t\t\t\tmargin: auto;\n\t\t\t}\n\t\t\t#gallery-1 .gallery-item {\n\t\t\t\tfloat: left;\n\t\t\t\tmargin-top: 10px;\n\t\t\t\ttext-align: center;\n\t\t\t\twidth: 33%;\n\t\t\t}\n\t\t\t#gallery-1 img {\n\t\t\t\tborder: 2px solid #cfcfcf;\n\t\t\t}\n\t\t\t#gallery-1 .gallery-caption {\n\t\t\t\tmargin-left: 0;\n\t\t\t}\n\t\t\t\/* see gallery_shortcode() in wp-includes\/media.php *\/\n\t\t<\/style>\n\t\t<div id='gallery-1' class='gallery galleryid-81045 gallery-columns-3 gallery-size-thumbnail'><dl class='gallery-item'>\n\t\t\t<dt class='gallery-icon landscape'>\n\t\t\t\t<a href='https:\/\/www.visit-ulcinj.com\/blog\/2008\/12\/04\/ulcinj-moze-postati-nosilac-razvoja\/turisticki-kompleks_sasko-jezero-2\/'><img width=\"150\" height=\"150\" src=\"https:\/\/www.visit-ulcinj.com\/blog\/wp-content\/uploads\/2008\/12\/turisticki-kompleks_sasko-jezero-2-150x150.jpg\" class=\"attachment-thumbnail size-thumbnail\" alt=\"\" loading=\"lazy\" \/><\/a>\n\t\t\t<\/dt><\/dl><dl class='gallery-item'>\n\t\t\t<dt class='gallery-icon landscape'>\n\t\t\t\t<a href='https:\/\/www.visit-ulcinj.com\/blog\/2013\/05\/04\/za%c2%adsti%c2%adta-sa%c2%adskog-je%c2%adze%c2%adra\/sasko-jezero-kraj-ulcinja-prepusteno-zaboravu-6\/'><img width=\"150\" height=\"150\" src=\"https:\/\/www.visit-ulcinj.com\/blog\/wp-content\/uploads\/2013\/05\/Sasko-jezero-kraj-Ulcinja-prepusteno-zaboravu-150x150.jpg\" class=\"attachment-thumbnail size-thumbnail\" alt=\"\" loading=\"lazy\" \/><\/a>\n\t\t\t<\/dt><\/dl><dl class='gallery-item'>\n\t\t\t<dt class='gallery-icon landscape'>\n\t\t\t\t<a href='https:\/\/www.visit-ulcinj.com\/blog\/2010\/05\/03\/svac-shasi\/sasko-jezero_ulcinj_crna-gora-18\/'><img width=\"150\" height=\"150\" src=\"https:\/\/www.visit-ulcinj.com\/blog\/wp-content\/uploads\/2010\/05\/Sasko-jezero_ulcinj_crna-gora.18-150x150.jpg\" class=\"attachment-thumbnail size-thumbnail\" alt=\"\" loading=\"lazy\" \/><\/a>\n\t\t\t<\/dt><\/dl><br style=\"clear: both\" \/><dl class='gallery-item'>\n\t\t\t<dt class='gallery-icon landscape'>\n\t\t\t\t<a href='https:\/\/www.visit-ulcinj.com\/blog\/2010\/05\/03\/svac-shasi\/sasko-jezero_ulcinj_crna-gora-24\/'><img width=\"150\" height=\"150\" src=\"https:\/\/www.visit-ulcinj.com\/blog\/wp-content\/uploads\/2010\/05\/Sasko-jezero_ulcinj_crna-gora.24-150x150.jpg\" class=\"attachment-thumbnail size-thumbnail\" alt=\"\" loading=\"lazy\" \/><\/a>\n\t\t\t<\/dt><\/dl><dl class='gallery-item'>\n\t\t\t<dt class='gallery-icon landscape'>\n\t\t\t\t<a href='https:\/\/www.visit-ulcinj.com\/blog\/2010\/05\/03\/svac-shasi\/sasko-jezero_ulcinj_crna-gora-36\/'><img width=\"150\" height=\"150\" src=\"https:\/\/www.visit-ulcinj.com\/blog\/wp-content\/uploads\/2010\/05\/Sasko-jezero_ulcinj_crna-gora.36-150x150.jpg\" class=\"attachment-thumbnail size-thumbnail\" alt=\"\" loading=\"lazy\" \/><\/a>\n\t\t\t<\/dt><\/dl><dl class='gallery-item'>\n\t\t\t<dt class='gallery-icon landscape'>\n\t\t\t\t<a href='https:\/\/www.visit-ulcinj.com\/blog\/2010\/05\/03\/svac-shasi\/sasko-jezero_ulcinj_crna-gora-12\/'><img width=\"150\" height=\"150\" src=\"https:\/\/www.visit-ulcinj.com\/blog\/wp-content\/uploads\/2010\/05\/Sasko-jezero_ulcinj_crna-gora.12-150x150.jpg\" class=\"attachment-thumbnail size-thumbnail\" alt=\"\" loading=\"lazy\" \/><\/a>\n\t\t\t<\/dt><\/dl><br style=\"clear: both\" \/><dl class='gallery-item'>\n\t\t\t<dt class='gallery-icon landscape'>\n\t\t\t\t<a href='https:\/\/www.visit-ulcinj.com\/blog\/2010\/05\/03\/svac-shasi\/sasko-jezero_ulcinj_crna-gora-1\/'><img width=\"150\" height=\"150\" src=\"https:\/\/www.visit-ulcinj.com\/blog\/wp-content\/uploads\/2010\/05\/Sasko-jezero_ulcinj_crna-gora.1-150x150.jpg\" class=\"attachment-thumbnail size-thumbnail\" alt=\"\" loading=\"lazy\" \/><\/a>\n\t\t\t<\/dt><\/dl><dl class='gallery-item'>\n\t\t\t<dt class='gallery-icon landscape'>\n\t\t\t\t<a href='https:\/\/www.visit-ulcinj.com\/blog\/2010\/04\/12\/sasko-jezero-kraj-ulcinja-prepusteno-zaboravu\/sasko-jezero-kraj-ulcinja-prepusteno-zaboravu-4\/'><img width=\"150\" height=\"150\" src=\"https:\/\/www.visit-ulcinj.com\/blog\/wp-content\/uploads\/2010\/04\/Sasko-jezero-kraj-Ulcinja-prepusteno-zaboravu.4-150x150.jpg\" class=\"attachment-thumbnail size-thumbnail\" alt=\"\" loading=\"lazy\" \/><\/a>\n\t\t\t<\/dt><\/dl><dl class='gallery-item'>\n\t\t\t<dt class='gallery-icon landscape'>\n\t\t\t\t<a href='https:\/\/www.visit-ulcinj.com\/blog\/2010\/04\/12\/sasko-jezero-kraj-ulcinja-prepusteno-zaboravu\/sasko-jezero-kraj-ulcinja-prepusteno-zaboravu-3\/'><img width=\"150\" height=\"150\" src=\"https:\/\/www.visit-ulcinj.com\/blog\/wp-content\/uploads\/2010\/04\/Sasko-jezero-kraj-Ulcinja-prepusteno-zaboravu.3-150x150.jpg\" class=\"attachment-thumbnail size-thumbnail\" alt=\"\" loading=\"lazy\" \/><\/a>\n\t\t\t<\/dt><\/dl><br style=\"clear: both\" \/><dl class='gallery-item'>\n\t\t\t<dt class='gallery-icon landscape'>\n\t\t\t\t<a href='https:\/\/www.visit-ulcinj.com\/blog\/2010\/04\/12\/sasko-jezero-kraj-ulcinja-prepusteno-zaboravu\/sasko-jezero-kraj-ulcinja-prepusteno-zaboravu-1\/'><img width=\"150\" height=\"150\" src=\"https:\/\/www.visit-ulcinj.com\/blog\/wp-content\/uploads\/2010\/04\/Sasko-jezero-kraj-Ulcinja-prepusteno-zaboravu.1-150x150.jpg\" class=\"attachment-thumbnail size-thumbnail\" alt=\"\" loading=\"lazy\" \/><\/a>\n\t\t\t<\/dt><\/dl><dl class='gallery-item'>\n\t\t\t<dt class='gallery-icon landscape'>\n\t\t\t\t<a href='https:\/\/www.visit-ulcinj.com\/blog\/2010\/05\/03\/svac-shasi\/sasko-jezero_ulcinj_crna-gora\/'><img width=\"150\" height=\"150\" src=\"https:\/\/www.visit-ulcinj.com\/blog\/wp-content\/uploads\/2010\/05\/Sasko-jezero_ulcinj_crna-gora-150x150.jpg\" class=\"attachment-thumbnail size-thumbnail\" alt=\"\" loading=\"lazy\" \/><\/a>\n\t\t\t<\/dt><\/dl><dl class='gallery-item'>\n\t\t\t<dt class='gallery-icon landscape'>\n\t\t\t\t<a href='https:\/\/www.visit-ulcinj.com\/blog\/2010\/04\/12\/sasko-jezero-kraj-ulcinja-prepusteno-zaboravu\/sasko-jezero-kraj-ulcinja-prepusteno-zaboravu-2\/'><img width=\"150\" height=\"150\" src=\"https:\/\/www.visit-ulcinj.com\/blog\/wp-content\/uploads\/2010\/04\/Sasko-jezero-kraj-Ulcinja-prepusteno-zaboravu.2-150x150.jpg\" class=\"attachment-thumbnail size-thumbnail\" alt=\"\" loading=\"lazy\" \/><\/a>\n\t\t\t<\/dt><\/dl><br style=\"clear: both\" \/>\n\t\t<\/div>\n\n","protected":false},"excerpt":{"rendered":"<p>NVO Green Home: Uvrstiti \u0160asko jezero u Spomenik prirode \u0160asko jezero treba da bude za\u0161ti\u0107eno u kategoriji Spomenik prirode uz sagledavanje mogu\u0107nosti za stavljanje u ve\u0107u kategoriju za\u0161tite, poru\u010deno je iz nevladine organizacije Green Home. U okviru projekta \u00a0pod nazivom \u201ePodr\u0161ka lokalnim zajednicama u implementaciji turisti\u010dkih praksi zasnovanih na prirodnim bogatstvima u okolini \u0160askog jezera\u201c [&hellip;]<\/p>\n","protected":false},"author":1,"featured_media":0,"comment_status":"closed","ping_status":"closed","sticky":false,"template":"","format":"standard","meta":{"spay_email":"","jetpack_publicize_message":"","jetpack_is_tweetstorm":false,"jetpack_publicize_feature_enabled":true},"categories":[8337],"tags":[],"jetpack_publicize_connections":[],"yoast_head":"<!-- This site is optimized with the Yoast SEO plugin v19.1 - https:\/\/yoast.com\/wordpress\/plugins\/seo\/ -->\n<title>\u0160asko jezero prema NVO Green Home - Spomenik prirode + Foto + Video - Lajme nga Ulqini<\/title>\n<meta name=\"description\" content=\"NVO Green Home: Uvrstiti \u0160asko jezero u Spomenik prirode \u0160asko jezero treba da bude za\u0161ti\u0107eno u kategoriji Spomenik prirode uz sagledavanje mogu\u0107nosti za\" \/>\n<meta name=\"robots\" content=\"index, follow, max-snippet:-1, max-image-preview:large, max-video-preview:-1\" \/>\n<link rel=\"canonical\" href=\"https:\/\/www.visit-ulcinj.com\/blog\/2014\/03\/26\/sasko-jezero-prema-nvo-green-home-spomenik-prirode\/\" \/>\n<meta property=\"og:locale\" content=\"en_US\" \/>\n<meta property=\"og:type\" content=\"article\" \/>\n<meta property=\"og:title\" content=\"\u0160asko jezero prema NVO Green Home - Spomenik prirode + Foto + Video - Lajme nga Ulqini\" \/>\n<meta property=\"og:description\" content=\"NVO Green Home: Uvrstiti \u0160asko jezero u Spomenik prirode \u0160asko jezero treba da bude za\u0161ti\u0107eno u kategoriji Spomenik prirode uz sagledavanje mogu\u0107nosti za\" \/>\n<meta property=\"og:url\" content=\"https:\/\/www.visit-ulcinj.com\/blog\/2014\/03\/26\/sasko-jezero-prema-nvo-green-home-spomenik-prirode\/\" \/>\n<meta property=\"og:site_name\" content=\"Lajme nga Ulqini\" \/>\n<meta property=\"article:published_time\" content=\"2014-03-26T16:40:30+00:00\" \/>\n<meta property=\"article:modified_time\" content=\"2014-03-26T16:44:03+00:00\" \/>\n<meta property=\"og:image\" content=\"https:\/\/www.visit-ulcinj.com\/blog\/wp-content\/uploads\/2008\/12\/turisticki-kompleks_sasko-jezero-2-150x150.jpg\" \/>\n<meta name=\"twitter:label1\" content=\"Written by\" \/>\n\t<meta name=\"twitter:data1\" content=\"ulqini\" \/>\n\t<meta name=\"twitter:label2\" content=\"Est. reading time\" \/>\n\t<meta name=\"twitter:data2\" content=\"1 minute\" \/>\n<script type=\"application\/ld+json\" class=\"yoast-schema-graph\">{\"@context\":\"https:\/\/schema.org\",\"@graph\":[{\"@type\":\"WebSite\",\"@id\":\"https:\/\/www.visit-ulcinj.com\/blog\/#website\",\"url\":\"https:\/\/www.visit-ulcinj.com\/blog\/\",\"name\":\"Lajme nga Ulqini\",\"description\":\"Lajme,Vijesti,Ulqini,Ulqin,Crna Gora,Mali i Zi\",\"potentialAction\":[{\"@type\":\"SearchAction\",\"target\":{\"@type\":\"EntryPoint\",\"urlTemplate\":\"https:\/\/www.visit-ulcinj.com\/blog\/?s={search_term_string}\"},\"query-input\":\"required name=search_term_string\"}],\"inLanguage\":\"en-US\"},{\"@type\":\"ImageObject\",\"inLanguage\":\"en-US\",\"@id\":\"https:\/\/www.visit-ulcinj.com\/blog\/2014\/03\/26\/sasko-jezero-prema-nvo-green-home-spomenik-prirode\/#primaryimage\",\"url\":\"https:\/\/www.visit-ulcinj.com\/blog\/wp-content\/uploads\/2014\/03\/Sasko-jezero_ulcinj_crna-gora.12.jpg\",\"contentUrl\":\"https:\/\/www.visit-ulcinj.com\/blog\/wp-content\/uploads\/2014\/03\/Sasko-jezero_ulcinj_crna-gora.12.jpg\",\"width\":720,\"height\":540},{\"@type\":\"WebPage\",\"@id\":\"https:\/\/www.visit-ulcinj.com\/blog\/2014\/03\/26\/sasko-jezero-prema-nvo-green-home-spomenik-prirode\/#webpage\",\"url\":\"https:\/\/www.visit-ulcinj.com\/blog\/2014\/03\/26\/sasko-jezero-prema-nvo-green-home-spomenik-prirode\/\",\"name\":\"\u0160asko jezero prema NVO Green Home - Spomenik prirode + Foto + Video - Lajme nga Ulqini\",\"isPartOf\":{\"@id\":\"https:\/\/www.visit-ulcinj.com\/blog\/#website\"},\"primaryImageOfPage\":{\"@id\":\"https:\/\/www.visit-ulcinj.com\/blog\/2014\/03\/26\/sasko-jezero-prema-nvo-green-home-spomenik-prirode\/#primaryimage\"},\"datePublished\":\"2014-03-26T16:40:30+00:00\",\"dateModified\":\"2014-03-26T16:44:03+00:00\",\"author\":{\"@id\":\"https:\/\/www.visit-ulcinj.com\/blog\/#\/schema\/person\/dcab619c614d3038751c63bc2aadc06d\"},\"description\":\"NVO Green Home: Uvrstiti \u0160asko jezero u Spomenik prirode \u0160asko jezero treba da bude za\u0161ti\u0107eno u kategoriji Spomenik prirode uz sagledavanje mogu\u0107nosti za\",\"breadcrumb\":{\"@id\":\"https:\/\/www.visit-ulcinj.com\/blog\/2014\/03\/26\/sasko-jezero-prema-nvo-green-home-spomenik-prirode\/#breadcrumb\"},\"inLanguage\":\"en-US\",\"potentialAction\":[{\"@type\":\"ReadAction\",\"target\":[\"https:\/\/www.visit-ulcinj.com\/blog\/2014\/03\/26\/sasko-jezero-prema-nvo-green-home-spomenik-prirode\/\"]}]},{\"@type\":\"BreadcrumbList\",\"@id\":\"https:\/\/www.visit-ulcinj.com\/blog\/2014\/03\/26\/sasko-jezero-prema-nvo-green-home-spomenik-prirode\/#breadcrumb\",\"itemListElement\":[{\"@type\":\"ListItem\",\"position\":1,\"name\":\"\u0160asko jezero prema NVO Green Home &#8211; Spomenik prirode + Foto + Video\"}]},{\"@type\":\"Person\",\"@id\":\"https:\/\/www.visit-ulcinj.com\/blog\/#\/schema\/person\/dcab619c614d3038751c63bc2aadc06d\",\"name\":\"ulqini\",\"sameAs\":[\"http:\/\/www.visit-ulcinj.com\"],\"url\":\"https:\/\/www.visit-ulcinj.com\/blog\/author\/admin\/\"}]}<\/script>\n<!-- \/ Yoast SEO plugin. -->","yoast_head_json":{"title":"\u0160asko jezero prema NVO Green Home - Spomenik prirode + Foto + Video - Lajme nga Ulqini","description":"NVO Green Home: Uvrstiti \u0160asko jezero u Spomenik prirode \u0160asko jezero treba da bude za\u0161ti\u0107eno u kategoriji Spomenik prirode uz sagledavanje mogu\u0107nosti za","robots":{"index":"index","follow":"follow","max-snippet":"max-snippet:-1","max-image-preview":"max-image-preview:large","max-video-preview":"max-video-preview:-1"},"canonical":"https:\/\/www.visit-ulcinj.com\/blog\/2014\/03\/26\/sasko-jezero-prema-nvo-green-home-spomenik-prirode\/","og_locale":"en_US","og_type":"article","og_title":"\u0160asko jezero prema NVO Green Home - Spomenik prirode + Foto + Video - Lajme nga Ulqini","og_description":"NVO Green Home: Uvrstiti \u0160asko jezero u Spomenik prirode \u0160asko jezero treba da bude za\u0161ti\u0107eno u kategoriji Spomenik prirode uz sagledavanje mogu\u0107nosti za","og_url":"https:\/\/www.visit-ulcinj.com\/blog\/2014\/03\/26\/sasko-jezero-prema-nvo-green-home-spomenik-prirode\/","og_site_name":"Lajme nga Ulqini","article_published_time":"2014-03-26T16:40:30+00:00","article_modified_time":"2014-03-26T16:44:03+00:00","og_image":[{"url":"https:\/\/www.visit-ulcinj.com\/blog\/wp-content\/uploads\/2008\/12\/turisticki-kompleks_sasko-jezero-2-150x150.jpg"}],"twitter_misc":{"Written by":"ulqini","Est. reading time":"1 minute"},"schema":{"@context":"https:\/\/schema.org","@graph":[{"@type":"WebSite","@id":"https:\/\/www.visit-ulcinj.com\/blog\/#website","url":"https:\/\/www.visit-ulcinj.com\/blog\/","name":"Lajme nga Ulqini","description":"Lajme,Vijesti,Ulqini,Ulqin,Crna Gora,Mali i Zi","potentialAction":[{"@type":"SearchAction","target":{"@type":"EntryPoint","urlTemplate":"https:\/\/www.visit-ulcinj.com\/blog\/?s={search_term_string}"},"query-input":"required name=search_term_string"}],"inLanguage":"en-US"},{"@type":"ImageObject","inLanguage":"en-US","@id":"https:\/\/www.visit-ulcinj.com\/blog\/2014\/03\/26\/sasko-jezero-prema-nvo-green-home-spomenik-prirode\/#primaryimage","url":"https:\/\/www.visit-ulcinj.com\/blog\/wp-content\/uploads\/2014\/03\/Sasko-jezero_ulcinj_crna-gora.12.jpg","contentUrl":"https:\/\/www.visit-ulcinj.com\/blog\/wp-content\/uploads\/2014\/03\/Sasko-jezero_ulcinj_crna-gora.12.jpg","width":720,"height":540},{"@type":"WebPage","@id":"https:\/\/www.visit-ulcinj.com\/blog\/2014\/03\/26\/sasko-jezero-prema-nvo-green-home-spomenik-prirode\/#webpage","url":"https:\/\/www.visit-ulcinj.com\/blog\/2014\/03\/26\/sasko-jezero-prema-nvo-green-home-spomenik-prirode\/","name":"\u0160asko jezero prema NVO Green Home - Spomenik prirode + Foto + Video - Lajme nga Ulqini","isPartOf":{"@id":"https:\/\/www.visit-ulcinj.com\/blog\/#website"},"primaryImageOfPage":{"@id":"https:\/\/www.visit-ulcinj.com\/blog\/2014\/03\/26\/sasko-jezero-prema-nvo-green-home-spomenik-prirode\/#primaryimage"},"datePublished":"2014-03-26T16:40:30+00:00","dateModified":"2014-03-26T16:44:03+00:00","author":{"@id":"https:\/\/www.visit-ulcinj.com\/blog\/#\/schema\/person\/dcab619c614d3038751c63bc2aadc06d"},"description":"NVO Green Home: Uvrstiti \u0160asko jezero u Spomenik prirode \u0160asko jezero treba da bude za\u0161ti\u0107eno u kategoriji Spomenik prirode uz sagledavanje mogu\u0107nosti za","breadcrumb":{"@id":"https:\/\/www.visit-ulcinj.com\/blog\/2014\/03\/26\/sasko-jezero-prema-nvo-green-home-spomenik-prirode\/#breadcrumb"},"inLanguage":"en-US","potentialAction":[{"@type":"ReadAction","target":["https:\/\/www.visit-ulcinj.com\/blog\/2014\/03\/26\/sasko-jezero-prema-nvo-green-home-spomenik-prirode\/"]}]},{"@type":"BreadcrumbList","@id":"https:\/\/www.visit-ulcinj.com\/blog\/2014\/03\/26\/sasko-jezero-prema-nvo-green-home-spomenik-prirode\/#breadcrumb","itemListElement":[{"@type":"ListItem","position":1,"name":"\u0160asko jezero prema NVO Green Home &#8211; Spomenik prirode + Foto + Video"}]},{"@type":"Person","@id":"https:\/\/www.visit-ulcinj.com\/blog\/#\/schema\/person\/dcab619c614d3038751c63bc2aadc06d","name":"ulqini","sameAs":["http:\/\/www.visit-ulcinj.com"],"url":"https:\/\/www.visit-ulcinj.com\/blog\/author\/admin\/"}]}},"jetpack_featured_media_url":"","jetpack_sharing_enabled":true,"jetpack_shortlink":"https:\/\/wp.me\/pe6lTn-l5b","_links":{"self":[{"href":"https:\/\/www.visit-ulcinj.com\/blog\/wp-json\/wp\/v2\/posts\/81045"}],"collection":[{"href":"https:\/\/www.visit-ulcinj.com\/blog\/wp-json\/wp\/v2\/posts"}],"about":[{"href":"https:\/\/www.visit-ulcinj.com\/blog\/wp-json\/wp\/v2\/types\/post"}],"author":[{"embeddable":true,"href":"https:\/\/www.visit-ulcinj.com\/blog\/wp-json\/wp\/v2\/users\/1"}],"replies":[{"embeddable":true,"href":"https:\/\/www.visit-ulcinj.com\/blog\/wp-json\/wp\/v2\/comments?post=81045"}],"version-history":[{"count":4,"href":"https:\/\/www.visit-ulcinj.com\/blog\/wp-json\/wp\/v2\/posts\/81045\/revisions"}],"predecessor-version":[{"id":81050,"href":"https:\/\/www.visit-ulcinj.com\/blog\/wp-json\/wp\/v2\/posts\/81045\/revisions\/81050"}],"wp:attachment":[{"href":"https:\/\/www.visit-ulcinj.com\/blog\/wp-json\/wp\/v2\/media?parent=81045"}],"wp:term":[{"taxonomy":"category","embeddable":true,"href":"https:\/\/www.visit-ulcinj.com\/blog\/wp-json\/wp\/v2\/categories?post=81045"},{"taxonomy":"post_tag","embeddable":true,"href":"https:\/\/www.visit-ulcinj.com\/blog\/wp-json\/wp\/v2\/tags?post=81045"}],"curies":[{"name":"wp","href":"https:\/\/api.w.org\/{rel}","templated":true}]}}