{"id":81051,"date":"2014-03-26T17:53:33","date_gmt":"2014-03-26T16:53:33","guid":{"rendered":"http:\/\/www.visit-ulcinj.com\/blog\/?p=81051"},"modified":"2014-03-26T17:53:33","modified_gmt":"2014-03-26T16:53:33","slug":"edona-mashkulli-qe-u-femer-video","status":"publish","type":"post","link":"https:\/\/www.visit-ulcinj.com\/blog\/2014\/03\/26\/edona-mashkulli-qe-u-femer-video\/","title":{"rendered":"Edona, mashkulli q\u00eb u b\u00eb fem\u00ebr &#8211; Video"},"content":{"rendered":"<p><a href=\"http:\/\/www.visit-ulcinj.com\/blog\/wp-content\/uploads\/2014\/03\/Edona-James.jpg\"><img loading=\"lazy\" class=\"alignleft  wp-image-81052\" alt=\"Edona-James\" src=\"http:\/\/www.visit-ulcinj.com\/blog\/wp-content\/uploads\/2014\/03\/Edona-James.jpg\" width=\"508\" height=\"315\" \/><\/a>Djaloshi nga Kosova i shnd\u00ebrruar n\u00eb fem\u00ebr, Edona James, i cili u b\u00eb i famsh\u00ebm p\u00ebr afer\u00ebn me ish-futbollistin gjerman Stefan Efenberg, \u00ebsht\u00eb rikthyer n\u00eb Kosov\u00eb.<\/p>\n<p>Edona, q\u00eb dikur ishte Kujtim Shehu, dit\u00ebve t\u00eb fundit po q\u00ebndron n\u00eb Prishtin\u00eb, dhe nuk ka ngurruar ta tregoj\u00eb k\u00ebt\u00eb edhe p\u00ebrmes rrjeteve sociale.<\/p>\n<p>Bukuroshja 24-vje\u00e7are t\u00eb m\u00ebrkur\u00ebn ka postuar n\u00eb rrjetet sociale disa fotografi nga kryeqyteti i Kosov\u00ebs, madje edhe nga dhomat e nj\u00eb hoteli luksoz.<\/p>\n<p><a href=\"http:\/\/www.visit-ulcinj.com\/blog\/wp-content\/uploads\/2014\/03\/Edona-James-1.jpg\"><img loading=\"lazy\" class=\"alignleft  wp-image-81054\" alt=\"Edona-James-1\" src=\"http:\/\/www.visit-ulcinj.com\/blog\/wp-content\/uploads\/2014\/03\/Edona-James-1.jpg\" width=\"508\" height=\"360\" \/><\/a><\/p>\n<p>Edona James, do t\u00eb jet\u00eb mysafire n\u00eb emisionin \u201cPrive Klan Kosova&#8221;.<\/p>\n<p>Ndryshe, shkruan se menj\u00ebher\u00eb pas publikimit t\u00eb fotove n\u00eb Prishtin\u00eb, transvestiti ka marr\u00eb oferta p\u00ebr t\u00eb kaluar nat\u00ebn m\u00eb t\u00eb.<\/p>\n<p>M\u00eb her\u00ebt ajo ka deklaruar se \u201ctarifa\u201d e saj \u00ebsht\u00eb 1 mij\u00eb euro nata.<\/p>\n<p>Edona ka pranuar q\u00eb \u00ebsht\u00eb nga Kosova, dhe gjat\u00eb viteve t\u00eb luft\u00ebs kur ishte vet\u00ebm 6 vje\u00e7 \u00ebsht\u00eb shp\u00ebrngulur n\u00eb Gjermani.<\/p>\n<p><strong>Gazeta Tribuna<\/strong><\/p>\n<!--YouTube Error: bad URL entered-->\n","protected":false},"excerpt":{"rendered":"<p>Djaloshi nga Kosova i shnd\u00ebrruar n\u00eb fem\u00ebr, Edona James, i cili u b\u00eb i famsh\u00ebm p\u00ebr afer\u00ebn me ish-futbollistin gjerman Stefan Efenberg, \u00ebsht\u00eb rikthyer n\u00eb Kosov\u00eb. Edona, q\u00eb dikur ishte Kujtim Shehu, dit\u00ebve t\u00eb fundit po q\u00ebndron n\u00eb Prishtin\u00eb, dhe nuk ka ngurruar ta tregoj\u00eb k\u00ebt\u00eb edhe p\u00ebrmes rrjeteve sociale. Bukuroshja 24-vje\u00e7are t\u00eb m\u00ebrkur\u00ebn ka [&hellip;]<\/p>\n","protected":false},"author":1,"featured_media":0,"comment_status":"closed","ping_status":"closed","sticky":false,"template":"","format":"standard","meta":{"spay_email":"","jetpack_publicize_message":"","jetpack_is_tweetstorm":false,"jetpack_publicize_feature_enabled":true},"categories":[1],"tags":[],"jetpack_publicize_connections":[],"yoast_head":"<!-- This site is optimized with the Yoast SEO plugin v19.1 - https:\/\/yoast.com\/wordpress\/plugins\/seo\/ -->\n<title>Edona, mashkulli q\u00eb u b\u00eb fem\u00ebr - Video - Lajme nga Ulqini<\/title>\n<meta name=\"description\" content=\"Djaloshi nga Kosova i shnd\u00ebrruar n\u00eb fem\u00ebr, Edona James, i cili u b\u00eb i famsh\u00ebm p\u00ebr afer\u00ebn me ish-futbollistin gjerman Stefan Efenberg, \u00ebsht\u00eb rikthyer n\u00eb\" \/>\n<meta name=\"robots\" content=\"index, follow, max-snippet:-1, max-image-preview:large, max-video-preview:-1\" \/>\n<link rel=\"canonical\" href=\"https:\/\/www.visit-ulcinj.com\/blog\/2014\/03\/26\/edona-mashkulli-qe-u-femer-video\/\" \/>\n<meta property=\"og:locale\" content=\"en_US\" \/>\n<meta property=\"og:type\" content=\"article\" \/>\n<meta property=\"og:title\" content=\"Edona, mashkulli q\u00eb u b\u00eb fem\u00ebr - Video - Lajme nga Ulqini\" \/>\n<meta property=\"og:description\" content=\"Djaloshi nga Kosova i shnd\u00ebrruar n\u00eb fem\u00ebr, Edona James, i cili u b\u00eb i famsh\u00ebm p\u00ebr afer\u00ebn me ish-futbollistin gjerman Stefan Efenberg, \u00ebsht\u00eb rikthyer n\u00eb\" \/>\n<meta property=\"og:url\" content=\"https:\/\/www.visit-ulcinj.com\/blog\/2014\/03\/26\/edona-mashkulli-qe-u-femer-video\/\" \/>\n<meta property=\"og:site_name\" content=\"Lajme nga Ulqini\" \/>\n<meta property=\"article:published_time\" content=\"2014-03-26T16:53:33+00:00\" \/>\n<meta property=\"og:image\" content=\"http:\/\/www.visit-ulcinj.com\/blog\/wp-content\/uploads\/2014\/03\/Edona-James.jpg\" \/>\n<meta name=\"twitter:label1\" content=\"Written by\" \/>\n\t<meta name=\"twitter:data1\" content=\"ulqini\" \/>\n\t<meta name=\"twitter:label2\" content=\"Est. reading time\" \/>\n\t<meta name=\"twitter:data2\" content=\"1 minute\" \/>\n<script type=\"application\/ld+json\" class=\"yoast-schema-graph\">{\"@context\":\"https:\/\/schema.org\",\"@graph\":[{\"@type\":\"WebSite\",\"@id\":\"https:\/\/www.visit-ulcinj.com\/blog\/#website\",\"url\":\"https:\/\/www.visit-ulcinj.com\/blog\/\",\"name\":\"Lajme nga Ulqini\",\"description\":\"Lajme,Vijesti,Ulqini,Ulqin,Crna Gora,Mali i Zi\",\"potentialAction\":[{\"@type\":\"SearchAction\",\"target\":{\"@type\":\"EntryPoint\",\"urlTemplate\":\"https:\/\/www.visit-ulcinj.com\/blog\/?s={search_term_string}\"},\"query-input\":\"required name=search_term_string\"}],\"inLanguage\":\"en-US\"},{\"@type\":\"ImageObject\",\"inLanguage\":\"en-US\",\"@id\":\"https:\/\/www.visit-ulcinj.com\/blog\/2014\/03\/26\/edona-mashkulli-qe-u-femer-video\/#primaryimage\",\"url\":\"http:\/\/www.visit-ulcinj.com\/blog\/wp-content\/uploads\/2014\/03\/Edona-James.jpg\",\"contentUrl\":\"http:\/\/www.visit-ulcinj.com\/blog\/wp-content\/uploads\/2014\/03\/Edona-James.jpg\"},{\"@type\":\"WebPage\",\"@id\":\"https:\/\/www.visit-ulcinj.com\/blog\/2014\/03\/26\/edona-mashkulli-qe-u-femer-video\/#webpage\",\"url\":\"https:\/\/www.visit-ulcinj.com\/blog\/2014\/03\/26\/edona-mashkulli-qe-u-femer-video\/\",\"name\":\"Edona, mashkulli q\u00eb u b\u00eb fem\u00ebr - Video - Lajme nga Ulqini\",\"isPartOf\":{\"@id\":\"https:\/\/www.visit-ulcinj.com\/blog\/#website\"},\"primaryImageOfPage\":{\"@id\":\"https:\/\/www.visit-ulcinj.com\/blog\/2014\/03\/26\/edona-mashkulli-qe-u-femer-video\/#primaryimage\"},\"datePublished\":\"2014-03-26T16:53:33+00:00\",\"dateModified\":\"2014-03-26T16:53:33+00:00\",\"author\":{\"@id\":\"https:\/\/www.visit-ulcinj.com\/blog\/#\/schema\/person\/dcab619c614d3038751c63bc2aadc06d\"},\"description\":\"Djaloshi nga Kosova i shnd\u00ebrruar n\u00eb fem\u00ebr, Edona James, i cili u b\u00eb i famsh\u00ebm p\u00ebr afer\u00ebn me ish-futbollistin gjerman Stefan Efenberg, \u00ebsht\u00eb rikthyer n\u00eb\",\"breadcrumb\":{\"@id\":\"https:\/\/www.visit-ulcinj.com\/blog\/2014\/03\/26\/edona-mashkulli-qe-u-femer-video\/#breadcrumb\"},\"inLanguage\":\"en-US\",\"potentialAction\":[{\"@type\":\"ReadAction\",\"target\":[\"https:\/\/www.visit-ulcinj.com\/blog\/2014\/03\/26\/edona-mashkulli-qe-u-femer-video\/\"]}]},{\"@type\":\"BreadcrumbList\",\"@id\":\"https:\/\/www.visit-ulcinj.com\/blog\/2014\/03\/26\/edona-mashkulli-qe-u-femer-video\/#breadcrumb\",\"itemListElement\":[{\"@type\":\"ListItem\",\"position\":1,\"name\":\"Edona, mashkulli q\u00eb u b\u00eb fem\u00ebr &#8211; Video\"}]},{\"@type\":\"Person\",\"@id\":\"https:\/\/www.visit-ulcinj.com\/blog\/#\/schema\/person\/dcab619c614d3038751c63bc2aadc06d\",\"name\":\"ulqini\",\"sameAs\":[\"http:\/\/www.visit-ulcinj.com\"],\"url\":\"https:\/\/www.visit-ulcinj.com\/blog\/author\/admin\/\"}]}<\/script>\n<!-- \/ Yoast SEO plugin. -->","yoast_head_json":{"title":"Edona, mashkulli q\u00eb u b\u00eb fem\u00ebr - Video - Lajme nga Ulqini","description":"Djaloshi nga Kosova i shnd\u00ebrruar n\u00eb fem\u00ebr, Edona James, i cili u b\u00eb i famsh\u00ebm p\u00ebr afer\u00ebn me ish-futbollistin gjerman Stefan Efenberg, \u00ebsht\u00eb rikthyer n\u00eb","robots":{"index":"index","follow":"follow","max-snippet":"max-snippet:-1","max-image-preview":"max-image-preview:large","max-video-preview":"max-video-preview:-1"},"canonical":"https:\/\/www.visit-ulcinj.com\/blog\/2014\/03\/26\/edona-mashkulli-qe-u-femer-video\/","og_locale":"en_US","og_type":"article","og_title":"Edona, mashkulli q\u00eb u b\u00eb fem\u00ebr - Video - Lajme nga Ulqini","og_description":"Djaloshi nga Kosova i shnd\u00ebrruar n\u00eb fem\u00ebr, Edona James, i cili u b\u00eb i famsh\u00ebm p\u00ebr afer\u00ebn me ish-futbollistin gjerman Stefan Efenberg, \u00ebsht\u00eb rikthyer n\u00eb","og_url":"https:\/\/www.visit-ulcinj.com\/blog\/2014\/03\/26\/edona-mashkulli-qe-u-femer-video\/","og_site_name":"Lajme nga Ulqini","article_published_time":"2014-03-26T16:53:33+00:00","og_image":[{"url":"http:\/\/www.visit-ulcinj.com\/blog\/wp-content\/uploads\/2014\/03\/Edona-James.jpg"}],"twitter_misc":{"Written by":"ulqini","Est. reading time":"1 minute"},"schema":{"@context":"https:\/\/schema.org","@graph":[{"@type":"WebSite","@id":"https:\/\/www.visit-ulcinj.com\/blog\/#website","url":"https:\/\/www.visit-ulcinj.com\/blog\/","name":"Lajme nga Ulqini","description":"Lajme,Vijesti,Ulqini,Ulqin,Crna Gora,Mali i Zi","potentialAction":[{"@type":"SearchAction","target":{"@type":"EntryPoint","urlTemplate":"https:\/\/www.visit-ulcinj.com\/blog\/?s={search_term_string}"},"query-input":"required name=search_term_string"}],"inLanguage":"en-US"},{"@type":"ImageObject","inLanguage":"en-US","@id":"https:\/\/www.visit-ulcinj.com\/blog\/2014\/03\/26\/edona-mashkulli-qe-u-femer-video\/#primaryimage","url":"http:\/\/www.visit-ulcinj.com\/blog\/wp-content\/uploads\/2014\/03\/Edona-James.jpg","contentUrl":"http:\/\/www.visit-ulcinj.com\/blog\/wp-content\/uploads\/2014\/03\/Edona-James.jpg"},{"@type":"WebPage","@id":"https:\/\/www.visit-ulcinj.com\/blog\/2014\/03\/26\/edona-mashkulli-qe-u-femer-video\/#webpage","url":"https:\/\/www.visit-ulcinj.com\/blog\/2014\/03\/26\/edona-mashkulli-qe-u-femer-video\/","name":"Edona, mashkulli q\u00eb u b\u00eb fem\u00ebr - Video - Lajme nga Ulqini","isPartOf":{"@id":"https:\/\/www.visit-ulcinj.com\/blog\/#website"},"primaryImageOfPage":{"@id":"https:\/\/www.visit-ulcinj.com\/blog\/2014\/03\/26\/edona-mashkulli-qe-u-femer-video\/#primaryimage"},"datePublished":"2014-03-26T16:53:33+00:00","dateModified":"2014-03-26T16:53:33+00:00","author":{"@id":"https:\/\/www.visit-ulcinj.com\/blog\/#\/schema\/person\/dcab619c614d3038751c63bc2aadc06d"},"description":"Djaloshi nga Kosova i shnd\u00ebrruar n\u00eb fem\u00ebr, Edona James, i cili u b\u00eb i famsh\u00ebm p\u00ebr afer\u00ebn me ish-futbollistin gjerman Stefan Efenberg, \u00ebsht\u00eb rikthyer n\u00eb","breadcrumb":{"@id":"https:\/\/www.visit-ulcinj.com\/blog\/2014\/03\/26\/edona-mashkulli-qe-u-femer-video\/#breadcrumb"},"inLanguage":"en-US","potentialAction":[{"@type":"ReadAction","target":["https:\/\/www.visit-ulcinj.com\/blog\/2014\/03\/26\/edona-mashkulli-qe-u-femer-video\/"]}]},{"@type":"BreadcrumbList","@id":"https:\/\/www.visit-ulcinj.com\/blog\/2014\/03\/26\/edona-mashkulli-qe-u-femer-video\/#breadcrumb","itemListElement":[{"@type":"ListItem","position":1,"name":"Edona, mashkulli q\u00eb u b\u00eb fem\u00ebr &#8211; Video"}]},{"@type":"Person","@id":"https:\/\/www.visit-ulcinj.com\/blog\/#\/schema\/person\/dcab619c614d3038751c63bc2aadc06d","name":"ulqini","sameAs":["http:\/\/www.visit-ulcinj.com"],"url":"https:\/\/www.visit-ulcinj.com\/blog\/author\/admin\/"}]}},"jetpack_featured_media_url":"","jetpack_sharing_enabled":true,"jetpack_shortlink":"https:\/\/wp.me\/pe6lTn-l5h","_links":{"self":[{"href":"https:\/\/www.visit-ulcinj.com\/blog\/wp-json\/wp\/v2\/posts\/81051"}],"collection":[{"href":"https:\/\/www.visit-ulcinj.com\/blog\/wp-json\/wp\/v2\/posts"}],"about":[{"href":"https:\/\/www.visit-ulcinj.com\/blog\/wp-json\/wp\/v2\/types\/post"}],"author":[{"embeddable":true,"href":"https:\/\/www.visit-ulcinj.com\/blog\/wp-json\/wp\/v2\/users\/1"}],"replies":[{"embeddable":true,"href":"https:\/\/www.visit-ulcinj.com\/blog\/wp-json\/wp\/v2\/comments?post=81051"}],"version-history":[{"count":1,"href":"https:\/\/www.visit-ulcinj.com\/blog\/wp-json\/wp\/v2\/posts\/81051\/revisions"}],"predecessor-version":[{"id":81055,"href":"https:\/\/www.visit-ulcinj.com\/blog\/wp-json\/wp\/v2\/posts\/81051\/revisions\/81055"}],"wp:attachment":[{"href":"https:\/\/www.visit-ulcinj.com\/blog\/wp-json\/wp\/v2\/media?parent=81051"}],"wp:term":[{"taxonomy":"category","embeddable":true,"href":"https:\/\/www.visit-ulcinj.com\/blog\/wp-json\/wp\/v2\/categories?post=81051"},{"taxonomy":"post_tag","embeddable":true,"href":"https:\/\/www.visit-ulcinj.com\/blog\/wp-json\/wp\/v2\/tags?post=81051"}],"curies":[{"name":"wp","href":"https:\/\/api.w.org\/{rel}","templated":true}]}}