{"id":81060,"date":"2014-04-01T16:23:43","date_gmt":"2014-04-01T15:23:43","guid":{"rendered":"http:\/\/www.visit-ulcinj.com\/blog\/?p=81060"},"modified":"2014-04-01T18:38:59","modified_gmt":"2014-04-01T17:38:59","slug":"ne-prag-te-konferences-shkencore-ne-ulqin-04-04-2014","status":"publish","type":"post","link":"https:\/\/www.visit-ulcinj.com\/blog\/2014\/04\/01\/ne-prag-te-konferences-shkencore-ne-ulqin-04-04-2014\/","title":{"rendered":"N\u00eb prag te konferenc\u00ebs shkencore n\u00eb Ulqin me 04.04.2014 &#8211; Video"},"content":{"rendered":"<p><strong><a href=\"http:\/\/www.visit-ulcinj.com\/blog\/wp-content\/uploads\/2014\/03\/Konferenca-shkencore-n\u00eb-Ulqin.jpg\"><img loading=\"lazy\" class=\"alignleft  wp-image-81061\" alt=\"Konferenca shkencore n\u00eb Ulqin\" src=\"http:\/\/www.visit-ulcinj.com\/blog\/wp-content\/uploads\/2014\/03\/Konferenca-shkencore-n\u00eb-Ulqin.jpg\" width=\"508\" height=\"360\" \/><\/a>Shkruan: Ilir Lleshi<\/strong><\/p>\n<p>Dit\u00ebt po ecin e ne gjithnj\u00eb e m\u00eb af\u00ebr kemi Dit\u00ebn e Komun\u00ebs. Dita e Komun\u00ebs s\u00eb Ulqinit, \u00ebsht\u00eb e shtuna e par\u00eb e muajit Prill. Ajo dat\u00eb p\u00ebrkon me simbolik\u00ebn e nxjerrjes s\u00eb mjeteve lundruese n\u00eb det si dhe me fillimin e pun\u00ebve ne Ullisht\u00eb. Simbolika k\u00ebto t\u00eb cilat tradicionalisht e kane karakterizuar Ulqinin, qytetin ton\u00eb t\u00eb detareve, qytetin ton\u00eb t\u00eb ullishtar\u00ebve t\u00eb vjeter.<\/p>\n<p>Ndonese me organizimin e manifestimit t\u00eb k\u00ebsaj\u00eb kremte do t\u00eb merret ekzekutivi i Komun\u00ebs, pa dyshim se, n\u00eb fest\u00eb e p\u00ebr feste, kontributin e vet do ta japin t\u00eb gjith\u00eb. N\u00eb m\u00ebnyra t\u00eb ndryshme ne k\u00ebt\u00eb manifestim do te kontribuojn\u00eb ndermarrje, institucione, sektori shoq\u00ebror\u00eb e civil si dhe te gjithe banor\u00ebt e Ulqinit. Kjo feste pritet t\u00eb jet\u00eb nj\u00eb ogur i mir\u00eb p\u00ebr sezonin e ardhsh\u00ebm turistik dhe ogur i mir\u00eb n\u00eb rendimete t\u00eb larta p\u00ebr Ullishten e Ulqinit.<\/p>\n<p>Manifestimin e Dit\u00ebs s\u00eb Komun\u00ebs, tanim\u00eb n\u00eb rolin e tradicionales, do ta filloj Konferenca Shkencore. N\u00ebn organizimin e Komun\u00ebs s\u00eb Ulqinit, Universitetit t\u00eb Veriut \u201cArgenti\u201d Shkoder dhe Institutit p\u00ebr kerkime shkencore dhe zhvillim Ulqin, n\u00eb bashkpunim me Universitetin e Shkodres \u201cLuigj Gurakuqi\u201d, Universitetin \u201cKadri Zeka\u201d Gjilan, Fakultetin p\u00ebr turiz\u00ebm \u201cMontenegro\u201d Tivar dhe Kolegjin Europian \u201cDugagjini\u201d Pej\u00eb, <strong>t\u00eb premten me 04.04.2014. ne oren 11:00, n\u00eb Sallen e madhe t\u00eb Komun\u00ebs s\u00eb Ulqinit<\/strong>, do t\u00eb filloj punimet Konferenca e 6-t\u00eb Shkencore. Konferenc\u00ebn, me pjesmarrjen e tyre ,do ta nderojne autor nga Mali i Zi, Shqip\u00ebria, Kosova, Maqedonia dhe Serbia. Larmia ne pjesmarrje e personaliteteve te rendesishme,nga shtete te ndryshme, Konferenc\u00ebs i jep karakter nderkomb\u00ebtar.<\/p>\n<p>Tema:<br \/>\n<strong>\u201cMODELET E HARMONIZIMIT TE POLITIKAVE FISKALE T\u00cb VENDEVE T\u00cb EJL-s\u00eb ME BASHKIMIN EUROPIAN\u201d<\/strong><\/p>\n<p>Tema sa dometh\u00ebn\u00ebse e interesante, aq edhe aktuale. Jetojme ne nj\u00eb koh\u00eb kur vendet e rajonit po b\u00ebjne perpjekje te m\u00ebdha q\u00eb t\u00eb integrohen ne Bashkimin Europian dhe n\u00eb Aleancen Veri Atlantike NATO.<br \/>\nMe integrimin n\u00eb k\u00ebto organizata, pa dyshim qe shtetet do t\u00eb p\u00ebrfitojn\u00eb. Integrimi krijon baz\u00eb t\u00eb favorshme n\u00eb thithjen e investimeve e me k\u00ebt\u00eb hapjen e vendeve t\u00eb reja te punes. Vendet e Europ\u00ebs Juglindore n\u00eb k\u00ebt\u00eb drejtim kan\u00eb edhe shum\u00eb pun\u00eb p\u00ebr t\u00eb b\u00ebr\u00eb. Nj\u00eb hallk\u00eb n\u00eb zinxhir drejt k\u00ebsaj rruge \u00ebsht\u00eb edhe tema qe do ta shtjelloje kjo Konferenc\u00eb.<\/p>\n<p>Sipas agjendes, regjistrimi i pjesmarresve t\u00eb Konferenc\u00ebs do t\u00eb b\u00ebhet nga ora 10:30 &#8211; 11:00.<\/p>\n<p>Pason pjesa oficiale.<\/p>\n<p><strong>Fjala hyr\u00ebse :<\/strong><br \/>\nProf. Dr. Ass. Elez Osmani \u2013 Instituti p\u00ebr k\u00ebrkime shkencore dhe zhvillim<br \/>\nFatmir Gjeka \u2013 kryetari i Komun\u00ebs s\u00eb Ulqinit.<\/p>\n<p><strong>Hapja solemne:<\/strong><br \/>\nP\u00ebrfaq\u00ebsuesi nga Ministria e shkenc\u00ebs n\u00eb Mal t\u00eb Zi.<\/p>\n<p>Fjala p\u00ebrsh\u00ebndetese :<br \/>\nProf.Dr.Darko Lacmanovic Univerzitet Mediteran \u2013Fakultet za turizam Bar<br \/>\nProf. Dr. Arben Dermaku &#8211; Rektor i Universitetit \u201cKadri Zeka\u201d Gjilan<br \/>\nProf. Dr. Arta Musaraj -Themeluese e Rev. shkencore &#8220;Academicus-International,<wbr \/>, &#8211; Shqip\u00ebri<br \/>\nProf. Tibor Petres &#8211; Fakulteti Juridik Univerziteti ne Segedin<br \/>\nProf. Dr. Sabri Kadriu \u2013 Kryetar i forumit p\u00ebr bashk\u00ebpunim nd\u00ebrkufitar<\/p>\n<p>Konferenca nderohet me mbajtjen e ligjeratave nga fusha e politik\u00ebs fiskale dhe monetare t\u00eb vendit dhe rajonit:<br \/>\nProf. Dr. Vuk Ognjanovic \u2013 Fakulteti p\u00ebr menaxhim dhe komunikacion \u2013 Mali i Zi,<br \/>\nProf. Dr. Arben Malaj \u2013 Universiteti i Tiran\u00ebs &#8211; Shqip\u00ebri<br \/>\nProf. Dr. Predrag Goranovic \u2013 Universiteti i Podgoric\u00ebs \u2013 Mali i Zi<br \/>\nBedri Hamza \u2013Guvernator i bank\u00ebs Qendrore \u2013Kosov\u00eb<br \/>\nDiskutime<\/p>\n<p><strong>N\u00ebnshkrimi i marr\u00ebveshjeve t\u00eb bashk\u00ebpunimit nga sfera arsimore dhe shkencore:<\/strong><\/p>\n<p>Instituti p\u00ebr k\u00ebrkime shkencore dhe zhvillim &#8211; Universiteti publik \u201cKadri Zeka\u201d Gjilan<br \/>\nInstituti p\u00ebr k\u00ebrkime shkencore dhe zhvillim \u2013 Fakulteti p\u00ebr aplikime, menaxh., ek. dhe fin. &#8211; Beograd<br \/>\nInstituti p\u00ebr k\u00ebrkime shkencore dhe zhvillim \u2013 Instituti p\u00ebr Politikat Publike dhe Mir\u00ebqeverisjen<\/p>\n<p>N\u00eb ora 12:20 deri n\u00eb 12:30 do t\u00eb jet\u00eb pauz p\u00ebr kafe.<\/p>\n<p>N\u00eb 12:30 deri n\u00eb 15:00 do t\u00eb b\u00ebhet prezantimi i punimeve.<\/p>\n<p>Konferenc\u00ebs me punimet e veta i jan\u00eb paraqitur shume autor, aq sa prezantimi i t\u00eb gjith\u00ebve \u00ebsht\u00eb i pamundur n\u00eb nj\u00eb dit\u00eb pun\u00eb. Autor\u00ebt e vetem 14 punimeve t\u00eb para, t\u00eb renditur n\u00eb agjend\u00eb, do t\u00eb ken\u00eb mund\u00ebsi t\u00eb ligj\u00ebrojn\u00eb. T\u00eb gjith\u00eb punimet s\u00eb bashku jan\u00eb p\u00ebrfshir\u00eb n\u00eb Agjend\u00eb dhe jan\u00eb t\u00eb botuara n\u00eb \u201cBULETININ SHKENCOR&#8221; nr. VI-t\u00eb.<\/p>\n<!--YouTube Error: bad URL entered-->\n<p><a href=\"http:\/\/www.visit-ulcinj.com\/blog\/wp-content\/uploads\/2014\/03\/konferenca-shkencore-ne-ulqin-04-04-2014.jpg\"><img loading=\"lazy\" class=\"alignleft  wp-image-81063\" alt=\"konferenca-shkencore-ne-ulqin-04-04-2014\" src=\"http:\/\/www.visit-ulcinj.com\/blog\/wp-content\/uploads\/2014\/03\/konferenca-shkencore-ne-ulqin-04-04-2014.jpg\" width=\"508\" height=\"600\" \/><\/a><\/p>\n<p>&nbsp;<\/p>\n","protected":false},"excerpt":{"rendered":"<p>Shkruan: Ilir Lleshi Dit\u00ebt po ecin e ne gjithnj\u00eb e m\u00eb af\u00ebr kemi Dit\u00ebn e Komun\u00ebs. Dita e Komun\u00ebs s\u00eb Ulqinit, \u00ebsht\u00eb e shtuna e par\u00eb e muajit Prill. Ajo dat\u00eb p\u00ebrkon me simbolik\u00ebn e nxjerrjes s\u00eb mjeteve lundruese n\u00eb det si dhe me fillimin e pun\u00ebve ne Ullisht\u00eb. Simbolika k\u00ebto t\u00eb cilat tradicionalisht e [&hellip;]<\/p>\n","protected":false},"author":1,"featured_media":0,"comment_status":"closed","ping_status":"closed","sticky":false,"template":"","format":"standard","meta":{"spay_email":"","jetpack_publicize_message":"","jetpack_is_tweetstorm":false,"jetpack_publicize_feature_enabled":true},"categories":[6950],"tags":[],"jetpack_publicize_connections":[],"yoast_head":"<!-- This site is optimized with the Yoast SEO plugin v19.1 - https:\/\/yoast.com\/wordpress\/plugins\/seo\/ -->\n<title>N\u00eb prag te konferenc\u00ebs shkencore n\u00eb Ulqin me 04.04.2014 - Video - Lajme nga Ulqini<\/title>\n<meta name=\"description\" content=\"Shkruan: Ilir Lleshi Dit\u00ebt po ecin e ne gjithnj\u00eb e m\u00eb af\u00ebr kemi Dit\u00ebn e Komun\u00ebs. Dita e Komun\u00ebs s\u00eb Ulqinit, \u00ebsht\u00eb e shtuna e par\u00eb e muajit Prill. Ajo dat\u00eb\" \/>\n<meta name=\"robots\" content=\"index, follow, max-snippet:-1, max-image-preview:large, max-video-preview:-1\" \/>\n<link rel=\"canonical\" href=\"https:\/\/www.visit-ulcinj.com\/blog\/2014\/04\/01\/ne-prag-te-konferences-shkencore-ne-ulqin-04-04-2014\/\" \/>\n<meta property=\"og:locale\" content=\"en_US\" \/>\n<meta property=\"og:type\" content=\"article\" \/>\n<meta property=\"og:title\" content=\"N\u00eb prag te konferenc\u00ebs shkencore n\u00eb Ulqin me 04.04.2014 - Video - Lajme nga Ulqini\" \/>\n<meta property=\"og:description\" content=\"Shkruan: Ilir Lleshi Dit\u00ebt po ecin e ne gjithnj\u00eb e m\u00eb af\u00ebr kemi Dit\u00ebn e Komun\u00ebs. Dita e Komun\u00ebs s\u00eb Ulqinit, \u00ebsht\u00eb e shtuna e par\u00eb e muajit Prill. Ajo dat\u00eb\" \/>\n<meta property=\"og:url\" content=\"https:\/\/www.visit-ulcinj.com\/blog\/2014\/04\/01\/ne-prag-te-konferences-shkencore-ne-ulqin-04-04-2014\/\" \/>\n<meta property=\"og:site_name\" content=\"Lajme nga Ulqini\" \/>\n<meta property=\"article:published_time\" content=\"2014-04-01T15:23:43+00:00\" \/>\n<meta property=\"article:modified_time\" content=\"2014-04-01T17:38:59+00:00\" \/>\n<meta property=\"og:image\" content=\"http:\/\/www.visit-ulcinj.com\/blog\/wp-content\/uploads\/2014\/03\/konferenca-shkencore-ne-ulqin-04-04-2014.jpg\" \/>\n<meta name=\"twitter:label1\" content=\"Written by\" \/>\n\t<meta name=\"twitter:data1\" content=\"ulqini\" \/>\n\t<meta name=\"twitter:label2\" content=\"Est. reading time\" \/>\n\t<meta name=\"twitter:data2\" content=\"4 minutes\" \/>\n<script type=\"application\/ld+json\" class=\"yoast-schema-graph\">{\"@context\":\"https:\/\/schema.org\",\"@graph\":[{\"@type\":\"WebSite\",\"@id\":\"https:\/\/www.visit-ulcinj.com\/blog\/#website\",\"url\":\"https:\/\/www.visit-ulcinj.com\/blog\/\",\"name\":\"Lajme nga Ulqini\",\"description\":\"Lajme,Vijesti,Ulqini,Ulqin,Crna Gora,Mali i Zi\",\"potentialAction\":[{\"@type\":\"SearchAction\",\"target\":{\"@type\":\"EntryPoint\",\"urlTemplate\":\"https:\/\/www.visit-ulcinj.com\/blog\/?s={search_term_string}\"},\"query-input\":\"required name=search_term_string\"}],\"inLanguage\":\"en-US\"},{\"@type\":\"ImageObject\",\"inLanguage\":\"en-US\",\"@id\":\"https:\/\/www.visit-ulcinj.com\/blog\/2014\/04\/01\/ne-prag-te-konferences-shkencore-ne-ulqin-04-04-2014\/#primaryimage\",\"url\":\"https:\/\/www.visit-ulcinj.com\/blog\/wp-content\/uploads\/2014\/03\/konferenca-shkencore-ne-ulqin-04-04-2014.jpg\",\"contentUrl\":\"https:\/\/www.visit-ulcinj.com\/blog\/wp-content\/uploads\/2014\/03\/konferenca-shkencore-ne-ulqin-04-04-2014.jpg\",\"width\":720,\"height\":960},{\"@type\":\"WebPage\",\"@id\":\"https:\/\/www.visit-ulcinj.com\/blog\/2014\/04\/01\/ne-prag-te-konferences-shkencore-ne-ulqin-04-04-2014\/#webpage\",\"url\":\"https:\/\/www.visit-ulcinj.com\/blog\/2014\/04\/01\/ne-prag-te-konferences-shkencore-ne-ulqin-04-04-2014\/\",\"name\":\"N\u00eb prag te konferenc\u00ebs shkencore n\u00eb Ulqin me 04.04.2014 - Video - Lajme nga Ulqini\",\"isPartOf\":{\"@id\":\"https:\/\/www.visit-ulcinj.com\/blog\/#website\"},\"primaryImageOfPage\":{\"@id\":\"https:\/\/www.visit-ulcinj.com\/blog\/2014\/04\/01\/ne-prag-te-konferences-shkencore-ne-ulqin-04-04-2014\/#primaryimage\"},\"datePublished\":\"2014-04-01T15:23:43+00:00\",\"dateModified\":\"2014-04-01T17:38:59+00:00\",\"author\":{\"@id\":\"https:\/\/www.visit-ulcinj.com\/blog\/#\/schema\/person\/dcab619c614d3038751c63bc2aadc06d\"},\"description\":\"Shkruan: Ilir Lleshi Dit\u00ebt po ecin e ne gjithnj\u00eb e m\u00eb af\u00ebr kemi Dit\u00ebn e Komun\u00ebs. Dita e Komun\u00ebs s\u00eb Ulqinit, \u00ebsht\u00eb e shtuna e par\u00eb e muajit Prill. Ajo dat\u00eb\",\"breadcrumb\":{\"@id\":\"https:\/\/www.visit-ulcinj.com\/blog\/2014\/04\/01\/ne-prag-te-konferences-shkencore-ne-ulqin-04-04-2014\/#breadcrumb\"},\"inLanguage\":\"en-US\",\"potentialAction\":[{\"@type\":\"ReadAction\",\"target\":[\"https:\/\/www.visit-ulcinj.com\/blog\/2014\/04\/01\/ne-prag-te-konferences-shkencore-ne-ulqin-04-04-2014\/\"]}]},{\"@type\":\"BreadcrumbList\",\"@id\":\"https:\/\/www.visit-ulcinj.com\/blog\/2014\/04\/01\/ne-prag-te-konferences-shkencore-ne-ulqin-04-04-2014\/#breadcrumb\",\"itemListElement\":[{\"@type\":\"ListItem\",\"position\":1,\"name\":\"N\u00eb prag te konferenc\u00ebs shkencore n\u00eb Ulqin me 04.04.2014 &#8211; Video\"}]},{\"@type\":\"Person\",\"@id\":\"https:\/\/www.visit-ulcinj.com\/blog\/#\/schema\/person\/dcab619c614d3038751c63bc2aadc06d\",\"name\":\"ulqini\",\"sameAs\":[\"http:\/\/www.visit-ulcinj.com\"],\"url\":\"https:\/\/www.visit-ulcinj.com\/blog\/author\/admin\/\"}]}<\/script>\n<!-- \/ Yoast SEO plugin. -->","yoast_head_json":{"title":"N\u00eb prag te konferenc\u00ebs shkencore n\u00eb Ulqin me 04.04.2014 - Video - Lajme nga Ulqini","description":"Shkruan: Ilir Lleshi Dit\u00ebt po ecin e ne gjithnj\u00eb e m\u00eb af\u00ebr kemi Dit\u00ebn e Komun\u00ebs. Dita e Komun\u00ebs s\u00eb Ulqinit, \u00ebsht\u00eb e shtuna e par\u00eb e muajit Prill. Ajo dat\u00eb","robots":{"index":"index","follow":"follow","max-snippet":"max-snippet:-1","max-image-preview":"max-image-preview:large","max-video-preview":"max-video-preview:-1"},"canonical":"https:\/\/www.visit-ulcinj.com\/blog\/2014\/04\/01\/ne-prag-te-konferences-shkencore-ne-ulqin-04-04-2014\/","og_locale":"en_US","og_type":"article","og_title":"N\u00eb prag te konferenc\u00ebs shkencore n\u00eb Ulqin me 04.04.2014 - Video - Lajme nga Ulqini","og_description":"Shkruan: Ilir Lleshi Dit\u00ebt po ecin e ne gjithnj\u00eb e m\u00eb af\u00ebr kemi Dit\u00ebn e Komun\u00ebs. Dita e Komun\u00ebs s\u00eb Ulqinit, \u00ebsht\u00eb e shtuna e par\u00eb e muajit Prill. Ajo dat\u00eb","og_url":"https:\/\/www.visit-ulcinj.com\/blog\/2014\/04\/01\/ne-prag-te-konferences-shkencore-ne-ulqin-04-04-2014\/","og_site_name":"Lajme nga Ulqini","article_published_time":"2014-04-01T15:23:43+00:00","article_modified_time":"2014-04-01T17:38:59+00:00","og_image":[{"url":"http:\/\/www.visit-ulcinj.com\/blog\/wp-content\/uploads\/2014\/03\/konferenca-shkencore-ne-ulqin-04-04-2014.jpg"}],"twitter_misc":{"Written by":"ulqini","Est. reading time":"4 minutes"},"schema":{"@context":"https:\/\/schema.org","@graph":[{"@type":"WebSite","@id":"https:\/\/www.visit-ulcinj.com\/blog\/#website","url":"https:\/\/www.visit-ulcinj.com\/blog\/","name":"Lajme nga Ulqini","description":"Lajme,Vijesti,Ulqini,Ulqin,Crna Gora,Mali i Zi","potentialAction":[{"@type":"SearchAction","target":{"@type":"EntryPoint","urlTemplate":"https:\/\/www.visit-ulcinj.com\/blog\/?s={search_term_string}"},"query-input":"required name=search_term_string"}],"inLanguage":"en-US"},{"@type":"ImageObject","inLanguage":"en-US","@id":"https:\/\/www.visit-ulcinj.com\/blog\/2014\/04\/01\/ne-prag-te-konferences-shkencore-ne-ulqin-04-04-2014\/#primaryimage","url":"https:\/\/www.visit-ulcinj.com\/blog\/wp-content\/uploads\/2014\/03\/konferenca-shkencore-ne-ulqin-04-04-2014.jpg","contentUrl":"https:\/\/www.visit-ulcinj.com\/blog\/wp-content\/uploads\/2014\/03\/konferenca-shkencore-ne-ulqin-04-04-2014.jpg","width":720,"height":960},{"@type":"WebPage","@id":"https:\/\/www.visit-ulcinj.com\/blog\/2014\/04\/01\/ne-prag-te-konferences-shkencore-ne-ulqin-04-04-2014\/#webpage","url":"https:\/\/www.visit-ulcinj.com\/blog\/2014\/04\/01\/ne-prag-te-konferences-shkencore-ne-ulqin-04-04-2014\/","name":"N\u00eb prag te konferenc\u00ebs shkencore n\u00eb Ulqin me 04.04.2014 - Video - Lajme nga Ulqini","isPartOf":{"@id":"https:\/\/www.visit-ulcinj.com\/blog\/#website"},"primaryImageOfPage":{"@id":"https:\/\/www.visit-ulcinj.com\/blog\/2014\/04\/01\/ne-prag-te-konferences-shkencore-ne-ulqin-04-04-2014\/#primaryimage"},"datePublished":"2014-04-01T15:23:43+00:00","dateModified":"2014-04-01T17:38:59+00:00","author":{"@id":"https:\/\/www.visit-ulcinj.com\/blog\/#\/schema\/person\/dcab619c614d3038751c63bc2aadc06d"},"description":"Shkruan: Ilir Lleshi Dit\u00ebt po ecin e ne gjithnj\u00eb e m\u00eb af\u00ebr kemi Dit\u00ebn e Komun\u00ebs. Dita e Komun\u00ebs s\u00eb Ulqinit, \u00ebsht\u00eb e shtuna e par\u00eb e muajit Prill. Ajo dat\u00eb","breadcrumb":{"@id":"https:\/\/www.visit-ulcinj.com\/blog\/2014\/04\/01\/ne-prag-te-konferences-shkencore-ne-ulqin-04-04-2014\/#breadcrumb"},"inLanguage":"en-US","potentialAction":[{"@type":"ReadAction","target":["https:\/\/www.visit-ulcinj.com\/blog\/2014\/04\/01\/ne-prag-te-konferences-shkencore-ne-ulqin-04-04-2014\/"]}]},{"@type":"BreadcrumbList","@id":"https:\/\/www.visit-ulcinj.com\/blog\/2014\/04\/01\/ne-prag-te-konferences-shkencore-ne-ulqin-04-04-2014\/#breadcrumb","itemListElement":[{"@type":"ListItem","position":1,"name":"N\u00eb prag te konferenc\u00ebs shkencore n\u00eb Ulqin me 04.04.2014 &#8211; Video"}]},{"@type":"Person","@id":"https:\/\/www.visit-ulcinj.com\/blog\/#\/schema\/person\/dcab619c614d3038751c63bc2aadc06d","name":"ulqini","sameAs":["http:\/\/www.visit-ulcinj.com"],"url":"https:\/\/www.visit-ulcinj.com\/blog\/author\/admin\/"}]}},"jetpack_featured_media_url":"","jetpack_sharing_enabled":true,"jetpack_shortlink":"https:\/\/wp.me\/pe6lTn-l5q","_links":{"self":[{"href":"https:\/\/www.visit-ulcinj.com\/blog\/wp-json\/wp\/v2\/posts\/81060"}],"collection":[{"href":"https:\/\/www.visit-ulcinj.com\/blog\/wp-json\/wp\/v2\/posts"}],"about":[{"href":"https:\/\/www.visit-ulcinj.com\/blog\/wp-json\/wp\/v2\/types\/post"}],"author":[{"embeddable":true,"href":"https:\/\/www.visit-ulcinj.com\/blog\/wp-json\/wp\/v2\/users\/1"}],"replies":[{"embeddable":true,"href":"https:\/\/www.visit-ulcinj.com\/blog\/wp-json\/wp\/v2\/comments?post=81060"}],"version-history":[{"count":3,"href":"https:\/\/www.visit-ulcinj.com\/blog\/wp-json\/wp\/v2\/posts\/81060\/revisions"}],"predecessor-version":[{"id":81065,"href":"https:\/\/www.visit-ulcinj.com\/blog\/wp-json\/wp\/v2\/posts\/81060\/revisions\/81065"}],"wp:attachment":[{"href":"https:\/\/www.visit-ulcinj.com\/blog\/wp-json\/wp\/v2\/media?parent=81060"}],"wp:term":[{"taxonomy":"category","embeddable":true,"href":"https:\/\/www.visit-ulcinj.com\/blog\/wp-json\/wp\/v2\/categories?post=81060"},{"taxonomy":"post_tag","embeddable":true,"href":"https:\/\/www.visit-ulcinj.com\/blog\/wp-json\/wp\/v2\/tags?post=81060"}],"curies":[{"name":"wp","href":"https:\/\/api.w.org\/{rel}","templated":true}]}}