{"id":8107,"date":"2009-01-05T23:47:31","date_gmt":"2009-01-05T22:47:31","guid":{"rendered":"http:\/\/www.visit-ulcinj.com\/blog\/?p=8107"},"modified":"2009-01-05T23:47:31","modified_gmt":"2009-01-05T22:47:31","slug":"ingrid-gjoni-feston-26-vjetorin-mbremjen-e-krishtlindjeve","status":"publish","type":"post","link":"https:\/\/www.visit-ulcinj.com\/blog\/2009\/01\/05\/ingrid-gjoni-feston-26-vjetorin-mbremjen-e-krishtlindjeve\/","title":{"rendered":"Ingrid Gjoni: Feston 26-vjetorin mbr\u00ebmjen e Krishtlindjeve"},"content":{"rendered":"<p><img loading=\"lazy\" class=\"alignleft size-full wp-image-8108\" title=\"ingrid-gjoni\" src=\"http:\/\/www.visit-ulcinj.com\/blog\/wp-content\/uploads\/2009\/01\/ingrid-gjoni.jpg\" alt=\"ingrid-gjoni\" width=\"550\" height=\"348\" \/>N\u00eb dat\u00ebn 24 n\u00eb mbr\u00ebmje, teksa t\u00eb gjith\u00eb besimtar\u00ebt e krishter\u00eb prisnin Krish tlindjen, <span style=\"color: blue;\"><strong>Ingrid Gjoni<\/strong><\/span> ka patur nj\u00eb arsye m\u00eb shum\u00eb p\u00ebr t\u00eb festuar, dit\u00eblindjen e saj t\u00eb 26. Mes shum\u00eb familjar\u00ebve, t\u00eb af\u00ebrmve dhe miqve, k\u00ebng\u00ebtarja ka festuar nj\u00eb nj\u00eb atmosfer\u00eb t\u00eb ngroht\u00eb dhe t\u00eb bukur, mes urimesh dhe dhuratash t\u00eb shumta. Por jo vet\u00ebm kaq, vet\u00ebm pak dit\u00eb m\u00eb par\u00eb ajo ka lan\u00e7uar klipin m\u00eb t\u00eb fundit, nj\u00eb k\u00ebng\u00eb shum\u00eb interesante t\u00eb titulluar \u201cNj\u00ebritjetrit\u201d me kompozim t\u00eb Florjan Mumajesit. Ja se \u00e7\u2019thot\u00eb ajo n\u00eb k\u00ebt\u00eb intervist\u00eb p\u00ebr \u201cBluetooth\u201d<\/p>\n<p><span style=\"font-weight: bold;\">Sapo ke lan\u00e7uar klipin t\u00ebnd m\u00eb t\u00eb fundit. Sa koh\u00eb ke q\u00eb ke punuar me t\u00eb dhe cil\u00ebt jan\u00eb bashk\u00ebpun\u00ebtor\u00ebt?<\/span><br \/>\n<span style=\"font-style: italic;\">Klipi titullohet \u201cNj\u00ebri-tjetri\u201d dhe ka vet\u00ebm pak dit\u00eb q\u00eb \u00ebsht\u00eb lan\u00e7uar n\u00eb stacionin muzikor Supersonic. \u00cbsht\u00eb nj\u00eb kompozim i Florian Mumajesit, me tekst t\u00eb Big Bast\u00ebs dhe regji t\u00eb Aleksandrit. Kam punuar goxha shum\u00eb p\u00ebr t\u00eb. Pas mbarimit t\u00eb k\u00ebng\u00ebs e cila m\u00eb jep s h u m \u00eb frym\u00ebzim, vendosa q\u00eb ta realizoj edhe nj\u00eb klip q\u00eb t\u2019i bashkangjitej. Xhirimet p\u00ebr t\u00eb kan\u00eb zgjatur vet\u00ebm nj\u00eb dit\u00eb por impenjimi im p\u00ebr t\u00eb ka qen\u00eb prej shum\u00eb kohe.<\/span><\/p>\n<p><span style=\"font-weight: bold;\">Ku \u00ebsht\u00eb xhiruar klipi?<\/span><br \/>\n<span style=\"font-style: italic;\">\u00cbsht\u00eb xhiruar n\u00eb kat\u00ebr ambiente t\u00eb ndryshme. Kam patur shum\u00eb personazhe n\u00eb t\u00ebm kat\u00ebr vajza violinistem kat\u00ebr balerina. Nj\u00eb vend t\u00eb r\u00ebnd\u00ebsish\u00ebm n\u00eb t\u00eb ka edhe Inisi duke qen\u00eb se \u00ebsht\u00eb motra ime. Koreografia \u00ebsht\u00eb b\u00ebr\u00eb nga mbesa ime e cila tashm\u00eb \u00ebsht\u00eb rritur dhe \u00ebsht\u00eb b\u00ebr\u00eb balerina ime. Klipi \u00ebsht\u00eb realizuar i gjithi n\u00eb kryeqytet.<\/span><br style=\"font-style: italic;\" \/><br \/>\n<span style=\"font-weight: bold;\">\u201cNj\u00ebri-tjetri\u201d, \u00e7far\u00eb ke dashur t\u00eb thuash me t\u00eb?<\/span><br \/>\n<span style=\"font-style: italic;\">N\u00eb k\u00ebt\u00eb linj\u00eb flet e gjith\u00eb k\u00ebnga, q\u00eb t\u00eb gjith\u00eb meshkujt duken si \u00ebngj\u00ebj n\u00eb fillim por nuk \u00ebsht\u00eb e v\u00ebrtet\u00eb dhe nuk dalin m\u00eb pas si t\u00eb till\u00ebm dhe ti i kthehesh duke i th\u00ebn\u00eb: Nuk jemi m\u00eb p\u00ebr nj\u00ebritjetrin. \u00cbsht\u00eb nj\u00eb k\u00ebng\u00eb q\u00eb m\u00eb p\u00eblqen shum\u00eb dhe sa her\u00eb e d\u00ebgjoj ose k\u00ebndoj, ndihem v\u00ebrtet shum\u00eb mir\u00eb.<\/span><\/p>\n<p><span style=\"font-weight: bold;\">Ke shum\u00eb ndryshime n\u00eb look, madje edhe disa kilogram\u00eb m\u00eb pak. i je n\u00ebnshtruar ndonj\u00eb diete?<\/span><br \/>\n<span style=\"font-style: italic;\">Po, kam dashur ta realizoj nj\u00eb gj\u00eb t\u00eb till\u00eb duke menduar p\u00ebr \u00e7do detaj t\u00eb look-ut tim. Flok\u00ebt me balluke, ngjyra e tyre e ndryshme. Stilistja Rezarta Skifteri ka menduar p\u00ebr rroba-banjot q\u00eb kam veshur. Jam munduar t\u2019i p\u00ebrshtatem gjithmon\u00eb mod\u00ebs dhe koh\u00ebs sesi t\u00eb dal p\u00ebr publikun. Them q\u00eb kam b\u00ebr\u00eb nj\u00eb klip v\u00ebrtet t\u00eb mir\u00eb dhe t\u00eb realizuar. Sa i takon dob\u00ebsimit, kam r\u00ebn\u00eb n\u00eb pesh\u00eb natyrsh\u00ebm, pa asnj\u00eb lloj diete. Ndoshta ka qen\u00eb si rezultat i angazhimeve profesionale, koncertet, provat q\u00eb b\u00ebj \u00e7do dit\u00eb. Kam humbur rreth 5 kg.<\/span><\/p>\n<p><span style=\"font-weight: bold;\">P\u00ebrsa i takon koncerteve, si \u00ebsht\u00eb axhenda jote k\u00ebto koh\u00eb?<\/span><br \/>\n<span style=\"font-style: italic;\">Kam ftesa pafund p\u00ebr koncerte. N\u00eb t\u00eb gjith\u00eb vendet e Shqip\u00ebris\u00eb. Ku jam sot, nuk jam nes\u00ebr. Ftesa pafund edhe jasht\u00eb vendit. Jam shum\u00eb e z\u00ebn\u00eb.<\/span><\/p>\n<p><span style=\"font-weight: bold;\">Ku do t\u00eb t\u00eb gjej\u00eb nata e nd\u00ebrrimit t\u00eb viteve?<\/span><br \/>\n<span style=\"font-style: italic;\">Deri n\u00eb or\u00ebn 00:30 do t\u00eb jem n\u00eb Elbasan n\u00eb nj\u00eb aktivitet t\u00eb madh. m\u00eb pas jam n\u00eb shesh n\u00eb koncertin q\u00eb organizon \u2018Top Channel\u2019 nd\u00ebrsa pak m\u00eb von\u00eb do i p\u00ebrkushtohem familjes time sepse koha nuk m\u00eb premton t\u00eb rri shum\u00eb me ta, jam tep\u00ebr e z\u00ebn\u00eb. Vet\u00ebm n\u00eb drek\u00eb m\u00eb del koha t\u00eb fle pak gjum\u00eb. M\u00eb duket vetja sikur jam me vrap gjith\u00eb dit\u00ebn. Nuk kam koh\u00eb p\u00ebr asgj\u00eb.<\/span><\/p>\n<p><span style=\"font-weight: bold;\">E frekuenton jet\u00ebn e nat\u00ebs?<\/span><br \/>\n<span style=\"font-style: italic;\">Tashm\u00eb thuajse fare. Dal shum\u00eb rral\u00eb dhe n\u00eb vende shum\u00eb t\u00eb zgjedhura me miqt\u00eb e mi m\u00eb t\u00eb mir\u00eb, zakonisht n\u00eb raste festash.<\/span><\/p>\n<p><span style=\"font-weight: bold;\">Nj\u00eb kuriozitet p\u00ebr t\u00eb gjith\u00eb fansat. Ke mbushur 26 vje\u00e7 mbr\u00ebmjen e Krishtlindjeve. Si e kalove at\u00eb?<\/span><br \/>\n<span style=\"font-style: italic;\">Dit\u00eblindjen e kalova me familjen time, motrat e mia dhe me t\u00eb af\u00ebrmit e mi n\u00eb nj\u00eb karaoke n\u00eb kryeqytet. U ndjeva shum\u00eb mir\u00eb sepse edhe k\u00ebndova. Kisha shum\u00eb miq k\u00ebng\u00ebtar\u00eb q\u00eb ndodheshin n\u00eb karaoke rast\u00ebsisht dhe m\u00eb uruan p\u00ebr dit\u00eblindjen. Kemi festuar deri n\u00eb or\u00ebn 4 t\u00eb m\u00ebngjesit.<\/span><\/p>\n<p><span style=\"font-weight: bold;\">Disa nga dhuratat q\u00eb ke marr\u00eb?<\/span><br \/>\n<span style=\"font-style: italic;\">Kam marr\u00eb nj\u00eb byzylyk Zwarovski nga nj\u00eb miku im. Lule pafund nga shoqe dhe shok\u00eb. Inisi m\u00eb ka dhuruar nj\u00eb pal\u00eb k\u00ebpuc\u00eb shum\u00eb t\u00eb bukura. Bizhuteri, parfume.<\/span><\/p>\n<p><span style=\"font-style: italic; font-weight: bold;\">Bluetooth<\/span><\/p>\n<p><span style=\"font-style: italic; font-weight: bold;\"><!--YouTube Error: bad URL entered--><br \/>\n<\/span><\/p>\n","protected":false},"excerpt":{"rendered":"<p>N\u00eb dat\u00ebn 24 n\u00eb mbr\u00ebmje, teksa t\u00eb gjith\u00eb besimtar\u00ebt e krishter\u00eb prisnin Krish tlindjen, Ingrid Gjoni ka patur nj\u00eb arsye m\u00eb shum\u00eb p\u00ebr t\u00eb festuar, dit\u00eblindjen e saj t\u00eb 26. Mes shum\u00eb familjar\u00ebve, t\u00eb af\u00ebrmve dhe miqve, k\u00ebng\u00ebtarja ka festuar nj\u00eb nj\u00eb atmosfer\u00eb t\u00eb ngroht\u00eb dhe t\u00eb bukur, mes urimesh dhe dhuratash t\u00eb shumta. Por [&hellip;]<\/p>\n","protected":false},"author":1,"featured_media":0,"comment_status":"open","ping_status":"closed","sticky":false,"template":"","format":"standard","meta":{"spay_email":"","jetpack_publicize_message":"","jetpack_is_tweetstorm":false,"jetpack_publicize_feature_enabled":true},"categories":[1],"tags":[4966],"jetpack_publicize_connections":[],"yoast_head":"<!-- This site is optimized with the Yoast SEO plugin v19.1 - https:\/\/yoast.com\/wordpress\/plugins\/seo\/ -->\n<title>Ingrid Gjoni: Feston 26-vjetorin mbr\u00ebmjen e Krishtlindjeve - Lajme nga Ulqini<\/title>\n<meta name=\"description\" content=\"N\u00eb dat\u00ebn 24 n\u00eb mbr\u00ebmje, teksa t\u00eb gjith\u00eb besimtar\u00ebt e krishter\u00eb prisnin Krish tlindjen, Ingrid Gjoni ka patur nj\u00eb arsye m\u00eb shum\u00eb p\u00ebr t\u00eb festuar,\" \/>\n<meta name=\"robots\" content=\"index, follow, max-snippet:-1, max-image-preview:large, max-video-preview:-1\" \/>\n<link rel=\"canonical\" href=\"https:\/\/www.visit-ulcinj.com\/blog\/2009\/01\/05\/ingrid-gjoni-feston-26-vjetorin-mbremjen-e-krishtlindjeve\/\" \/>\n<meta property=\"og:locale\" content=\"en_US\" \/>\n<meta property=\"og:type\" content=\"article\" \/>\n<meta property=\"og:title\" content=\"Ingrid Gjoni: Feston 26-vjetorin mbr\u00ebmjen e Krishtlindjeve - Lajme nga Ulqini\" \/>\n<meta property=\"og:description\" content=\"N\u00eb dat\u00ebn 24 n\u00eb mbr\u00ebmje, teksa t\u00eb gjith\u00eb besimtar\u00ebt e krishter\u00eb prisnin Krish tlindjen, Ingrid Gjoni ka patur nj\u00eb arsye m\u00eb shum\u00eb p\u00ebr t\u00eb festuar,\" \/>\n<meta property=\"og:url\" content=\"https:\/\/www.visit-ulcinj.com\/blog\/2009\/01\/05\/ingrid-gjoni-feston-26-vjetorin-mbremjen-e-krishtlindjeve\/\" \/>\n<meta property=\"og:site_name\" content=\"Lajme nga Ulqini\" \/>\n<meta property=\"article:published_time\" content=\"2009-01-05T22:47:31+00:00\" \/>\n<meta property=\"og:image\" content=\"http:\/\/www.visit-ulcinj.com\/blog\/wp-content\/uploads\/2009\/01\/ingrid-gjoni.jpg\" \/>\n<meta name=\"twitter:label1\" content=\"Written by\" \/>\n\t<meta name=\"twitter:data1\" content=\"ulqini\" \/>\n\t<meta name=\"twitter:label2\" content=\"Est. reading time\" \/>\n\t<meta name=\"twitter:data2\" content=\"4 minutes\" \/>\n<script type=\"application\/ld+json\" class=\"yoast-schema-graph\">{\"@context\":\"https:\/\/schema.org\",\"@graph\":[{\"@type\":\"WebSite\",\"@id\":\"https:\/\/www.visit-ulcinj.com\/blog\/#website\",\"url\":\"https:\/\/www.visit-ulcinj.com\/blog\/\",\"name\":\"Lajme nga Ulqini\",\"description\":\"Lajme,Vijesti,Ulqini,Ulqin,Crna Gora,Mali i Zi\",\"potentialAction\":[{\"@type\":\"SearchAction\",\"target\":{\"@type\":\"EntryPoint\",\"urlTemplate\":\"https:\/\/www.visit-ulcinj.com\/blog\/?s={search_term_string}\"},\"query-input\":\"required name=search_term_string\"}],\"inLanguage\":\"en-US\"},{\"@type\":\"ImageObject\",\"inLanguage\":\"en-US\",\"@id\":\"https:\/\/www.visit-ulcinj.com\/blog\/2009\/01\/05\/ingrid-gjoni-feston-26-vjetorin-mbremjen-e-krishtlindjeve\/#primaryimage\",\"url\":\"http:\/\/www.visit-ulcinj.com\/blog\/wp-content\/uploads\/2009\/01\/ingrid-gjoni.jpg\",\"contentUrl\":\"http:\/\/www.visit-ulcinj.com\/blog\/wp-content\/uploads\/2009\/01\/ingrid-gjoni.jpg\"},{\"@type\":\"WebPage\",\"@id\":\"https:\/\/www.visit-ulcinj.com\/blog\/2009\/01\/05\/ingrid-gjoni-feston-26-vjetorin-mbremjen-e-krishtlindjeve\/#webpage\",\"url\":\"https:\/\/www.visit-ulcinj.com\/blog\/2009\/01\/05\/ingrid-gjoni-feston-26-vjetorin-mbremjen-e-krishtlindjeve\/\",\"name\":\"Ingrid Gjoni: Feston 26-vjetorin mbr\u00ebmjen e Krishtlindjeve - Lajme nga Ulqini\",\"isPartOf\":{\"@id\":\"https:\/\/www.visit-ulcinj.com\/blog\/#website\"},\"primaryImageOfPage\":{\"@id\":\"https:\/\/www.visit-ulcinj.com\/blog\/2009\/01\/05\/ingrid-gjoni-feston-26-vjetorin-mbremjen-e-krishtlindjeve\/#primaryimage\"},\"datePublished\":\"2009-01-05T22:47:31+00:00\",\"dateModified\":\"2009-01-05T22:47:31+00:00\",\"author\":{\"@id\":\"https:\/\/www.visit-ulcinj.com\/blog\/#\/schema\/person\/dcab619c614d3038751c63bc2aadc06d\"},\"description\":\"N\u00eb dat\u00ebn 24 n\u00eb mbr\u00ebmje, teksa t\u00eb gjith\u00eb besimtar\u00ebt e krishter\u00eb prisnin Krish tlindjen, Ingrid Gjoni ka patur nj\u00eb arsye m\u00eb shum\u00eb p\u00ebr t\u00eb festuar,\",\"breadcrumb\":{\"@id\":\"https:\/\/www.visit-ulcinj.com\/blog\/2009\/01\/05\/ingrid-gjoni-feston-26-vjetorin-mbremjen-e-krishtlindjeve\/#breadcrumb\"},\"inLanguage\":\"en-US\",\"potentialAction\":[{\"@type\":\"ReadAction\",\"target\":[\"https:\/\/www.visit-ulcinj.com\/blog\/2009\/01\/05\/ingrid-gjoni-feston-26-vjetorin-mbremjen-e-krishtlindjeve\/\"]}]},{\"@type\":\"BreadcrumbList\",\"@id\":\"https:\/\/www.visit-ulcinj.com\/blog\/2009\/01\/05\/ingrid-gjoni-feston-26-vjetorin-mbremjen-e-krishtlindjeve\/#breadcrumb\",\"itemListElement\":[{\"@type\":\"ListItem\",\"position\":1,\"name\":\"Ingrid Gjoni: Feston 26-vjetorin mbr\u00ebmjen e Krishtlindjeve\"}]},{\"@type\":\"Person\",\"@id\":\"https:\/\/www.visit-ulcinj.com\/blog\/#\/schema\/person\/dcab619c614d3038751c63bc2aadc06d\",\"name\":\"ulqini\",\"sameAs\":[\"http:\/\/www.visit-ulcinj.com\"],\"url\":\"https:\/\/www.visit-ulcinj.com\/blog\/author\/admin\/\"}]}<\/script>\n<!-- \/ Yoast SEO plugin. -->","yoast_head_json":{"title":"Ingrid Gjoni: Feston 26-vjetorin mbr\u00ebmjen e Krishtlindjeve - Lajme nga Ulqini","description":"N\u00eb dat\u00ebn 24 n\u00eb mbr\u00ebmje, teksa t\u00eb gjith\u00eb besimtar\u00ebt e krishter\u00eb prisnin Krish tlindjen, Ingrid Gjoni ka patur nj\u00eb arsye m\u00eb shum\u00eb p\u00ebr t\u00eb festuar,","robots":{"index":"index","follow":"follow","max-snippet":"max-snippet:-1","max-image-preview":"max-image-preview:large","max-video-preview":"max-video-preview:-1"},"canonical":"https:\/\/www.visit-ulcinj.com\/blog\/2009\/01\/05\/ingrid-gjoni-feston-26-vjetorin-mbremjen-e-krishtlindjeve\/","og_locale":"en_US","og_type":"article","og_title":"Ingrid Gjoni: Feston 26-vjetorin mbr\u00ebmjen e Krishtlindjeve - Lajme nga Ulqini","og_description":"N\u00eb dat\u00ebn 24 n\u00eb mbr\u00ebmje, teksa t\u00eb gjith\u00eb besimtar\u00ebt e krishter\u00eb prisnin Krish tlindjen, Ingrid Gjoni ka patur nj\u00eb arsye m\u00eb shum\u00eb p\u00ebr t\u00eb festuar,","og_url":"https:\/\/www.visit-ulcinj.com\/blog\/2009\/01\/05\/ingrid-gjoni-feston-26-vjetorin-mbremjen-e-krishtlindjeve\/","og_site_name":"Lajme nga Ulqini","article_published_time":"2009-01-05T22:47:31+00:00","og_image":[{"url":"http:\/\/www.visit-ulcinj.com\/blog\/wp-content\/uploads\/2009\/01\/ingrid-gjoni.jpg"}],"twitter_misc":{"Written by":"ulqini","Est. reading time":"4 minutes"},"schema":{"@context":"https:\/\/schema.org","@graph":[{"@type":"WebSite","@id":"https:\/\/www.visit-ulcinj.com\/blog\/#website","url":"https:\/\/www.visit-ulcinj.com\/blog\/","name":"Lajme nga Ulqini","description":"Lajme,Vijesti,Ulqini,Ulqin,Crna Gora,Mali i Zi","potentialAction":[{"@type":"SearchAction","target":{"@type":"EntryPoint","urlTemplate":"https:\/\/www.visit-ulcinj.com\/blog\/?s={search_term_string}"},"query-input":"required name=search_term_string"}],"inLanguage":"en-US"},{"@type":"ImageObject","inLanguage":"en-US","@id":"https:\/\/www.visit-ulcinj.com\/blog\/2009\/01\/05\/ingrid-gjoni-feston-26-vjetorin-mbremjen-e-krishtlindjeve\/#primaryimage","url":"http:\/\/www.visit-ulcinj.com\/blog\/wp-content\/uploads\/2009\/01\/ingrid-gjoni.jpg","contentUrl":"http:\/\/www.visit-ulcinj.com\/blog\/wp-content\/uploads\/2009\/01\/ingrid-gjoni.jpg"},{"@type":"WebPage","@id":"https:\/\/www.visit-ulcinj.com\/blog\/2009\/01\/05\/ingrid-gjoni-feston-26-vjetorin-mbremjen-e-krishtlindjeve\/#webpage","url":"https:\/\/www.visit-ulcinj.com\/blog\/2009\/01\/05\/ingrid-gjoni-feston-26-vjetorin-mbremjen-e-krishtlindjeve\/","name":"Ingrid Gjoni: Feston 26-vjetorin mbr\u00ebmjen e Krishtlindjeve - Lajme nga Ulqini","isPartOf":{"@id":"https:\/\/www.visit-ulcinj.com\/blog\/#website"},"primaryImageOfPage":{"@id":"https:\/\/www.visit-ulcinj.com\/blog\/2009\/01\/05\/ingrid-gjoni-feston-26-vjetorin-mbremjen-e-krishtlindjeve\/#primaryimage"},"datePublished":"2009-01-05T22:47:31+00:00","dateModified":"2009-01-05T22:47:31+00:00","author":{"@id":"https:\/\/www.visit-ulcinj.com\/blog\/#\/schema\/person\/dcab619c614d3038751c63bc2aadc06d"},"description":"N\u00eb dat\u00ebn 24 n\u00eb mbr\u00ebmje, teksa t\u00eb gjith\u00eb besimtar\u00ebt e krishter\u00eb prisnin Krish tlindjen, Ingrid Gjoni ka patur nj\u00eb arsye m\u00eb shum\u00eb p\u00ebr t\u00eb festuar,","breadcrumb":{"@id":"https:\/\/www.visit-ulcinj.com\/blog\/2009\/01\/05\/ingrid-gjoni-feston-26-vjetorin-mbremjen-e-krishtlindjeve\/#breadcrumb"},"inLanguage":"en-US","potentialAction":[{"@type":"ReadAction","target":["https:\/\/www.visit-ulcinj.com\/blog\/2009\/01\/05\/ingrid-gjoni-feston-26-vjetorin-mbremjen-e-krishtlindjeve\/"]}]},{"@type":"BreadcrumbList","@id":"https:\/\/www.visit-ulcinj.com\/blog\/2009\/01\/05\/ingrid-gjoni-feston-26-vjetorin-mbremjen-e-krishtlindjeve\/#breadcrumb","itemListElement":[{"@type":"ListItem","position":1,"name":"Ingrid Gjoni: Feston 26-vjetorin mbr\u00ebmjen e Krishtlindjeve"}]},{"@type":"Person","@id":"https:\/\/www.visit-ulcinj.com\/blog\/#\/schema\/person\/dcab619c614d3038751c63bc2aadc06d","name":"ulqini","sameAs":["http:\/\/www.visit-ulcinj.com"],"url":"https:\/\/www.visit-ulcinj.com\/blog\/author\/admin\/"}]}},"jetpack_featured_media_url":"","jetpack_sharing_enabled":true,"jetpack_shortlink":"https:\/\/wp.me\/pe6lTn-26L","_links":{"self":[{"href":"https:\/\/www.visit-ulcinj.com\/blog\/wp-json\/wp\/v2\/posts\/8107"}],"collection":[{"href":"https:\/\/www.visit-ulcinj.com\/blog\/wp-json\/wp\/v2\/posts"}],"about":[{"href":"https:\/\/www.visit-ulcinj.com\/blog\/wp-json\/wp\/v2\/types\/post"}],"author":[{"embeddable":true,"href":"https:\/\/www.visit-ulcinj.com\/blog\/wp-json\/wp\/v2\/users\/1"}],"replies":[{"embeddable":true,"href":"https:\/\/www.visit-ulcinj.com\/blog\/wp-json\/wp\/v2\/comments?post=8107"}],"version-history":[{"count":0,"href":"https:\/\/www.visit-ulcinj.com\/blog\/wp-json\/wp\/v2\/posts\/8107\/revisions"}],"wp:attachment":[{"href":"https:\/\/www.visit-ulcinj.com\/blog\/wp-json\/wp\/v2\/media?parent=8107"}],"wp:term":[{"taxonomy":"category","embeddable":true,"href":"https:\/\/www.visit-ulcinj.com\/blog\/wp-json\/wp\/v2\/categories?post=8107"},{"taxonomy":"post_tag","embeddable":true,"href":"https:\/\/www.visit-ulcinj.com\/blog\/wp-json\/wp\/v2\/tags?post=8107"}],"curies":[{"name":"wp","href":"https:\/\/api.w.org\/{rel}","templated":true}]}}