{"id":81071,"date":"2014-03-27T18:29:38","date_gmt":"2014-03-27T17:29:38","guid":{"rendered":"http:\/\/www.visit-ulcinj.com\/blog\/?p=81071"},"modified":"2014-03-31T22:04:04","modified_gmt":"2014-03-31T21:04:04","slug":"sinishtaj-thret-te-bojkotohen-zgjedhjet-per-ku-te-tuzit","status":"publish","type":"post","link":"https:\/\/www.visit-ulcinj.com\/blog\/2014\/03\/27\/sinishtaj-thret-te-bojkotohen-zgjedhjet-per-ku-te-tuzit\/","title":{"rendered":"Sinishtaj thret t\u00eb bojkotohen zgjedhjet p\u00ebr Ku t\u00eb Tuzit &#8211; Video"},"content":{"rendered":"<p><a href=\"http:\/\/www.visit-ulcinj.com\/blog\/wp-content\/uploads\/2012\/02\/VASEL-SINISHTAJ.jpg\"><img loading=\"lazy\" class=\"alignleft  wp-image-57596\" alt=\"VASEL SINISHTAJ\" src=\"http:\/\/www.visit-ulcinj.com\/blog\/wp-content\/uploads\/2012\/02\/VASEL-SINISHTAJ.jpg\" width=\"508\" height=\"360\" \/><\/a>Kryetari i Iniciativ\u00ebs Qytetare Vasel Sinishtaj p\u00ebr gazet\u00ebn e Podgoric\u00ebs \u201cDnevne Novine\u201d deklaroi se ai shpresonte se Presidenti i Malit t\u00eb Zi do ti shpallte zgjedhjet p\u00ebr komun\u00ebn e re t\u00eb Tuzit, por pasi q\u00eb kjo nuk ka ndodh\u00eb, at\u00ebher\u00eb nuk ka zgjidhje tjet\u00ebr, vet\u00ebm t\u00eb bojkotojn\u00eb zgjedhjet p\u00ebr kuvendin e Komun\u00ebs Urbane t\u00eb Tuzit. Sinishtaj deklaroi se n\u00ebse partit\u00eb e tjera shqiptare do dakordohen p\u00ebr k\u00ebt\u00eb propozim, as ato nuk do t\u00eb legjitimojn\u00eb Komun\u00ebn Urbane. \u201cMendimi im personal \u00ebsht\u00eb q\u00eb t\u00eb bojkotojm\u00eb zgjedhjet n\u00eb komun\u00ebn e qytetit.<\/p>\n<p>Partia do t\u00eb marr\u00eb vendim, por un\u00eb nuk do t\u00eb jem n\u00eb list\u00eb p\u00ebr Komun\u00ebn Urbane. Nuk e di se \u00e7far\u00eb do t\u00eb thon\u00eb votuesit, \u00e7far\u00eb do t\u00eb thon\u00eb njer\u00ebzit q\u00eb jan\u00eb rreth meje dhe q\u00eb kaq shum\u00eb koh\u00eb m\u00eb japin mb\u00ebshtetje, por un\u00eb personalisht kam k\u00ebt\u00eb q\u00ebndrim t\u00eb till\u00eb q\u00eb nuk do t\u00eb legjitimoi KU. Ka qen\u00eb mjaft koh\u00eb dhe kjo bised\u00eb rreth komun\u00ebs zgjat tash 30 vite, aty jan\u00eb premtime, por asgj\u00eb nga k\u00ebto, \u201ctheksoi Sinishtaj. Por, kur \u00ebsht\u00eb pyetja p\u00ebr zgjedhjet p\u00ebr Kuvendin e Kryeqytetit, sipas fjal\u00ebve t\u00eb tij, \u00ebsht\u00eb bised\u00eb krejt\u00ebsisht tjet\u00ebr. Lista unike shqiptare, si\u00e7 ka th\u00ebn\u00eb ai, duhet t\u00eb p\u00ebrfitojn\u00eb nga aksioni afirmativ dhe t\u00eb fitojn\u00eb nj\u00eb vend t\u00eb k\u00ebshilltarit n\u00eb parlamentin e Podgoric\u00ebs.<\/p>\n<p><strong>TVCG<\/strong><\/p>\n<!--YouTube Error: bad URL entered-->\n","protected":false},"excerpt":{"rendered":"<p>Kryetari i Iniciativ\u00ebs Qytetare Vasel Sinishtaj p\u00ebr gazet\u00ebn e Podgoric\u00ebs \u201cDnevne Novine\u201d deklaroi se ai shpresonte se Presidenti i Malit t\u00eb Zi do ti shpallte zgjedhjet p\u00ebr komun\u00ebn e re t\u00eb Tuzit, por pasi q\u00eb kjo nuk ka ndodh\u00eb, at\u00ebher\u00eb nuk ka zgjidhje tjet\u00ebr, vet\u00ebm t\u00eb bojkotojn\u00eb zgjedhjet p\u00ebr kuvendin e Komun\u00ebs Urbane t\u00eb Tuzit. [&hellip;]<\/p>\n","protected":false},"author":1,"featured_media":0,"comment_status":"closed","ping_status":"closed","sticky":false,"template":"","format":"standard","meta":{"spay_email":"","jetpack_publicize_message":"","jetpack_is_tweetstorm":false,"jetpack_publicize_feature_enabled":true},"categories":[6],"tags":[],"jetpack_publicize_connections":[],"yoast_head":"<!-- This site is optimized with the Yoast SEO plugin v19.1 - https:\/\/yoast.com\/wordpress\/plugins\/seo\/ -->\n<title>Sinishtaj thret t\u00eb bojkotohen zgjedhjet p\u00ebr Ku t\u00eb Tuzit - Video - Lajme nga Ulqini<\/title>\n<meta name=\"description\" content=\"Kryetari i Iniciativ\u00ebs Qytetare Vasel Sinishtaj p\u00ebr gazet\u00ebn e Podgoric\u00ebs \u201cDnevne Novine\u201d deklaroi se ai shpresonte se Presidenti i Malit t\u00eb Zi do ti\" \/>\n<meta name=\"robots\" content=\"index, follow, max-snippet:-1, max-image-preview:large, max-video-preview:-1\" \/>\n<link rel=\"canonical\" href=\"https:\/\/www.visit-ulcinj.com\/blog\/2014\/03\/27\/sinishtaj-thret-te-bojkotohen-zgjedhjet-per-ku-te-tuzit\/\" \/>\n<meta property=\"og:locale\" content=\"en_US\" \/>\n<meta property=\"og:type\" content=\"article\" \/>\n<meta property=\"og:title\" content=\"Sinishtaj thret t\u00eb bojkotohen zgjedhjet p\u00ebr Ku t\u00eb Tuzit - Video - Lajme nga Ulqini\" \/>\n<meta property=\"og:description\" content=\"Kryetari i Iniciativ\u00ebs Qytetare Vasel Sinishtaj p\u00ebr gazet\u00ebn e Podgoric\u00ebs \u201cDnevne Novine\u201d deklaroi se ai shpresonte se Presidenti i Malit t\u00eb Zi do ti\" \/>\n<meta property=\"og:url\" content=\"https:\/\/www.visit-ulcinj.com\/blog\/2014\/03\/27\/sinishtaj-thret-te-bojkotohen-zgjedhjet-per-ku-te-tuzit\/\" \/>\n<meta property=\"og:site_name\" content=\"Lajme nga Ulqini\" \/>\n<meta property=\"article:published_time\" content=\"2014-03-27T17:29:38+00:00\" \/>\n<meta property=\"article:modified_time\" content=\"2014-03-31T21:04:04+00:00\" \/>\n<meta property=\"og:image\" content=\"http:\/\/www.visit-ulcinj.com\/blog\/wp-content\/uploads\/2012\/02\/VASEL-SINISHTAJ.jpg\" \/>\n<meta name=\"twitter:label1\" content=\"Written by\" \/>\n\t<meta name=\"twitter:data1\" content=\"ulqini\" \/>\n\t<meta name=\"twitter:label2\" content=\"Est. reading time\" \/>\n\t<meta name=\"twitter:data2\" content=\"1 minute\" \/>\n<script type=\"application\/ld+json\" class=\"yoast-schema-graph\">{\"@context\":\"https:\/\/schema.org\",\"@graph\":[{\"@type\":\"WebSite\",\"@id\":\"https:\/\/www.visit-ulcinj.com\/blog\/#website\",\"url\":\"https:\/\/www.visit-ulcinj.com\/blog\/\",\"name\":\"Lajme nga Ulqini\",\"description\":\"Lajme,Vijesti,Ulqini,Ulqin,Crna Gora,Mali i Zi\",\"potentialAction\":[{\"@type\":\"SearchAction\",\"target\":{\"@type\":\"EntryPoint\",\"urlTemplate\":\"https:\/\/www.visit-ulcinj.com\/blog\/?s={search_term_string}\"},\"query-input\":\"required name=search_term_string\"}],\"inLanguage\":\"en-US\"},{\"@type\":\"ImageObject\",\"inLanguage\":\"en-US\",\"@id\":\"https:\/\/www.visit-ulcinj.com\/blog\/2014\/03\/27\/sinishtaj-thret-te-bojkotohen-zgjedhjet-per-ku-te-tuzit\/#primaryimage\",\"url\":\"https:\/\/www.visit-ulcinj.com\/blog\/wp-content\/uploads\/2012\/02\/VASEL-SINISHTAJ.jpg\",\"contentUrl\":\"https:\/\/www.visit-ulcinj.com\/blog\/wp-content\/uploads\/2012\/02\/VASEL-SINISHTAJ.jpg\",\"width\":\"1051\",\"height\":\"924\"},{\"@type\":\"WebPage\",\"@id\":\"https:\/\/www.visit-ulcinj.com\/blog\/2014\/03\/27\/sinishtaj-thret-te-bojkotohen-zgjedhjet-per-ku-te-tuzit\/#webpage\",\"url\":\"https:\/\/www.visit-ulcinj.com\/blog\/2014\/03\/27\/sinishtaj-thret-te-bojkotohen-zgjedhjet-per-ku-te-tuzit\/\",\"name\":\"Sinishtaj thret t\u00eb bojkotohen zgjedhjet p\u00ebr Ku t\u00eb Tuzit - Video - Lajme nga Ulqini\",\"isPartOf\":{\"@id\":\"https:\/\/www.visit-ulcinj.com\/blog\/#website\"},\"primaryImageOfPage\":{\"@id\":\"https:\/\/www.visit-ulcinj.com\/blog\/2014\/03\/27\/sinishtaj-thret-te-bojkotohen-zgjedhjet-per-ku-te-tuzit\/#primaryimage\"},\"datePublished\":\"2014-03-27T17:29:38+00:00\",\"dateModified\":\"2014-03-31T21:04:04+00:00\",\"author\":{\"@id\":\"https:\/\/www.visit-ulcinj.com\/blog\/#\/schema\/person\/dcab619c614d3038751c63bc2aadc06d\"},\"description\":\"Kryetari i Iniciativ\u00ebs Qytetare Vasel Sinishtaj p\u00ebr gazet\u00ebn e Podgoric\u00ebs \u201cDnevne Novine\u201d deklaroi se ai shpresonte se Presidenti i Malit t\u00eb Zi do ti\",\"breadcrumb\":{\"@id\":\"https:\/\/www.visit-ulcinj.com\/blog\/2014\/03\/27\/sinishtaj-thret-te-bojkotohen-zgjedhjet-per-ku-te-tuzit\/#breadcrumb\"},\"inLanguage\":\"en-US\",\"potentialAction\":[{\"@type\":\"ReadAction\",\"target\":[\"https:\/\/www.visit-ulcinj.com\/blog\/2014\/03\/27\/sinishtaj-thret-te-bojkotohen-zgjedhjet-per-ku-te-tuzit\/\"]}]},{\"@type\":\"BreadcrumbList\",\"@id\":\"https:\/\/www.visit-ulcinj.com\/blog\/2014\/03\/27\/sinishtaj-thret-te-bojkotohen-zgjedhjet-per-ku-te-tuzit\/#breadcrumb\",\"itemListElement\":[{\"@type\":\"ListItem\",\"position\":1,\"name\":\"Sinishtaj thret t\u00eb bojkotohen zgjedhjet p\u00ebr Ku t\u00eb Tuzit &#8211; Video\"}]},{\"@type\":\"Person\",\"@id\":\"https:\/\/www.visit-ulcinj.com\/blog\/#\/schema\/person\/dcab619c614d3038751c63bc2aadc06d\",\"name\":\"ulqini\",\"sameAs\":[\"http:\/\/www.visit-ulcinj.com\"],\"url\":\"https:\/\/www.visit-ulcinj.com\/blog\/author\/admin\/\"}]}<\/script>\n<!-- \/ Yoast SEO plugin. -->","yoast_head_json":{"title":"Sinishtaj thret t\u00eb bojkotohen zgjedhjet p\u00ebr Ku t\u00eb Tuzit - Video - Lajme nga Ulqini","description":"Kryetari i Iniciativ\u00ebs Qytetare Vasel Sinishtaj p\u00ebr gazet\u00ebn e Podgoric\u00ebs \u201cDnevne Novine\u201d deklaroi se ai shpresonte se Presidenti i Malit t\u00eb Zi do ti","robots":{"index":"index","follow":"follow","max-snippet":"max-snippet:-1","max-image-preview":"max-image-preview:large","max-video-preview":"max-video-preview:-1"},"canonical":"https:\/\/www.visit-ulcinj.com\/blog\/2014\/03\/27\/sinishtaj-thret-te-bojkotohen-zgjedhjet-per-ku-te-tuzit\/","og_locale":"en_US","og_type":"article","og_title":"Sinishtaj thret t\u00eb bojkotohen zgjedhjet p\u00ebr Ku t\u00eb Tuzit - Video - Lajme nga Ulqini","og_description":"Kryetari i Iniciativ\u00ebs Qytetare Vasel Sinishtaj p\u00ebr gazet\u00ebn e Podgoric\u00ebs \u201cDnevne Novine\u201d deklaroi se ai shpresonte se Presidenti i Malit t\u00eb Zi do ti","og_url":"https:\/\/www.visit-ulcinj.com\/blog\/2014\/03\/27\/sinishtaj-thret-te-bojkotohen-zgjedhjet-per-ku-te-tuzit\/","og_site_name":"Lajme nga Ulqini","article_published_time":"2014-03-27T17:29:38+00:00","article_modified_time":"2014-03-31T21:04:04+00:00","og_image":[{"url":"http:\/\/www.visit-ulcinj.com\/blog\/wp-content\/uploads\/2012\/02\/VASEL-SINISHTAJ.jpg"}],"twitter_misc":{"Written by":"ulqini","Est. reading time":"1 minute"},"schema":{"@context":"https:\/\/schema.org","@graph":[{"@type":"WebSite","@id":"https:\/\/www.visit-ulcinj.com\/blog\/#website","url":"https:\/\/www.visit-ulcinj.com\/blog\/","name":"Lajme nga Ulqini","description":"Lajme,Vijesti,Ulqini,Ulqin,Crna Gora,Mali i Zi","potentialAction":[{"@type":"SearchAction","target":{"@type":"EntryPoint","urlTemplate":"https:\/\/www.visit-ulcinj.com\/blog\/?s={search_term_string}"},"query-input":"required name=search_term_string"}],"inLanguage":"en-US"},{"@type":"ImageObject","inLanguage":"en-US","@id":"https:\/\/www.visit-ulcinj.com\/blog\/2014\/03\/27\/sinishtaj-thret-te-bojkotohen-zgjedhjet-per-ku-te-tuzit\/#primaryimage","url":"https:\/\/www.visit-ulcinj.com\/blog\/wp-content\/uploads\/2012\/02\/VASEL-SINISHTAJ.jpg","contentUrl":"https:\/\/www.visit-ulcinj.com\/blog\/wp-content\/uploads\/2012\/02\/VASEL-SINISHTAJ.jpg","width":"1051","height":"924"},{"@type":"WebPage","@id":"https:\/\/www.visit-ulcinj.com\/blog\/2014\/03\/27\/sinishtaj-thret-te-bojkotohen-zgjedhjet-per-ku-te-tuzit\/#webpage","url":"https:\/\/www.visit-ulcinj.com\/blog\/2014\/03\/27\/sinishtaj-thret-te-bojkotohen-zgjedhjet-per-ku-te-tuzit\/","name":"Sinishtaj thret t\u00eb bojkotohen zgjedhjet p\u00ebr Ku t\u00eb Tuzit - Video - Lajme nga Ulqini","isPartOf":{"@id":"https:\/\/www.visit-ulcinj.com\/blog\/#website"},"primaryImageOfPage":{"@id":"https:\/\/www.visit-ulcinj.com\/blog\/2014\/03\/27\/sinishtaj-thret-te-bojkotohen-zgjedhjet-per-ku-te-tuzit\/#primaryimage"},"datePublished":"2014-03-27T17:29:38+00:00","dateModified":"2014-03-31T21:04:04+00:00","author":{"@id":"https:\/\/www.visit-ulcinj.com\/blog\/#\/schema\/person\/dcab619c614d3038751c63bc2aadc06d"},"description":"Kryetari i Iniciativ\u00ebs Qytetare Vasel Sinishtaj p\u00ebr gazet\u00ebn e Podgoric\u00ebs \u201cDnevne Novine\u201d deklaroi se ai shpresonte se Presidenti i Malit t\u00eb Zi do ti","breadcrumb":{"@id":"https:\/\/www.visit-ulcinj.com\/blog\/2014\/03\/27\/sinishtaj-thret-te-bojkotohen-zgjedhjet-per-ku-te-tuzit\/#breadcrumb"},"inLanguage":"en-US","potentialAction":[{"@type":"ReadAction","target":["https:\/\/www.visit-ulcinj.com\/blog\/2014\/03\/27\/sinishtaj-thret-te-bojkotohen-zgjedhjet-per-ku-te-tuzit\/"]}]},{"@type":"BreadcrumbList","@id":"https:\/\/www.visit-ulcinj.com\/blog\/2014\/03\/27\/sinishtaj-thret-te-bojkotohen-zgjedhjet-per-ku-te-tuzit\/#breadcrumb","itemListElement":[{"@type":"ListItem","position":1,"name":"Sinishtaj thret t\u00eb bojkotohen zgjedhjet p\u00ebr Ku t\u00eb Tuzit &#8211; Video"}]},{"@type":"Person","@id":"https:\/\/www.visit-ulcinj.com\/blog\/#\/schema\/person\/dcab619c614d3038751c63bc2aadc06d","name":"ulqini","sameAs":["http:\/\/www.visit-ulcinj.com"],"url":"https:\/\/www.visit-ulcinj.com\/blog\/author\/admin\/"}]}},"jetpack_featured_media_url":"","jetpack_sharing_enabled":true,"jetpack_shortlink":"https:\/\/wp.me\/pe6lTn-l5B","_links":{"self":[{"href":"https:\/\/www.visit-ulcinj.com\/blog\/wp-json\/wp\/v2\/posts\/81071"}],"collection":[{"href":"https:\/\/www.visit-ulcinj.com\/blog\/wp-json\/wp\/v2\/posts"}],"about":[{"href":"https:\/\/www.visit-ulcinj.com\/blog\/wp-json\/wp\/v2\/types\/post"}],"author":[{"embeddable":true,"href":"https:\/\/www.visit-ulcinj.com\/blog\/wp-json\/wp\/v2\/users\/1"}],"replies":[{"embeddable":true,"href":"https:\/\/www.visit-ulcinj.com\/blog\/wp-json\/wp\/v2\/comments?post=81071"}],"version-history":[{"count":2,"href":"https:\/\/www.visit-ulcinj.com\/blog\/wp-json\/wp\/v2\/posts\/81071\/revisions"}],"predecessor-version":[{"id":81142,"href":"https:\/\/www.visit-ulcinj.com\/blog\/wp-json\/wp\/v2\/posts\/81071\/revisions\/81142"}],"wp:attachment":[{"href":"https:\/\/www.visit-ulcinj.com\/blog\/wp-json\/wp\/v2\/media?parent=81071"}],"wp:term":[{"taxonomy":"category","embeddable":true,"href":"https:\/\/www.visit-ulcinj.com\/blog\/wp-json\/wp\/v2\/categories?post=81071"},{"taxonomy":"post_tag","embeddable":true,"href":"https:\/\/www.visit-ulcinj.com\/blog\/wp-json\/wp\/v2\/tags?post=81071"}],"curies":[{"name":"wp","href":"https:\/\/api.w.org\/{rel}","templated":true}]}}