{"id":81075,"date":"2014-03-28T08:50:58","date_gmt":"2014-03-28T07:50:58","guid":{"rendered":"http:\/\/www.visit-ulcinj.com\/blog\/?p=81075"},"modified":"2014-03-28T08:50:58","modified_gmt":"2014-03-28T07:50:58","slug":"dragica-zoric-optuzila-je-direktoricu-skole-za-mobing","status":"publish","type":"post","link":"https:\/\/www.visit-ulcinj.com\/blog\/2014\/03\/28\/dragica-zoric-optuzila-je-direktoricu-skole-za-mobing\/","title":{"rendered":"Dragica Zori\u0107 optu\u017eila je direktoricu \u0161kole za mobing"},"content":{"rendered":"<p><a href=\"http:\/\/www.visit-ulcinj.com\/blog\/wp-content\/uploads\/2014\/03\/Dragica-Zoric-ulcinj.jpg\"><img loading=\"lazy\" class=\"alignleft  wp-image-81076\" alt=\"Dragica Zoric ulcinj\" src=\"http:\/\/www.visit-ulcinj.com\/blog\/wp-content\/uploads\/2014\/03\/Dragica-Zoric-ulcinj.jpg\" width=\"508\" height=\"360\" \/><\/a>Roditelji tvrde da su pismo ministru napisali samoinicijativno, sa \u017eeljom da za\u0161tite u\u010diteljicu \u0106etkovi\u0107<\/p>\n<div id=\"article_text\">\n<p>U\u010diteljica O\u0160 \u201cBo\u0161ko Strugar\u201d u Ulcinju Dragica Zori\u0107 optu\u017eila je direktoricu \u0161kole Mirjanu Mijovi\u0107 za mobing koji, kako tvrdi, traje godinama. \u201cVijesti\u201d su ju\u010de dobile mejl u kome stoji da je Zori\u0107ka pod pritiskom Mijovi\u0107ke i roditelja u\u010denika odjeljenja III- 1 da napusti \u0161kolu ili da se penzioni\u0161e.<\/p>\n<p>\u201cMobing postoji ve\u0107 du\u017ee isklju\u010divo zbog moje procrnogorske orijentacije. Najnoviji pritisak direktorke samo je jedan u nizu zbog \u010dega smo i na sudu\u201d kazala je Zori\u0107 \u201cVijestima\u201d. Mijovi\u0107ka nije htjela da komentari\u0161e optu\u017ebe.<\/p>\n<p>Roditelji u\u010denika odjeljenja III-1 obratili su se nedavno ministru prosvjete Slavoljubu Stijepovi\u0107u da rije\u0161i problem u O\u0160 \u201cBo\u0161ko Strugar\u201d gdje je radno mjesto izgubila u\u010diteljica Olivera \u0106etkovi\u0107, a odjeljenje preuzela Zori\u0107, \u201cu\u010diteljica koja ima sve uslove za penziju\u201c.<\/p>\n<p><a href=\"http:\/\/www.visit-ulcinj.com\/blog\/wp-content\/uploads\/2014\/03\/Dragica-Zoric-ulcinj-1.jpg\"><img loading=\"lazy\" class=\"alignleft  wp-image-81077\" alt=\"Dragica Zoric ulcinj-1\" src=\"http:\/\/www.visit-ulcinj.com\/blog\/wp-content\/uploads\/2014\/03\/Dragica-Zoric-ulcinj-1.jpg\" width=\"508\" height=\"360\" \/><\/a><\/p>\n<p>\u201cPred u\u010diteljicom \u0106etkovi\u0107 je izbor izme\u0111u dvije mogu\u0107nosti- da momentalno pre\u0111e u O\u0160 &#8216;Mar\u0161al Tito&#8217; ili da u junu napusti \u0161kolu kao tehnolo\u0161ki vi\u0161ak i &#8216;pozdravi se&#8217; sa svojih preko 20 godina radnog sta\u017ea. Na drugoj strani, imamo u\u010diteljicu Dragicu Zori\u0107 koja ima uslov za penziju, ali ne planira da se penzioni\u0161e, a voljna je da preuzme razred III 1\u201d, napisali su roditelji Stijepovi\u0107u. Oni insistiraju da \u0106etkovi\u0107 ostane u \u0161koli i izvede odjeljenje \u201ekao radnik \u010dija je odgovornost i marljivost odavno prepoznata\u201c.<\/p>\n<p>Zori\u0107 smatra da Mijovi\u0107 i preko roditelja sprovodi mobing nad njom. \u201cU prvoj verziji pisma, koje nije poslato ministru, Dragica Zori\u0107 je vrije\u0111ana i predstavljena kao neko ko ne umije da radi svoj posao i ko ru\u017ei svoju profesiju. Ukaljan mi je ugled i pogor\u0161ano zdravstveno stanje\u201d, ka\u017ee ona.<\/p>\n<p>Predstavnici roditelja tvrde da su pismo ministru napisali samoinicijativno, sa \u017eeljom da za\u0161tite u\u010diteljicu \u0106etkovi\u0107 koju veoma cijene, dok sa Zori\u0107kom i nemaju kontakt.<\/p>\n<p><a href=\"http:\/\/www.visit-ulcinj.com\/blog\/wp-content\/uploads\/2014\/03\/Dragica-Zoric-ulcinj-2.jpg\"><img loading=\"lazy\" class=\"alignleft  wp-image-81078\" alt=\"Dragica Zoric ulcinj-2\" src=\"http:\/\/www.visit-ulcinj.com\/blog\/wp-content\/uploads\/2014\/03\/Dragica-Zoric-ulcinj-2.jpg\" width=\"508\" height=\"360\" \/><\/a><\/p>\n<p>\u201cNjeno ime je pomenuto u kontekstu pri\u010de da postoji u\u010ditelj koji ima uslove za penziju, \u0161to nije zvani\u010dan podatak. Zori\u0107 je o\u010digledno ovu akciju roditelja shvatila kao uperenu protiv nje, a u na\u0161u aktivnost poku\u0161ava da uklju\u010di i direktorku \u0161kole iz ne znamo kojih motiva\u201d, rekla je Ana \u017divanovi\u0107.<\/p>\n<p>Ona ka\u017ee da je Zori\u0107ka neovla\u0161\u0107eno do\u0161la u posjed dokumenata i preko nekog ih lansirala u javnost: \u201cVrlo je va\u017eno znati da je prva verzija bila radna i isklju\u010divo informativnog karaktera na osnovu koje smo sastavili zvani\u010dnu, potpisali je i poslali ministru\u201d.<\/p>\n<p><strong>Samir Adrovi\u0107<\/strong><\/p>\n<p><strong>Izvor: Vijesti Online<\/strong><\/p>\n<\/div>\n","protected":false},"excerpt":{"rendered":"<p>Roditelji tvrde da su pismo ministru napisali samoinicijativno, sa \u017eeljom da za\u0161tite u\u010diteljicu \u0106etkovi\u0107 U\u010diteljica O\u0160 \u201cBo\u0161ko Strugar\u201d u Ulcinju Dragica Zori\u0107 optu\u017eila je direktoricu \u0161kole Mirjanu Mijovi\u0107 za mobing koji, kako tvrdi, traje godinama. \u201cVijesti\u201d su ju\u010de dobile mejl u kome stoji da je Zori\u0107ka pod pritiskom Mijovi\u0107ke i roditelja u\u010denika odjeljenja III- 1 [&hellip;]<\/p>\n","protected":false},"author":1,"featured_media":0,"comment_status":"closed","ping_status":"closed","sticky":false,"template":"","format":"standard","meta":{"spay_email":"","jetpack_publicize_message":"","jetpack_is_tweetstorm":false,"jetpack_publicize_feature_enabled":true},"categories":[8337],"tags":[],"jetpack_publicize_connections":[],"yoast_head":"<!-- This site is optimized with the Yoast SEO plugin v19.1 - https:\/\/yoast.com\/wordpress\/plugins\/seo\/ -->\n<title>Dragica Zori\u0107 optu\u017eila je direktoricu \u0161kole za mobing - Lajme nga Ulqini<\/title>\n<meta name=\"description\" content=\"Roditelji tvrde da su pismo ministru napisali samoinicijativno, sa \u017eeljom da za\u0161tite u\u010diteljicu \u0106etkovi\u0107 U\u010diteljica O\u0160 \u201cBo\u0161ko Strugar\u201d u Ulcinju Dragica\" \/>\n<meta name=\"robots\" content=\"index, follow, max-snippet:-1, max-image-preview:large, max-video-preview:-1\" \/>\n<link rel=\"canonical\" href=\"https:\/\/www.visit-ulcinj.com\/blog\/2014\/03\/28\/dragica-zoric-optuzila-je-direktoricu-skole-za-mobing\/\" \/>\n<meta property=\"og:locale\" content=\"en_US\" \/>\n<meta property=\"og:type\" content=\"article\" \/>\n<meta property=\"og:title\" content=\"Dragica Zori\u0107 optu\u017eila je direktoricu \u0161kole za mobing - Lajme nga Ulqini\" \/>\n<meta property=\"og:description\" content=\"Roditelji tvrde da su pismo ministru napisali samoinicijativno, sa \u017eeljom da za\u0161tite u\u010diteljicu \u0106etkovi\u0107 U\u010diteljica O\u0160 \u201cBo\u0161ko Strugar\u201d u Ulcinju Dragica\" \/>\n<meta property=\"og:url\" content=\"https:\/\/www.visit-ulcinj.com\/blog\/2014\/03\/28\/dragica-zoric-optuzila-je-direktoricu-skole-za-mobing\/\" \/>\n<meta property=\"og:site_name\" content=\"Lajme nga Ulqini\" \/>\n<meta property=\"article:published_time\" content=\"2014-03-28T07:50:58+00:00\" \/>\n<meta property=\"og:image\" content=\"http:\/\/www.visit-ulcinj.com\/blog\/wp-content\/uploads\/2014\/03\/Dragica-Zoric-ulcinj.jpg\" \/>\n<meta name=\"twitter:label1\" content=\"Written by\" \/>\n\t<meta name=\"twitter:data1\" content=\"ulqini\" \/>\n\t<meta name=\"twitter:label2\" content=\"Est. reading time\" \/>\n\t<meta name=\"twitter:data2\" content=\"2 minutes\" \/>\n<script type=\"application\/ld+json\" class=\"yoast-schema-graph\">{\"@context\":\"https:\/\/schema.org\",\"@graph\":[{\"@type\":\"WebSite\",\"@id\":\"https:\/\/www.visit-ulcinj.com\/blog\/#website\",\"url\":\"https:\/\/www.visit-ulcinj.com\/blog\/\",\"name\":\"Lajme nga Ulqini\",\"description\":\"Lajme,Vijesti,Ulqini,Ulqin,Crna Gora,Mali i Zi\",\"potentialAction\":[{\"@type\":\"SearchAction\",\"target\":{\"@type\":\"EntryPoint\",\"urlTemplate\":\"https:\/\/www.visit-ulcinj.com\/blog\/?s={search_term_string}\"},\"query-input\":\"required name=search_term_string\"}],\"inLanguage\":\"en-US\"},{\"@type\":\"ImageObject\",\"inLanguage\":\"en-US\",\"@id\":\"https:\/\/www.visit-ulcinj.com\/blog\/2014\/03\/28\/dragica-zoric-optuzila-je-direktoricu-skole-za-mobing\/#primaryimage\",\"url\":\"https:\/\/www.visit-ulcinj.com\/blog\/wp-content\/uploads\/2014\/03\/Dragica-Zoric-ulcinj.jpg\",\"contentUrl\":\"https:\/\/www.visit-ulcinj.com\/blog\/wp-content\/uploads\/2014\/03\/Dragica-Zoric-ulcinj.jpg\",\"width\":640,\"height\":424},{\"@type\":\"WebPage\",\"@id\":\"https:\/\/www.visit-ulcinj.com\/blog\/2014\/03\/28\/dragica-zoric-optuzila-je-direktoricu-skole-za-mobing\/#webpage\",\"url\":\"https:\/\/www.visit-ulcinj.com\/blog\/2014\/03\/28\/dragica-zoric-optuzila-je-direktoricu-skole-za-mobing\/\",\"name\":\"Dragica Zori\u0107 optu\u017eila je direktoricu \u0161kole za mobing - Lajme nga Ulqini\",\"isPartOf\":{\"@id\":\"https:\/\/www.visit-ulcinj.com\/blog\/#website\"},\"primaryImageOfPage\":{\"@id\":\"https:\/\/www.visit-ulcinj.com\/blog\/2014\/03\/28\/dragica-zoric-optuzila-je-direktoricu-skole-za-mobing\/#primaryimage\"},\"datePublished\":\"2014-03-28T07:50:58+00:00\",\"dateModified\":\"2014-03-28T07:50:58+00:00\",\"author\":{\"@id\":\"https:\/\/www.visit-ulcinj.com\/blog\/#\/schema\/person\/dcab619c614d3038751c63bc2aadc06d\"},\"description\":\"Roditelji tvrde da su pismo ministru napisali samoinicijativno, sa \u017eeljom da za\u0161tite u\u010diteljicu \u0106etkovi\u0107 U\u010diteljica O\u0160 \u201cBo\u0161ko Strugar\u201d u Ulcinju Dragica\",\"breadcrumb\":{\"@id\":\"https:\/\/www.visit-ulcinj.com\/blog\/2014\/03\/28\/dragica-zoric-optuzila-je-direktoricu-skole-za-mobing\/#breadcrumb\"},\"inLanguage\":\"en-US\",\"potentialAction\":[{\"@type\":\"ReadAction\",\"target\":[\"https:\/\/www.visit-ulcinj.com\/blog\/2014\/03\/28\/dragica-zoric-optuzila-je-direktoricu-skole-za-mobing\/\"]}]},{\"@type\":\"BreadcrumbList\",\"@id\":\"https:\/\/www.visit-ulcinj.com\/blog\/2014\/03\/28\/dragica-zoric-optuzila-je-direktoricu-skole-za-mobing\/#breadcrumb\",\"itemListElement\":[{\"@type\":\"ListItem\",\"position\":1,\"name\":\"Dragica Zori\u0107 optu\u017eila je direktoricu \u0161kole za mobing\"}]},{\"@type\":\"Person\",\"@id\":\"https:\/\/www.visit-ulcinj.com\/blog\/#\/schema\/person\/dcab619c614d3038751c63bc2aadc06d\",\"name\":\"ulqini\",\"sameAs\":[\"http:\/\/www.visit-ulcinj.com\"],\"url\":\"https:\/\/www.visit-ulcinj.com\/blog\/author\/admin\/\"}]}<\/script>\n<!-- \/ Yoast SEO plugin. -->","yoast_head_json":{"title":"Dragica Zori\u0107 optu\u017eila je direktoricu \u0161kole za mobing - Lajme nga Ulqini","description":"Roditelji tvrde da su pismo ministru napisali samoinicijativno, sa \u017eeljom da za\u0161tite u\u010diteljicu \u0106etkovi\u0107 U\u010diteljica O\u0160 \u201cBo\u0161ko Strugar\u201d u Ulcinju Dragica","robots":{"index":"index","follow":"follow","max-snippet":"max-snippet:-1","max-image-preview":"max-image-preview:large","max-video-preview":"max-video-preview:-1"},"canonical":"https:\/\/www.visit-ulcinj.com\/blog\/2014\/03\/28\/dragica-zoric-optuzila-je-direktoricu-skole-za-mobing\/","og_locale":"en_US","og_type":"article","og_title":"Dragica Zori\u0107 optu\u017eila je direktoricu \u0161kole za mobing - Lajme nga Ulqini","og_description":"Roditelji tvrde da su pismo ministru napisali samoinicijativno, sa \u017eeljom da za\u0161tite u\u010diteljicu \u0106etkovi\u0107 U\u010diteljica O\u0160 \u201cBo\u0161ko Strugar\u201d u Ulcinju Dragica","og_url":"https:\/\/www.visit-ulcinj.com\/blog\/2014\/03\/28\/dragica-zoric-optuzila-je-direktoricu-skole-za-mobing\/","og_site_name":"Lajme nga Ulqini","article_published_time":"2014-03-28T07:50:58+00:00","og_image":[{"url":"http:\/\/www.visit-ulcinj.com\/blog\/wp-content\/uploads\/2014\/03\/Dragica-Zoric-ulcinj.jpg"}],"twitter_misc":{"Written by":"ulqini","Est. reading time":"2 minutes"},"schema":{"@context":"https:\/\/schema.org","@graph":[{"@type":"WebSite","@id":"https:\/\/www.visit-ulcinj.com\/blog\/#website","url":"https:\/\/www.visit-ulcinj.com\/blog\/","name":"Lajme nga Ulqini","description":"Lajme,Vijesti,Ulqini,Ulqin,Crna Gora,Mali i Zi","potentialAction":[{"@type":"SearchAction","target":{"@type":"EntryPoint","urlTemplate":"https:\/\/www.visit-ulcinj.com\/blog\/?s={search_term_string}"},"query-input":"required name=search_term_string"}],"inLanguage":"en-US"},{"@type":"ImageObject","inLanguage":"en-US","@id":"https:\/\/www.visit-ulcinj.com\/blog\/2014\/03\/28\/dragica-zoric-optuzila-je-direktoricu-skole-za-mobing\/#primaryimage","url":"https:\/\/www.visit-ulcinj.com\/blog\/wp-content\/uploads\/2014\/03\/Dragica-Zoric-ulcinj.jpg","contentUrl":"https:\/\/www.visit-ulcinj.com\/blog\/wp-content\/uploads\/2014\/03\/Dragica-Zoric-ulcinj.jpg","width":640,"height":424},{"@type":"WebPage","@id":"https:\/\/www.visit-ulcinj.com\/blog\/2014\/03\/28\/dragica-zoric-optuzila-je-direktoricu-skole-za-mobing\/#webpage","url":"https:\/\/www.visit-ulcinj.com\/blog\/2014\/03\/28\/dragica-zoric-optuzila-je-direktoricu-skole-za-mobing\/","name":"Dragica Zori\u0107 optu\u017eila je direktoricu \u0161kole za mobing - Lajme nga Ulqini","isPartOf":{"@id":"https:\/\/www.visit-ulcinj.com\/blog\/#website"},"primaryImageOfPage":{"@id":"https:\/\/www.visit-ulcinj.com\/blog\/2014\/03\/28\/dragica-zoric-optuzila-je-direktoricu-skole-za-mobing\/#primaryimage"},"datePublished":"2014-03-28T07:50:58+00:00","dateModified":"2014-03-28T07:50:58+00:00","author":{"@id":"https:\/\/www.visit-ulcinj.com\/blog\/#\/schema\/person\/dcab619c614d3038751c63bc2aadc06d"},"description":"Roditelji tvrde da su pismo ministru napisali samoinicijativno, sa \u017eeljom da za\u0161tite u\u010diteljicu \u0106etkovi\u0107 U\u010diteljica O\u0160 \u201cBo\u0161ko Strugar\u201d u Ulcinju Dragica","breadcrumb":{"@id":"https:\/\/www.visit-ulcinj.com\/blog\/2014\/03\/28\/dragica-zoric-optuzila-je-direktoricu-skole-za-mobing\/#breadcrumb"},"inLanguage":"en-US","potentialAction":[{"@type":"ReadAction","target":["https:\/\/www.visit-ulcinj.com\/blog\/2014\/03\/28\/dragica-zoric-optuzila-je-direktoricu-skole-za-mobing\/"]}]},{"@type":"BreadcrumbList","@id":"https:\/\/www.visit-ulcinj.com\/blog\/2014\/03\/28\/dragica-zoric-optuzila-je-direktoricu-skole-za-mobing\/#breadcrumb","itemListElement":[{"@type":"ListItem","position":1,"name":"Dragica Zori\u0107 optu\u017eila je direktoricu \u0161kole za mobing"}]},{"@type":"Person","@id":"https:\/\/www.visit-ulcinj.com\/blog\/#\/schema\/person\/dcab619c614d3038751c63bc2aadc06d","name":"ulqini","sameAs":["http:\/\/www.visit-ulcinj.com"],"url":"https:\/\/www.visit-ulcinj.com\/blog\/author\/admin\/"}]}},"jetpack_featured_media_url":"","jetpack_sharing_enabled":true,"jetpack_shortlink":"https:\/\/wp.me\/pe6lTn-l5F","_links":{"self":[{"href":"https:\/\/www.visit-ulcinj.com\/blog\/wp-json\/wp\/v2\/posts\/81075"}],"collection":[{"href":"https:\/\/www.visit-ulcinj.com\/blog\/wp-json\/wp\/v2\/posts"}],"about":[{"href":"https:\/\/www.visit-ulcinj.com\/blog\/wp-json\/wp\/v2\/types\/post"}],"author":[{"embeddable":true,"href":"https:\/\/www.visit-ulcinj.com\/blog\/wp-json\/wp\/v2\/users\/1"}],"replies":[{"embeddable":true,"href":"https:\/\/www.visit-ulcinj.com\/blog\/wp-json\/wp\/v2\/comments?post=81075"}],"version-history":[{"count":1,"href":"https:\/\/www.visit-ulcinj.com\/blog\/wp-json\/wp\/v2\/posts\/81075\/revisions"}],"predecessor-version":[{"id":81079,"href":"https:\/\/www.visit-ulcinj.com\/blog\/wp-json\/wp\/v2\/posts\/81075\/revisions\/81079"}],"wp:attachment":[{"href":"https:\/\/www.visit-ulcinj.com\/blog\/wp-json\/wp\/v2\/media?parent=81075"}],"wp:term":[{"taxonomy":"category","embeddable":true,"href":"https:\/\/www.visit-ulcinj.com\/blog\/wp-json\/wp\/v2\/categories?post=81075"},{"taxonomy":"post_tag","embeddable":true,"href":"https:\/\/www.visit-ulcinj.com\/blog\/wp-json\/wp\/v2\/tags?post=81075"}],"curies":[{"name":"wp","href":"https:\/\/api.w.org\/{rel}","templated":true}]}}