{"id":81088,"date":"2014-03-28T18:34:24","date_gmt":"2014-03-28T17:34:24","guid":{"rendered":"http:\/\/www.visit-ulcinj.com\/blog\/?p=81088"},"modified":"2014-03-28T18:34:24","modified_gmt":"2014-03-28T17:34:24","slug":"protesta-paqesore-ne-tuz-6-prill","status":"publish","type":"post","link":"https:\/\/www.visit-ulcinj.com\/blog\/2014\/03\/28\/protesta-paqesore-ne-tuz-6-prill\/","title":{"rendered":"Protesta paq\u00ebsore n\u00eb Tuz me 6 prill"},"content":{"rendered":"<p><a href=\"http:\/\/www.visit-ulcinj.com\/blog\/wp-content\/uploads\/2014\/03\/Forumi-Demokratik-p\u00ebr-Integrim-protesta-tuze.jpg\"><img loading=\"lazy\" class=\"alignleft  wp-image-81089\" alt=\"Forumi Demokratik p\u00ebr Integrim-protesta-tuze\" src=\"http:\/\/www.visit-ulcinj.com\/blog\/wp-content\/uploads\/2014\/03\/Forumi-Demokratik-p\u00ebr-Integrim-protesta-tuze.jpg\" width=\"508\" height=\"360\" \/><\/a>Protesta paq\u00ebsore n\u00eb shenj\u00eb pak\u00ebnaq\u00ebsie kundrejt situat\u00ebs politike e diskriminuese e cila po zbatohet nga ana e pushtetit malazez ndaj Mal\u00ebsis\u00eb, do t\u00eb zhvillohet me 6 prill n\u00eb Tuz.<\/p>\n<p>Organizator i protest\u00ebs \u00ebsht\u00eb Forumi Demokratik p\u00ebr Integrim dhe deri me tani \u00ebsht\u00eb p\u00ebrkrahur nga Lidhja Demokratike n\u00eb Mal t\u00eb Zi, dega e Mal\u00ebsis\u00eb.<\/p>\n<p>P\u00ebrkujtojm\u00eb se me rastin e vizit\u00ebs s\u00eb kryeministrit malazez Milo Djukanovic n\u00eb kryeqytetin amerikan, edhe diaspora shqiptare n\u00eb SHBA do t\u00eb protestoj\u00eb me 8 prill n\u00eb Washington DC kundrejt diskriminimit t\u00eb shqiptar\u00ebve n\u00eb trojet e veta n\u00eb Mal t\u00eb Zi.<\/p>\n<p><em>N\u00eb vijim lexoni deklarat\u00ebn e plot\u00eb:<\/em><br \/>\n<strong>Deklarat\u00eb p\u00ebr Protest\u00eb<\/strong><br \/>\n26.03.2014<\/p>\n<p>T\u00eb nderuar qytetar\u00eb,<\/p>\n<p>Pas nj\u00eb p\u00ebrkushtimi disa javor\u00eb, me q\u00ebllim ngritjen e z\u00ebrit kund\u00ebr loj\u00ebs s\u00eb ndyt\u00eb q\u00eb pushteti shtet\u00ebror n\u00ebp\u00ebrmjet organizmave t\u00eb tij po i shkakton Mal\u00ebsis\u00eb, FDI t\u00eb p\u00ebrkrahur nga LDMZ \u2013 dega e Mal\u00ebsis\u00eb vendosin t\u00eb organizojn\u00eb Protest\u00eb paq\u00ebsore.<\/p>\n<p><strong>Protesta do t\u00eb mbahet t\u00eb diel\u00ebn m\u00eb 06. 04. 2014 n\u00eb or\u00ebn 14.00 n\u00eb vendparkimin e Komun\u00ebs Urbane t\u00eb Tuzit.<\/strong><br \/>\n<strong>Protesta ka k\u00ebt\u00eb q\u00ebllim:<\/strong><\/p>\n<p>1. Ngritjen e z\u00ebrit ndaj pak\u00ebnaq\u00ebsis\u00eb s\u00eb shkaktuar nga veprimet e q\u00ebllimta t\u00eb pushtetit q\u00eb d\u00ebmtojn\u00eb pozit\u00ebn e qytetar\u00ebve t\u00eb Mal\u00ebsis\u00eb;<\/p>\n<p>2. Kund\u00ebrshtimin ndaj \u00e7do marr\u00ebveshje q\u00eb e cop\u00ebton Mal\u00ebsin\u00eb dhe q\u00eb Mal\u00ebsis\u00eb ia humb emrin, territorin, historin\u00eb dhe dinjitetin e saj;<\/p>\n<p>3. Ndalimin e marr\u00ebveshjeve q\u00eb n\u00eb m\u00ebnyr\u00ebn m\u00eb posht\u00ebruese n\u00ebnshkruhen n\u00eb d\u00ebm t\u00eb Mal\u00ebsis\u00eb dhe qytetar\u00ebve t\u00eb saj;<\/p>\n<p>4. Decentralizimin e pushtetit dhe zbatimin e Kart\u00ebs Evropiane p\u00ebr Vet\u00ebqeverisje lokale.<\/p>\n<p>Qytetar\u00eb t\u00eb nderuar, Mal\u00ebsia \u00ebsht\u00eb e t\u00eb gjith\u00eb neve. Ajo \u00ebsht\u00eb \u201cpasaporta\u201d jon\u00eb kudo q\u00eb t\u00eb shkojm\u00eb. Ne duhet ta nd\u00ebrtojm\u00eb k\u00ebt\u00eb vend. Ky vend ka nevoj\u00eb p\u00ebr njer\u00ebz t\u00eb sinqert\u00eb dhe njer\u00ebz t\u00eb sakrific\u00ebs q\u00eb thon\u00eb: \u201cZoti n\u00eb qiell e Mal\u00ebsia n\u00eb tok\u00eb, pastaj t\u00eb tjer\u00ebt\u201d. Prandaj, ju b\u00ebjm\u00eb thirrje q\u00eb t\u00eb dalim t\u00eb gjith\u00eb krah\u00eb p\u00ebr krah\u00eb p\u00ebr t\u00eb protestuar dit\u00ebn q\u00eb 103 vjetori t\u00eb Kryengritjes s\u00eb Mal\u00ebsis\u00eb.<\/p>\n<p>Zoti ju b\u00ebkoft\u00eb<\/p>\n<p><strong>Organizator <\/strong><br \/>\n<strong>Forumi Demokratik p\u00ebr Integrim<\/strong><\/p>\n","protected":false},"excerpt":{"rendered":"<p>Protesta paq\u00ebsore n\u00eb shenj\u00eb pak\u00ebnaq\u00ebsie kundrejt situat\u00ebs politike e diskriminuese e cila po zbatohet nga ana e pushtetit malazez ndaj Mal\u00ebsis\u00eb, do t\u00eb zhvillohet me 6 prill n\u00eb Tuz. Organizator i protest\u00ebs \u00ebsht\u00eb Forumi Demokratik p\u00ebr Integrim dhe deri me tani \u00ebsht\u00eb p\u00ebrkrahur nga Lidhja Demokratike n\u00eb Mal t\u00eb Zi, dega e Mal\u00ebsis\u00eb. P\u00ebrkujtojm\u00eb se [&hellip;]<\/p>\n","protected":false},"author":1,"featured_media":0,"comment_status":"closed","ping_status":"closed","sticky":false,"template":"","format":"standard","meta":{"spay_email":"","jetpack_publicize_message":"","jetpack_is_tweetstorm":false,"jetpack_publicize_feature_enabled":true},"categories":[6950],"tags":[],"jetpack_publicize_connections":[],"yoast_head":"<!-- This site is optimized with the Yoast SEO plugin v19.1 - https:\/\/yoast.com\/wordpress\/plugins\/seo\/ -->\n<title>Protesta paq\u00ebsore n\u00eb Tuz me 6 prill - Lajme nga Ulqini<\/title>\n<meta name=\"description\" content=\"Protesta paq\u00ebsore n\u00eb shenj\u00eb pak\u00ebnaq\u00ebsie kundrejt situat\u00ebs politike e diskriminuese e cila po zbatohet nga ana e pushtetit malazez ndaj Mal\u00ebsis\u00eb, do t\u00eb\" \/>\n<meta name=\"robots\" content=\"index, follow, max-snippet:-1, max-image-preview:large, max-video-preview:-1\" \/>\n<link rel=\"canonical\" href=\"https:\/\/www.visit-ulcinj.com\/blog\/2014\/03\/28\/protesta-paqesore-ne-tuz-6-prill\/\" \/>\n<meta property=\"og:locale\" content=\"en_US\" \/>\n<meta property=\"og:type\" content=\"article\" \/>\n<meta property=\"og:title\" content=\"Protesta paq\u00ebsore n\u00eb Tuz me 6 prill - Lajme nga Ulqini\" \/>\n<meta property=\"og:description\" content=\"Protesta paq\u00ebsore n\u00eb shenj\u00eb pak\u00ebnaq\u00ebsie kundrejt situat\u00ebs politike e diskriminuese e cila po zbatohet nga ana e pushtetit malazez ndaj Mal\u00ebsis\u00eb, do t\u00eb\" \/>\n<meta property=\"og:url\" content=\"https:\/\/www.visit-ulcinj.com\/blog\/2014\/03\/28\/protesta-paqesore-ne-tuz-6-prill\/\" \/>\n<meta property=\"og:site_name\" content=\"Lajme nga Ulqini\" \/>\n<meta property=\"article:published_time\" content=\"2014-03-28T17:34:24+00:00\" \/>\n<meta name=\"twitter:label1\" content=\"Written by\" \/>\n\t<meta name=\"twitter:data1\" content=\"ulqini\" \/>\n\t<meta name=\"twitter:label2\" content=\"Est. reading time\" \/>\n\t<meta name=\"twitter:data2\" content=\"2 minutes\" \/>\n<script type=\"application\/ld+json\" class=\"yoast-schema-graph\">{\"@context\":\"https:\/\/schema.org\",\"@graph\":[{\"@type\":\"WebSite\",\"@id\":\"https:\/\/www.visit-ulcinj.com\/blog\/#website\",\"url\":\"https:\/\/www.visit-ulcinj.com\/blog\/\",\"name\":\"Lajme nga Ulqini\",\"description\":\"Lajme,Vijesti,Ulqini,Ulqin,Crna Gora,Mali i Zi\",\"potentialAction\":[{\"@type\":\"SearchAction\",\"target\":{\"@type\":\"EntryPoint\",\"urlTemplate\":\"https:\/\/www.visit-ulcinj.com\/blog\/?s={search_term_string}\"},\"query-input\":\"required name=search_term_string\"}],\"inLanguage\":\"en-US\"},{\"@type\":\"WebPage\",\"@id\":\"https:\/\/www.visit-ulcinj.com\/blog\/2014\/03\/28\/protesta-paqesore-ne-tuz-6-prill\/#webpage\",\"url\":\"https:\/\/www.visit-ulcinj.com\/blog\/2014\/03\/28\/protesta-paqesore-ne-tuz-6-prill\/\",\"name\":\"Protesta paq\u00ebsore n\u00eb Tuz me 6 prill - Lajme nga Ulqini\",\"isPartOf\":{\"@id\":\"https:\/\/www.visit-ulcinj.com\/blog\/#website\"},\"datePublished\":\"2014-03-28T17:34:24+00:00\",\"dateModified\":\"2014-03-28T17:34:24+00:00\",\"author\":{\"@id\":\"https:\/\/www.visit-ulcinj.com\/blog\/#\/schema\/person\/dcab619c614d3038751c63bc2aadc06d\"},\"description\":\"Protesta paq\u00ebsore n\u00eb shenj\u00eb pak\u00ebnaq\u00ebsie kundrejt situat\u00ebs politike e diskriminuese e cila po zbatohet nga ana e pushtetit malazez ndaj Mal\u00ebsis\u00eb, do t\u00eb\",\"breadcrumb\":{\"@id\":\"https:\/\/www.visit-ulcinj.com\/blog\/2014\/03\/28\/protesta-paqesore-ne-tuz-6-prill\/#breadcrumb\"},\"inLanguage\":\"en-US\",\"potentialAction\":[{\"@type\":\"ReadAction\",\"target\":[\"https:\/\/www.visit-ulcinj.com\/blog\/2014\/03\/28\/protesta-paqesore-ne-tuz-6-prill\/\"]}]},{\"@type\":\"BreadcrumbList\",\"@id\":\"https:\/\/www.visit-ulcinj.com\/blog\/2014\/03\/28\/protesta-paqesore-ne-tuz-6-prill\/#breadcrumb\",\"itemListElement\":[{\"@type\":\"ListItem\",\"position\":1,\"name\":\"Protesta paq\u00ebsore n\u00eb Tuz me 6 prill\"}]},{\"@type\":\"Person\",\"@id\":\"https:\/\/www.visit-ulcinj.com\/blog\/#\/schema\/person\/dcab619c614d3038751c63bc2aadc06d\",\"name\":\"ulqini\",\"sameAs\":[\"http:\/\/www.visit-ulcinj.com\"],\"url\":\"https:\/\/www.visit-ulcinj.com\/blog\/author\/admin\/\"}]}<\/script>\n<!-- \/ Yoast SEO plugin. -->","yoast_head_json":{"title":"Protesta paq\u00ebsore n\u00eb Tuz me 6 prill - Lajme nga Ulqini","description":"Protesta paq\u00ebsore n\u00eb shenj\u00eb pak\u00ebnaq\u00ebsie kundrejt situat\u00ebs politike e diskriminuese e cila po zbatohet nga ana e pushtetit malazez ndaj Mal\u00ebsis\u00eb, do t\u00eb","robots":{"index":"index","follow":"follow","max-snippet":"max-snippet:-1","max-image-preview":"max-image-preview:large","max-video-preview":"max-video-preview:-1"},"canonical":"https:\/\/www.visit-ulcinj.com\/blog\/2014\/03\/28\/protesta-paqesore-ne-tuz-6-prill\/","og_locale":"en_US","og_type":"article","og_title":"Protesta paq\u00ebsore n\u00eb Tuz me 6 prill - Lajme nga Ulqini","og_description":"Protesta paq\u00ebsore n\u00eb shenj\u00eb pak\u00ebnaq\u00ebsie kundrejt situat\u00ebs politike e diskriminuese e cila po zbatohet nga ana e pushtetit malazez ndaj Mal\u00ebsis\u00eb, do t\u00eb","og_url":"https:\/\/www.visit-ulcinj.com\/blog\/2014\/03\/28\/protesta-paqesore-ne-tuz-6-prill\/","og_site_name":"Lajme nga Ulqini","article_published_time":"2014-03-28T17:34:24+00:00","twitter_misc":{"Written by":"ulqini","Est. reading time":"2 minutes"},"schema":{"@context":"https:\/\/schema.org","@graph":[{"@type":"WebSite","@id":"https:\/\/www.visit-ulcinj.com\/blog\/#website","url":"https:\/\/www.visit-ulcinj.com\/blog\/","name":"Lajme nga Ulqini","description":"Lajme,Vijesti,Ulqini,Ulqin,Crna Gora,Mali i Zi","potentialAction":[{"@type":"SearchAction","target":{"@type":"EntryPoint","urlTemplate":"https:\/\/www.visit-ulcinj.com\/blog\/?s={search_term_string}"},"query-input":"required name=search_term_string"}],"inLanguage":"en-US"},{"@type":"WebPage","@id":"https:\/\/www.visit-ulcinj.com\/blog\/2014\/03\/28\/protesta-paqesore-ne-tuz-6-prill\/#webpage","url":"https:\/\/www.visit-ulcinj.com\/blog\/2014\/03\/28\/protesta-paqesore-ne-tuz-6-prill\/","name":"Protesta paq\u00ebsore n\u00eb Tuz me 6 prill - Lajme nga Ulqini","isPartOf":{"@id":"https:\/\/www.visit-ulcinj.com\/blog\/#website"},"datePublished":"2014-03-28T17:34:24+00:00","dateModified":"2014-03-28T17:34:24+00:00","author":{"@id":"https:\/\/www.visit-ulcinj.com\/blog\/#\/schema\/person\/dcab619c614d3038751c63bc2aadc06d"},"description":"Protesta paq\u00ebsore n\u00eb shenj\u00eb pak\u00ebnaq\u00ebsie kundrejt situat\u00ebs politike e diskriminuese e cila po zbatohet nga ana e pushtetit malazez ndaj Mal\u00ebsis\u00eb, do t\u00eb","breadcrumb":{"@id":"https:\/\/www.visit-ulcinj.com\/blog\/2014\/03\/28\/protesta-paqesore-ne-tuz-6-prill\/#breadcrumb"},"inLanguage":"en-US","potentialAction":[{"@type":"ReadAction","target":["https:\/\/www.visit-ulcinj.com\/blog\/2014\/03\/28\/protesta-paqesore-ne-tuz-6-prill\/"]}]},{"@type":"BreadcrumbList","@id":"https:\/\/www.visit-ulcinj.com\/blog\/2014\/03\/28\/protesta-paqesore-ne-tuz-6-prill\/#breadcrumb","itemListElement":[{"@type":"ListItem","position":1,"name":"Protesta paq\u00ebsore n\u00eb Tuz me 6 prill"}]},{"@type":"Person","@id":"https:\/\/www.visit-ulcinj.com\/blog\/#\/schema\/person\/dcab619c614d3038751c63bc2aadc06d","name":"ulqini","sameAs":["http:\/\/www.visit-ulcinj.com"],"url":"https:\/\/www.visit-ulcinj.com\/blog\/author\/admin\/"}]}},"jetpack_featured_media_url":"","jetpack_sharing_enabled":true,"jetpack_shortlink":"https:\/\/wp.me\/pe6lTn-l5S","_links":{"self":[{"href":"https:\/\/www.visit-ulcinj.com\/blog\/wp-json\/wp\/v2\/posts\/81088"}],"collection":[{"href":"https:\/\/www.visit-ulcinj.com\/blog\/wp-json\/wp\/v2\/posts"}],"about":[{"href":"https:\/\/www.visit-ulcinj.com\/blog\/wp-json\/wp\/v2\/types\/post"}],"author":[{"embeddable":true,"href":"https:\/\/www.visit-ulcinj.com\/blog\/wp-json\/wp\/v2\/users\/1"}],"replies":[{"embeddable":true,"href":"https:\/\/www.visit-ulcinj.com\/blog\/wp-json\/wp\/v2\/comments?post=81088"}],"version-history":[{"count":1,"href":"https:\/\/www.visit-ulcinj.com\/blog\/wp-json\/wp\/v2\/posts\/81088\/revisions"}],"predecessor-version":[{"id":81090,"href":"https:\/\/www.visit-ulcinj.com\/blog\/wp-json\/wp\/v2\/posts\/81088\/revisions\/81090"}],"wp:attachment":[{"href":"https:\/\/www.visit-ulcinj.com\/blog\/wp-json\/wp\/v2\/media?parent=81088"}],"wp:term":[{"taxonomy":"category","embeddable":true,"href":"https:\/\/www.visit-ulcinj.com\/blog\/wp-json\/wp\/v2\/categories?post=81088"},{"taxonomy":"post_tag","embeddable":true,"href":"https:\/\/www.visit-ulcinj.com\/blog\/wp-json\/wp\/v2\/tags?post=81088"}],"curies":[{"name":"wp","href":"https:\/\/api.w.org\/{rel}","templated":true}]}}