{"id":81093,"date":"2014-03-29T16:41:39","date_gmt":"2014-03-29T15:41:39","guid":{"rendered":"http:\/\/www.visit-ulcinj.com\/blog\/?p=81093"},"modified":"2014-03-29T16:41:39","modified_gmt":"2014-03-29T15:41:39","slug":"nimanbegu-flet-per-ligjin-e-ri-zgjedhor-ne-mal-te-zi-video","status":"publish","type":"post","link":"https:\/\/www.visit-ulcinj.com\/blog\/2014\/03\/29\/nimanbegu-flet-per-ligjin-e-ri-zgjedhor-ne-mal-te-zi-video\/","title":{"rendered":"Nimanbegu flet p\u00ebr ligjin e ri zgjedhor ne Mal t\u00eb Zi &#8211; Video"},"content":{"rendered":"<p><a href=\"http:\/\/www.visit-ulcinj.com\/blog\/wp-content\/uploads\/2013\/07\/Genci-Nimanbegu1.jpg\"><img loading=\"lazy\" class=\"alignleft  wp-image-73205\" alt=\"Genci Nimanbegu\" src=\"http:\/\/www.visit-ulcinj.com\/blog\/wp-content\/uploads\/2013\/07\/Genci-Nimanbegu1.jpg\" width=\"508\" height=\"360\" \/><\/a>Me propozim ligjin e ri zgjedhor, t\u00eb cilin dje e v\u00ebrtetoi Kolegiumi i kryetarit t\u00eb kuvendit, parashihet edhe aksioni afirmativ p\u00ebr pakicat n\u00eb nivelin lokal. K\u00ebt\u00eb propozim ligj n\u00eb kolegjium e p\u00ebrkrahen PDS, Fronti Demokratik, Partia Boshnjake dhe Iniciativa qytetare Kroate, e m\u00eb t\u00eb cilin parashihet aksioni afirmativ n\u00eb nivelin lokal p\u00ebr pakicat t\u00eb cilat p\u00ebrb\u00ebjn\u00eb prej 1,5 % deri n\u00eb 15 % t\u00eb popullat\u00ebs n\u00eb at\u00eb nj\u00ebsi t\u00eb qeverisjes lokale. P\u00ebrfaq\u00ebsuesi i partive politike shqiptare, Genc Nimanbegu tha se nuk e ka p\u00ebrkrah k\u00ebt\u00eb propozim, edhe pse jan\u00eb t\u00eb k\u00ebnaqur me miratimin e aksionit afirmativ n\u00eb nivelin lokal. Asnj\u00eb subjekt politik, p\u00ebrve\u00e7 partive t\u00eb pakicave, nuk ka p\u00ebrkrah amendamentet t\u00eb cilat i kemi paraqitur ne si p\u00ebrfaq\u00ebsues t\u00eb partive shqiptare, kur \u00ebsht\u00eb shqyrtuar m\u00eb par\u00eb propozim ligji, e kjo ishte arsyeja pse nuk kemi n\u00ebnshkruar nj\u00eb marr\u00ebveshje t\u00eb till\u00eb, tha Nimanbegu. Ai megjithat\u00eb tha se do t\u00eb votoj\u00eb p\u00ebr k\u00ebt\u00eb propozim ligj, n\u00ebse n\u00eb plenum mungon vota p\u00ebr shumic\u00ebn prej dy t\u00eb tretave sa duhet p\u00ebr miratimin e k\u00ebtij projekt ligji, tha Nimanbegu. \u00a0P\u00ebr propozim ligjin e ri zgjedhor kund\u00ebr votuan edhe p\u00ebrfaq\u00ebsuesit e Partis\u00eb Social Demokratike dhe t\u00eb Malit t\u00eb Zi Pozitiv sepse konsiderojn\u00eb se aksioni afirmativ p\u00ebr pakicat n\u00eb nivel lokal \u00ebsht\u00eb n\u00eb kund\u00ebrshtim me kushtetut\u00ebn dhe e humb konceptin e shtetit qytetar t\u00eb Malit t\u00eb Zi.<\/p>\n<!--YouTube Error: bad URL entered-->\n","protected":false},"excerpt":{"rendered":"<p>Me propozim ligjin e ri zgjedhor, t\u00eb cilin dje e v\u00ebrtetoi Kolegiumi i kryetarit t\u00eb kuvendit, parashihet edhe aksioni afirmativ p\u00ebr pakicat n\u00eb nivelin lokal. K\u00ebt\u00eb propozim ligj n\u00eb kolegjium e p\u00ebrkrahen PDS, Fronti Demokratik, Partia Boshnjake dhe Iniciativa qytetare Kroate, e m\u00eb t\u00eb cilin parashihet aksioni afirmativ n\u00eb nivelin lokal p\u00ebr pakicat t\u00eb cilat [&hellip;]<\/p>\n","protected":false},"author":1,"featured_media":0,"comment_status":"closed","ping_status":"closed","sticky":false,"template":"","format":"standard","meta":{"spay_email":"","jetpack_publicize_message":"","jetpack_is_tweetstorm":false,"jetpack_publicize_feature_enabled":true},"categories":[6],"tags":[],"jetpack_publicize_connections":[],"yoast_head":"<!-- This site is optimized with the Yoast SEO plugin v19.1 - https:\/\/yoast.com\/wordpress\/plugins\/seo\/ -->\n<title>Nimanbegu flet p\u00ebr ligjin e ri zgjedhor ne Mal t\u00eb Zi - Video - Lajme nga Ulqini<\/title>\n<meta name=\"description\" content=\"Me propozim ligjin e ri zgjedhor, t\u00eb cilin dje e v\u00ebrtetoi Kolegiumi i kryetarit t\u00eb kuvendit, parashihet edhe aksioni afirmativ p\u00ebr pakicat n\u00eb nivelin\" \/>\n<meta name=\"robots\" content=\"index, follow, max-snippet:-1, max-image-preview:large, max-video-preview:-1\" \/>\n<link rel=\"canonical\" href=\"https:\/\/www.visit-ulcinj.com\/blog\/2014\/03\/29\/nimanbegu-flet-per-ligjin-e-ri-zgjedhor-ne-mal-te-zi-video\/\" \/>\n<meta property=\"og:locale\" content=\"en_US\" \/>\n<meta property=\"og:type\" content=\"article\" \/>\n<meta property=\"og:title\" content=\"Nimanbegu flet p\u00ebr ligjin e ri zgjedhor ne Mal t\u00eb Zi - Video - Lajme nga Ulqini\" \/>\n<meta property=\"og:description\" content=\"Me propozim ligjin e ri zgjedhor, t\u00eb cilin dje e v\u00ebrtetoi Kolegiumi i kryetarit t\u00eb kuvendit, parashihet edhe aksioni afirmativ p\u00ebr pakicat n\u00eb nivelin\" \/>\n<meta property=\"og:url\" content=\"https:\/\/www.visit-ulcinj.com\/blog\/2014\/03\/29\/nimanbegu-flet-per-ligjin-e-ri-zgjedhor-ne-mal-te-zi-video\/\" \/>\n<meta property=\"og:site_name\" content=\"Lajme nga Ulqini\" \/>\n<meta property=\"article:published_time\" content=\"2014-03-29T15:41:39+00:00\" \/>\n<meta property=\"og:image\" content=\"http:\/\/www.visit-ulcinj.com\/blog\/wp-content\/uploads\/2013\/07\/Genci-Nimanbegu1.jpg\" \/>\n<meta name=\"twitter:label1\" content=\"Written by\" \/>\n\t<meta name=\"twitter:data1\" content=\"ulqini\" \/>\n\t<meta name=\"twitter:label2\" content=\"Est. reading time\" \/>\n\t<meta name=\"twitter:data2\" content=\"1 minute\" \/>\n<script type=\"application\/ld+json\" class=\"yoast-schema-graph\">{\"@context\":\"https:\/\/schema.org\",\"@graph\":[{\"@type\":\"WebSite\",\"@id\":\"https:\/\/www.visit-ulcinj.com\/blog\/#website\",\"url\":\"https:\/\/www.visit-ulcinj.com\/blog\/\",\"name\":\"Lajme nga Ulqini\",\"description\":\"Lajme,Vijesti,Ulqini,Ulqin,Crna Gora,Mali i Zi\",\"potentialAction\":[{\"@type\":\"SearchAction\",\"target\":{\"@type\":\"EntryPoint\",\"urlTemplate\":\"https:\/\/www.visit-ulcinj.com\/blog\/?s={search_term_string}\"},\"query-input\":\"required name=search_term_string\"}],\"inLanguage\":\"en-US\"},{\"@type\":\"ImageObject\",\"inLanguage\":\"en-US\",\"@id\":\"https:\/\/www.visit-ulcinj.com\/blog\/2014\/03\/29\/nimanbegu-flet-per-ligjin-e-ri-zgjedhor-ne-mal-te-zi-video\/#primaryimage\",\"url\":\"https:\/\/www.visit-ulcinj.com\/blog\/wp-content\/uploads\/2013\/07\/Genci-Nimanbegu1.jpg\",\"contentUrl\":\"https:\/\/www.visit-ulcinj.com\/blog\/wp-content\/uploads\/2013\/07\/Genci-Nimanbegu1.jpg\",\"width\":480,\"height\":360},{\"@type\":\"WebPage\",\"@id\":\"https:\/\/www.visit-ulcinj.com\/blog\/2014\/03\/29\/nimanbegu-flet-per-ligjin-e-ri-zgjedhor-ne-mal-te-zi-video\/#webpage\",\"url\":\"https:\/\/www.visit-ulcinj.com\/blog\/2014\/03\/29\/nimanbegu-flet-per-ligjin-e-ri-zgjedhor-ne-mal-te-zi-video\/\",\"name\":\"Nimanbegu flet p\u00ebr ligjin e ri zgjedhor ne Mal t\u00eb Zi - Video - Lajme nga Ulqini\",\"isPartOf\":{\"@id\":\"https:\/\/www.visit-ulcinj.com\/blog\/#website\"},\"primaryImageOfPage\":{\"@id\":\"https:\/\/www.visit-ulcinj.com\/blog\/2014\/03\/29\/nimanbegu-flet-per-ligjin-e-ri-zgjedhor-ne-mal-te-zi-video\/#primaryimage\"},\"datePublished\":\"2014-03-29T15:41:39+00:00\",\"dateModified\":\"2014-03-29T15:41:39+00:00\",\"author\":{\"@id\":\"https:\/\/www.visit-ulcinj.com\/blog\/#\/schema\/person\/dcab619c614d3038751c63bc2aadc06d\"},\"description\":\"Me propozim ligjin e ri zgjedhor, t\u00eb cilin dje e v\u00ebrtetoi Kolegiumi i kryetarit t\u00eb kuvendit, parashihet edhe aksioni afirmativ p\u00ebr pakicat n\u00eb nivelin\",\"breadcrumb\":{\"@id\":\"https:\/\/www.visit-ulcinj.com\/blog\/2014\/03\/29\/nimanbegu-flet-per-ligjin-e-ri-zgjedhor-ne-mal-te-zi-video\/#breadcrumb\"},\"inLanguage\":\"en-US\",\"potentialAction\":[{\"@type\":\"ReadAction\",\"target\":[\"https:\/\/www.visit-ulcinj.com\/blog\/2014\/03\/29\/nimanbegu-flet-per-ligjin-e-ri-zgjedhor-ne-mal-te-zi-video\/\"]}]},{\"@type\":\"BreadcrumbList\",\"@id\":\"https:\/\/www.visit-ulcinj.com\/blog\/2014\/03\/29\/nimanbegu-flet-per-ligjin-e-ri-zgjedhor-ne-mal-te-zi-video\/#breadcrumb\",\"itemListElement\":[{\"@type\":\"ListItem\",\"position\":1,\"name\":\"Nimanbegu flet p\u00ebr ligjin e ri zgjedhor ne Mal t\u00eb Zi &#8211; Video\"}]},{\"@type\":\"Person\",\"@id\":\"https:\/\/www.visit-ulcinj.com\/blog\/#\/schema\/person\/dcab619c614d3038751c63bc2aadc06d\",\"name\":\"ulqini\",\"sameAs\":[\"http:\/\/www.visit-ulcinj.com\"],\"url\":\"https:\/\/www.visit-ulcinj.com\/blog\/author\/admin\/\"}]}<\/script>\n<!-- \/ Yoast SEO plugin. -->","yoast_head_json":{"title":"Nimanbegu flet p\u00ebr ligjin e ri zgjedhor ne Mal t\u00eb Zi - Video - Lajme nga Ulqini","description":"Me propozim ligjin e ri zgjedhor, t\u00eb cilin dje e v\u00ebrtetoi Kolegiumi i kryetarit t\u00eb kuvendit, parashihet edhe aksioni afirmativ p\u00ebr pakicat n\u00eb nivelin","robots":{"index":"index","follow":"follow","max-snippet":"max-snippet:-1","max-image-preview":"max-image-preview:large","max-video-preview":"max-video-preview:-1"},"canonical":"https:\/\/www.visit-ulcinj.com\/blog\/2014\/03\/29\/nimanbegu-flet-per-ligjin-e-ri-zgjedhor-ne-mal-te-zi-video\/","og_locale":"en_US","og_type":"article","og_title":"Nimanbegu flet p\u00ebr ligjin e ri zgjedhor ne Mal t\u00eb Zi - Video - Lajme nga Ulqini","og_description":"Me propozim ligjin e ri zgjedhor, t\u00eb cilin dje e v\u00ebrtetoi Kolegiumi i kryetarit t\u00eb kuvendit, parashihet edhe aksioni afirmativ p\u00ebr pakicat n\u00eb nivelin","og_url":"https:\/\/www.visit-ulcinj.com\/blog\/2014\/03\/29\/nimanbegu-flet-per-ligjin-e-ri-zgjedhor-ne-mal-te-zi-video\/","og_site_name":"Lajme nga Ulqini","article_published_time":"2014-03-29T15:41:39+00:00","og_image":[{"url":"http:\/\/www.visit-ulcinj.com\/blog\/wp-content\/uploads\/2013\/07\/Genci-Nimanbegu1.jpg"}],"twitter_misc":{"Written by":"ulqini","Est. reading time":"1 minute"},"schema":{"@context":"https:\/\/schema.org","@graph":[{"@type":"WebSite","@id":"https:\/\/www.visit-ulcinj.com\/blog\/#website","url":"https:\/\/www.visit-ulcinj.com\/blog\/","name":"Lajme nga Ulqini","description":"Lajme,Vijesti,Ulqini,Ulqin,Crna Gora,Mali i Zi","potentialAction":[{"@type":"SearchAction","target":{"@type":"EntryPoint","urlTemplate":"https:\/\/www.visit-ulcinj.com\/blog\/?s={search_term_string}"},"query-input":"required name=search_term_string"}],"inLanguage":"en-US"},{"@type":"ImageObject","inLanguage":"en-US","@id":"https:\/\/www.visit-ulcinj.com\/blog\/2014\/03\/29\/nimanbegu-flet-per-ligjin-e-ri-zgjedhor-ne-mal-te-zi-video\/#primaryimage","url":"https:\/\/www.visit-ulcinj.com\/blog\/wp-content\/uploads\/2013\/07\/Genci-Nimanbegu1.jpg","contentUrl":"https:\/\/www.visit-ulcinj.com\/blog\/wp-content\/uploads\/2013\/07\/Genci-Nimanbegu1.jpg","width":480,"height":360},{"@type":"WebPage","@id":"https:\/\/www.visit-ulcinj.com\/blog\/2014\/03\/29\/nimanbegu-flet-per-ligjin-e-ri-zgjedhor-ne-mal-te-zi-video\/#webpage","url":"https:\/\/www.visit-ulcinj.com\/blog\/2014\/03\/29\/nimanbegu-flet-per-ligjin-e-ri-zgjedhor-ne-mal-te-zi-video\/","name":"Nimanbegu flet p\u00ebr ligjin e ri zgjedhor ne Mal t\u00eb Zi - Video - Lajme nga Ulqini","isPartOf":{"@id":"https:\/\/www.visit-ulcinj.com\/blog\/#website"},"primaryImageOfPage":{"@id":"https:\/\/www.visit-ulcinj.com\/blog\/2014\/03\/29\/nimanbegu-flet-per-ligjin-e-ri-zgjedhor-ne-mal-te-zi-video\/#primaryimage"},"datePublished":"2014-03-29T15:41:39+00:00","dateModified":"2014-03-29T15:41:39+00:00","author":{"@id":"https:\/\/www.visit-ulcinj.com\/blog\/#\/schema\/person\/dcab619c614d3038751c63bc2aadc06d"},"description":"Me propozim ligjin e ri zgjedhor, t\u00eb cilin dje e v\u00ebrtetoi Kolegiumi i kryetarit t\u00eb kuvendit, parashihet edhe aksioni afirmativ p\u00ebr pakicat n\u00eb nivelin","breadcrumb":{"@id":"https:\/\/www.visit-ulcinj.com\/blog\/2014\/03\/29\/nimanbegu-flet-per-ligjin-e-ri-zgjedhor-ne-mal-te-zi-video\/#breadcrumb"},"inLanguage":"en-US","potentialAction":[{"@type":"ReadAction","target":["https:\/\/www.visit-ulcinj.com\/blog\/2014\/03\/29\/nimanbegu-flet-per-ligjin-e-ri-zgjedhor-ne-mal-te-zi-video\/"]}]},{"@type":"BreadcrumbList","@id":"https:\/\/www.visit-ulcinj.com\/blog\/2014\/03\/29\/nimanbegu-flet-per-ligjin-e-ri-zgjedhor-ne-mal-te-zi-video\/#breadcrumb","itemListElement":[{"@type":"ListItem","position":1,"name":"Nimanbegu flet p\u00ebr ligjin e ri zgjedhor ne Mal t\u00eb Zi &#8211; Video"}]},{"@type":"Person","@id":"https:\/\/www.visit-ulcinj.com\/blog\/#\/schema\/person\/dcab619c614d3038751c63bc2aadc06d","name":"ulqini","sameAs":["http:\/\/www.visit-ulcinj.com"],"url":"https:\/\/www.visit-ulcinj.com\/blog\/author\/admin\/"}]}},"jetpack_featured_media_url":"","jetpack_sharing_enabled":true,"jetpack_shortlink":"https:\/\/wp.me\/pe6lTn-l5X","_links":{"self":[{"href":"https:\/\/www.visit-ulcinj.com\/blog\/wp-json\/wp\/v2\/posts\/81093"}],"collection":[{"href":"https:\/\/www.visit-ulcinj.com\/blog\/wp-json\/wp\/v2\/posts"}],"about":[{"href":"https:\/\/www.visit-ulcinj.com\/blog\/wp-json\/wp\/v2\/types\/post"}],"author":[{"embeddable":true,"href":"https:\/\/www.visit-ulcinj.com\/blog\/wp-json\/wp\/v2\/users\/1"}],"replies":[{"embeddable":true,"href":"https:\/\/www.visit-ulcinj.com\/blog\/wp-json\/wp\/v2\/comments?post=81093"}],"version-history":[{"count":1,"href":"https:\/\/www.visit-ulcinj.com\/blog\/wp-json\/wp\/v2\/posts\/81093\/revisions"}],"predecessor-version":[{"id":81094,"href":"https:\/\/www.visit-ulcinj.com\/blog\/wp-json\/wp\/v2\/posts\/81093\/revisions\/81094"}],"wp:attachment":[{"href":"https:\/\/www.visit-ulcinj.com\/blog\/wp-json\/wp\/v2\/media?parent=81093"}],"wp:term":[{"taxonomy":"category","embeddable":true,"href":"https:\/\/www.visit-ulcinj.com\/blog\/wp-json\/wp\/v2\/categories?post=81093"},{"taxonomy":"post_tag","embeddable":true,"href":"https:\/\/www.visit-ulcinj.com\/blog\/wp-json\/wp\/v2\/tags?post=81093"}],"curies":[{"name":"wp","href":"https:\/\/api.w.org\/{rel}","templated":true}]}}