{"id":81095,"date":"2014-03-29T17:01:37","date_gmt":"2014-03-29T16:01:37","guid":{"rendered":"http:\/\/www.visit-ulcinj.com\/blog\/?p=81095"},"modified":"2014-03-31T09:22:43","modified_gmt":"2014-03-31T08:22:43","slug":"interviste-isat-dragovojen-nga-riviera-e-ulqinit-video","status":"publish","type":"post","link":"https:\/\/www.visit-ulcinj.com\/blog\/2014\/03\/29\/interviste-isat-dragovojen-nga-riviera-e-ulqinit-video\/","title":{"rendered":"Interviste me Isat Dragovojen nga Riviera e Ulqinit &#8211; Video"},"content":{"rendered":"<p><strong><a href=\"http:\/\/www.visit-ulcinj.com\/blog\/wp-content\/uploads\/2014\/03\/Isat-Dragovoja.jpg\"><img loading=\"lazy\" class=\"alignleft  wp-image-81096\" alt=\"Isat-Dragovoja\" src=\"http:\/\/www.visit-ulcinj.com\/blog\/wp-content\/uploads\/2014\/03\/Isat-Dragovoja.jpg\" width=\"508\" height=\"360\" \/><\/a>Riviera e Ulqinit morri pjese ne Panairin e Berlinit, Beogradit dhe t\u00eb Moskv\u00ebs<\/strong><\/p>\n<p>Riviera e Ulqinit ka marr\u00eb pjes\u00eb n\u00eb Panairin nd\u00ebrkomb\u00ebtar t\u00eb Berlinit, Beogradit dhe n\u00eb Panairin nd\u00ebrkomb\u00ebtar t\u00eb Moskves , q\u00eb u zhvilluan gjat\u00eb muajit mars.<br \/>\nVendi yn\u00eb u p\u00ebrfaq\u00ebsua me an\u00eb t\u00eb nj\u00eb stende me nj\u00eb sip\u00ebrfaqe prej disa\u00a0 metrash katror nga stafi i Rivier\u00ebs s\u00eb Ulqinit.<br \/>\nTurizmi \u00ebsht\u00eb nj\u00eb treg mjaft konkurrues, q\u00eb k\u00ebrkon aft\u00ebsi menaxhuese, talent dhe nj\u00eb qeveri q\u00eb di t\u00eb mb\u00ebshtetet n\u00eb politikat e duhura. Turizmi \u00ebsht\u00eb tashm\u00eb nj\u00eb element par\u00ebsor n\u00eb rind\u00ebrtimin dhe ribalancimin e ekonomis\u00eb s\u00eb vendit ton\u00eb. Qeveria \u00a0malazeze dhe ajo vendase e konsideron zhvillimin e industris\u00eb s\u00eb turizmit si nj\u00eb nd\u00ebr tri fushat kryesore p\u00ebr zhvillimin e shpejt\u00eb dhe t\u00eb q\u00ebndruesh\u00ebm t\u00eb vendit t\u00eb Ulqinit.<br \/>\nE ve\u00e7ant\u00eb e k\u00ebtyre panaireve ishte interesi mjaft i lart\u00eb nga ana e agjencive dhe vizitor\u00ebve, t\u00eb cil\u00ebt shpreh\u00ebn nj\u00eb interes t\u00eb madh p\u00ebr t\u00eb vizituar vendin ton\u00eb. Arritje pozitive ka sh\u00ebnuar imazhi i stend\u00ebs s\u00eb turizmit\u00a0 n\u00eb Ulqin, e cila mori vler\u00ebsime t\u00eb konsideru-eshme nga nj\u00eb pjes\u00eb e vizitor\u00ebve t\u00eb saj. Gjat\u00eb \u00a0dit\u00ebve t\u00eb panairit u vu re nj\u00eb interesim mjaft i lart\u00eb si nga ana e vizitor\u00ebve t\u00eb biznesit t\u00eb p\u00ebrfaq\u00ebsuar prej kompanive t\u00eb ndryshme t\u00eb marketingut, p\u00ebrfaq\u00ebsuesve PR, mediave etj, si edhe nga ana e vizitor\u00ebve individual\u00eb, t\u00eb cil\u00ebt shpreh\u00ebn interes p\u00ebr potencialet dhe produktet turistike .<\/p>\n<p><a href=\"http:\/\/www.visit-ulcinj.com\/blog\/wp-content\/uploads\/2013\/01\/isat-dragovoja.jpg\"><img loading=\"lazy\" class=\"alignleft  wp-image-67788\" alt=\"isat-dragovoja\" src=\"http:\/\/www.visit-ulcinj.com\/blog\/wp-content\/uploads\/2013\/01\/isat-dragovoja.jpg\" width=\"300\" height=\"250\" \/><\/a>Isat Dragovoja, menaxher i shitjes n\u00eb organizat\u00ebn publike \u201cRiviera e Ulqinit\u201d, q\u00eb \u00ebsht\u00eb edhe organizata m\u00eb e madhe turistike n\u00eb Ulqin, e q\u00eb bart n\u00eb vete tri hotele, thot\u00eb se nd\u00ebrmarrja e tyre ofron mbi 1000 shtret\u00ebr. Kurse, krejt Ulqini, sektori privat dhe ai publik, llogaritet t\u00eb ken\u00eb n\u00eb dispozicion mbi 120 mij\u00eb shtret\u00ebr.<br \/>\n\u201cRiviera e Ulqinit\u201d posedon edhe fshatin turistik Ada n\u00eb Bun\u00eb me rreth 600 shtret\u00ebr. Megjith\u00ebk\u00ebt\u00eb, Dragovoja pranoi q\u00eb hotelet e tyre jan\u00eb me dy yje, dhe persin q\u00eb s\u00eb shpejti ta rrisin standardin. Kurse, p\u00ebr ofruesit privat t\u00eb shfrimeve hotelierike, cil\u00ebsia e sh\u00ebrbimeve shkon prej 2-4 yje.<br \/>\nIsak Dragovoja shpjegon se pasi q\u00eb jan\u00eb nd\u00ebrmarrje publike, e kan\u00eb pasur t\u00eb v\u00ebshtir\u00eb t\u00eb jen\u00eb konkurrent\u00eb me \u00e7mime me ofruesit privat t\u00eb sh\u00ebrbimeve t\u00eb turizmit, mir\u00ebpo me pun\u00eb kan\u00eb arritur t\u00eb jen\u00eb konkurrent\u00eb n\u00eb rajon me \u00e7mime dhe me kualitet. \u201cE kemi kriz\u00ebn ekonomike globale dhe \u00e7mimet nuk i kemi ndryshuar p\u00ebr 3 vite me radh\u00eb. \u00c7mimet sillen prej 24-31 euro gjat\u00eb muajit korrik p\u00ebr gjysm\u00eb pansioni, nd\u00ebrsa p\u00ebr muajin gusht \u00e7mimet sillen 27-36 euro. M\u00ebngjesi dhe darka jan\u00eb tavolin\u00eb suedeze\u201d, shprehet ai.<br \/>\nDragovoja si menaxher i shitjes shpjegon q\u00eb ata punojn\u00eb shum\u00eb p\u00ebr ta pasur tregun e Kosov\u00ebs, ku jan\u00eb angazhuar 15 agjenci turistike. Ai thot\u00eb se synojn\u00eb q\u00eb t\u00eb ken\u00eb s\u00eb paku 50% t\u00eb pushuesve nga Kosova.<br \/>\nP\u00ebr dallim nga hotelet, sh\u00ebrbimi n\u00eb plazh \u00ebsht\u00eb m\u00eb n\u00eb nivel. Derisa Ulqini njihet p\u00ebr dy plazhet, at\u00eb t\u00eb voglin dhe t\u00eb madhin, pushuesit nga Kosova dukej se kan\u00eb zgjedhur t\u00eb parin. Por, plazhe q\u00eb menaxhohen nga kompani private, n\u00eb plazhin e madh, tashm\u00eb kan\u00eb fituar edhe \u201cflamurin e kalt\u00ebr\u201d, si standard nd\u00ebrkomb\u00ebtar t\u00eb cil\u00ebsis\u00eb.<\/p>\n<p><strong>Ju ftojm\u00eb ta ndiqni Videon nga TV TEUTA &#8211; Hatixhe Nelaj<\/strong><\/p>\n<!--YouTube Error: bad URL entered-->\n","protected":false},"excerpt":{"rendered":"<p>Riviera e Ulqinit morri pjese ne Panairin e Berlinit, Beogradit dhe t\u00eb Moskv\u00ebs Riviera e Ulqinit ka marr\u00eb pjes\u00eb n\u00eb Panairin nd\u00ebrkomb\u00ebtar t\u00eb Berlinit, Beogradit dhe n\u00eb Panairin nd\u00ebrkomb\u00ebtar t\u00eb Moskves , q\u00eb u zhvilluan gjat\u00eb muajit mars. Vendi yn\u00eb u p\u00ebrfaq\u00ebsua me an\u00eb t\u00eb nj\u00eb stende me nj\u00eb sip\u00ebrfaqe prej disa\u00a0 metrash katror nga [&hellip;]<\/p>\n","protected":false},"author":1,"featured_media":0,"comment_status":"closed","ping_status":"closed","sticky":false,"template":"","format":"standard","meta":{"spay_email":"","jetpack_publicize_message":"","jetpack_is_tweetstorm":false,"jetpack_publicize_feature_enabled":true},"categories":[1,15],"tags":[],"jetpack_publicize_connections":[],"yoast_head":"<!-- This site is optimized with the Yoast SEO plugin v19.1 - https:\/\/yoast.com\/wordpress\/plugins\/seo\/ -->\n<title>Interviste me Isat Dragovojen nga Riviera e Ulqinit - Video - Lajme nga Ulqini<\/title>\n<meta name=\"description\" content=\"Riviera e Ulqinit morri pjese ne Panairin e Berlinit, Beogradit dhe t\u00eb Moskv\u00ebs Riviera e Ulqinit ka marr\u00eb pjes\u00eb n\u00eb Panairin nd\u00ebrkomb\u00ebtar t\u00eb Berlinit,\" \/>\n<meta name=\"robots\" content=\"index, follow, max-snippet:-1, max-image-preview:large, max-video-preview:-1\" \/>\n<link rel=\"canonical\" href=\"https:\/\/www.visit-ulcinj.com\/blog\/2014\/03\/29\/interviste-isat-dragovojen-nga-riviera-e-ulqinit-video\/\" \/>\n<meta property=\"og:locale\" content=\"en_US\" \/>\n<meta property=\"og:type\" content=\"article\" \/>\n<meta property=\"og:title\" content=\"Interviste me Isat Dragovojen nga Riviera e Ulqinit - Video - Lajme nga Ulqini\" \/>\n<meta property=\"og:description\" content=\"Riviera e Ulqinit morri pjese ne Panairin e Berlinit, Beogradit dhe t\u00eb Moskv\u00ebs Riviera e Ulqinit ka marr\u00eb pjes\u00eb n\u00eb Panairin nd\u00ebrkomb\u00ebtar t\u00eb Berlinit,\" \/>\n<meta property=\"og:url\" content=\"https:\/\/www.visit-ulcinj.com\/blog\/2014\/03\/29\/interviste-isat-dragovojen-nga-riviera-e-ulqinit-video\/\" \/>\n<meta property=\"og:site_name\" content=\"Lajme nga Ulqini\" \/>\n<meta property=\"article:published_time\" content=\"2014-03-29T16:01:37+00:00\" \/>\n<meta property=\"article:modified_time\" content=\"2014-03-31T08:22:43+00:00\" \/>\n<meta property=\"og:image\" content=\"http:\/\/www.visit-ulcinj.com\/blog\/wp-content\/uploads\/2014\/03\/Isat-Dragovoja.jpg\" \/>\n<meta name=\"twitter:label1\" content=\"Written by\" \/>\n\t<meta name=\"twitter:data1\" content=\"ulqini\" \/>\n\t<meta name=\"twitter:label2\" content=\"Est. reading time\" \/>\n\t<meta name=\"twitter:data2\" content=\"3 minutes\" \/>\n<script type=\"application\/ld+json\" class=\"yoast-schema-graph\">{\"@context\":\"https:\/\/schema.org\",\"@graph\":[{\"@type\":\"WebSite\",\"@id\":\"https:\/\/www.visit-ulcinj.com\/blog\/#website\",\"url\":\"https:\/\/www.visit-ulcinj.com\/blog\/\",\"name\":\"Lajme nga Ulqini\",\"description\":\"Lajme,Vijesti,Ulqini,Ulqin,Crna Gora,Mali i Zi\",\"potentialAction\":[{\"@type\":\"SearchAction\",\"target\":{\"@type\":\"EntryPoint\",\"urlTemplate\":\"https:\/\/www.visit-ulcinj.com\/blog\/?s={search_term_string}\"},\"query-input\":\"required name=search_term_string\"}],\"inLanguage\":\"en-US\"},{\"@type\":\"ImageObject\",\"inLanguage\":\"en-US\",\"@id\":\"https:\/\/www.visit-ulcinj.com\/blog\/2014\/03\/29\/interviste-isat-dragovojen-nga-riviera-e-ulqinit-video\/#primaryimage\",\"url\":\"https:\/\/www.visit-ulcinj.com\/blog\/wp-content\/uploads\/2014\/03\/Isat-Dragovoja.jpg\",\"contentUrl\":\"https:\/\/www.visit-ulcinj.com\/blog\/wp-content\/uploads\/2014\/03\/Isat-Dragovoja.jpg\",\"width\":525,\"height\":390},{\"@type\":\"WebPage\",\"@id\":\"https:\/\/www.visit-ulcinj.com\/blog\/2014\/03\/29\/interviste-isat-dragovojen-nga-riviera-e-ulqinit-video\/#webpage\",\"url\":\"https:\/\/www.visit-ulcinj.com\/blog\/2014\/03\/29\/interviste-isat-dragovojen-nga-riviera-e-ulqinit-video\/\",\"name\":\"Interviste me Isat Dragovojen nga Riviera e Ulqinit - Video - Lajme nga Ulqini\",\"isPartOf\":{\"@id\":\"https:\/\/www.visit-ulcinj.com\/blog\/#website\"},\"primaryImageOfPage\":{\"@id\":\"https:\/\/www.visit-ulcinj.com\/blog\/2014\/03\/29\/interviste-isat-dragovojen-nga-riviera-e-ulqinit-video\/#primaryimage\"},\"datePublished\":\"2014-03-29T16:01:37+00:00\",\"dateModified\":\"2014-03-31T08:22:43+00:00\",\"author\":{\"@id\":\"https:\/\/www.visit-ulcinj.com\/blog\/#\/schema\/person\/dcab619c614d3038751c63bc2aadc06d\"},\"description\":\"Riviera e Ulqinit morri pjese ne Panairin e Berlinit, Beogradit dhe t\u00eb Moskv\u00ebs Riviera e Ulqinit ka marr\u00eb pjes\u00eb n\u00eb Panairin nd\u00ebrkomb\u00ebtar t\u00eb Berlinit,\",\"breadcrumb\":{\"@id\":\"https:\/\/www.visit-ulcinj.com\/blog\/2014\/03\/29\/interviste-isat-dragovojen-nga-riviera-e-ulqinit-video\/#breadcrumb\"},\"inLanguage\":\"en-US\",\"potentialAction\":[{\"@type\":\"ReadAction\",\"target\":[\"https:\/\/www.visit-ulcinj.com\/blog\/2014\/03\/29\/interviste-isat-dragovojen-nga-riviera-e-ulqinit-video\/\"]}]},{\"@type\":\"BreadcrumbList\",\"@id\":\"https:\/\/www.visit-ulcinj.com\/blog\/2014\/03\/29\/interviste-isat-dragovojen-nga-riviera-e-ulqinit-video\/#breadcrumb\",\"itemListElement\":[{\"@type\":\"ListItem\",\"position\":1,\"name\":\"Interviste me Isat Dragovojen nga Riviera e Ulqinit &#8211; Video\"}]},{\"@type\":\"Person\",\"@id\":\"https:\/\/www.visit-ulcinj.com\/blog\/#\/schema\/person\/dcab619c614d3038751c63bc2aadc06d\",\"name\":\"ulqini\",\"sameAs\":[\"http:\/\/www.visit-ulcinj.com\"],\"url\":\"https:\/\/www.visit-ulcinj.com\/blog\/author\/admin\/\"}]}<\/script>\n<!-- \/ Yoast SEO plugin. -->","yoast_head_json":{"title":"Interviste me Isat Dragovojen nga Riviera e Ulqinit - Video - Lajme nga Ulqini","description":"Riviera e Ulqinit morri pjese ne Panairin e Berlinit, Beogradit dhe t\u00eb Moskv\u00ebs Riviera e Ulqinit ka marr\u00eb pjes\u00eb n\u00eb Panairin nd\u00ebrkomb\u00ebtar t\u00eb Berlinit,","robots":{"index":"index","follow":"follow","max-snippet":"max-snippet:-1","max-image-preview":"max-image-preview:large","max-video-preview":"max-video-preview:-1"},"canonical":"https:\/\/www.visit-ulcinj.com\/blog\/2014\/03\/29\/interviste-isat-dragovojen-nga-riviera-e-ulqinit-video\/","og_locale":"en_US","og_type":"article","og_title":"Interviste me Isat Dragovojen nga Riviera e Ulqinit - Video - Lajme nga Ulqini","og_description":"Riviera e Ulqinit morri pjese ne Panairin e Berlinit, Beogradit dhe t\u00eb Moskv\u00ebs Riviera e Ulqinit ka marr\u00eb pjes\u00eb n\u00eb Panairin nd\u00ebrkomb\u00ebtar t\u00eb Berlinit,","og_url":"https:\/\/www.visit-ulcinj.com\/blog\/2014\/03\/29\/interviste-isat-dragovojen-nga-riviera-e-ulqinit-video\/","og_site_name":"Lajme nga Ulqini","article_published_time":"2014-03-29T16:01:37+00:00","article_modified_time":"2014-03-31T08:22:43+00:00","og_image":[{"url":"http:\/\/www.visit-ulcinj.com\/blog\/wp-content\/uploads\/2014\/03\/Isat-Dragovoja.jpg"}],"twitter_misc":{"Written by":"ulqini","Est. reading time":"3 minutes"},"schema":{"@context":"https:\/\/schema.org","@graph":[{"@type":"WebSite","@id":"https:\/\/www.visit-ulcinj.com\/blog\/#website","url":"https:\/\/www.visit-ulcinj.com\/blog\/","name":"Lajme nga Ulqini","description":"Lajme,Vijesti,Ulqini,Ulqin,Crna Gora,Mali i Zi","potentialAction":[{"@type":"SearchAction","target":{"@type":"EntryPoint","urlTemplate":"https:\/\/www.visit-ulcinj.com\/blog\/?s={search_term_string}"},"query-input":"required name=search_term_string"}],"inLanguage":"en-US"},{"@type":"ImageObject","inLanguage":"en-US","@id":"https:\/\/www.visit-ulcinj.com\/blog\/2014\/03\/29\/interviste-isat-dragovojen-nga-riviera-e-ulqinit-video\/#primaryimage","url":"https:\/\/www.visit-ulcinj.com\/blog\/wp-content\/uploads\/2014\/03\/Isat-Dragovoja.jpg","contentUrl":"https:\/\/www.visit-ulcinj.com\/blog\/wp-content\/uploads\/2014\/03\/Isat-Dragovoja.jpg","width":525,"height":390},{"@type":"WebPage","@id":"https:\/\/www.visit-ulcinj.com\/blog\/2014\/03\/29\/interviste-isat-dragovojen-nga-riviera-e-ulqinit-video\/#webpage","url":"https:\/\/www.visit-ulcinj.com\/blog\/2014\/03\/29\/interviste-isat-dragovojen-nga-riviera-e-ulqinit-video\/","name":"Interviste me Isat Dragovojen nga Riviera e Ulqinit - Video - Lajme nga Ulqini","isPartOf":{"@id":"https:\/\/www.visit-ulcinj.com\/blog\/#website"},"primaryImageOfPage":{"@id":"https:\/\/www.visit-ulcinj.com\/blog\/2014\/03\/29\/interviste-isat-dragovojen-nga-riviera-e-ulqinit-video\/#primaryimage"},"datePublished":"2014-03-29T16:01:37+00:00","dateModified":"2014-03-31T08:22:43+00:00","author":{"@id":"https:\/\/www.visit-ulcinj.com\/blog\/#\/schema\/person\/dcab619c614d3038751c63bc2aadc06d"},"description":"Riviera e Ulqinit morri pjese ne Panairin e Berlinit, Beogradit dhe t\u00eb Moskv\u00ebs Riviera e Ulqinit ka marr\u00eb pjes\u00eb n\u00eb Panairin nd\u00ebrkomb\u00ebtar t\u00eb Berlinit,","breadcrumb":{"@id":"https:\/\/www.visit-ulcinj.com\/blog\/2014\/03\/29\/interviste-isat-dragovojen-nga-riviera-e-ulqinit-video\/#breadcrumb"},"inLanguage":"en-US","potentialAction":[{"@type":"ReadAction","target":["https:\/\/www.visit-ulcinj.com\/blog\/2014\/03\/29\/interviste-isat-dragovojen-nga-riviera-e-ulqinit-video\/"]}]},{"@type":"BreadcrumbList","@id":"https:\/\/www.visit-ulcinj.com\/blog\/2014\/03\/29\/interviste-isat-dragovojen-nga-riviera-e-ulqinit-video\/#breadcrumb","itemListElement":[{"@type":"ListItem","position":1,"name":"Interviste me Isat Dragovojen nga Riviera e Ulqinit &#8211; Video"}]},{"@type":"Person","@id":"https:\/\/www.visit-ulcinj.com\/blog\/#\/schema\/person\/dcab619c614d3038751c63bc2aadc06d","name":"ulqini","sameAs":["http:\/\/www.visit-ulcinj.com"],"url":"https:\/\/www.visit-ulcinj.com\/blog\/author\/admin\/"}]}},"jetpack_featured_media_url":"","jetpack_sharing_enabled":true,"jetpack_shortlink":"https:\/\/wp.me\/pe6lTn-l5Z","_links":{"self":[{"href":"https:\/\/www.visit-ulcinj.com\/blog\/wp-json\/wp\/v2\/posts\/81095"}],"collection":[{"href":"https:\/\/www.visit-ulcinj.com\/blog\/wp-json\/wp\/v2\/posts"}],"about":[{"href":"https:\/\/www.visit-ulcinj.com\/blog\/wp-json\/wp\/v2\/types\/post"}],"author":[{"embeddable":true,"href":"https:\/\/www.visit-ulcinj.com\/blog\/wp-json\/wp\/v2\/users\/1"}],"replies":[{"embeddable":true,"href":"https:\/\/www.visit-ulcinj.com\/blog\/wp-json\/wp\/v2\/comments?post=81095"}],"version-history":[{"count":1,"href":"https:\/\/www.visit-ulcinj.com\/blog\/wp-json\/wp\/v2\/posts\/81095\/revisions"}],"predecessor-version":[{"id":81097,"href":"https:\/\/www.visit-ulcinj.com\/blog\/wp-json\/wp\/v2\/posts\/81095\/revisions\/81097"}],"wp:attachment":[{"href":"https:\/\/www.visit-ulcinj.com\/blog\/wp-json\/wp\/v2\/media?parent=81095"}],"wp:term":[{"taxonomy":"category","embeddable":true,"href":"https:\/\/www.visit-ulcinj.com\/blog\/wp-json\/wp\/v2\/categories?post=81095"},{"taxonomy":"post_tag","embeddable":true,"href":"https:\/\/www.visit-ulcinj.com\/blog\/wp-json\/wp\/v2\/tags?post=81095"}],"curies":[{"name":"wp","href":"https:\/\/api.w.org\/{rel}","templated":true}]}}