{"id":81110,"date":"2014-03-30T17:30:15","date_gmt":"2014-03-30T16:30:15","guid":{"rendered":"http:\/\/www.visit-ulcinj.com\/blog\/?p=81110"},"modified":"2014-03-31T09:14:50","modified_gmt":"2014-03-31T08:14:50","slug":"69-vjetori-masakres-se-tivarit","status":"publish","type":"post","link":"https:\/\/www.visit-ulcinj.com\/blog\/2014\/03\/30\/69-vjetori-masakres-se-tivarit\/","title":{"rendered":"69 vjetori i masakr\u00ebs s\u00eb Tivarit &#8211; Video"},"content":{"rendered":"<p><strong><a href=\"http:\/\/www.visit-ulcinj.com\/blog\/wp-content\/uploads\/2014\/03\/masakra-tivarit.jpg\"><img loading=\"lazy\" class=\"alignleft  wp-image-81111\" alt=\"masakra-tivarit\" src=\"http:\/\/www.visit-ulcinj.com\/blog\/wp-content\/uploads\/2014\/03\/masakra-tivarit.jpg\" width=\"508\" height=\"347\" \/><\/a>Sot b\u00ebhen 69 vjet nga masakra m\u00eb e madhe q\u00eb u b\u00eb ndaj shqiptar\u00ebve. Vitin 1945, do t\u00eb kujtohet edhe p\u00ebr shum\u00eb vite t\u00eb tjera edhe pse institucionet e kan\u00eb harruar k\u00ebt\u00eb ngjarje.<\/strong><\/p>\n<p>Totalitarizmi q\u00eb p\u00ebrfshiu Evrop\u00ebn n\u00eb shekullin e kaluar ka len\u00eb gjurm\u00eb t\u00eb thell\u00eb e t\u00eb paharrueshme n\u00eb kujtes\u00ebn e njer\u00ebzimit.<\/p>\n<p>M\u00eb posht\u00eb po ua sjellim nj\u00eb historik t\u00eb shkurt\u00ebr rreth k\u00ebsaj ngjarje.<\/p>\n<p>Tivari, varri m\u00eb i madh masiv i shqiptar\u00ebve<\/p>\n<p>Ishte viti i madh 1945. Lufta Nacional\u00e7lirimtare apo Lufta e Dyt\u00eb Bot\u00ebrore sapo kishte p\u00ebrfunduar edhe n\u00eb Kosov\u00eb. Populli shqiptar, i gjendur dhe i rivendosur pa d\u00ebshir\u00ebn e tij n\u00eb kreatur\u00ebn shtet\u00ebrore t\u00eb quajtur Jugosllavi, megjithat\u00eb shpresonte se gjendja e tij do t\u00eb ndryshonte rr\u00ebnj\u00ebsisht n\u00eb krahasim me paraluft\u00ebn. Shpresonte p\u00ebr bashkimin me shtetin am\u00eb dhe shpresonte p\u00ebr lirin\u00eb e fituar n\u00eb luft\u00eb me gjak. Por, n\u00eb vend se ta g\u00ebzonte lirin\u00eb e fituar, regjimi serb kishte planifikuar e realizuar masakra masive kudo. Pranvera e atij viti kishte ardhur e zez\u00eb si nata, sk\u00ebterr\u00eb. Num\u00ebroheshin nj\u00ebra pas tjetr\u00ebs masakrat, vrasjet masive, burgosjet dhe pla\u00e7kitjet e nj\u00eb populli t\u00eb lodhur nga lufta, nga varf\u00ebria dhe nga rob\u00ebria e gjat\u00eb.<\/p>\n<p>N\u00eb dimrin e ftoht\u00eb t\u00eb vitit 1945 \u201c\u00e7lirimtar\u00ebt\u201d jugosllav\u00eb iu kishin v\u00ebrsulur nga t\u00eb gjitha an\u00ebt Kosov\u00ebs dhe viseve tjera shqiptare p\u00ebr t\u2019i g\u00eblltitur ato. Kurse, p\u00ebr ta b\u00ebr\u00eb gllab\u00ebrimin m\u00eb t\u00eb leht\u00eb, nj\u00ebsit\u00eb vendore partizane, si aradhat, \u00e7etat, batalionet e brigadat, ishin d\u00ebrguar n\u00eb frontet e luft\u00ebs jasht\u00eb vendit, kudo n\u00ebp\u00ebr Jugosllavi, gjoja p\u00ebr t\u2019i plot\u00ebsuar nj\u00ebsit\u00eb partizane t\u00eb Ushtris\u00eb Naconal\u00e7lirimtare t\u00eb Jugosllavis\u00eb. Pos k\u00ebsaj, regjimi i ri jugosllav kishte mobilizuar dhunsh\u00ebm edhe dhjet\u00ebra mij\u00ebra shqiptar\u00eb t\u00eb tjer\u00eb p\u00ebr t\u2019i d\u00ebrguar ata n\u00eb frontet e luft\u00ebs n\u00eb Dalmaci, n\u00eb Srem e kudo n\u00ebp\u00ebr Jugosllavi. Por, n\u00eb vend se n\u00eb frontet e luft\u00ebs, n\u00eb muajt mars &#8211; prill 1945, shovinist\u00ebt serb\u00eb, maqedonas e malazez kryen vrasje monstruoze e masakra t\u00eb papara mbi ushtar\u00ebt \u2013 rekrut\u00ebt duarthat\u00eb shqiptar\u00eb.<\/p>\n<p>Regjimi serb \u2013 jugosllav m\u00eb 8 shkurt 1945 vet\u00ebm n\u00eb Kosov\u00eb kishte vendosur administrat\u00eb ushtarake, e cila udh\u00ebhiqej plot\u00ebsisht nga ushtarak\u00ebt serbo \u2013 malazez\u00eb. Me urdh\u00ebr t\u00eb ve\u00e7ant\u00eb t\u00eb kreut ushtarak jugosllav, kishte filluar edhe mobilizimin e dhunsh\u00ebm t\u00eb shqiptar\u00ebve. T\u00eb mobilizuarit ishin ndar\u00eb n\u00eb dy pjes\u00eb; nj\u00eb pjes\u00eb u d\u00ebrgua n\u00eb Frontin e Sremit, kurse pjesa tjet\u00ebr n\u00eb Frontin e Adriatikut (mbi 22 mij\u00eb ushtar\u00eb). Pjesa e dyt\u00eb e t\u00eb mobilizuarve apo e rekrut\u00ebve shqiptar\u00eb u grumbulluan fillimisht n\u00eb Prizren, ku q\u00ebndruan disa dit\u00eb, ku u \u00e7armatos\u00ebn dhe ku u ndan\u00eb n\u00eb eshalone e nj\u00ebsi tjera ushtarake. Pastaj vazhduan rrug\u00ebn drejt Tivarit, n\u00ebp\u00ebr Kuk\u00ebs, Fush\u00eb-Arr\u00ebs, Puk\u00eb e Shkod\u00ebr, por me komand\u00ebn serbe t\u00eb Divizionit 46-t\u00eb t\u00eb Serbis\u00eb. Gjat\u00eb rrug\u00ebs k\u00ebmb\u00eb e n\u00ebp\u00ebr t\u00eb ftoht\u00eb, pa ushqim dhe duke mos lejuar ta shuanin etjen, u vran\u00eb disa qindra ushtar\u00eb shqiptar\u00eb. Me t\u00eb arritur n\u00eb Tivar, m\u00eb 1 prill 1945, pasoi nj\u00eb masakrim masiv i ushtar\u00ebve \u2013 rekrut\u00eb shqiptar\u00eb. Aty jan\u00eb vrar\u00eb, pa asnj\u00eb shkak, sipas disa sh\u00ebnimeve, mbi kat\u00ebr mij\u00eb ushtar\u00eb. M\u00eb 18 prill, me nj\u00eb metod\u00eb tjet\u00ebr, at\u00eb t\u00eb ngulfatjes me gaz helmues, n\u00eb Raguz\u00eb (Dubrovnik), jan\u00eb vrar\u00eb edhe 1300 shqiptar\u00eb t\u00eb tjer\u00eb. N\u00eb qytetin e Tregurit (Trogirit) n\u00eb Dalmaci u mbyt\u00ebn n\u00eb det, pas fundosjes me nj\u00eb anije, s\u00eb paku 29 shqiptar\u00eb \u2013 ushtar\u00eb rekrut\u00eb. Numri i sakt\u00eb i ushtar\u00ebve \u2013 rekrut\u00ebve shqiptar\u00eb t\u00eb vrar\u00eb gjat\u00eb rrug\u00ebs n\u00ebp\u00ebr territorin shqiptar, n\u00eb qytetet e Tivarit, t\u00eb Raguz\u00ebs e t\u00eb Tregurit, asnj\u00ebher\u00eb nuk \u00ebsht\u00eb m\u00ebsuar.<\/p>\n<p>Politika e pushtetmbajt\u00ebsve t\u00eb rinj serb\u00eb \u2013 jugosllav\u00eb nuk ndryshonte thuajse aspak nga politika shfaros\u00ebse e regjimeve serbe t\u00eb paraluft\u00ebs. Shqiptar\u00ebt akuzoheshin padrejt\u00ebsisht. Ndaj tyre udh\u00ebheqja politike e ushtarake serbe, malazeze e maqedonase kishte krijuar nj\u00eb q\u00ebndrim tendencioz dhe disponim thell\u00ebsisht armiq\u00ebsor, q\u00eb reflektonte m\u00eb vo n\u00eb, gjat\u00eb t\u00eb gjitha zhvillimeve politike p\u00ebr Kosov\u00ebn, me veprime t\u00eb padrejta, me veprime shoviniste e fashiste; duke e \u201czhvler\u00ebsuar\u201d Rezolut\u00ebn e Bujanit, duke vendosur administrat\u00eb ushtarake, duke e manipuluar e dhunuar vot\u00ebn n\u00eb Konferenc\u00ebn e Prizrenit, duke d\u00ebrguar n\u00eb Kosov\u00eb nj\u00ebsi ushtarake nga Serbia e nga Maqedonia p\u00ebr t\u00eb b\u00ebr\u00eb krime, duke e \u00e7armatosur popullsin\u00eb vendore, duke b\u00ebr\u00eb arrestime t\u00eb shumta, duke hapur dosje p\u00ebr secilin intelektual dhe shqiptar patriot, duke i eliminuar shqiptar\u00ebt nga pushteti dhe administrata, duke e b\u00ebr\u00eb mobilizimin e dhunsh\u00ebm vet\u00ebm t\u00eb shqiptar\u00ebve, duke masakruar ushtar\u00ebt &#8211; rekrut\u00ebt e mobilizuar, por edhe popullsin\u00eb duarthat\u00eb, duke i d\u00ebrguar shqiptar\u00ebt n\u00ebp\u00ebr frontet e luft\u00ebs jasht\u00eb Kosov\u00ebs e p\u00ebr t\u2019i p\u00ebrdorur ata si \u201cmish p\u00ebr top\u201d, duke i detyruar t\u00eb shp\u00ebrnguleshin n\u00eb Turqi&#8230;<\/p>\n<p>Ishte th\u00ebn\u00eb se mobilizimi po b\u00ebhej p\u00ebr plot\u00ebsimin e nj\u00ebsive ushtarake t\u00eb Armat\u00ebs Popullore t\u00eb Jugosll avis\u00eb p\u00ebr pjes\u00ebmarrje n\u00eb operacionet \u00e7lirimtare. Por, t\u00eb mobilizuarit shqiptar\u00eb nga Kosova dhe pjesa shqiptare e Maqedonis\u00eb nuk u d\u00ebrguan n\u00eb frontet e luft\u00ebs, as n\u00eb operacionet p\u00ebr \u00e7lirimin e Jugosllavis\u00eb. Ata, n\u00eb vend se n\u00eb frontet e luft\u00ebs, u vran\u00eb nga epror\u00ebt e tyre, nga komanduesit e tyre, duke p\u00ebrjetuar golgot\u00ebn e vuajtjeve t\u00eb pambarim e t\u00eb vrasjeve t\u00eb pashembullta n\u00eb histori, si gjat\u00eb rrug\u00ebtimit \u201cp\u00ebr n\u00eb frontet e luft\u00ebs\u201d, ashtu edhe n\u00eb vendet (e planifikuara) p\u00ebr vrasjen masive t\u00eb tyre; n\u00eb Tivar, n\u00eb Raguz\u00eb, n\u00eb Tregur&#8230;<\/p>\n<p>T\u00eb mobilizuarit shqiptar\u00eb \u2013 rekrut\u00ebt e \u00e7armatosur kishin mbetur rrug\u00ebve, kishin mbetur n\u00ebn komand\u00ebn dhe n\u00ebn m\u00ebshir\u00ebn e epror\u00ebve dhe t\u00eb ushtar\u00ebve serb\u00eb. Ata ishin t\u00eb k\u00ebputur e t\u00eb lodhur, t\u00eb uritur e t\u00eb etsh\u00ebm, pa ushqim, pa kujdes dhe n\u00eb kushte tep\u00ebr t\u00eb v\u00ebshtira. Prandaj, vrasjet masive n\u00eb Tivar, n\u00eb Raguz\u00eb e n\u00eb Tregur kishin p\u00ebrmasa t\u00eb krimeve t\u00eb papara e tep\u00ebr monstruoze, kishin p \u00ebrmasa t\u00eb masakrave e t\u00eb gjenocidit. K\u00ebto vrasje nuk mund t\u00eb cil\u00ebsohen ndryshe, pos si shfryrje t\u00eb epsheve shoviniste e fashiste t\u00eb kreut ushtarak e politik jugosllav, e ve\u00e7an\u00ebrisht t\u00eb kreut serb, malazez dhe maqedonas, p\u00ebrgjegj\u00ebs t\u00eb drejtp\u00ebrdrejt\u00eb t\u00eb k\u00ebtyre ngjarjeve tragjike.<\/p>\n<p>&nbsp;<\/p>\n<p><strong>Ora News<\/strong><\/p>\n<!--YouTube Error: bad URL entered-->\n","protected":false},"excerpt":{"rendered":"<p>Sot b\u00ebhen 69 vjet nga masakra m\u00eb e madhe q\u00eb u b\u00eb ndaj shqiptar\u00ebve. Vitin 1945, do t\u00eb kujtohet edhe p\u00ebr shum\u00eb vite t\u00eb tjera edhe pse institucionet e kan\u00eb harruar k\u00ebt\u00eb ngjarje. Totalitarizmi q\u00eb p\u00ebrfshiu Evrop\u00ebn n\u00eb shekullin e kaluar ka len\u00eb gjurm\u00eb t\u00eb thell\u00eb e t\u00eb paharrueshme n\u00eb kujtes\u00ebn e njer\u00ebzimit. M\u00eb posht\u00eb [&hellip;]<\/p>\n","protected":false},"author":1,"featured_media":0,"comment_status":"closed","ping_status":"closed","sticky":false,"template":"","format":"standard","meta":{"spay_email":"","jetpack_publicize_message":"","jetpack_is_tweetstorm":false,"jetpack_publicize_feature_enabled":true},"categories":[14],"tags":[],"jetpack_publicize_connections":[],"yoast_head":"<!-- This site is optimized with the Yoast SEO plugin v19.1 - https:\/\/yoast.com\/wordpress\/plugins\/seo\/ -->\n<title>69 vjetori i masakr\u00ebs s\u00eb Tivarit - Video - Lajme nga Ulqini<\/title>\n<meta name=\"description\" content=\"Sot b\u00ebhen 69 vjet nga masakra m\u00eb e madhe q\u00eb u b\u00eb ndaj shqiptar\u00ebve. Vitin 1945, do t\u00eb kujtohet edhe p\u00ebr shum\u00eb vite t\u00eb tjera edhe pse institucionet e kan\u00eb\" \/>\n<meta name=\"robots\" content=\"index, follow, max-snippet:-1, max-image-preview:large, max-video-preview:-1\" \/>\n<link rel=\"canonical\" href=\"https:\/\/www.visit-ulcinj.com\/blog\/2014\/03\/30\/69-vjetori-masakres-se-tivarit\/\" \/>\n<meta property=\"og:locale\" content=\"en_US\" \/>\n<meta property=\"og:type\" content=\"article\" \/>\n<meta property=\"og:title\" content=\"69 vjetori i masakr\u00ebs s\u00eb Tivarit - Video - Lajme nga Ulqini\" \/>\n<meta property=\"og:description\" content=\"Sot b\u00ebhen 69 vjet nga masakra m\u00eb e madhe q\u00eb u b\u00eb ndaj shqiptar\u00ebve. Vitin 1945, do t\u00eb kujtohet edhe p\u00ebr shum\u00eb vite t\u00eb tjera edhe pse institucionet e kan\u00eb\" \/>\n<meta property=\"og:url\" content=\"https:\/\/www.visit-ulcinj.com\/blog\/2014\/03\/30\/69-vjetori-masakres-se-tivarit\/\" \/>\n<meta property=\"og:site_name\" content=\"Lajme nga Ulqini\" \/>\n<meta property=\"article:published_time\" content=\"2014-03-30T16:30:15+00:00\" \/>\n<meta property=\"article:modified_time\" content=\"2014-03-31T08:14:50+00:00\" \/>\n<meta property=\"og:image\" content=\"http:\/\/www.visit-ulcinj.com\/blog\/wp-content\/uploads\/2014\/03\/masakra-tivarit.jpg\" \/>\n<meta name=\"twitter:label1\" content=\"Written by\" \/>\n\t<meta name=\"twitter:data1\" content=\"ulqini\" \/>\n\t<meta name=\"twitter:label2\" content=\"Est. reading time\" \/>\n\t<meta name=\"twitter:data2\" content=\"6 minutes\" \/>\n<script type=\"application\/ld+json\" class=\"yoast-schema-graph\">{\"@context\":\"https:\/\/schema.org\",\"@graph\":[{\"@type\":\"WebSite\",\"@id\":\"https:\/\/www.visit-ulcinj.com\/blog\/#website\",\"url\":\"https:\/\/www.visit-ulcinj.com\/blog\/\",\"name\":\"Lajme nga Ulqini\",\"description\":\"Lajme,Vijesti,Ulqini,Ulqin,Crna Gora,Mali i Zi\",\"potentialAction\":[{\"@type\":\"SearchAction\",\"target\":{\"@type\":\"EntryPoint\",\"urlTemplate\":\"https:\/\/www.visit-ulcinj.com\/blog\/?s={search_term_string}\"},\"query-input\":\"required name=search_term_string\"}],\"inLanguage\":\"en-US\"},{\"@type\":\"ImageObject\",\"inLanguage\":\"en-US\",\"@id\":\"https:\/\/www.visit-ulcinj.com\/blog\/2014\/03\/30\/69-vjetori-masakres-se-tivarit\/#primaryimage\",\"url\":\"https:\/\/www.visit-ulcinj.com\/blog\/wp-content\/uploads\/2014\/03\/masakra-tivarit.jpg\",\"contentUrl\":\"https:\/\/www.visit-ulcinj.com\/blog\/wp-content\/uploads\/2014\/03\/masakra-tivarit.jpg\",\"width\":633,\"height\":347},{\"@type\":\"WebPage\",\"@id\":\"https:\/\/www.visit-ulcinj.com\/blog\/2014\/03\/30\/69-vjetori-masakres-se-tivarit\/#webpage\",\"url\":\"https:\/\/www.visit-ulcinj.com\/blog\/2014\/03\/30\/69-vjetori-masakres-se-tivarit\/\",\"name\":\"69 vjetori i masakr\u00ebs s\u00eb Tivarit - Video - Lajme nga Ulqini\",\"isPartOf\":{\"@id\":\"https:\/\/www.visit-ulcinj.com\/blog\/#website\"},\"primaryImageOfPage\":{\"@id\":\"https:\/\/www.visit-ulcinj.com\/blog\/2014\/03\/30\/69-vjetori-masakres-se-tivarit\/#primaryimage\"},\"datePublished\":\"2014-03-30T16:30:15+00:00\",\"dateModified\":\"2014-03-31T08:14:50+00:00\",\"author\":{\"@id\":\"https:\/\/www.visit-ulcinj.com\/blog\/#\/schema\/person\/dcab619c614d3038751c63bc2aadc06d\"},\"description\":\"Sot b\u00ebhen 69 vjet nga masakra m\u00eb e madhe q\u00eb u b\u00eb ndaj shqiptar\u00ebve. Vitin 1945, do t\u00eb kujtohet edhe p\u00ebr shum\u00eb vite t\u00eb tjera edhe pse institucionet e kan\u00eb\",\"breadcrumb\":{\"@id\":\"https:\/\/www.visit-ulcinj.com\/blog\/2014\/03\/30\/69-vjetori-masakres-se-tivarit\/#breadcrumb\"},\"inLanguage\":\"en-US\",\"potentialAction\":[{\"@type\":\"ReadAction\",\"target\":[\"https:\/\/www.visit-ulcinj.com\/blog\/2014\/03\/30\/69-vjetori-masakres-se-tivarit\/\"]}]},{\"@type\":\"BreadcrumbList\",\"@id\":\"https:\/\/www.visit-ulcinj.com\/blog\/2014\/03\/30\/69-vjetori-masakres-se-tivarit\/#breadcrumb\",\"itemListElement\":[{\"@type\":\"ListItem\",\"position\":1,\"name\":\"69 vjetori i masakr\u00ebs s\u00eb Tivarit &#8211; Video\"}]},{\"@type\":\"Person\",\"@id\":\"https:\/\/www.visit-ulcinj.com\/blog\/#\/schema\/person\/dcab619c614d3038751c63bc2aadc06d\",\"name\":\"ulqini\",\"sameAs\":[\"http:\/\/www.visit-ulcinj.com\"],\"url\":\"https:\/\/www.visit-ulcinj.com\/blog\/author\/admin\/\"}]}<\/script>\n<!-- \/ Yoast SEO plugin. -->","yoast_head_json":{"title":"69 vjetori i masakr\u00ebs s\u00eb Tivarit - Video - Lajme nga Ulqini","description":"Sot b\u00ebhen 69 vjet nga masakra m\u00eb e madhe q\u00eb u b\u00eb ndaj shqiptar\u00ebve. Vitin 1945, do t\u00eb kujtohet edhe p\u00ebr shum\u00eb vite t\u00eb tjera edhe pse institucionet e kan\u00eb","robots":{"index":"index","follow":"follow","max-snippet":"max-snippet:-1","max-image-preview":"max-image-preview:large","max-video-preview":"max-video-preview:-1"},"canonical":"https:\/\/www.visit-ulcinj.com\/blog\/2014\/03\/30\/69-vjetori-masakres-se-tivarit\/","og_locale":"en_US","og_type":"article","og_title":"69 vjetori i masakr\u00ebs s\u00eb Tivarit - Video - Lajme nga Ulqini","og_description":"Sot b\u00ebhen 69 vjet nga masakra m\u00eb e madhe q\u00eb u b\u00eb ndaj shqiptar\u00ebve. Vitin 1945, do t\u00eb kujtohet edhe p\u00ebr shum\u00eb vite t\u00eb tjera edhe pse institucionet e kan\u00eb","og_url":"https:\/\/www.visit-ulcinj.com\/blog\/2014\/03\/30\/69-vjetori-masakres-se-tivarit\/","og_site_name":"Lajme nga Ulqini","article_published_time":"2014-03-30T16:30:15+00:00","article_modified_time":"2014-03-31T08:14:50+00:00","og_image":[{"url":"http:\/\/www.visit-ulcinj.com\/blog\/wp-content\/uploads\/2014\/03\/masakra-tivarit.jpg"}],"twitter_misc":{"Written by":"ulqini","Est. reading time":"6 minutes"},"schema":{"@context":"https:\/\/schema.org","@graph":[{"@type":"WebSite","@id":"https:\/\/www.visit-ulcinj.com\/blog\/#website","url":"https:\/\/www.visit-ulcinj.com\/blog\/","name":"Lajme nga Ulqini","description":"Lajme,Vijesti,Ulqini,Ulqin,Crna Gora,Mali i Zi","potentialAction":[{"@type":"SearchAction","target":{"@type":"EntryPoint","urlTemplate":"https:\/\/www.visit-ulcinj.com\/blog\/?s={search_term_string}"},"query-input":"required name=search_term_string"}],"inLanguage":"en-US"},{"@type":"ImageObject","inLanguage":"en-US","@id":"https:\/\/www.visit-ulcinj.com\/blog\/2014\/03\/30\/69-vjetori-masakres-se-tivarit\/#primaryimage","url":"https:\/\/www.visit-ulcinj.com\/blog\/wp-content\/uploads\/2014\/03\/masakra-tivarit.jpg","contentUrl":"https:\/\/www.visit-ulcinj.com\/blog\/wp-content\/uploads\/2014\/03\/masakra-tivarit.jpg","width":633,"height":347},{"@type":"WebPage","@id":"https:\/\/www.visit-ulcinj.com\/blog\/2014\/03\/30\/69-vjetori-masakres-se-tivarit\/#webpage","url":"https:\/\/www.visit-ulcinj.com\/blog\/2014\/03\/30\/69-vjetori-masakres-se-tivarit\/","name":"69 vjetori i masakr\u00ebs s\u00eb Tivarit - Video - Lajme nga Ulqini","isPartOf":{"@id":"https:\/\/www.visit-ulcinj.com\/blog\/#website"},"primaryImageOfPage":{"@id":"https:\/\/www.visit-ulcinj.com\/blog\/2014\/03\/30\/69-vjetori-masakres-se-tivarit\/#primaryimage"},"datePublished":"2014-03-30T16:30:15+00:00","dateModified":"2014-03-31T08:14:50+00:00","author":{"@id":"https:\/\/www.visit-ulcinj.com\/blog\/#\/schema\/person\/dcab619c614d3038751c63bc2aadc06d"},"description":"Sot b\u00ebhen 69 vjet nga masakra m\u00eb e madhe q\u00eb u b\u00eb ndaj shqiptar\u00ebve. Vitin 1945, do t\u00eb kujtohet edhe p\u00ebr shum\u00eb vite t\u00eb tjera edhe pse institucionet e kan\u00eb","breadcrumb":{"@id":"https:\/\/www.visit-ulcinj.com\/blog\/2014\/03\/30\/69-vjetori-masakres-se-tivarit\/#breadcrumb"},"inLanguage":"en-US","potentialAction":[{"@type":"ReadAction","target":["https:\/\/www.visit-ulcinj.com\/blog\/2014\/03\/30\/69-vjetori-masakres-se-tivarit\/"]}]},{"@type":"BreadcrumbList","@id":"https:\/\/www.visit-ulcinj.com\/blog\/2014\/03\/30\/69-vjetori-masakres-se-tivarit\/#breadcrumb","itemListElement":[{"@type":"ListItem","position":1,"name":"69 vjetori i masakr\u00ebs s\u00eb Tivarit &#8211; Video"}]},{"@type":"Person","@id":"https:\/\/www.visit-ulcinj.com\/blog\/#\/schema\/person\/dcab619c614d3038751c63bc2aadc06d","name":"ulqini","sameAs":["http:\/\/www.visit-ulcinj.com"],"url":"https:\/\/www.visit-ulcinj.com\/blog\/author\/admin\/"}]}},"jetpack_featured_media_url":"","jetpack_sharing_enabled":true,"jetpack_shortlink":"https:\/\/wp.me\/pe6lTn-l6e","_links":{"self":[{"href":"https:\/\/www.visit-ulcinj.com\/blog\/wp-json\/wp\/v2\/posts\/81110"}],"collection":[{"href":"https:\/\/www.visit-ulcinj.com\/blog\/wp-json\/wp\/v2\/posts"}],"about":[{"href":"https:\/\/www.visit-ulcinj.com\/blog\/wp-json\/wp\/v2\/types\/post"}],"author":[{"embeddable":true,"href":"https:\/\/www.visit-ulcinj.com\/blog\/wp-json\/wp\/v2\/users\/1"}],"replies":[{"embeddable":true,"href":"https:\/\/www.visit-ulcinj.com\/blog\/wp-json\/wp\/v2\/comments?post=81110"}],"version-history":[{"count":3,"href":"https:\/\/www.visit-ulcinj.com\/blog\/wp-json\/wp\/v2\/posts\/81110\/revisions"}],"predecessor-version":[{"id":81114,"href":"https:\/\/www.visit-ulcinj.com\/blog\/wp-json\/wp\/v2\/posts\/81110\/revisions\/81114"}],"wp:attachment":[{"href":"https:\/\/www.visit-ulcinj.com\/blog\/wp-json\/wp\/v2\/media?parent=81110"}],"wp:term":[{"taxonomy":"category","embeddable":true,"href":"https:\/\/www.visit-ulcinj.com\/blog\/wp-json\/wp\/v2\/categories?post=81110"},{"taxonomy":"post_tag","embeddable":true,"href":"https:\/\/www.visit-ulcinj.com\/blog\/wp-json\/wp\/v2\/tags?post=81110"}],"curies":[{"name":"wp","href":"https:\/\/api.w.org\/{rel}","templated":true}]}}