{"id":81169,"date":"2014-04-01T19:12:53","date_gmt":"2014-04-01T18:12:53","guid":{"rendered":"http:\/\/www.visit-ulcinj.com\/blog\/?p=81169"},"modified":"2014-04-01T19:13:10","modified_gmt":"2014-04-01T18:13:10","slug":"perfaqesim-joadekuat-shqiptareve-ne-arsim-e-shendetesi-te-malit-te-zi","status":"publish","type":"post","link":"https:\/\/www.visit-ulcinj.com\/blog\/2014\/04\/01\/perfaqesim-joadekuat-shqiptareve-ne-arsim-e-shendetesi-te-malit-te-zi\/","title":{"rendered":"P\u00ebrfaq\u00ebsim joadekuat i shqiptar\u00ebve n\u00eb arsim e sh\u00ebndet\u00ebsi t\u00eb Malit t\u00eb Zi"},"content":{"rendered":"<p><strong><a href=\"http:\/\/www.visit-ulcinj.com\/blog\/wp-content\/uploads\/2014\/04\/gjuha-ime.jpg\"><img loading=\"lazy\" class=\"alignleft  wp-image-81170\" alt=\"gjuha-ime\" src=\"http:\/\/www.visit-ulcinj.com\/blog\/wp-content\/uploads\/2014\/04\/gjuha-ime.jpg\" width=\"508\" height=\"360\" \/><\/a>Ulqin, 31 mars &#8211; Sipas t\u00eb dh\u00ebnave t\u00eb Ministris\u00eb p\u00ebr t\u00eb Drejtat e Njeriut dhe Pakicave, n\u00eb institucionet e arsimit n\u00eb Mal t\u00eb Zi punojn\u00eb 409 shqiptar\u00eb apo rreth pes\u00eb p\u00ebr qind nga numri i p\u00ebrgjithsh\u00ebm i t\u00eb pun\u00ebsuarve.<\/strong><\/p>\n<p>&nbsp;<\/p>\n<p>Sipas p\u00ebrqindjes m\u00eb pak shqiptar\u00eb (4,5 p\u00ebr qind, gjegj\u00ebsisht 229 persona) punojn\u00eb n\u00eb institucionet e sh\u00ebndet\u00ebsis\u00eb n\u00eb vend.<br \/>\nSipas regjistrimit t\u00eb fundit t\u00eb popullsis\u00eb n\u00eb Mal t\u00eb Zi shqip flasin 5.27 p\u00ebr qind e popullsis\u00eb s\u00eb k\u00ebtij vendi.<br \/>\nMinistri Suad Numanoviq tha se p\u00ebrqindjet e p\u00ebrfaq\u00ebsimit t\u00eb pakicave n\u00eb organet dhe institucionet shtet\u00ebrore \u00ebsht\u00eb i pak\u00ebnaqsh\u00ebm, si dhe q\u00eb ky resor ka formuar grupin punues, i cili do t\u00eb punoj\u00eb n\u00eb ndryshimet dhe plot\u00ebsimet e Ligjit p\u00ebr t\u00eb drejtat dhe lirit\u00eb e pakicave.<\/p>\n<p>Koha Net<\/p>\n","protected":false},"excerpt":{"rendered":"<p>Ulqin, 31 mars &#8211; Sipas t\u00eb dh\u00ebnave t\u00eb Ministris\u00eb p\u00ebr t\u00eb Drejtat e Njeriut dhe Pakicave, n\u00eb institucionet e arsimit n\u00eb Mal t\u00eb Zi punojn\u00eb 409 shqiptar\u00eb apo rreth pes\u00eb p\u00ebr qind nga numri i p\u00ebrgjithsh\u00ebm i t\u00eb pun\u00ebsuarve. &nbsp; Sipas p\u00ebrqindjes m\u00eb pak shqiptar\u00eb (4,5 p\u00ebr qind, gjegj\u00ebsisht 229 persona) punojn\u00eb n\u00eb institucionet e [&hellip;]<\/p>\n","protected":false},"author":1,"featured_media":0,"comment_status":"closed","ping_status":"closed","sticky":false,"template":"","format":"standard","meta":{"spay_email":"","jetpack_publicize_message":"","jetpack_is_tweetstorm":false,"jetpack_publicize_feature_enabled":true},"categories":[11],"tags":[],"jetpack_publicize_connections":[],"yoast_head":"<!-- This site is optimized with the Yoast SEO plugin v19.1 - https:\/\/yoast.com\/wordpress\/plugins\/seo\/ -->\n<title>P\u00ebrfaq\u00ebsim joadekuat i shqiptar\u00ebve n\u00eb arsim e sh\u00ebndet\u00ebsi t\u00eb Malit t\u00eb Zi - Lajme nga Ulqini<\/title>\n<meta name=\"description\" content=\"Ulqin, 31 mars - Sipas t\u00eb dh\u00ebnave t\u00eb Ministris\u00eb p\u00ebr t\u00eb Drejtat e Njeriut dhe Pakicave, n\u00eb institucionet e arsimit n\u00eb Mal t\u00eb Zi punojn\u00eb 409 shqiptar\u00eb apo\" \/>\n<meta name=\"robots\" content=\"index, follow, max-snippet:-1, max-image-preview:large, max-video-preview:-1\" \/>\n<link rel=\"canonical\" href=\"https:\/\/www.visit-ulcinj.com\/blog\/2014\/04\/01\/perfaqesim-joadekuat-shqiptareve-ne-arsim-e-shendetesi-te-malit-te-zi\/\" \/>\n<meta property=\"og:locale\" content=\"en_US\" \/>\n<meta property=\"og:type\" content=\"article\" \/>\n<meta property=\"og:title\" content=\"P\u00ebrfaq\u00ebsim joadekuat i shqiptar\u00ebve n\u00eb arsim e sh\u00ebndet\u00ebsi t\u00eb Malit t\u00eb Zi - Lajme nga Ulqini\" \/>\n<meta property=\"og:description\" content=\"Ulqin, 31 mars - Sipas t\u00eb dh\u00ebnave t\u00eb Ministris\u00eb p\u00ebr t\u00eb Drejtat e Njeriut dhe Pakicave, n\u00eb institucionet e arsimit n\u00eb Mal t\u00eb Zi punojn\u00eb 409 shqiptar\u00eb apo\" \/>\n<meta property=\"og:url\" content=\"https:\/\/www.visit-ulcinj.com\/blog\/2014\/04\/01\/perfaqesim-joadekuat-shqiptareve-ne-arsim-e-shendetesi-te-malit-te-zi\/\" \/>\n<meta property=\"og:site_name\" content=\"Lajme nga Ulqini\" \/>\n<meta property=\"article:published_time\" content=\"2014-04-01T18:12:53+00:00\" \/>\n<meta property=\"article:modified_time\" content=\"2014-04-01T18:13:10+00:00\" \/>\n<meta property=\"og:image\" content=\"http:\/\/www.visit-ulcinj.com\/blog\/wp-content\/uploads\/2014\/04\/gjuha-ime.jpg\" \/>\n<meta name=\"twitter:label1\" content=\"Written by\" \/>\n\t<meta name=\"twitter:data1\" content=\"ulqini\" \/>\n\t<meta name=\"twitter:label2\" content=\"Est. reading time\" \/>\n\t<meta name=\"twitter:data2\" content=\"1 minute\" \/>\n<script type=\"application\/ld+json\" class=\"yoast-schema-graph\">{\"@context\":\"https:\/\/schema.org\",\"@graph\":[{\"@type\":\"WebSite\",\"@id\":\"https:\/\/www.visit-ulcinj.com\/blog\/#website\",\"url\":\"https:\/\/www.visit-ulcinj.com\/blog\/\",\"name\":\"Lajme nga Ulqini\",\"description\":\"Lajme,Vijesti,Ulqini,Ulqin,Crna Gora,Mali i Zi\",\"potentialAction\":[{\"@type\":\"SearchAction\",\"target\":{\"@type\":\"EntryPoint\",\"urlTemplate\":\"https:\/\/www.visit-ulcinj.com\/blog\/?s={search_term_string}\"},\"query-input\":\"required name=search_term_string\"}],\"inLanguage\":\"en-US\"},{\"@type\":\"ImageObject\",\"inLanguage\":\"en-US\",\"@id\":\"https:\/\/www.visit-ulcinj.com\/blog\/2014\/04\/01\/perfaqesim-joadekuat-shqiptareve-ne-arsim-e-shendetesi-te-malit-te-zi\/#primaryimage\",\"url\":\"https:\/\/www.visit-ulcinj.com\/blog\/wp-content\/uploads\/2014\/04\/gjuha-ime.jpg\",\"contentUrl\":\"https:\/\/www.visit-ulcinj.com\/blog\/wp-content\/uploads\/2014\/04\/gjuha-ime.jpg\",\"width\":646,\"height\":377},{\"@type\":\"WebPage\",\"@id\":\"https:\/\/www.visit-ulcinj.com\/blog\/2014\/04\/01\/perfaqesim-joadekuat-shqiptareve-ne-arsim-e-shendetesi-te-malit-te-zi\/#webpage\",\"url\":\"https:\/\/www.visit-ulcinj.com\/blog\/2014\/04\/01\/perfaqesim-joadekuat-shqiptareve-ne-arsim-e-shendetesi-te-malit-te-zi\/\",\"name\":\"P\u00ebrfaq\u00ebsim joadekuat i shqiptar\u00ebve n\u00eb arsim e sh\u00ebndet\u00ebsi t\u00eb Malit t\u00eb Zi - Lajme nga Ulqini\",\"isPartOf\":{\"@id\":\"https:\/\/www.visit-ulcinj.com\/blog\/#website\"},\"primaryImageOfPage\":{\"@id\":\"https:\/\/www.visit-ulcinj.com\/blog\/2014\/04\/01\/perfaqesim-joadekuat-shqiptareve-ne-arsim-e-shendetesi-te-malit-te-zi\/#primaryimage\"},\"datePublished\":\"2014-04-01T18:12:53+00:00\",\"dateModified\":\"2014-04-01T18:13:10+00:00\",\"author\":{\"@id\":\"https:\/\/www.visit-ulcinj.com\/blog\/#\/schema\/person\/dcab619c614d3038751c63bc2aadc06d\"},\"description\":\"Ulqin, 31 mars - Sipas t\u00eb dh\u00ebnave t\u00eb Ministris\u00eb p\u00ebr t\u00eb Drejtat e Njeriut dhe Pakicave, n\u00eb institucionet e arsimit n\u00eb Mal t\u00eb Zi punojn\u00eb 409 shqiptar\u00eb apo\",\"breadcrumb\":{\"@id\":\"https:\/\/www.visit-ulcinj.com\/blog\/2014\/04\/01\/perfaqesim-joadekuat-shqiptareve-ne-arsim-e-shendetesi-te-malit-te-zi\/#breadcrumb\"},\"inLanguage\":\"en-US\",\"potentialAction\":[{\"@type\":\"ReadAction\",\"target\":[\"https:\/\/www.visit-ulcinj.com\/blog\/2014\/04\/01\/perfaqesim-joadekuat-shqiptareve-ne-arsim-e-shendetesi-te-malit-te-zi\/\"]}]},{\"@type\":\"BreadcrumbList\",\"@id\":\"https:\/\/www.visit-ulcinj.com\/blog\/2014\/04\/01\/perfaqesim-joadekuat-shqiptareve-ne-arsim-e-shendetesi-te-malit-te-zi\/#breadcrumb\",\"itemListElement\":[{\"@type\":\"ListItem\",\"position\":1,\"name\":\"P\u00ebrfaq\u00ebsim joadekuat i shqiptar\u00ebve n\u00eb arsim e sh\u00ebndet\u00ebsi t\u00eb Malit t\u00eb Zi\"}]},{\"@type\":\"Person\",\"@id\":\"https:\/\/www.visit-ulcinj.com\/blog\/#\/schema\/person\/dcab619c614d3038751c63bc2aadc06d\",\"name\":\"ulqini\",\"sameAs\":[\"http:\/\/www.visit-ulcinj.com\"],\"url\":\"https:\/\/www.visit-ulcinj.com\/blog\/author\/admin\/\"}]}<\/script>\n<!-- \/ Yoast SEO plugin. -->","yoast_head_json":{"title":"P\u00ebrfaq\u00ebsim joadekuat i shqiptar\u00ebve n\u00eb arsim e sh\u00ebndet\u00ebsi t\u00eb Malit t\u00eb Zi - Lajme nga Ulqini","description":"Ulqin, 31 mars - Sipas t\u00eb dh\u00ebnave t\u00eb Ministris\u00eb p\u00ebr t\u00eb Drejtat e Njeriut dhe Pakicave, n\u00eb institucionet e arsimit n\u00eb Mal t\u00eb Zi punojn\u00eb 409 shqiptar\u00eb apo","robots":{"index":"index","follow":"follow","max-snippet":"max-snippet:-1","max-image-preview":"max-image-preview:large","max-video-preview":"max-video-preview:-1"},"canonical":"https:\/\/www.visit-ulcinj.com\/blog\/2014\/04\/01\/perfaqesim-joadekuat-shqiptareve-ne-arsim-e-shendetesi-te-malit-te-zi\/","og_locale":"en_US","og_type":"article","og_title":"P\u00ebrfaq\u00ebsim joadekuat i shqiptar\u00ebve n\u00eb arsim e sh\u00ebndet\u00ebsi t\u00eb Malit t\u00eb Zi - Lajme nga Ulqini","og_description":"Ulqin, 31 mars - Sipas t\u00eb dh\u00ebnave t\u00eb Ministris\u00eb p\u00ebr t\u00eb Drejtat e Njeriut dhe Pakicave, n\u00eb institucionet e arsimit n\u00eb Mal t\u00eb Zi punojn\u00eb 409 shqiptar\u00eb apo","og_url":"https:\/\/www.visit-ulcinj.com\/blog\/2014\/04\/01\/perfaqesim-joadekuat-shqiptareve-ne-arsim-e-shendetesi-te-malit-te-zi\/","og_site_name":"Lajme nga Ulqini","article_published_time":"2014-04-01T18:12:53+00:00","article_modified_time":"2014-04-01T18:13:10+00:00","og_image":[{"url":"http:\/\/www.visit-ulcinj.com\/blog\/wp-content\/uploads\/2014\/04\/gjuha-ime.jpg"}],"twitter_misc":{"Written by":"ulqini","Est. reading time":"1 minute"},"schema":{"@context":"https:\/\/schema.org","@graph":[{"@type":"WebSite","@id":"https:\/\/www.visit-ulcinj.com\/blog\/#website","url":"https:\/\/www.visit-ulcinj.com\/blog\/","name":"Lajme nga Ulqini","description":"Lajme,Vijesti,Ulqini,Ulqin,Crna Gora,Mali i Zi","potentialAction":[{"@type":"SearchAction","target":{"@type":"EntryPoint","urlTemplate":"https:\/\/www.visit-ulcinj.com\/blog\/?s={search_term_string}"},"query-input":"required name=search_term_string"}],"inLanguage":"en-US"},{"@type":"ImageObject","inLanguage":"en-US","@id":"https:\/\/www.visit-ulcinj.com\/blog\/2014\/04\/01\/perfaqesim-joadekuat-shqiptareve-ne-arsim-e-shendetesi-te-malit-te-zi\/#primaryimage","url":"https:\/\/www.visit-ulcinj.com\/blog\/wp-content\/uploads\/2014\/04\/gjuha-ime.jpg","contentUrl":"https:\/\/www.visit-ulcinj.com\/blog\/wp-content\/uploads\/2014\/04\/gjuha-ime.jpg","width":646,"height":377},{"@type":"WebPage","@id":"https:\/\/www.visit-ulcinj.com\/blog\/2014\/04\/01\/perfaqesim-joadekuat-shqiptareve-ne-arsim-e-shendetesi-te-malit-te-zi\/#webpage","url":"https:\/\/www.visit-ulcinj.com\/blog\/2014\/04\/01\/perfaqesim-joadekuat-shqiptareve-ne-arsim-e-shendetesi-te-malit-te-zi\/","name":"P\u00ebrfaq\u00ebsim joadekuat i shqiptar\u00ebve n\u00eb arsim e sh\u00ebndet\u00ebsi t\u00eb Malit t\u00eb Zi - Lajme nga Ulqini","isPartOf":{"@id":"https:\/\/www.visit-ulcinj.com\/blog\/#website"},"primaryImageOfPage":{"@id":"https:\/\/www.visit-ulcinj.com\/blog\/2014\/04\/01\/perfaqesim-joadekuat-shqiptareve-ne-arsim-e-shendetesi-te-malit-te-zi\/#primaryimage"},"datePublished":"2014-04-01T18:12:53+00:00","dateModified":"2014-04-01T18:13:10+00:00","author":{"@id":"https:\/\/www.visit-ulcinj.com\/blog\/#\/schema\/person\/dcab619c614d3038751c63bc2aadc06d"},"description":"Ulqin, 31 mars - Sipas t\u00eb dh\u00ebnave t\u00eb Ministris\u00eb p\u00ebr t\u00eb Drejtat e Njeriut dhe Pakicave, n\u00eb institucionet e arsimit n\u00eb Mal t\u00eb Zi punojn\u00eb 409 shqiptar\u00eb apo","breadcrumb":{"@id":"https:\/\/www.visit-ulcinj.com\/blog\/2014\/04\/01\/perfaqesim-joadekuat-shqiptareve-ne-arsim-e-shendetesi-te-malit-te-zi\/#breadcrumb"},"inLanguage":"en-US","potentialAction":[{"@type":"ReadAction","target":["https:\/\/www.visit-ulcinj.com\/blog\/2014\/04\/01\/perfaqesim-joadekuat-shqiptareve-ne-arsim-e-shendetesi-te-malit-te-zi\/"]}]},{"@type":"BreadcrumbList","@id":"https:\/\/www.visit-ulcinj.com\/blog\/2014\/04\/01\/perfaqesim-joadekuat-shqiptareve-ne-arsim-e-shendetesi-te-malit-te-zi\/#breadcrumb","itemListElement":[{"@type":"ListItem","position":1,"name":"P\u00ebrfaq\u00ebsim joadekuat i shqiptar\u00ebve n\u00eb arsim e sh\u00ebndet\u00ebsi t\u00eb Malit t\u00eb Zi"}]},{"@type":"Person","@id":"https:\/\/www.visit-ulcinj.com\/blog\/#\/schema\/person\/dcab619c614d3038751c63bc2aadc06d","name":"ulqini","sameAs":["http:\/\/www.visit-ulcinj.com"],"url":"https:\/\/www.visit-ulcinj.com\/blog\/author\/admin\/"}]}},"jetpack_featured_media_url":"","jetpack_sharing_enabled":true,"jetpack_shortlink":"https:\/\/wp.me\/pe6lTn-l7b","_links":{"self":[{"href":"https:\/\/www.visit-ulcinj.com\/blog\/wp-json\/wp\/v2\/posts\/81169"}],"collection":[{"href":"https:\/\/www.visit-ulcinj.com\/blog\/wp-json\/wp\/v2\/posts"}],"about":[{"href":"https:\/\/www.visit-ulcinj.com\/blog\/wp-json\/wp\/v2\/types\/post"}],"author":[{"embeddable":true,"href":"https:\/\/www.visit-ulcinj.com\/blog\/wp-json\/wp\/v2\/users\/1"}],"replies":[{"embeddable":true,"href":"https:\/\/www.visit-ulcinj.com\/blog\/wp-json\/wp\/v2\/comments?post=81169"}],"version-history":[{"count":2,"href":"https:\/\/www.visit-ulcinj.com\/blog\/wp-json\/wp\/v2\/posts\/81169\/revisions"}],"predecessor-version":[{"id":81172,"href":"https:\/\/www.visit-ulcinj.com\/blog\/wp-json\/wp\/v2\/posts\/81169\/revisions\/81172"}],"wp:attachment":[{"href":"https:\/\/www.visit-ulcinj.com\/blog\/wp-json\/wp\/v2\/media?parent=81169"}],"wp:term":[{"taxonomy":"category","embeddable":true,"href":"https:\/\/www.visit-ulcinj.com\/blog\/wp-json\/wp\/v2\/categories?post=81169"},{"taxonomy":"post_tag","embeddable":true,"href":"https:\/\/www.visit-ulcinj.com\/blog\/wp-json\/wp\/v2\/tags?post=81169"}],"curies":[{"name":"wp","href":"https:\/\/api.w.org\/{rel}","templated":true}]}}