{"id":81173,"date":"2014-04-02T18:14:38","date_gmt":"2014-04-02T17:14:38","guid":{"rendered":"http:\/\/www.visit-ulcinj.com\/blog\/?p=81173"},"modified":"2014-04-03T14:00:16","modified_gmt":"2014-04-03T13:00:16","slug":"dita-e-komunes-se-ulqinit-programi-dhe-aktivitetet","status":"publish","type":"post","link":"https:\/\/www.visit-ulcinj.com\/blog\/2014\/04\/02\/dita-e-komunes-se-ulqinit-programi-dhe-aktivitetet\/","title":{"rendered":"Dita e Komun\u00ebs s\u00eb Ulqinit &#8211; Programi dhe aktivitetet"},"content":{"rendered":"<p><a href=\"http:\/\/www.visit-ulcinj.com\/blog\/wp-content\/uploads\/2014\/04\/Dita-e-Komun\u00ebs-s\u00eb-Ulqinit-Programi-dhe-aktivitetet.jpg\"><img loading=\"lazy\" class=\"alignleft  wp-image-81174\" alt=\"Dita e Komun\u00ebs s\u00eb Ulqinit - Programi dhe aktivitetet\" src=\"http:\/\/www.visit-ulcinj.com\/blog\/wp-content\/uploads\/2014\/04\/Dita-e-Komun\u00ebs-s\u00eb-Ulqinit-Programi-dhe-aktivitetet.jpg\" width=\"508\" height=\"360\" \/><\/a>Dita e Ulqinit, festohet t\u00eb shtunen e pare te muajit prill dhe simbolizon fillimin e lundrimit n\u00eb det\u00eb dhe fillimin e punimeve pranverore n\u00eb ullisht\u00eb si shenj\u00eb respekti ndaj tradit\u00ebs ton\u00eb, tradit\u00ebs detare dhe kultivimit t\u00eb ullinit si burime t\u00eb jetes\u00ebs. Nj\u00ebkoh\u00ebsisht simbolizon dhe tregon edhe p\u00ebr m\u00ebnyr\u00ebn e v\u00ebshtir\u00eb por t\u00eb ndershme t\u00eb jetes\u00ebs se t\u00eb par\u00ebve tan\u00eb.<\/p>\n<p>Ndrrimi i pushtetit n\u00eb Ulqin, i cili ka ndodhur para nj\u00eb muaji, \u00ebsht\u00eb v\u00ebrtetim se demokracia \u00ebsht\u00eb pro\u00e7es i cili n\u00ebse dhunohet mund t\u00eb ngadhnjej\u00eb n\u00eb forma t\u00eb modifikuara dhe nj\u00ebkoh\u00ebsisht d\u00ebshmon se te gjith\u00eb ne jemi te zavendesueshem.<\/p>\n<p>Prandaj, kemi nder por edhe obligim, tani q\u00eb jemi ne postet vendimmarr\u00ebse, q\u00eb qytetareve t\u00eb ju ofrojm\u00eb programe konkrete me qellim q\u00eb ti plot\u00ebsojn\u00eb nevojat e tyre.<\/p>\n<p>N\u00eb dit\u00ebt kur festojme, eshte momenti I duhur qe te njoftohen qytetaret, por edhe mysafiret tane, me aktivitetet qe po i ndermarrim, dhe n\u00eb k\u00ebt\u00eb m\u00ebnyre t\u00eb krijojm\u00eb parakushtet reale qe Ulqini m\u00eb n\u00eb fund t\u00eb niset drejt zhvillimit.<\/p>\n<p align=\"center\"><b>Programi i aktiviteteve me rastin e Dit<\/b><b>\u00ebs s\u00eb Komun\u00ebs Ulqinit &#8211; 2014<\/b><\/p>\n<p><b>\u00a0<\/b><\/p>\n<p><b>\u00a0<\/b><\/p>\n<p><b>E premte,m\u00eb 4 prill:\u00a0\u00a0\u00a0 <\/b><\/p>\n<p><b>11:00h<\/b> &#8211; Konferenca e gjasht\u00eb shkencore nd\u00ebrkomb\u00ebtare me tem\u00eb:<\/p>\n<p>\u2018\u2019 Modelet e harmonizimit t\u00eb politikave fiskale t\u00eb vendeve t\u00eb Europ\u00ebs Juglindore \u00a0\u00a0\u00a0\u00a0\u00a0\u00a0\u00a0\u00a0\u00a0\u00a0.\u00a0\u00a0\u00a0\u00a0\u00a0\u00a0\u00a0\u00a0\u00a0\u00a0\u00a0\u00a0\u00a0\u00a0\u00a0\u00a0 me Bashkimin Europian \u2019\u2019 <i>\u00a0(Salla e Kuvendit Komunal t\u00eb Ulqinit)<\/i><\/p>\n<p><b>12:00h <\/b>\u00a0&#8211; Vizit\u00eb n\u00eb Qendren Ditor p\u00ebr f\u00ebmij\u00eb dhe t\u00eb rinj me pengesa dhe v\u00ebshtir\u00ebsi n\u00eb\u00a0\u00a0\u00a0\u00a0\u00a0\u00a0\u00a0\u00a0\u00a0\u00a0\u00a0\u00a0\u00a0\u00a0\u00a0\u00a0\u00a0\u00a0\u00a0\u00a0\u00a0\u00a0\u00a0\u00a0\u00a0\u00a0\u00a0\u00a0\u00a0\u00a0 \u00a0\u00a0\u00a0\u00a0\u00a0\u00a0\u00a0\u00a0\u00a0\u00a0\u00a0\u00a0\u00a0\u00a0\u00a0\u00a0\u00a0\u00a0\u00a0.\u00a0\u00a0\u00a0\u00a0\u00a0\u00a0\u00a0\u00a0\u00a0\u00a0\u00a0\u00a0\u00a0\u00a0\u00a0\u00a0\u00a0 zhvillim \u2018\u2019Sirena\u2019\u2019 <i>( Program p\u00ebr f\u00ebmij\u00eb )<\/i><\/p>\n<p><b>18:00h<\/b> &#8211; Hapja e ekspozit\u00ebs \u2018\u2019 Reflektimi mbi traditat tona, reflektimi mbi vetvehten\u2019\u2019\u00a0\u00a0\u00a0\u00a0\u00a0\u00a0\u00a0 .\u00a0\u00a0\u00a0\u00a0\u00a0\u00a0\u00a0\u00a0\u00a0\u00a0\u00a0\u00a0\u00a0\u00a0\u00a0\u00a0\u00a0 Marubi\u00a0 <i>(Qendra p\u00ebr Kultur\u00eb)<\/i><\/p>\n<p><b>19:00h <\/b>&#8211; Shfaqa teatrale \u2018\u2019Nj\u00eb dyzin\u00eb me tr\u00ebndafila\u2019\u2019 t\u00eb autorit Aldo Beneti,<\/p>\n<p>Teatri Migjeni-Shkoder \u00a0<i>(Salla e Qendr\u00ebs p\u00ebr Kultur\u00eb)<\/i><\/p>\n<p>&nbsp;<\/p>\n<p><b>E shtun\u00eb, m\u00eb 5 prill:\u00a0 <\/b><\/p>\n<p><b>\u00a011:00h<\/b> &#8211; Kuvendi Solemn\u00a0 <i>(Salla e Qendr\u00ebs p\u00ebr Kultur\u00eb)<\/i><\/p>\n<p><b>12:30h<\/b> &#8211; Koktej solemn\u00a0 <i>(Hotel Mediteran)\u00a0\u00a0\u00a0\u00a0\u00a0\u00a0\u00a0\u00a0\u00a0\u00a0\u00a0\u00a0\u00a0\u00a0\u00a0\u00a0\u00a0\u00a0\u00a0\u00a0\u00a0\u00a0\u00a0\u00a0\u00a0 <\/i><\/p>\n<p><i>\u00a0<\/i><b>18:00h <\/b>&#8211; Program p\u00ebr f\u00ebmj\u00eb <i>(Plazhi i vog\u00ebl)<\/i><\/p>\n<p><b>20:00h<\/b> &#8211; Koncert festiv p\u00ebr t\u00eb rinj\u00a0 <i>(Plazhi i vog\u00ebl)<\/i><\/p>\n<p>&nbsp;<\/p>\n<p><b>E diel\u00eb, me 6 prill:<\/b><\/p>\n<p><b>\u00a010:00h<\/b>\u00a0\u00a0\u00a0\u00a0 Aktivitete sportive<\/p>\n","protected":false},"excerpt":{"rendered":"<p>Dita e Ulqinit, festohet t\u00eb shtunen e pare te muajit prill dhe simbolizon fillimin e lundrimit n\u00eb det\u00eb dhe fillimin e punimeve pranverore n\u00eb ullisht\u00eb si shenj\u00eb respekti ndaj tradit\u00ebs ton\u00eb, tradit\u00ebs detare dhe kultivimit t\u00eb ullinit si burime t\u00eb jetes\u00ebs. Nj\u00ebkoh\u00ebsisht simbolizon dhe tregon edhe p\u00ebr m\u00ebnyr\u00ebn e v\u00ebshtir\u00eb por t\u00eb ndershme t\u00eb jetes\u00ebs [&hellip;]<\/p>\n","protected":false},"author":1,"featured_media":0,"comment_status":"closed","ping_status":"closed","sticky":false,"template":"","format":"standard","meta":{"spay_email":"","jetpack_publicize_message":"","jetpack_is_tweetstorm":false,"jetpack_publicize_feature_enabled":true},"categories":[1],"tags":[],"jetpack_publicize_connections":[],"yoast_head":"<!-- This site is optimized with the Yoast SEO plugin v19.1 - https:\/\/yoast.com\/wordpress\/plugins\/seo\/ -->\n<title>Dita e Komun\u00ebs s\u00eb Ulqinit - Programi dhe aktivitetet - Lajme nga Ulqini<\/title>\n<meta name=\"description\" content=\"Dita e Ulqinit, festohet t\u00eb shtunen e pare te muajit prill dhe simbolizon fillimin e lundrimit n\u00eb det\u00eb dhe fillimin e punimeve pranverore n\u00eb ullisht\u00eb si\" \/>\n<meta name=\"robots\" content=\"index, follow, max-snippet:-1, max-image-preview:large, max-video-preview:-1\" \/>\n<link rel=\"canonical\" href=\"https:\/\/www.visit-ulcinj.com\/blog\/2014\/04\/02\/dita-e-komunes-se-ulqinit-programi-dhe-aktivitetet\/\" \/>\n<meta property=\"og:locale\" content=\"en_US\" \/>\n<meta property=\"og:type\" content=\"article\" \/>\n<meta property=\"og:title\" content=\"Dita e Komun\u00ebs s\u00eb Ulqinit - Programi dhe aktivitetet - Lajme nga Ulqini\" \/>\n<meta property=\"og:description\" content=\"Dita e Ulqinit, festohet t\u00eb shtunen e pare te muajit prill dhe simbolizon fillimin e lundrimit n\u00eb det\u00eb dhe fillimin e punimeve pranverore n\u00eb ullisht\u00eb si\" \/>\n<meta property=\"og:url\" content=\"https:\/\/www.visit-ulcinj.com\/blog\/2014\/04\/02\/dita-e-komunes-se-ulqinit-programi-dhe-aktivitetet\/\" \/>\n<meta property=\"og:site_name\" content=\"Lajme nga Ulqini\" \/>\n<meta property=\"article:published_time\" content=\"2014-04-02T17:14:38+00:00\" \/>\n<meta property=\"article:modified_time\" content=\"2014-04-03T13:00:16+00:00\" \/>\n<meta name=\"twitter:label1\" content=\"Written by\" \/>\n\t<meta name=\"twitter:data1\" content=\"ulqini\" \/>\n\t<meta name=\"twitter:label2\" content=\"Est. reading time\" \/>\n\t<meta name=\"twitter:data2\" content=\"2 minutes\" \/>\n<script type=\"application\/ld+json\" class=\"yoast-schema-graph\">{\"@context\":\"https:\/\/schema.org\",\"@graph\":[{\"@type\":\"WebSite\",\"@id\":\"https:\/\/www.visit-ulcinj.com\/blog\/#website\",\"url\":\"https:\/\/www.visit-ulcinj.com\/blog\/\",\"name\":\"Lajme nga Ulqini\",\"description\":\"Lajme,Vijesti,Ulqini,Ulqin,Crna Gora,Mali i Zi\",\"potentialAction\":[{\"@type\":\"SearchAction\",\"target\":{\"@type\":\"EntryPoint\",\"urlTemplate\":\"https:\/\/www.visit-ulcinj.com\/blog\/?s={search_term_string}\"},\"query-input\":\"required name=search_term_string\"}],\"inLanguage\":\"en-US\"},{\"@type\":\"WebPage\",\"@id\":\"https:\/\/www.visit-ulcinj.com\/blog\/2014\/04\/02\/dita-e-komunes-se-ulqinit-programi-dhe-aktivitetet\/#webpage\",\"url\":\"https:\/\/www.visit-ulcinj.com\/blog\/2014\/04\/02\/dita-e-komunes-se-ulqinit-programi-dhe-aktivitetet\/\",\"name\":\"Dita e Komun\u00ebs s\u00eb Ulqinit - Programi dhe aktivitetet - Lajme nga Ulqini\",\"isPartOf\":{\"@id\":\"https:\/\/www.visit-ulcinj.com\/blog\/#website\"},\"datePublished\":\"2014-04-02T17:14:38+00:00\",\"dateModified\":\"2014-04-03T13:00:16+00:00\",\"author\":{\"@id\":\"https:\/\/www.visit-ulcinj.com\/blog\/#\/schema\/person\/dcab619c614d3038751c63bc2aadc06d\"},\"description\":\"Dita e Ulqinit, festohet t\u00eb shtunen e pare te muajit prill dhe simbolizon fillimin e lundrimit n\u00eb det\u00eb dhe fillimin e punimeve pranverore n\u00eb ullisht\u00eb si\",\"breadcrumb\":{\"@id\":\"https:\/\/www.visit-ulcinj.com\/blog\/2014\/04\/02\/dita-e-komunes-se-ulqinit-programi-dhe-aktivitetet\/#breadcrumb\"},\"inLanguage\":\"en-US\",\"potentialAction\":[{\"@type\":\"ReadAction\",\"target\":[\"https:\/\/www.visit-ulcinj.com\/blog\/2014\/04\/02\/dita-e-komunes-se-ulqinit-programi-dhe-aktivitetet\/\"]}]},{\"@type\":\"BreadcrumbList\",\"@id\":\"https:\/\/www.visit-ulcinj.com\/blog\/2014\/04\/02\/dita-e-komunes-se-ulqinit-programi-dhe-aktivitetet\/#breadcrumb\",\"itemListElement\":[{\"@type\":\"ListItem\",\"position\":1,\"name\":\"Dita e Komun\u00ebs s\u00eb Ulqinit &#8211; Programi dhe aktivitetet\"}]},{\"@type\":\"Person\",\"@id\":\"https:\/\/www.visit-ulcinj.com\/blog\/#\/schema\/person\/dcab619c614d3038751c63bc2aadc06d\",\"name\":\"ulqini\",\"sameAs\":[\"http:\/\/www.visit-ulcinj.com\"],\"url\":\"https:\/\/www.visit-ulcinj.com\/blog\/author\/admin\/\"}]}<\/script>\n<!-- \/ Yoast SEO plugin. -->","yoast_head_json":{"title":"Dita e Komun\u00ebs s\u00eb Ulqinit - Programi dhe aktivitetet - Lajme nga Ulqini","description":"Dita e Ulqinit, festohet t\u00eb shtunen e pare te muajit prill dhe simbolizon fillimin e lundrimit n\u00eb det\u00eb dhe fillimin e punimeve pranverore n\u00eb ullisht\u00eb si","robots":{"index":"index","follow":"follow","max-snippet":"max-snippet:-1","max-image-preview":"max-image-preview:large","max-video-preview":"max-video-preview:-1"},"canonical":"https:\/\/www.visit-ulcinj.com\/blog\/2014\/04\/02\/dita-e-komunes-se-ulqinit-programi-dhe-aktivitetet\/","og_locale":"en_US","og_type":"article","og_title":"Dita e Komun\u00ebs s\u00eb Ulqinit - Programi dhe aktivitetet - Lajme nga Ulqini","og_description":"Dita e Ulqinit, festohet t\u00eb shtunen e pare te muajit prill dhe simbolizon fillimin e lundrimit n\u00eb det\u00eb dhe fillimin e punimeve pranverore n\u00eb ullisht\u00eb si","og_url":"https:\/\/www.visit-ulcinj.com\/blog\/2014\/04\/02\/dita-e-komunes-se-ulqinit-programi-dhe-aktivitetet\/","og_site_name":"Lajme nga Ulqini","article_published_time":"2014-04-02T17:14:38+00:00","article_modified_time":"2014-04-03T13:00:16+00:00","twitter_misc":{"Written by":"ulqini","Est. reading time":"2 minutes"},"schema":{"@context":"https:\/\/schema.org","@graph":[{"@type":"WebSite","@id":"https:\/\/www.visit-ulcinj.com\/blog\/#website","url":"https:\/\/www.visit-ulcinj.com\/blog\/","name":"Lajme nga Ulqini","description":"Lajme,Vijesti,Ulqini,Ulqin,Crna Gora,Mali i Zi","potentialAction":[{"@type":"SearchAction","target":{"@type":"EntryPoint","urlTemplate":"https:\/\/www.visit-ulcinj.com\/blog\/?s={search_term_string}"},"query-input":"required name=search_term_string"}],"inLanguage":"en-US"},{"@type":"WebPage","@id":"https:\/\/www.visit-ulcinj.com\/blog\/2014\/04\/02\/dita-e-komunes-se-ulqinit-programi-dhe-aktivitetet\/#webpage","url":"https:\/\/www.visit-ulcinj.com\/blog\/2014\/04\/02\/dita-e-komunes-se-ulqinit-programi-dhe-aktivitetet\/","name":"Dita e Komun\u00ebs s\u00eb Ulqinit - Programi dhe aktivitetet - Lajme nga Ulqini","isPartOf":{"@id":"https:\/\/www.visit-ulcinj.com\/blog\/#website"},"datePublished":"2014-04-02T17:14:38+00:00","dateModified":"2014-04-03T13:00:16+00:00","author":{"@id":"https:\/\/www.visit-ulcinj.com\/blog\/#\/schema\/person\/dcab619c614d3038751c63bc2aadc06d"},"description":"Dita e Ulqinit, festohet t\u00eb shtunen e pare te muajit prill dhe simbolizon fillimin e lundrimit n\u00eb det\u00eb dhe fillimin e punimeve pranverore n\u00eb ullisht\u00eb si","breadcrumb":{"@id":"https:\/\/www.visit-ulcinj.com\/blog\/2014\/04\/02\/dita-e-komunes-se-ulqinit-programi-dhe-aktivitetet\/#breadcrumb"},"inLanguage":"en-US","potentialAction":[{"@type":"ReadAction","target":["https:\/\/www.visit-ulcinj.com\/blog\/2014\/04\/02\/dita-e-komunes-se-ulqinit-programi-dhe-aktivitetet\/"]}]},{"@type":"BreadcrumbList","@id":"https:\/\/www.visit-ulcinj.com\/blog\/2014\/04\/02\/dita-e-komunes-se-ulqinit-programi-dhe-aktivitetet\/#breadcrumb","itemListElement":[{"@type":"ListItem","position":1,"name":"Dita e Komun\u00ebs s\u00eb Ulqinit &#8211; Programi dhe aktivitetet"}]},{"@type":"Person","@id":"https:\/\/www.visit-ulcinj.com\/blog\/#\/schema\/person\/dcab619c614d3038751c63bc2aadc06d","name":"ulqini","sameAs":["http:\/\/www.visit-ulcinj.com"],"url":"https:\/\/www.visit-ulcinj.com\/blog\/author\/admin\/"}]}},"jetpack_featured_media_url":"","jetpack_sharing_enabled":true,"jetpack_shortlink":"https:\/\/wp.me\/pe6lTn-l7f","_links":{"self":[{"href":"https:\/\/www.visit-ulcinj.com\/blog\/wp-json\/wp\/v2\/posts\/81173"}],"collection":[{"href":"https:\/\/www.visit-ulcinj.com\/blog\/wp-json\/wp\/v2\/posts"}],"about":[{"href":"https:\/\/www.visit-ulcinj.com\/blog\/wp-json\/wp\/v2\/types\/post"}],"author":[{"embeddable":true,"href":"https:\/\/www.visit-ulcinj.com\/blog\/wp-json\/wp\/v2\/users\/1"}],"replies":[{"embeddable":true,"href":"https:\/\/www.visit-ulcinj.com\/blog\/wp-json\/wp\/v2\/comments?post=81173"}],"version-history":[{"count":2,"href":"https:\/\/www.visit-ulcinj.com\/blog\/wp-json\/wp\/v2\/posts\/81173\/revisions"}],"predecessor-version":[{"id":81183,"href":"https:\/\/www.visit-ulcinj.com\/blog\/wp-json\/wp\/v2\/posts\/81173\/revisions\/81183"}],"wp:attachment":[{"href":"https:\/\/www.visit-ulcinj.com\/blog\/wp-json\/wp\/v2\/media?parent=81173"}],"wp:term":[{"taxonomy":"category","embeddable":true,"href":"https:\/\/www.visit-ulcinj.com\/blog\/wp-json\/wp\/v2\/categories?post=81173"},{"taxonomy":"post_tag","embeddable":true,"href":"https:\/\/www.visit-ulcinj.com\/blog\/wp-json\/wp\/v2\/tags?post=81173"}],"curies":[{"name":"wp","href":"https:\/\/api.w.org\/{rel}","templated":true}]}}