{"id":8119,"date":"2009-01-06T09:09:21","date_gmt":"2009-01-06T08:09:21","guid":{"rendered":"http:\/\/www.visit-ulcinj.com\/blog\/?p=8119"},"modified":"2009-01-06T09:09:21","modified_gmt":"2009-01-06T08:09:21","slug":"kontrola-gradnje-na-adi-bojani","status":"publish","type":"post","link":"https:\/\/www.visit-ulcinj.com\/blog\/2009\/01\/06\/kontrola-gradnje-na-adi-bojani\/","title":{"rendered":"Kontrola gradnje na Adi Bojani"},"content":{"rendered":"<p><a title=\"ada bojana ulcinj\" href=\"http:\/\/www.visit-ulcinj.com\/blog\/wp-content\/uploads\/2009\/01\/ada-bojana_rijeka.jpg\" target=\"_blank\"><img loading=\"lazy\" class=\"alignleft size-full wp-image-8121\" title=\"ada-bojana_rijeka\" src=\"http:\/\/www.visit-ulcinj.com\/blog\/wp-content\/uploads\/2009\/01\/ada-bojana_rijeka.jpg\" alt=\"ada-bojana_rijeka\" width=\"361\" height=\"270\" srcset=\"https:\/\/www.visit-ulcinj.com\/blog\/wp-content\/uploads\/2009\/01\/ada-bojana_rijeka.jpg 991w, https:\/\/www.visit-ulcinj.com\/blog\/wp-content\/uploads\/2009\/01\/ada-bojana_rijeka-300x224.jpg 300w\" sizes=\"(max-width: 361px) 100vw, 361px\" \/><\/a>Inspekcija za\u0161tite prostora Ministarstva za ekonomski razvoj obi\u0161la je lijevu obale Ade Bojane, kao posebno ugro\u017eenog podru?ja sa monta\u017enim ku?icama za ?ije postavljanje je potreban jako kratak vremenski period.<br \/>\n\u201cTako?e, Inspekcija za\u0161tite prostora nastavlja, zajedno sa predstavnicima Morskog dobra, sa intenzivnim radom na suzbijanju divlje gradnje i tokom praznika. Tokom kontrole Ade, a na osnovu telefonske prijave upu?ene na adresu Morskog dobra inspekcija je evidentirala postavljanje \u0161ipova za drvenu platformu uz obalu u povr\u0161ini od oko 25 kvadratnih metara, a na gradili\u0161tu nije bio prisutan investitor niti izvo?a? radova. Nakon inspekcijskog nadzora donijeto je rje\u0161enje o ru\u0161enju,uklanjanju \u0161ipova nepoznatom investitoru\u201d, saop\u0161teno je iz Ministarstva za ekonomski razvoj.<br \/>\nUz asistenciju Grani?ne pomorske policije Ulcinj obavljen je i obilazak patrolnim ?amcem lijeve i desne obale rijeke Bojane, a tokom obilaska inspekcija nije evidentirala postavljanje novih objekata.<br \/>\nSve inspekcije u nadle\u017enosti Ministarstva za ekonomski razvoj ?e nastaviti sa intezivnim nadzorom, kako na Adi Bojani, tako i na prostoru ?itave Crne Gore, odnosno u svim onim oblastima koje se smatraju ugro\u017eenim divljom gradnjom, a bi?e organizovana i prazni?na de\u017eurstva, s obzirom da se pokazalo da se, tokom prazni?nih i ljetnjih periodia intenzivno otpo?inje sa bespravnom gradnjom.<br \/>\n\u201cStoga se koristi prilika da se jo\u0161 jednom uputi apel investitorima da se, bez gra?evinske dozvole ne otpo?inju radovi, kao i da se napomene da je, po izmjenama Krivi?nog zakonika bespravna gradnja okarakterisana kao krivi?no djelo, te ?e stoga investitori koji po?inju gradnju bez gra?evinske dozvole biti i na taj na?in sankcionisani. Jo\u0161 jednom treba napomenuti da je, radi boljeg i a\u017eurnijeg djelovanja inspekcija, otvoren besplatan broj na koji gra?ani mogu prijavljivati bespravnu gradnju 080 081 777 ili na fax 020 482 386\u201d, navode u Ministarstvu za ekonomski razvoj.<br \/>\n<strong>Izvor \/ CafedelMontenegro<\/strong><\/p>\n","protected":false},"excerpt":{"rendered":"<p>Inspekcija za\u0161tite prostora Ministarstva za ekonomski razvoj obi\u0161la je lijevu obale Ade Bojane, kao posebno ugro\u017eenog podru?ja sa monta\u017enim ku?icama za ?ije postavljanje je potreban jako kratak vremenski period. \u201cTako?e, Inspekcija za\u0161tite prostora nastavlja, zajedno sa predstavnicima Morskog dobra, sa intenzivnim radom na suzbijanju divlje gradnje i tokom praznika. Tokom kontrole Ade, a na osnovu [&hellip;]<\/p>\n","protected":false},"author":1,"featured_media":0,"comment_status":"open","ping_status":"closed","sticky":false,"template":"","format":"standard","meta":{"spay_email":"","jetpack_publicize_message":"","jetpack_is_tweetstorm":false,"jetpack_publicize_feature_enabled":true},"categories":[6],"tags":[138,20,19],"jetpack_publicize_connections":[],"yoast_head":"<!-- This site is optimized with the Yoast SEO plugin v19.1 - https:\/\/yoast.com\/wordpress\/plugins\/seo\/ -->\n<title>Kontrola gradnje na Adi Bojani - Lajme nga Ulqini<\/title>\n<meta name=\"description\" content=\"Inspekcija za\u0161tite prostora Ministarstva za ekonomski razvoj obi\u0161la je lijevu obale Ade Bojane, kao posebno ugro\u017eenog podru?ja sa monta\u017enim ku?icama za\" \/>\n<meta name=\"robots\" content=\"index, follow, max-snippet:-1, max-image-preview:large, max-video-preview:-1\" \/>\n<link rel=\"canonical\" href=\"https:\/\/www.visit-ulcinj.com\/blog\/2009\/01\/06\/kontrola-gradnje-na-adi-bojani\/\" \/>\n<meta property=\"og:locale\" content=\"en_US\" \/>\n<meta property=\"og:type\" content=\"article\" \/>\n<meta property=\"og:title\" content=\"Kontrola gradnje na Adi Bojani - Lajme nga Ulqini\" \/>\n<meta property=\"og:description\" content=\"Inspekcija za\u0161tite prostora Ministarstva za ekonomski razvoj obi\u0161la je lijevu obale Ade Bojane, kao posebno ugro\u017eenog podru?ja sa monta\u017enim ku?icama za\" \/>\n<meta property=\"og:url\" content=\"https:\/\/www.visit-ulcinj.com\/blog\/2009\/01\/06\/kontrola-gradnje-na-adi-bojani\/\" \/>\n<meta property=\"og:site_name\" content=\"Lajme nga Ulqini\" \/>\n<meta property=\"article:published_time\" content=\"2009-01-06T08:09:21+00:00\" \/>\n<meta property=\"og:image\" content=\"http:\/\/www.visit-ulcinj.com\/blog\/wp-content\/uploads\/2009\/01\/ada-bojana_rijeka.jpg\" \/>\n<meta name=\"twitter:label1\" content=\"Written by\" \/>\n\t<meta name=\"twitter:data1\" content=\"ulqini\" \/>\n\t<meta name=\"twitter:label2\" content=\"Est. reading time\" \/>\n\t<meta name=\"twitter:data2\" content=\"2 minutes\" \/>\n<script type=\"application\/ld+json\" class=\"yoast-schema-graph\">{\"@context\":\"https:\/\/schema.org\",\"@graph\":[{\"@type\":\"WebSite\",\"@id\":\"https:\/\/www.visit-ulcinj.com\/blog\/#website\",\"url\":\"https:\/\/www.visit-ulcinj.com\/blog\/\",\"name\":\"Lajme nga Ulqini\",\"description\":\"Lajme,Vijesti,Ulqini,Ulqin,Crna Gora,Mali i Zi\",\"potentialAction\":[{\"@type\":\"SearchAction\",\"target\":{\"@type\":\"EntryPoint\",\"urlTemplate\":\"https:\/\/www.visit-ulcinj.com\/blog\/?s={search_term_string}\"},\"query-input\":\"required name=search_term_string\"}],\"inLanguage\":\"en-US\"},{\"@type\":\"ImageObject\",\"inLanguage\":\"en-US\",\"@id\":\"https:\/\/www.visit-ulcinj.com\/blog\/2009\/01\/06\/kontrola-gradnje-na-adi-bojani\/#primaryimage\",\"url\":\"https:\/\/www.visit-ulcinj.com\/blog\/wp-content\/uploads\/2009\/01\/ada-bojana_rijeka.jpg\",\"contentUrl\":\"https:\/\/www.visit-ulcinj.com\/blog\/wp-content\/uploads\/2009\/01\/ada-bojana_rijeka.jpg\",\"width\":\"991\",\"height\":\"743\"},{\"@type\":\"WebPage\",\"@id\":\"https:\/\/www.visit-ulcinj.com\/blog\/2009\/01\/06\/kontrola-gradnje-na-adi-bojani\/#webpage\",\"url\":\"https:\/\/www.visit-ulcinj.com\/blog\/2009\/01\/06\/kontrola-gradnje-na-adi-bojani\/\",\"name\":\"Kontrola gradnje na Adi Bojani - Lajme nga Ulqini\",\"isPartOf\":{\"@id\":\"https:\/\/www.visit-ulcinj.com\/blog\/#website\"},\"primaryImageOfPage\":{\"@id\":\"https:\/\/www.visit-ulcinj.com\/blog\/2009\/01\/06\/kontrola-gradnje-na-adi-bojani\/#primaryimage\"},\"datePublished\":\"2009-01-06T08:09:21+00:00\",\"dateModified\":\"2009-01-06T08:09:21+00:00\",\"author\":{\"@id\":\"https:\/\/www.visit-ulcinj.com\/blog\/#\/schema\/person\/dcab619c614d3038751c63bc2aadc06d\"},\"description\":\"Inspekcija za\u0161tite prostora Ministarstva za ekonomski razvoj obi\u0161la je lijevu obale Ade Bojane, kao posebno ugro\u017eenog podru?ja sa monta\u017enim ku?icama za\",\"breadcrumb\":{\"@id\":\"https:\/\/www.visit-ulcinj.com\/blog\/2009\/01\/06\/kontrola-gradnje-na-adi-bojani\/#breadcrumb\"},\"inLanguage\":\"en-US\",\"potentialAction\":[{\"@type\":\"ReadAction\",\"target\":[\"https:\/\/www.visit-ulcinj.com\/blog\/2009\/01\/06\/kontrola-gradnje-na-adi-bojani\/\"]}]},{\"@type\":\"BreadcrumbList\",\"@id\":\"https:\/\/www.visit-ulcinj.com\/blog\/2009\/01\/06\/kontrola-gradnje-na-adi-bojani\/#breadcrumb\",\"itemListElement\":[{\"@type\":\"ListItem\",\"position\":1,\"name\":\"Kontrola gradnje na Adi Bojani\"}]},{\"@type\":\"Person\",\"@id\":\"https:\/\/www.visit-ulcinj.com\/blog\/#\/schema\/person\/dcab619c614d3038751c63bc2aadc06d\",\"name\":\"ulqini\",\"sameAs\":[\"http:\/\/www.visit-ulcinj.com\"],\"url\":\"https:\/\/www.visit-ulcinj.com\/blog\/author\/admin\/\"}]}<\/script>\n<!-- \/ Yoast SEO plugin. -->","yoast_head_json":{"title":"Kontrola gradnje na Adi Bojani - Lajme nga Ulqini","description":"Inspekcija za\u0161tite prostora Ministarstva za ekonomski razvoj obi\u0161la je lijevu obale Ade Bojane, kao posebno ugro\u017eenog podru?ja sa monta\u017enim ku?icama za","robots":{"index":"index","follow":"follow","max-snippet":"max-snippet:-1","max-image-preview":"max-image-preview:large","max-video-preview":"max-video-preview:-1"},"canonical":"https:\/\/www.visit-ulcinj.com\/blog\/2009\/01\/06\/kontrola-gradnje-na-adi-bojani\/","og_locale":"en_US","og_type":"article","og_title":"Kontrola gradnje na Adi Bojani - Lajme nga Ulqini","og_description":"Inspekcija za\u0161tite prostora Ministarstva za ekonomski razvoj obi\u0161la je lijevu obale Ade Bojane, kao posebno ugro\u017eenog podru?ja sa monta\u017enim ku?icama za","og_url":"https:\/\/www.visit-ulcinj.com\/blog\/2009\/01\/06\/kontrola-gradnje-na-adi-bojani\/","og_site_name":"Lajme nga Ulqini","article_published_time":"2009-01-06T08:09:21+00:00","og_image":[{"url":"http:\/\/www.visit-ulcinj.com\/blog\/wp-content\/uploads\/2009\/01\/ada-bojana_rijeka.jpg"}],"twitter_misc":{"Written by":"ulqini","Est. reading time":"2 minutes"},"schema":{"@context":"https:\/\/schema.org","@graph":[{"@type":"WebSite","@id":"https:\/\/www.visit-ulcinj.com\/blog\/#website","url":"https:\/\/www.visit-ulcinj.com\/blog\/","name":"Lajme nga Ulqini","description":"Lajme,Vijesti,Ulqini,Ulqin,Crna Gora,Mali i Zi","potentialAction":[{"@type":"SearchAction","target":{"@type":"EntryPoint","urlTemplate":"https:\/\/www.visit-ulcinj.com\/blog\/?s={search_term_string}"},"query-input":"required name=search_term_string"}],"inLanguage":"en-US"},{"@type":"ImageObject","inLanguage":"en-US","@id":"https:\/\/www.visit-ulcinj.com\/blog\/2009\/01\/06\/kontrola-gradnje-na-adi-bojani\/#primaryimage","url":"https:\/\/www.visit-ulcinj.com\/blog\/wp-content\/uploads\/2009\/01\/ada-bojana_rijeka.jpg","contentUrl":"https:\/\/www.visit-ulcinj.com\/blog\/wp-content\/uploads\/2009\/01\/ada-bojana_rijeka.jpg","width":"991","height":"743"},{"@type":"WebPage","@id":"https:\/\/www.visit-ulcinj.com\/blog\/2009\/01\/06\/kontrola-gradnje-na-adi-bojani\/#webpage","url":"https:\/\/www.visit-ulcinj.com\/blog\/2009\/01\/06\/kontrola-gradnje-na-adi-bojani\/","name":"Kontrola gradnje na Adi Bojani - Lajme nga Ulqini","isPartOf":{"@id":"https:\/\/www.visit-ulcinj.com\/blog\/#website"},"primaryImageOfPage":{"@id":"https:\/\/www.visit-ulcinj.com\/blog\/2009\/01\/06\/kontrola-gradnje-na-adi-bojani\/#primaryimage"},"datePublished":"2009-01-06T08:09:21+00:00","dateModified":"2009-01-06T08:09:21+00:00","author":{"@id":"https:\/\/www.visit-ulcinj.com\/blog\/#\/schema\/person\/dcab619c614d3038751c63bc2aadc06d"},"description":"Inspekcija za\u0161tite prostora Ministarstva za ekonomski razvoj obi\u0161la je lijevu obale Ade Bojane, kao posebno ugro\u017eenog podru?ja sa monta\u017enim ku?icama za","breadcrumb":{"@id":"https:\/\/www.visit-ulcinj.com\/blog\/2009\/01\/06\/kontrola-gradnje-na-adi-bojani\/#breadcrumb"},"inLanguage":"en-US","potentialAction":[{"@type":"ReadAction","target":["https:\/\/www.visit-ulcinj.com\/blog\/2009\/01\/06\/kontrola-gradnje-na-adi-bojani\/"]}]},{"@type":"BreadcrumbList","@id":"https:\/\/www.visit-ulcinj.com\/blog\/2009\/01\/06\/kontrola-gradnje-na-adi-bojani\/#breadcrumb","itemListElement":[{"@type":"ListItem","position":1,"name":"Kontrola gradnje na Adi Bojani"}]},{"@type":"Person","@id":"https:\/\/www.visit-ulcinj.com\/blog\/#\/schema\/person\/dcab619c614d3038751c63bc2aadc06d","name":"ulqini","sameAs":["http:\/\/www.visit-ulcinj.com"],"url":"https:\/\/www.visit-ulcinj.com\/blog\/author\/admin\/"}]}},"jetpack_featured_media_url":"","jetpack_sharing_enabled":true,"jetpack_shortlink":"https:\/\/wp.me\/pe6lTn-26X","_links":{"self":[{"href":"https:\/\/www.visit-ulcinj.com\/blog\/wp-json\/wp\/v2\/posts\/8119"}],"collection":[{"href":"https:\/\/www.visit-ulcinj.com\/blog\/wp-json\/wp\/v2\/posts"}],"about":[{"href":"https:\/\/www.visit-ulcinj.com\/blog\/wp-json\/wp\/v2\/types\/post"}],"author":[{"embeddable":true,"href":"https:\/\/www.visit-ulcinj.com\/blog\/wp-json\/wp\/v2\/users\/1"}],"replies":[{"embeddable":true,"href":"https:\/\/www.visit-ulcinj.com\/blog\/wp-json\/wp\/v2\/comments?post=8119"}],"version-history":[{"count":0,"href":"https:\/\/www.visit-ulcinj.com\/blog\/wp-json\/wp\/v2\/posts\/8119\/revisions"}],"wp:attachment":[{"href":"https:\/\/www.visit-ulcinj.com\/blog\/wp-json\/wp\/v2\/media?parent=8119"}],"wp:term":[{"taxonomy":"category","embeddable":true,"href":"https:\/\/www.visit-ulcinj.com\/blog\/wp-json\/wp\/v2\/categories?post=8119"},{"taxonomy":"post_tag","embeddable":true,"href":"https:\/\/www.visit-ulcinj.com\/blog\/wp-json\/wp\/v2\/tags?post=8119"}],"curies":[{"name":"wp","href":"https:\/\/api.w.org\/{rel}","templated":true}]}}