{"id":81215,"date":"2014-04-04T19:05:13","date_gmt":"2014-04-04T18:05:13","guid":{"rendered":"http:\/\/www.visit-ulcinj.com\/blog\/?p=81215"},"modified":"2014-04-04T19:05:58","modified_gmt":"2014-04-04T18:05:58","slug":"vujanovic-prisustvovace-za-dan-opstine-ulcinj","status":"publish","type":"post","link":"https:\/\/www.visit-ulcinj.com\/blog\/2014\/04\/04\/vujanovic-prisustvovace-za-dan-opstine-ulcinj\/","title":{"rendered":"Vujanovi\u0107 prisustvova\u0107e za Dan Op\u0161tine Ulcinj"},"content":{"rendered":"<p><a href=\"http:\/\/www.visit-ulcinj.com\/blog\/wp-content\/uploads\/2014\/04\/Fatmir-Djeka-Filip-Vujanovic.jpg\"><img loading=\"lazy\" class=\"alignleft  wp-image-81216\" alt=\"Fatmir-Djeka-Filip-Vujanovic\" src=\"http:\/\/www.visit-ulcinj.com\/blog\/wp-content\/uploads\/2014\/04\/Fatmir-Djeka-Filip-Vujanovic.jpg\" width=\"508\" height=\"346\" \/><\/a>Predsjednik Crne Gore Filip Vujanovi\u0107 prisustvova\u0107e 05. aprila 2014. godine, sve\u010danoj sjednici Skup\u0161tine op\u0161tine Ulcinj, koja se odr\u017eava povodom Dana op\u0161tine.<\/p>\n<p>Sve\u010dana sjednica \u0107e se odr\u017eati u Centru za Kulturu sa po\u010detkom u 11.00 \u010dasova.<\/p>\n<p><span style=\"color: #000000;\"><strong>Izvor: Predsjednik Crne Gore<\/strong><\/span><\/p>\n","protected":false},"excerpt":{"rendered":"<p>Predsjednik Crne Gore Filip Vujanovi\u0107 prisustvova\u0107e 05. aprila 2014. godine, sve\u010danoj sjednici Skup\u0161tine op\u0161tine Ulcinj, koja se odr\u017eava povodom Dana op\u0161tine. Sve\u010dana sjednica \u0107e se odr\u017eati u Centru za Kulturu sa po\u010detkom u 11.00 \u010dasova. Izvor: Predsjednik Crne Gore<\/p>\n","protected":false},"author":1,"featured_media":0,"comment_status":"closed","ping_status":"closed","sticky":false,"template":"","format":"standard","meta":{"spay_email":"","jetpack_publicize_message":"","jetpack_is_tweetstorm":false,"jetpack_publicize_feature_enabled":true},"categories":[6950],"tags":[],"jetpack_publicize_connections":[],"yoast_head":"<!-- This site is optimized with the Yoast SEO plugin v19.1 - https:\/\/yoast.com\/wordpress\/plugins\/seo\/ -->\n<title>Vujanovi\u0107 prisustvova\u0107e za Dan Op\u0161tine Ulcinj - Lajme nga Ulqini<\/title>\n<meta name=\"description\" content=\"Predsjednik Crne Gore Filip Vujanovi\u0107 prisustvova\u0107e 05. aprila 2014. godine, sve\u010danoj sjednici Skup\u0161tine op\u0161tine Ulcinj, koja se odr\u017eava povodom Dana\" \/>\n<meta name=\"robots\" content=\"index, follow, max-snippet:-1, max-image-preview:large, max-video-preview:-1\" \/>\n<link rel=\"canonical\" href=\"https:\/\/www.visit-ulcinj.com\/blog\/2014\/04\/04\/vujanovic-prisustvovace-za-dan-opstine-ulcinj\/\" \/>\n<meta property=\"og:locale\" content=\"en_US\" \/>\n<meta property=\"og:type\" content=\"article\" \/>\n<meta property=\"og:title\" content=\"Vujanovi\u0107 prisustvova\u0107e za Dan Op\u0161tine Ulcinj - Lajme nga Ulqini\" \/>\n<meta property=\"og:description\" content=\"Predsjednik Crne Gore Filip Vujanovi\u0107 prisustvova\u0107e 05. aprila 2014. godine, sve\u010danoj sjednici Skup\u0161tine op\u0161tine Ulcinj, koja se odr\u017eava povodom Dana\" \/>\n<meta property=\"og:url\" content=\"https:\/\/www.visit-ulcinj.com\/blog\/2014\/04\/04\/vujanovic-prisustvovace-za-dan-opstine-ulcinj\/\" \/>\n<meta property=\"og:site_name\" content=\"Lajme nga Ulqini\" \/>\n<meta property=\"article:published_time\" content=\"2014-04-04T18:05:13+00:00\" \/>\n<meta property=\"article:modified_time\" content=\"2014-04-04T18:05:58+00:00\" \/>\n<meta property=\"og:image\" content=\"http:\/\/www.visit-ulcinj.com\/blog\/wp-content\/uploads\/2014\/04\/Fatmir-Djeka-Filip-Vujanovic.jpg\" \/>\n<meta name=\"twitter:label1\" content=\"Written by\" \/>\n\t<meta name=\"twitter:data1\" content=\"ulqini\" \/>\n<script type=\"application\/ld+json\" class=\"yoast-schema-graph\">{\"@context\":\"https:\/\/schema.org\",\"@graph\":[{\"@type\":\"WebSite\",\"@id\":\"https:\/\/www.visit-ulcinj.com\/blog\/#website\",\"url\":\"https:\/\/www.visit-ulcinj.com\/blog\/\",\"name\":\"Lajme nga Ulqini\",\"description\":\"Lajme,Vijesti,Ulqini,Ulqin,Crna Gora,Mali i Zi\",\"potentialAction\":[{\"@type\":\"SearchAction\",\"target\":{\"@type\":\"EntryPoint\",\"urlTemplate\":\"https:\/\/www.visit-ulcinj.com\/blog\/?s={search_term_string}\"},\"query-input\":\"required name=search_term_string\"}],\"inLanguage\":\"en-US\"},{\"@type\":\"ImageObject\",\"inLanguage\":\"en-US\",\"@id\":\"https:\/\/www.visit-ulcinj.com\/blog\/2014\/04\/04\/vujanovic-prisustvovace-za-dan-opstine-ulcinj\/#primaryimage\",\"url\":\"https:\/\/www.visit-ulcinj.com\/blog\/wp-content\/uploads\/2014\/04\/Fatmir-Djeka-Filip-Vujanovic.jpg\",\"contentUrl\":\"https:\/\/www.visit-ulcinj.com\/blog\/wp-content\/uploads\/2014\/04\/Fatmir-Djeka-Filip-Vujanovic.jpg\",\"width\":635,\"height\":346},{\"@type\":\"WebPage\",\"@id\":\"https:\/\/www.visit-ulcinj.com\/blog\/2014\/04\/04\/vujanovic-prisustvovace-za-dan-opstine-ulcinj\/#webpage\",\"url\":\"https:\/\/www.visit-ulcinj.com\/blog\/2014\/04\/04\/vujanovic-prisustvovace-za-dan-opstine-ulcinj\/\",\"name\":\"Vujanovi\u0107 prisustvova\u0107e za Dan Op\u0161tine Ulcinj - Lajme nga Ulqini\",\"isPartOf\":{\"@id\":\"https:\/\/www.visit-ulcinj.com\/blog\/#website\"},\"primaryImageOfPage\":{\"@id\":\"https:\/\/www.visit-ulcinj.com\/blog\/2014\/04\/04\/vujanovic-prisustvovace-za-dan-opstine-ulcinj\/#primaryimage\"},\"datePublished\":\"2014-04-04T18:05:13+00:00\",\"dateModified\":\"2014-04-04T18:05:58+00:00\",\"author\":{\"@id\":\"https:\/\/www.visit-ulcinj.com\/blog\/#\/schema\/person\/dcab619c614d3038751c63bc2aadc06d\"},\"description\":\"Predsjednik Crne Gore Filip Vujanovi\u0107 prisustvova\u0107e 05. aprila 2014. godine, sve\u010danoj sjednici Skup\u0161tine op\u0161tine Ulcinj, koja se odr\u017eava povodom Dana\",\"breadcrumb\":{\"@id\":\"https:\/\/www.visit-ulcinj.com\/blog\/2014\/04\/04\/vujanovic-prisustvovace-za-dan-opstine-ulcinj\/#breadcrumb\"},\"inLanguage\":\"en-US\",\"potentialAction\":[{\"@type\":\"ReadAction\",\"target\":[\"https:\/\/www.visit-ulcinj.com\/blog\/2014\/04\/04\/vujanovic-prisustvovace-za-dan-opstine-ulcinj\/\"]}]},{\"@type\":\"BreadcrumbList\",\"@id\":\"https:\/\/www.visit-ulcinj.com\/blog\/2014\/04\/04\/vujanovic-prisustvovace-za-dan-opstine-ulcinj\/#breadcrumb\",\"itemListElement\":[{\"@type\":\"ListItem\",\"position\":1,\"name\":\"Vujanovi\u0107 prisustvova\u0107e za Dan Op\u0161tine Ulcinj\"}]},{\"@type\":\"Person\",\"@id\":\"https:\/\/www.visit-ulcinj.com\/blog\/#\/schema\/person\/dcab619c614d3038751c63bc2aadc06d\",\"name\":\"ulqini\",\"sameAs\":[\"http:\/\/www.visit-ulcinj.com\"],\"url\":\"https:\/\/www.visit-ulcinj.com\/blog\/author\/admin\/\"}]}<\/script>\n<!-- \/ Yoast SEO plugin. -->","yoast_head_json":{"title":"Vujanovi\u0107 prisustvova\u0107e za Dan Op\u0161tine Ulcinj - Lajme nga Ulqini","description":"Predsjednik Crne Gore Filip Vujanovi\u0107 prisustvova\u0107e 05. aprila 2014. godine, sve\u010danoj sjednici Skup\u0161tine op\u0161tine Ulcinj, koja se odr\u017eava povodom Dana","robots":{"index":"index","follow":"follow","max-snippet":"max-snippet:-1","max-image-preview":"max-image-preview:large","max-video-preview":"max-video-preview:-1"},"canonical":"https:\/\/www.visit-ulcinj.com\/blog\/2014\/04\/04\/vujanovic-prisustvovace-za-dan-opstine-ulcinj\/","og_locale":"en_US","og_type":"article","og_title":"Vujanovi\u0107 prisustvova\u0107e za Dan Op\u0161tine Ulcinj - Lajme nga Ulqini","og_description":"Predsjednik Crne Gore Filip Vujanovi\u0107 prisustvova\u0107e 05. aprila 2014. godine, sve\u010danoj sjednici Skup\u0161tine op\u0161tine Ulcinj, koja se odr\u017eava povodom Dana","og_url":"https:\/\/www.visit-ulcinj.com\/blog\/2014\/04\/04\/vujanovic-prisustvovace-za-dan-opstine-ulcinj\/","og_site_name":"Lajme nga Ulqini","article_published_time":"2014-04-04T18:05:13+00:00","article_modified_time":"2014-04-04T18:05:58+00:00","og_image":[{"url":"http:\/\/www.visit-ulcinj.com\/blog\/wp-content\/uploads\/2014\/04\/Fatmir-Djeka-Filip-Vujanovic.jpg"}],"twitter_misc":{"Written by":"ulqini"},"schema":{"@context":"https:\/\/schema.org","@graph":[{"@type":"WebSite","@id":"https:\/\/www.visit-ulcinj.com\/blog\/#website","url":"https:\/\/www.visit-ulcinj.com\/blog\/","name":"Lajme nga Ulqini","description":"Lajme,Vijesti,Ulqini,Ulqin,Crna Gora,Mali i Zi","potentialAction":[{"@type":"SearchAction","target":{"@type":"EntryPoint","urlTemplate":"https:\/\/www.visit-ulcinj.com\/blog\/?s={search_term_string}"},"query-input":"required name=search_term_string"}],"inLanguage":"en-US"},{"@type":"ImageObject","inLanguage":"en-US","@id":"https:\/\/www.visit-ulcinj.com\/blog\/2014\/04\/04\/vujanovic-prisustvovace-za-dan-opstine-ulcinj\/#primaryimage","url":"https:\/\/www.visit-ulcinj.com\/blog\/wp-content\/uploads\/2014\/04\/Fatmir-Djeka-Filip-Vujanovic.jpg","contentUrl":"https:\/\/www.visit-ulcinj.com\/blog\/wp-content\/uploads\/2014\/04\/Fatmir-Djeka-Filip-Vujanovic.jpg","width":635,"height":346},{"@type":"WebPage","@id":"https:\/\/www.visit-ulcinj.com\/blog\/2014\/04\/04\/vujanovic-prisustvovace-za-dan-opstine-ulcinj\/#webpage","url":"https:\/\/www.visit-ulcinj.com\/blog\/2014\/04\/04\/vujanovic-prisustvovace-za-dan-opstine-ulcinj\/","name":"Vujanovi\u0107 prisustvova\u0107e za Dan Op\u0161tine Ulcinj - Lajme nga Ulqini","isPartOf":{"@id":"https:\/\/www.visit-ulcinj.com\/blog\/#website"},"primaryImageOfPage":{"@id":"https:\/\/www.visit-ulcinj.com\/blog\/2014\/04\/04\/vujanovic-prisustvovace-za-dan-opstine-ulcinj\/#primaryimage"},"datePublished":"2014-04-04T18:05:13+00:00","dateModified":"2014-04-04T18:05:58+00:00","author":{"@id":"https:\/\/www.visit-ulcinj.com\/blog\/#\/schema\/person\/dcab619c614d3038751c63bc2aadc06d"},"description":"Predsjednik Crne Gore Filip Vujanovi\u0107 prisustvova\u0107e 05. aprila 2014. godine, sve\u010danoj sjednici Skup\u0161tine op\u0161tine Ulcinj, koja se odr\u017eava povodom Dana","breadcrumb":{"@id":"https:\/\/www.visit-ulcinj.com\/blog\/2014\/04\/04\/vujanovic-prisustvovace-za-dan-opstine-ulcinj\/#breadcrumb"},"inLanguage":"en-US","potentialAction":[{"@type":"ReadAction","target":["https:\/\/www.visit-ulcinj.com\/blog\/2014\/04\/04\/vujanovic-prisustvovace-za-dan-opstine-ulcinj\/"]}]},{"@type":"BreadcrumbList","@id":"https:\/\/www.visit-ulcinj.com\/blog\/2014\/04\/04\/vujanovic-prisustvovace-za-dan-opstine-ulcinj\/#breadcrumb","itemListElement":[{"@type":"ListItem","position":1,"name":"Vujanovi\u0107 prisustvova\u0107e za Dan Op\u0161tine Ulcinj"}]},{"@type":"Person","@id":"https:\/\/www.visit-ulcinj.com\/blog\/#\/schema\/person\/dcab619c614d3038751c63bc2aadc06d","name":"ulqini","sameAs":["http:\/\/www.visit-ulcinj.com"],"url":"https:\/\/www.visit-ulcinj.com\/blog\/author\/admin\/"}]}},"jetpack_featured_media_url":"","jetpack_sharing_enabled":true,"jetpack_shortlink":"https:\/\/wp.me\/pe6lTn-l7V","_links":{"self":[{"href":"https:\/\/www.visit-ulcinj.com\/blog\/wp-json\/wp\/v2\/posts\/81215"}],"collection":[{"href":"https:\/\/www.visit-ulcinj.com\/blog\/wp-json\/wp\/v2\/posts"}],"about":[{"href":"https:\/\/www.visit-ulcinj.com\/blog\/wp-json\/wp\/v2\/types\/post"}],"author":[{"embeddable":true,"href":"https:\/\/www.visit-ulcinj.com\/blog\/wp-json\/wp\/v2\/users\/1"}],"replies":[{"embeddable":true,"href":"https:\/\/www.visit-ulcinj.com\/blog\/wp-json\/wp\/v2\/comments?post=81215"}],"version-history":[{"count":2,"href":"https:\/\/www.visit-ulcinj.com\/blog\/wp-json\/wp\/v2\/posts\/81215\/revisions"}],"predecessor-version":[{"id":81218,"href":"https:\/\/www.visit-ulcinj.com\/blog\/wp-json\/wp\/v2\/posts\/81215\/revisions\/81218"}],"wp:attachment":[{"href":"https:\/\/www.visit-ulcinj.com\/blog\/wp-json\/wp\/v2\/media?parent=81215"}],"wp:term":[{"taxonomy":"category","embeddable":true,"href":"https:\/\/www.visit-ulcinj.com\/blog\/wp-json\/wp\/v2\/categories?post=81215"},{"taxonomy":"post_tag","embeddable":true,"href":"https:\/\/www.visit-ulcinj.com\/blog\/wp-json\/wp\/v2\/tags?post=81215"}],"curies":[{"name":"wp","href":"https:\/\/api.w.org\/{rel}","templated":true}]}}