{"id":81226,"date":"2014-04-04T19:26:41","date_gmt":"2014-04-04T18:26:41","guid":{"rendered":"http:\/\/www.visit-ulcinj.com\/blog\/?p=81226"},"modified":"2014-04-04T19:26:41","modified_gmt":"2014-04-04T18:26:41","slug":"srdan-milic-prijeti-potapanje-ukljuciti-struju-solani","status":"publish","type":"post","link":"https:\/\/www.visit-ulcinj.com\/blog\/2014\/04\/04\/srdan-milic-prijeti-potapanje-ukljuciti-struju-solani\/","title":{"rendered":"Sr\u0111an Mili\u0107: Prijeti potapanje, uklju\u010diti struju Solani"},"content":{"rendered":"<p><a href=\"http:\/\/www.visit-ulcinj.com\/blog\/wp-content\/uploads\/2014\/04\/Odbor-za-ekonomiju-finansije-i-budzet-crne-gore-3.jpg\"><img loading=\"lazy\" class=\"alignleft  wp-image-81221\" alt=\"Odbor za ekonomiju, finansije i budzet-crne-gore-3\" src=\"http:\/\/www.visit-ulcinj.com\/blog\/wp-content\/uploads\/2014\/04\/Odbor-za-ekonomiju-finansije-i-budzet-crne-gore-3.jpg\" width=\"508\" height=\"360\" \/><\/a>Skup\u0161tinski odbor za ekonomiju odr\u017eao je danas kontrolno saslu\u0161anje ministara finansija i ekonomije Radoja \u017dugi\u0107a i Vladimira Kavari\u0107a, povodom situacije u ulcinjskoj Solani.<\/p>\n<p>\u010clan Odbora izSNP-a Sr\u0111an Mili\u0107 zahvalio je kolegama \u0161to su jednoglasni podr\u017eali njegovu inicijativu za odr\u017eavanje kontrolnog saslu\u0161anja.<\/p>\n<p>&#8221;Radi se o ogromnoj imovini, parlament nije dozvolio da se zemlji\u0161te Solane preimenuje u gra\u0111evinsko, na \u0161ta treba da budemo ponosni. Tra\u017eio sam od Uprave carina podatke koliko je soli uvezeno u zadnjih pet godina, otkad je u Solani uveden ste\u010daj. U kompaniji je i dalje \u0161trajk, sa ste\u010dajnim upravnikom smo dogovorili da se produ\u017ei ugovor za narednih mjesec dana. Zbog velike koli\u010dine vode postoji opasnost da erozijom zemlji\u0161ta izgubimo proizvodni dio Solane. Zato je prioritet da se za\u0161titi to podru\u010dje priklju\u010denjem struje,\u00a0 kako bi se ta voda ispumpala&#8221;, istakao je Mili\u0107.<\/p>\n<p>Ministar finansija\u00a0Radoje \u017dugi\u0107\u00a0rekao je da je Solana privatizovana po modelu berze, prodajom tri manjinska paketa akcija investicionim fondovima.<\/p>\n<p>&#8221;Ste\u010dajni postupak je uveden sredinom 2005. Nakon osam poku\u0161aja prodaje, aktuelni deveti tender je ogla\u0161en sa kupoprodajnom cijenom od 195 miliona eura. Svako naredno ogla\u0161avanje predstavlja\u0107e obezvrje\u0111ivanje imovine. Povr\u0161ina zemlji\u0161ta je 15 miliona kvadrata, koje se defini\u0161e kao zemlji\u0161te posebne namjene i park prirode. Potra\u017eivanja povjerilaca iznose \u0161est miliona eura. Problem je \u0161to nijesu regulisana vlasni\u010dka prava kod du\u017enika. Dug nastao poslije uvo\u0111enja ste\u010daja iznosi oko 935 hiljada eura. Jedino postoji mogu\u0107nost da se otplata duga uzvr\u0161i iz ste\u010dajne mase, shodno zakonskim propisima. Stalna imovina Solane iznosi 33,3 miliona, obrtna sredstva 3,3 miliona, a kapital dru\u0161tva procjenjen je 2012. na \u00a037 miliona eura&#8221;, precizirao je \u017dugi\u0107.<\/p>\n<p>Ministar ekonomije\u00a0Vladimir Kavari\u0107\u00a0ocijenio je da je manevarski prostor Vladi su\u017een, nakon uvo\u0111enja ste\u010daja 2005.<\/p>\n<p>&#8221;Vlada je opredijeljena da se, na ovom prostoru, proizvodi so. Vlada je resornom ministarstvu i Op\u0161tini Ulcinj, u vi\u0161e navrata, poru\u010dila da proizvodnja soli nema alternativu. Dr\u017eava ima mogu\u0107nost uplate minimalnih poreza i doprinosa, \u0161to bi doprinijelo elementarnoj socijalnoj za\u0161titi zaposlenih&#8221;, rekao je\u00a0Kavari\u0107.<br \/>\n<a href=\"http:\/\/www.visit-ulcinj.com\/blog\/wp-content\/uploads\/2014\/04\/Odbor-za-ekonomiju-finansije-i-budzet-crne-gore-1.jpg\"><img loading=\"lazy\" class=\"alignleft  wp-image-81222\" alt=\"Odbor za ekonomiju, finansije i budzet-crne-gore-1\" src=\"http:\/\/www.visit-ulcinj.com\/blog\/wp-content\/uploads\/2014\/04\/Odbor-za-ekonomiju-finansije-i-budzet-crne-gore-1.jpg\" width=\"508\" height=\"360\" \/><\/a><\/p>\n<p>Ste\u010dajni upravnik\u00a0Ognjen Jovovi\u0107\u00a0kazao je da niko ne dovodi u pitanje proizvodnju soli.<\/p>\n<p>&#8221;Poslovni proces i postupak ste\u010daja su, me\u0111utim, potpuno nekompatibilni i nemaju ni\u0161ta zajedni\u010dko. U solanu je uveden klasi\u010dni ste\u010daj, a ni pet godina nakon toga nije bilo plana reorganizacije. Sla\u017eem se da se problem Solane ne mo\u017ee rije\u0161iti prodajom imovine, ali to je zakonska obaveza. Prodavati ne\u0161to na silu je te\u0161ko ostvarivo.\u00a0Treba uzeti jo\u0161 jednu dimenziju, a to je da dru\u0161tva u ste\u010daju nemaju pravo na koncesiju. Kako odr\u017eati i sa\u010duvati imovinu Solane, staviti je u funkciju? Problemi su i organizovanje ovogodi\u0161nje berbe i izmirenje obaveza prema zaposlenima i biv\u0161im radnicima. Ukupna potra\u017eivanja su, prema sporazumima, neto 962 hiljade eura. Probleme treba rje\u0161avati \u0161to hitnije, a ste\u010dajni upravnik se ne mo\u017ee sa svim ovim uhvatiti u ko\u0161tac&#8221; konstatovao je Jovovi\u0107.<\/p>\n<p>Sjednici su prisustvovali su i pomo\u0107nik ministra ekonomije\u00a0Vladan Dubljevi\u0107, ste\u010dajni upravnik Ognjen Jovovi\u0107, te poslanici iz Ulcinja\u00a0Lui\u0111 \u0160krelja\u00a0(DPS),\u00a0Genci Nimanbegu<strong>\u00a0<\/strong>(Forca) i\u00a0Dritan Abazovi\u0107\u00a0(Pozitivna).<\/p>\n<p>Izvor: Portal Analitika<\/p>\n","protected":false},"excerpt":{"rendered":"<p>Skup\u0161tinski odbor za ekonomiju odr\u017eao je danas kontrolno saslu\u0161anje ministara finansija i ekonomije Radoja \u017dugi\u0107a i Vladimira Kavari\u0107a, povodom situacije u ulcinjskoj Solani. \u010clan Odbora izSNP-a Sr\u0111an Mili\u0107 zahvalio je kolegama \u0161to su jednoglasni podr\u017eali njegovu inicijativu za odr\u017eavanje kontrolnog saslu\u0161anja. &#8221;Radi se o ogromnoj imovini, parlament nije dozvolio da se zemlji\u0161te Solane preimenuje u [&hellip;]<\/p>\n","protected":false},"author":1,"featured_media":0,"comment_status":"closed","ping_status":"closed","sticky":false,"template":"","format":"standard","meta":{"spay_email":"","jetpack_publicize_message":"","jetpack_is_tweetstorm":false,"jetpack_publicize_feature_enabled":true},"categories":[8337],"tags":[],"jetpack_publicize_connections":[],"yoast_head":"<!-- This site is optimized with the Yoast SEO plugin v19.1 - https:\/\/yoast.com\/wordpress\/plugins\/seo\/ -->\n<title>Sr\u0111an Mili\u0107: Prijeti potapanje, uklju\u010diti struju Solani - Lajme nga Ulqini<\/title>\n<meta name=\"description\" content=\"Skup\u0161tinski odbor za ekonomiju odr\u017eao je danas kontrolno saslu\u0161anje ministara finansija i ekonomije Radoja \u017dugi\u0107a i Vladimira Kavari\u0107a, povodom situacije\" \/>\n<meta name=\"robots\" content=\"index, follow, max-snippet:-1, max-image-preview:large, max-video-preview:-1\" \/>\n<link rel=\"canonical\" href=\"https:\/\/www.visit-ulcinj.com\/blog\/2014\/04\/04\/srdan-milic-prijeti-potapanje-ukljuciti-struju-solani\/\" \/>\n<meta property=\"og:locale\" content=\"en_US\" \/>\n<meta property=\"og:type\" content=\"article\" \/>\n<meta property=\"og:title\" content=\"Sr\u0111an Mili\u0107: Prijeti potapanje, uklju\u010diti struju Solani - Lajme nga Ulqini\" \/>\n<meta property=\"og:description\" content=\"Skup\u0161tinski odbor za ekonomiju odr\u017eao je danas kontrolno saslu\u0161anje ministara finansija i ekonomije Radoja \u017dugi\u0107a i Vladimira Kavari\u0107a, povodom situacije\" \/>\n<meta property=\"og:url\" content=\"https:\/\/www.visit-ulcinj.com\/blog\/2014\/04\/04\/srdan-milic-prijeti-potapanje-ukljuciti-struju-solani\/\" \/>\n<meta property=\"og:site_name\" content=\"Lajme nga Ulqini\" \/>\n<meta property=\"article:published_time\" content=\"2014-04-04T18:26:41+00:00\" \/>\n<meta property=\"og:image\" content=\"http:\/\/www.visit-ulcinj.com\/blog\/wp-content\/uploads\/2014\/04\/Odbor-za-ekonomiju-finansije-i-budzet-crne-gore-3.jpg\" \/>\n<meta name=\"twitter:label1\" content=\"Written by\" \/>\n\t<meta name=\"twitter:data1\" content=\"ulqini\" \/>\n\t<meta name=\"twitter:label2\" content=\"Est. reading time\" \/>\n\t<meta name=\"twitter:data2\" content=\"3 minutes\" \/>\n<script type=\"application\/ld+json\" class=\"yoast-schema-graph\">{\"@context\":\"https:\/\/schema.org\",\"@graph\":[{\"@type\":\"WebSite\",\"@id\":\"https:\/\/www.visit-ulcinj.com\/blog\/#website\",\"url\":\"https:\/\/www.visit-ulcinj.com\/blog\/\",\"name\":\"Lajme nga Ulqini\",\"description\":\"Lajme,Vijesti,Ulqini,Ulqin,Crna Gora,Mali i Zi\",\"potentialAction\":[{\"@type\":\"SearchAction\",\"target\":{\"@type\":\"EntryPoint\",\"urlTemplate\":\"https:\/\/www.visit-ulcinj.com\/blog\/?s={search_term_string}\"},\"query-input\":\"required name=search_term_string\"}],\"inLanguage\":\"en-US\"},{\"@type\":\"ImageObject\",\"inLanguage\":\"en-US\",\"@id\":\"https:\/\/www.visit-ulcinj.com\/blog\/2014\/04\/04\/srdan-milic-prijeti-potapanje-ukljuciti-struju-solani\/#primaryimage\",\"url\":\"https:\/\/www.visit-ulcinj.com\/blog\/wp-content\/uploads\/2014\/04\/Odbor-za-ekonomiju-finansije-i-budzet-crne-gore-3.jpg\",\"contentUrl\":\"https:\/\/www.visit-ulcinj.com\/blog\/wp-content\/uploads\/2014\/04\/Odbor-za-ekonomiju-finansije-i-budzet-crne-gore-3.jpg\",\"width\":1024,\"height\":680},{\"@type\":\"WebPage\",\"@id\":\"https:\/\/www.visit-ulcinj.com\/blog\/2014\/04\/04\/srdan-milic-prijeti-potapanje-ukljuciti-struju-solani\/#webpage\",\"url\":\"https:\/\/www.visit-ulcinj.com\/blog\/2014\/04\/04\/srdan-milic-prijeti-potapanje-ukljuciti-struju-solani\/\",\"name\":\"Sr\u0111an Mili\u0107: Prijeti potapanje, uklju\u010diti struju Solani - Lajme nga Ulqini\",\"isPartOf\":{\"@id\":\"https:\/\/www.visit-ulcinj.com\/blog\/#website\"},\"primaryImageOfPage\":{\"@id\":\"https:\/\/www.visit-ulcinj.com\/blog\/2014\/04\/04\/srdan-milic-prijeti-potapanje-ukljuciti-struju-solani\/#primaryimage\"},\"datePublished\":\"2014-04-04T18:26:41+00:00\",\"dateModified\":\"2014-04-04T18:26:41+00:00\",\"author\":{\"@id\":\"https:\/\/www.visit-ulcinj.com\/blog\/#\/schema\/person\/dcab619c614d3038751c63bc2aadc06d\"},\"description\":\"Skup\u0161tinski odbor za ekonomiju odr\u017eao je danas kontrolno saslu\u0161anje ministara finansija i ekonomije Radoja \u017dugi\u0107a i Vladimira Kavari\u0107a, povodom situacije\",\"breadcrumb\":{\"@id\":\"https:\/\/www.visit-ulcinj.com\/blog\/2014\/04\/04\/srdan-milic-prijeti-potapanje-ukljuciti-struju-solani\/#breadcrumb\"},\"inLanguage\":\"en-US\",\"potentialAction\":[{\"@type\":\"ReadAction\",\"target\":[\"https:\/\/www.visit-ulcinj.com\/blog\/2014\/04\/04\/srdan-milic-prijeti-potapanje-ukljuciti-struju-solani\/\"]}]},{\"@type\":\"BreadcrumbList\",\"@id\":\"https:\/\/www.visit-ulcinj.com\/blog\/2014\/04\/04\/srdan-milic-prijeti-potapanje-ukljuciti-struju-solani\/#breadcrumb\",\"itemListElement\":[{\"@type\":\"ListItem\",\"position\":1,\"name\":\"Sr\u0111an Mili\u0107: Prijeti potapanje, uklju\u010diti struju Solani\"}]},{\"@type\":\"Person\",\"@id\":\"https:\/\/www.visit-ulcinj.com\/blog\/#\/schema\/person\/dcab619c614d3038751c63bc2aadc06d\",\"name\":\"ulqini\",\"sameAs\":[\"http:\/\/www.visit-ulcinj.com\"],\"url\":\"https:\/\/www.visit-ulcinj.com\/blog\/author\/admin\/\"}]}<\/script>\n<!-- \/ Yoast SEO plugin. -->","yoast_head_json":{"title":"Sr\u0111an Mili\u0107: Prijeti potapanje, uklju\u010diti struju Solani - Lajme nga Ulqini","description":"Skup\u0161tinski odbor za ekonomiju odr\u017eao je danas kontrolno saslu\u0161anje ministara finansija i ekonomije Radoja \u017dugi\u0107a i Vladimira Kavari\u0107a, povodom situacije","robots":{"index":"index","follow":"follow","max-snippet":"max-snippet:-1","max-image-preview":"max-image-preview:large","max-video-preview":"max-video-preview:-1"},"canonical":"https:\/\/www.visit-ulcinj.com\/blog\/2014\/04\/04\/srdan-milic-prijeti-potapanje-ukljuciti-struju-solani\/","og_locale":"en_US","og_type":"article","og_title":"Sr\u0111an Mili\u0107: Prijeti potapanje, uklju\u010diti struju Solani - Lajme nga Ulqini","og_description":"Skup\u0161tinski odbor za ekonomiju odr\u017eao je danas kontrolno saslu\u0161anje ministara finansija i ekonomije Radoja \u017dugi\u0107a i Vladimira Kavari\u0107a, povodom situacije","og_url":"https:\/\/www.visit-ulcinj.com\/blog\/2014\/04\/04\/srdan-milic-prijeti-potapanje-ukljuciti-struju-solani\/","og_site_name":"Lajme nga Ulqini","article_published_time":"2014-04-04T18:26:41+00:00","og_image":[{"url":"http:\/\/www.visit-ulcinj.com\/blog\/wp-content\/uploads\/2014\/04\/Odbor-za-ekonomiju-finansije-i-budzet-crne-gore-3.jpg"}],"twitter_misc":{"Written by":"ulqini","Est. reading time":"3 minutes"},"schema":{"@context":"https:\/\/schema.org","@graph":[{"@type":"WebSite","@id":"https:\/\/www.visit-ulcinj.com\/blog\/#website","url":"https:\/\/www.visit-ulcinj.com\/blog\/","name":"Lajme nga Ulqini","description":"Lajme,Vijesti,Ulqini,Ulqin,Crna Gora,Mali i Zi","potentialAction":[{"@type":"SearchAction","target":{"@type":"EntryPoint","urlTemplate":"https:\/\/www.visit-ulcinj.com\/blog\/?s={search_term_string}"},"query-input":"required name=search_term_string"}],"inLanguage":"en-US"},{"@type":"ImageObject","inLanguage":"en-US","@id":"https:\/\/www.visit-ulcinj.com\/blog\/2014\/04\/04\/srdan-milic-prijeti-potapanje-ukljuciti-struju-solani\/#primaryimage","url":"https:\/\/www.visit-ulcinj.com\/blog\/wp-content\/uploads\/2014\/04\/Odbor-za-ekonomiju-finansije-i-budzet-crne-gore-3.jpg","contentUrl":"https:\/\/www.visit-ulcinj.com\/blog\/wp-content\/uploads\/2014\/04\/Odbor-za-ekonomiju-finansije-i-budzet-crne-gore-3.jpg","width":1024,"height":680},{"@type":"WebPage","@id":"https:\/\/www.visit-ulcinj.com\/blog\/2014\/04\/04\/srdan-milic-prijeti-potapanje-ukljuciti-struju-solani\/#webpage","url":"https:\/\/www.visit-ulcinj.com\/blog\/2014\/04\/04\/srdan-milic-prijeti-potapanje-ukljuciti-struju-solani\/","name":"Sr\u0111an Mili\u0107: Prijeti potapanje, uklju\u010diti struju Solani - Lajme nga Ulqini","isPartOf":{"@id":"https:\/\/www.visit-ulcinj.com\/blog\/#website"},"primaryImageOfPage":{"@id":"https:\/\/www.visit-ulcinj.com\/blog\/2014\/04\/04\/srdan-milic-prijeti-potapanje-ukljuciti-struju-solani\/#primaryimage"},"datePublished":"2014-04-04T18:26:41+00:00","dateModified":"2014-04-04T18:26:41+00:00","author":{"@id":"https:\/\/www.visit-ulcinj.com\/blog\/#\/schema\/person\/dcab619c614d3038751c63bc2aadc06d"},"description":"Skup\u0161tinski odbor za ekonomiju odr\u017eao je danas kontrolno saslu\u0161anje ministara finansija i ekonomije Radoja \u017dugi\u0107a i Vladimira Kavari\u0107a, povodom situacije","breadcrumb":{"@id":"https:\/\/www.visit-ulcinj.com\/blog\/2014\/04\/04\/srdan-milic-prijeti-potapanje-ukljuciti-struju-solani\/#breadcrumb"},"inLanguage":"en-US","potentialAction":[{"@type":"ReadAction","target":["https:\/\/www.visit-ulcinj.com\/blog\/2014\/04\/04\/srdan-milic-prijeti-potapanje-ukljuciti-struju-solani\/"]}]},{"@type":"BreadcrumbList","@id":"https:\/\/www.visit-ulcinj.com\/blog\/2014\/04\/04\/srdan-milic-prijeti-potapanje-ukljuciti-struju-solani\/#breadcrumb","itemListElement":[{"@type":"ListItem","position":1,"name":"Sr\u0111an Mili\u0107: Prijeti potapanje, uklju\u010diti struju Solani"}]},{"@type":"Person","@id":"https:\/\/www.visit-ulcinj.com\/blog\/#\/schema\/person\/dcab619c614d3038751c63bc2aadc06d","name":"ulqini","sameAs":["http:\/\/www.visit-ulcinj.com"],"url":"https:\/\/www.visit-ulcinj.com\/blog\/author\/admin\/"}]}},"jetpack_featured_media_url":"","jetpack_sharing_enabled":true,"jetpack_shortlink":"https:\/\/wp.me\/pe6lTn-l86","_links":{"self":[{"href":"https:\/\/www.visit-ulcinj.com\/blog\/wp-json\/wp\/v2\/posts\/81226"}],"collection":[{"href":"https:\/\/www.visit-ulcinj.com\/blog\/wp-json\/wp\/v2\/posts"}],"about":[{"href":"https:\/\/www.visit-ulcinj.com\/blog\/wp-json\/wp\/v2\/types\/post"}],"author":[{"embeddable":true,"href":"https:\/\/www.visit-ulcinj.com\/blog\/wp-json\/wp\/v2\/users\/1"}],"replies":[{"embeddable":true,"href":"https:\/\/www.visit-ulcinj.com\/blog\/wp-json\/wp\/v2\/comments?post=81226"}],"version-history":[{"count":1,"href":"https:\/\/www.visit-ulcinj.com\/blog\/wp-json\/wp\/v2\/posts\/81226\/revisions"}],"predecessor-version":[{"id":81227,"href":"https:\/\/www.visit-ulcinj.com\/blog\/wp-json\/wp\/v2\/posts\/81226\/revisions\/81227"}],"wp:attachment":[{"href":"https:\/\/www.visit-ulcinj.com\/blog\/wp-json\/wp\/v2\/media?parent=81226"}],"wp:term":[{"taxonomy":"category","embeddable":true,"href":"https:\/\/www.visit-ulcinj.com\/blog\/wp-json\/wp\/v2\/categories?post=81226"},{"taxonomy":"post_tag","embeddable":true,"href":"https:\/\/www.visit-ulcinj.com\/blog\/wp-json\/wp\/v2\/tags?post=81226"}],"curies":[{"name":"wp","href":"https:\/\/api.w.org\/{rel}","templated":true}]}}