{"id":81236,"date":"2014-04-05T06:49:20","date_gmt":"2014-04-05T05:49:20","guid":{"rendered":"http:\/\/www.visit-ulcinj.com\/blog\/?p=81236"},"modified":"2014-04-05T06:49:20","modified_gmt":"2014-04-05T05:49:20","slug":"mali-zi-dhe-shqiperia-pakete-te-perbashket-turistike","status":"publish","type":"post","link":"https:\/\/www.visit-ulcinj.com\/blog\/2014\/04\/05\/mali-zi-dhe-shqiperia-pakete-te-perbashket-turistike\/","title":{"rendered":"Mali i Zi dhe Shqip\u00ebria me pak\u00ebt\u00eb t\u00eb p\u00ebrbashk\u00ebt turistike"},"content":{"rendered":"<p><a href=\"http:\/\/www.visit-ulcinj.com\/blog\/wp-content\/uploads\/2014\/04\/Azerbajgjan-Gvozdenovic-Gjermeni.jpg\"><img loading=\"lazy\" class=\"alignleft  wp-image-81237\" alt=\"Azerbajgjan-Gvozdenovic-Gjermeni\" src=\"http:\/\/www.visit-ulcinj.com\/blog\/wp-content\/uploads\/2014\/04\/Azerbajgjan-Gvozdenovic-Gjermeni.jpg\" width=\"508\" height=\"360\" \/><\/a>Shqip\u00ebria dhe Mali i Zi pritet t\u00eb n\u00ebnshkruajn\u00eb n\u00eb fund t\u00eb muajit prill nj\u00eb marreveshje e cila synon krijimin e nj\u00eb pakete t\u00eb p\u00ebrbashk\u00ebt turistike dhe organizimin e takimeve t\u00eb p\u00ebrbashk\u00ebta mes operator\u00ebve turistike t\u00eb dy vendeve.<br \/>\nGjat\u00eb nj\u00eb takimi me Ministrin e Turizmit t\u00eb Malit t\u00eb Zi, Branimir Gvozdenovic, ministrja shqiptare Eglantina Gjermeni e njohu homologun malazez me masat e nd\u00ebrmarra nga ministria n\u00eb kuad\u00ebr t\u00eb p\u00ebrmir\u00ebsimit dhe zhvillimit t\u00eb q\u00ebndruesh\u00ebm t\u00eb sektorit t\u00eb turizmit.<br \/>\nPrezantimi i nj\u00eb pakete t\u00eb p\u00ebrbashk\u00ebt turistike mes vendeve t\u00eb Ballkanit do t\u00eb b\u00ebj\u00eb t\u00eb mundur q\u00eb i gjith\u00eb rajoni t\u00eb konkurroj\u00eb n\u00eb tregun evropian t\u00eb turizmit.<\/p>\n<p><a href=\"http:\/\/www.visit-ulcinj.com\/blog\/wp-content\/uploads\/2014\/04\/Azerbajgjan-Gvozdenovic-Gjermeni-1.jpg\"><img loading=\"lazy\" class=\"alignleft  wp-image-81238\" alt=\"Azerbajgjan-Gvozdenovic-Gjermeni-1\" src=\"http:\/\/www.visit-ulcinj.com\/blog\/wp-content\/uploads\/2014\/04\/Azerbajgjan-Gvozdenovic-Gjermeni-1.jpg\" width=\"508\" height=\"360\" srcset=\"https:\/\/www.visit-ulcinj.com\/blog\/wp-content\/uploads\/2014\/04\/Azerbajgjan-Gvozdenovic-Gjermeni-1.jpg 520w, https:\/\/www.visit-ulcinj.com\/blog\/wp-content\/uploads\/2014\/04\/Azerbajgjan-Gvozdenovic-Gjermeni-1-300x213.jpg 300w\" sizes=\"(max-width: 508px) 100vw, 508px\" \/><\/a><br \/>\nPik\u00eb konkrete n\u00eb marr\u00ebveshje do t\u00eb jet\u00eb edhe bashk\u00ebpunimi nd\u00ebrkufitar me projekte konkrete, ture studimore dhe ekspertiz\u00eb n\u00eb branding dhe njohjen e Shqip\u00ebris\u00eb me tregun nd\u00ebrkomb\u00ebtar t\u00eb turizmit. T\u00eb dy ministrat ran\u00eb dakord mbi mund\u00ebsi bashk\u00ebpunimi me projekte konkrete jo vet\u00ebm n\u00eb fush\u00ebn e turizmit por dhe t\u00eb zhvillimit urban. Ministrja Gjermeni po ndjek punimet e Konferenc\u00ebs s\u00eb 57-t\u00eb t\u00eb Komisionit t\u00eb Evrop\u00ebs s\u00eb Organizat\u00ebs Bot\u00ebrore t\u00eb Turizmit.<\/p>\n<p><strong>BalkanWeb<\/strong><\/p>\n","protected":false},"excerpt":{"rendered":"<p>Shqip\u00ebria dhe Mali i Zi pritet t\u00eb n\u00ebnshkruajn\u00eb n\u00eb fund t\u00eb muajit prill nj\u00eb marreveshje e cila synon krijimin e nj\u00eb pakete t\u00eb p\u00ebrbashk\u00ebt turistike dhe organizimin e takimeve t\u00eb p\u00ebrbashk\u00ebta mes operator\u00ebve turistike t\u00eb dy vendeve. Gjat\u00eb nj\u00eb takimi me Ministrin e Turizmit t\u00eb Malit t\u00eb Zi, Branimir Gvozdenovic, ministrja shqiptare Eglantina Gjermeni e [&hellip;]<\/p>\n","protected":false},"author":1,"featured_media":0,"comment_status":"closed","ping_status":"closed","sticky":false,"template":"","format":"standard","meta":{"spay_email":"","jetpack_publicize_message":"","jetpack_is_tweetstorm":false,"jetpack_publicize_feature_enabled":true},"categories":[15],"tags":[],"jetpack_publicize_connections":[],"yoast_head":"<!-- This site is optimized with the Yoast SEO plugin v19.1 - https:\/\/yoast.com\/wordpress\/plugins\/seo\/ -->\n<title>Mali i Zi dhe Shqip\u00ebria me pak\u00ebt\u00eb t\u00eb p\u00ebrbashk\u00ebt turistike - Lajme nga Ulqini<\/title>\n<meta name=\"description\" content=\"Shqip\u00ebria dhe Mali i Zi pritet t\u00eb n\u00ebnshkruajn\u00eb n\u00eb fund t\u00eb muajit prill nj\u00eb marreveshje e cila synon krijimin e nj\u00eb pakete t\u00eb p\u00ebrbashk\u00ebt turistike dhe\" \/>\n<meta name=\"robots\" content=\"index, follow, max-snippet:-1, max-image-preview:large, max-video-preview:-1\" \/>\n<link rel=\"canonical\" href=\"https:\/\/www.visit-ulcinj.com\/blog\/2014\/04\/05\/mali-zi-dhe-shqiperia-pakete-te-perbashket-turistike\/\" \/>\n<meta property=\"og:locale\" content=\"en_US\" \/>\n<meta property=\"og:type\" content=\"article\" \/>\n<meta property=\"og:title\" content=\"Mali i Zi dhe Shqip\u00ebria me pak\u00ebt\u00eb t\u00eb p\u00ebrbashk\u00ebt turistike - Lajme nga Ulqini\" \/>\n<meta property=\"og:description\" content=\"Shqip\u00ebria dhe Mali i Zi pritet t\u00eb n\u00ebnshkruajn\u00eb n\u00eb fund t\u00eb muajit prill nj\u00eb marreveshje e cila synon krijimin e nj\u00eb pakete t\u00eb p\u00ebrbashk\u00ebt turistike dhe\" \/>\n<meta property=\"og:url\" content=\"https:\/\/www.visit-ulcinj.com\/blog\/2014\/04\/05\/mali-zi-dhe-shqiperia-pakete-te-perbashket-turistike\/\" \/>\n<meta property=\"og:site_name\" content=\"Lajme nga Ulqini\" \/>\n<meta property=\"article:published_time\" content=\"2014-04-05T05:49:20+00:00\" \/>\n<meta property=\"og:image\" content=\"http:\/\/www.visit-ulcinj.com\/blog\/wp-content\/uploads\/2014\/04\/Azerbajgjan-Gvozdenovic-Gjermeni.jpg\" \/>\n<meta name=\"twitter:label1\" content=\"Written by\" \/>\n\t<meta name=\"twitter:data1\" content=\"ulqini\" \/>\n\t<meta name=\"twitter:label2\" content=\"Est. reading time\" \/>\n\t<meta name=\"twitter:data2\" content=\"1 minute\" \/>\n<script type=\"application\/ld+json\" class=\"yoast-schema-graph\">{\"@context\":\"https:\/\/schema.org\",\"@graph\":[{\"@type\":\"WebSite\",\"@id\":\"https:\/\/www.visit-ulcinj.com\/blog\/#website\",\"url\":\"https:\/\/www.visit-ulcinj.com\/blog\/\",\"name\":\"Lajme nga Ulqini\",\"description\":\"Lajme,Vijesti,Ulqini,Ulqin,Crna Gora,Mali i Zi\",\"potentialAction\":[{\"@type\":\"SearchAction\",\"target\":{\"@type\":\"EntryPoint\",\"urlTemplate\":\"https:\/\/www.visit-ulcinj.com\/blog\/?s={search_term_string}\"},\"query-input\":\"required name=search_term_string\"}],\"inLanguage\":\"en-US\"},{\"@type\":\"ImageObject\",\"inLanguage\":\"en-US\",\"@id\":\"https:\/\/www.visit-ulcinj.com\/blog\/2014\/04\/05\/mali-zi-dhe-shqiperia-pakete-te-perbashket-turistike\/#primaryimage\",\"url\":\"https:\/\/www.visit-ulcinj.com\/blog\/wp-content\/uploads\/2014\/04\/Azerbajgjan-Gvozdenovic-Gjermeni.jpg\",\"contentUrl\":\"https:\/\/www.visit-ulcinj.com\/blog\/wp-content\/uploads\/2014\/04\/Azerbajgjan-Gvozdenovic-Gjermeni.jpg\",\"width\":695,\"height\":392},{\"@type\":\"WebPage\",\"@id\":\"https:\/\/www.visit-ulcinj.com\/blog\/2014\/04\/05\/mali-zi-dhe-shqiperia-pakete-te-perbashket-turistike\/#webpage\",\"url\":\"https:\/\/www.visit-ulcinj.com\/blog\/2014\/04\/05\/mali-zi-dhe-shqiperia-pakete-te-perbashket-turistike\/\",\"name\":\"Mali i Zi dhe Shqip\u00ebria me pak\u00ebt\u00eb t\u00eb p\u00ebrbashk\u00ebt turistike - Lajme nga Ulqini\",\"isPartOf\":{\"@id\":\"https:\/\/www.visit-ulcinj.com\/blog\/#website\"},\"primaryImageOfPage\":{\"@id\":\"https:\/\/www.visit-ulcinj.com\/blog\/2014\/04\/05\/mali-zi-dhe-shqiperia-pakete-te-perbashket-turistike\/#primaryimage\"},\"datePublished\":\"2014-04-05T05:49:20+00:00\",\"dateModified\":\"2014-04-05T05:49:20+00:00\",\"author\":{\"@id\":\"https:\/\/www.visit-ulcinj.com\/blog\/#\/schema\/person\/dcab619c614d3038751c63bc2aadc06d\"},\"description\":\"Shqip\u00ebria dhe Mali i Zi pritet t\u00eb n\u00ebnshkruajn\u00eb n\u00eb fund t\u00eb muajit prill nj\u00eb marreveshje e cila synon krijimin e nj\u00eb pakete t\u00eb p\u00ebrbashk\u00ebt turistike dhe\",\"breadcrumb\":{\"@id\":\"https:\/\/www.visit-ulcinj.com\/blog\/2014\/04\/05\/mali-zi-dhe-shqiperia-pakete-te-perbashket-turistike\/#breadcrumb\"},\"inLanguage\":\"en-US\",\"potentialAction\":[{\"@type\":\"ReadAction\",\"target\":[\"https:\/\/www.visit-ulcinj.com\/blog\/2014\/04\/05\/mali-zi-dhe-shqiperia-pakete-te-perbashket-turistike\/\"]}]},{\"@type\":\"BreadcrumbList\",\"@id\":\"https:\/\/www.visit-ulcinj.com\/blog\/2014\/04\/05\/mali-zi-dhe-shqiperia-pakete-te-perbashket-turistike\/#breadcrumb\",\"itemListElement\":[{\"@type\":\"ListItem\",\"position\":1,\"name\":\"Mali i Zi dhe Shqip\u00ebria me pak\u00ebt\u00eb t\u00eb p\u00ebrbashk\u00ebt turistike\"}]},{\"@type\":\"Person\",\"@id\":\"https:\/\/www.visit-ulcinj.com\/blog\/#\/schema\/person\/dcab619c614d3038751c63bc2aadc06d\",\"name\":\"ulqini\",\"sameAs\":[\"http:\/\/www.visit-ulcinj.com\"],\"url\":\"https:\/\/www.visit-ulcinj.com\/blog\/author\/admin\/\"}]}<\/script>\n<!-- \/ Yoast SEO plugin. -->","yoast_head_json":{"title":"Mali i Zi dhe Shqip\u00ebria me pak\u00ebt\u00eb t\u00eb p\u00ebrbashk\u00ebt turistike - Lajme nga Ulqini","description":"Shqip\u00ebria dhe Mali i Zi pritet t\u00eb n\u00ebnshkruajn\u00eb n\u00eb fund t\u00eb muajit prill nj\u00eb marreveshje e cila synon krijimin e nj\u00eb pakete t\u00eb p\u00ebrbashk\u00ebt turistike dhe","robots":{"index":"index","follow":"follow","max-snippet":"max-snippet:-1","max-image-preview":"max-image-preview:large","max-video-preview":"max-video-preview:-1"},"canonical":"https:\/\/www.visit-ulcinj.com\/blog\/2014\/04\/05\/mali-zi-dhe-shqiperia-pakete-te-perbashket-turistike\/","og_locale":"en_US","og_type":"article","og_title":"Mali i Zi dhe Shqip\u00ebria me pak\u00ebt\u00eb t\u00eb p\u00ebrbashk\u00ebt turistike - Lajme nga Ulqini","og_description":"Shqip\u00ebria dhe Mali i Zi pritet t\u00eb n\u00ebnshkruajn\u00eb n\u00eb fund t\u00eb muajit prill nj\u00eb marreveshje e cila synon krijimin e nj\u00eb pakete t\u00eb p\u00ebrbashk\u00ebt turistike dhe","og_url":"https:\/\/www.visit-ulcinj.com\/blog\/2014\/04\/05\/mali-zi-dhe-shqiperia-pakete-te-perbashket-turistike\/","og_site_name":"Lajme nga Ulqini","article_published_time":"2014-04-05T05:49:20+00:00","og_image":[{"url":"http:\/\/www.visit-ulcinj.com\/blog\/wp-content\/uploads\/2014\/04\/Azerbajgjan-Gvozdenovic-Gjermeni.jpg"}],"twitter_misc":{"Written by":"ulqini","Est. reading time":"1 minute"},"schema":{"@context":"https:\/\/schema.org","@graph":[{"@type":"WebSite","@id":"https:\/\/www.visit-ulcinj.com\/blog\/#website","url":"https:\/\/www.visit-ulcinj.com\/blog\/","name":"Lajme nga Ulqini","description":"Lajme,Vijesti,Ulqini,Ulqin,Crna Gora,Mali i Zi","potentialAction":[{"@type":"SearchAction","target":{"@type":"EntryPoint","urlTemplate":"https:\/\/www.visit-ulcinj.com\/blog\/?s={search_term_string}"},"query-input":"required name=search_term_string"}],"inLanguage":"en-US"},{"@type":"ImageObject","inLanguage":"en-US","@id":"https:\/\/www.visit-ulcinj.com\/blog\/2014\/04\/05\/mali-zi-dhe-shqiperia-pakete-te-perbashket-turistike\/#primaryimage","url":"https:\/\/www.visit-ulcinj.com\/blog\/wp-content\/uploads\/2014\/04\/Azerbajgjan-Gvozdenovic-Gjermeni.jpg","contentUrl":"https:\/\/www.visit-ulcinj.com\/blog\/wp-content\/uploads\/2014\/04\/Azerbajgjan-Gvozdenovic-Gjermeni.jpg","width":695,"height":392},{"@type":"WebPage","@id":"https:\/\/www.visit-ulcinj.com\/blog\/2014\/04\/05\/mali-zi-dhe-shqiperia-pakete-te-perbashket-turistike\/#webpage","url":"https:\/\/www.visit-ulcinj.com\/blog\/2014\/04\/05\/mali-zi-dhe-shqiperia-pakete-te-perbashket-turistike\/","name":"Mali i Zi dhe Shqip\u00ebria me pak\u00ebt\u00eb t\u00eb p\u00ebrbashk\u00ebt turistike - Lajme nga Ulqini","isPartOf":{"@id":"https:\/\/www.visit-ulcinj.com\/blog\/#website"},"primaryImageOfPage":{"@id":"https:\/\/www.visit-ulcinj.com\/blog\/2014\/04\/05\/mali-zi-dhe-shqiperia-pakete-te-perbashket-turistike\/#primaryimage"},"datePublished":"2014-04-05T05:49:20+00:00","dateModified":"2014-04-05T05:49:20+00:00","author":{"@id":"https:\/\/www.visit-ulcinj.com\/blog\/#\/schema\/person\/dcab619c614d3038751c63bc2aadc06d"},"description":"Shqip\u00ebria dhe Mali i Zi pritet t\u00eb n\u00ebnshkruajn\u00eb n\u00eb fund t\u00eb muajit prill nj\u00eb marreveshje e cila synon krijimin e nj\u00eb pakete t\u00eb p\u00ebrbashk\u00ebt turistike dhe","breadcrumb":{"@id":"https:\/\/www.visit-ulcinj.com\/blog\/2014\/04\/05\/mali-zi-dhe-shqiperia-pakete-te-perbashket-turistike\/#breadcrumb"},"inLanguage":"en-US","potentialAction":[{"@type":"ReadAction","target":["https:\/\/www.visit-ulcinj.com\/blog\/2014\/04\/05\/mali-zi-dhe-shqiperia-pakete-te-perbashket-turistike\/"]}]},{"@type":"BreadcrumbList","@id":"https:\/\/www.visit-ulcinj.com\/blog\/2014\/04\/05\/mali-zi-dhe-shqiperia-pakete-te-perbashket-turistike\/#breadcrumb","itemListElement":[{"@type":"ListItem","position":1,"name":"Mali i Zi dhe Shqip\u00ebria me pak\u00ebt\u00eb t\u00eb p\u00ebrbashk\u00ebt turistike"}]},{"@type":"Person","@id":"https:\/\/www.visit-ulcinj.com\/blog\/#\/schema\/person\/dcab619c614d3038751c63bc2aadc06d","name":"ulqini","sameAs":["http:\/\/www.visit-ulcinj.com"],"url":"https:\/\/www.visit-ulcinj.com\/blog\/author\/admin\/"}]}},"jetpack_featured_media_url":"","jetpack_sharing_enabled":true,"jetpack_shortlink":"https:\/\/wp.me\/pe6lTn-l8g","_links":{"self":[{"href":"https:\/\/www.visit-ulcinj.com\/blog\/wp-json\/wp\/v2\/posts\/81236"}],"collection":[{"href":"https:\/\/www.visit-ulcinj.com\/blog\/wp-json\/wp\/v2\/posts"}],"about":[{"href":"https:\/\/www.visit-ulcinj.com\/blog\/wp-json\/wp\/v2\/types\/post"}],"author":[{"embeddable":true,"href":"https:\/\/www.visit-ulcinj.com\/blog\/wp-json\/wp\/v2\/users\/1"}],"replies":[{"embeddable":true,"href":"https:\/\/www.visit-ulcinj.com\/blog\/wp-json\/wp\/v2\/comments?post=81236"}],"version-history":[{"count":1,"href":"https:\/\/www.visit-ulcinj.com\/blog\/wp-json\/wp\/v2\/posts\/81236\/revisions"}],"predecessor-version":[{"id":81239,"href":"https:\/\/www.visit-ulcinj.com\/blog\/wp-json\/wp\/v2\/posts\/81236\/revisions\/81239"}],"wp:attachment":[{"href":"https:\/\/www.visit-ulcinj.com\/blog\/wp-json\/wp\/v2\/media?parent=81236"}],"wp:term":[{"taxonomy":"category","embeddable":true,"href":"https:\/\/www.visit-ulcinj.com\/blog\/wp-json\/wp\/v2\/categories?post=81236"},{"taxonomy":"post_tag","embeddable":true,"href":"https:\/\/www.visit-ulcinj.com\/blog\/wp-json\/wp\/v2\/tags?post=81236"}],"curies":[{"name":"wp","href":"https:\/\/api.w.org\/{rel}","templated":true}]}}