{"id":81257,"date":"2014-04-06T10:49:55","date_gmt":"2014-04-06T09:49:55","guid":{"rendered":"http:\/\/www.visit-ulcinj.com\/blog\/?p=81257"},"modified":"2014-04-06T10:49:55","modified_gmt":"2014-04-06T09:49:55","slug":"solana-zemljiste-mora-ostati-drzavno","status":"publish","type":"post","link":"https:\/\/www.visit-ulcinj.com\/blog\/2014\/04\/06\/solana-zemljiste-mora-ostati-drzavno\/","title":{"rendered":"Solana: Zemlji\u0161te mora ostati dr\u017eavno"},"content":{"rendered":"<p><a href=\"http:\/\/www.visit-ulcinj.com\/blog\/wp-content\/uploads\/2014\/04\/Ulcinjska-Solana-.jpg\"><img loading=\"lazy\" class=\"alignleft  wp-image-81277\" alt=\"Ulcinjska-Solana-\" src=\"http:\/\/www.visit-ulcinj.com\/blog\/wp-content\/uploads\/2014\/04\/Ulcinjska-Solana-.jpg\" width=\"508\" height=\"360\" \/><\/a>Ulcinjskoj Solani hitno treba uklju\u010diti struju i dozvoliti da taj dug od 20.000 eura plati na rate kad po\u010dne proizvodnja. Ste\u010dajni upravnik mora da omogu\u0107i radnicima da u\u0111u u fabriku i da sa dr\u017eavom i ulcinjskom op\u0161tinom defini\u0161e saradnju da bi fabrika radila i da bi se pomoglo radnicima. Sve to treba uraditi do 20. aprila. To su predlozi lidera SNP-a Sr\u0111ana Mili\u0107a koje je saop\u0161tio ju\u010de na skup\u0161tinskom Odboru za ekonomiju gdje je obavljeno kontrolno saslu\u0161anje ministara finansija i ekonomije Radoja \u017dugi\u0107a i Vladimira Kavari\u0107a i ste\u010dajnog upravnika Ognjena Jovovi\u0107a zbog problema u fabrici. Dogovoreno je da poslanici dostave Odboru do idu\u0107e sjednice predloge da bi se utvrdili jedinstveni zaklju\u010dci koje bi uputili Skup\u0161tini na usvajanje.<\/p>\n<p>U fabrici je prozvodnja prekinuta krajem 2013. Radnici \u0161tajkuju, tra\u017ee\u0107i isplatu 10 plata i povezivanje radnog sta\u017ea uz pokretanje proizvodnje. Od 2005. firma je u ste\u010daju. Njom je gazdovao Eurofond povezan sa osobama bliskim biznismenu Veselinu Barovi\u0107u.<\/p>\n<p>Ste\u010dajni upravnik je krajem marta zabranio radnicima da u\u0111u u krug fabrike zbog sva\u0111e sindikalaca i obezbje\u0111enja koji su potezali pi\u0161tolje, a nedavno su ugovori produ\u017eeni na mjesec, do kraja aprila.<\/p>\n<p>\u017dugi\u0107eva ideja je da se problemi rije\u0161e tako \u0161to bi se dio od 15 miliona kvadrata zemlji\u0161ta preimenovao u drugu namjenu i prodao. \u201cIz toga bi se isplatila dugovanja radnicima i druga potra\u017eivanja. To treba obaviti tako da se ne ugrozi proizvodnja fabrike\u201d, kazao je \u017dugi\u0107, \u0161to Mili\u0107 nije podr\u017eao. \u017dugi\u0107 je rekao da je Eurofond tu\u017eio Savjet za privatizaciju jer se nije izjasnio o njihovom zahtjevu da je pla\u0107ena tr\u017ei\u0161na naknada za zemlji\u0161te \u201c\u0161to im omogu\u0107ava da se pravo na kori\u0161\u0107enje zemlji\u0161ta preimenuje u pravo svojine\u201d. Nije kazao pred kojim sudom je pokrenut postupak. Aleksandar Damjanovi\u0107 (SNP) je ukazao da je po tom pitanju nadle\u017ean Privredni sud.<\/p>\n<p>\u201cJasno je da postoji pravo kori\u0161\u0107enja, a da je zemlji\u0161te dr\u017eavno\u201d, rekao je Damjanovi\u0107. Mladen Bojani\u0107 (Pozitivna) je istakao da je zemlji\u0161te dr\u017eavno, a ako bi se Privredni sud o tome izjasnio tako da dr\u017eava izgubi zemlji\u0161te tra\u017eio bi da to ispita dr\u017eavno tu\u017eila\u0161tvo. Ministri su saglasni da fabrika treba da nastavi proizvodnju, ali Kavari\u0107 nije imao odgovor na pitanje Strahinje Bulaji\u0107a (DF) \u0161ta \u0107e Vlada da uradi da ostvari tu \u017eelju. Kavari\u0107 je rekao da je Vladi su\u017een prostor jer se mora po\u0161tovati zakonska procedura gde je zbog ste\u010daja za fabriku nadle\u017ean Privredni sud.<\/p>\n<p><strong>\u017dugi\u0107: Te\u0161ko do partnera<\/strong><\/p>\n<p>Ministar \u017dugi\u0107 je ocijenio i da se sprovede \u201c jo\u0161 19 tendera\u201d ne\u0107e se na\u0107i partner. Do sada je propalo devet tendera za prodaju Solane. Predstavnik sindikata radnika Marko Miranovi\u0107 rekao da su spremni da se \u017ertvuju da bi fabrika radila.<\/p>\n<p>Sindikalci tvrde da fabrika mo\u017ee normalno da posluje i tra\u017ee da im se omogu\u0107i da rade. Ministri su \u00a0saglasni da fabrika treba da nastavi proizvodnju, ali upu\u0107uju da je to nadle\u017enost Privrednog suda jer je Solana u ste\u010daju.<\/p>\n<p>Marija Mirja\u010di\u0107<\/p>\n","protected":false},"excerpt":{"rendered":"<p>Ulcinjskoj Solani hitno treba uklju\u010diti struju i dozvoliti da taj dug od 20.000 eura plati na rate kad po\u010dne proizvodnja. Ste\u010dajni upravnik mora da omogu\u0107i radnicima da u\u0111u u fabriku i da sa dr\u017eavom i ulcinjskom op\u0161tinom defini\u0161e saradnju da bi fabrika radila i da bi se pomoglo radnicima. Sve to treba uraditi do 20. [&hellip;]<\/p>\n","protected":false},"author":1,"featured_media":0,"comment_status":"closed","ping_status":"closed","sticky":false,"template":"","format":"standard","meta":{"spay_email":"","jetpack_publicize_message":"","jetpack_is_tweetstorm":false,"jetpack_publicize_feature_enabled":true},"categories":[8337],"tags":[],"jetpack_publicize_connections":[],"yoast_head":"<!-- This site is optimized with the Yoast SEO plugin v19.1 - https:\/\/yoast.com\/wordpress\/plugins\/seo\/ -->\n<title>Solana: Zemlji\u0161te mora ostati dr\u017eavno - Lajme nga Ulqini<\/title>\n<meta name=\"description\" content=\"Ulcinjskoj Solani hitno treba uklju\u010diti struju i dozvoliti da taj dug od 20.000 eura plati na rate kad po\u010dne proizvodnja. Ste\u010dajni upravnik mora da\" \/>\n<meta name=\"robots\" content=\"index, follow, max-snippet:-1, max-image-preview:large, max-video-preview:-1\" \/>\n<link rel=\"canonical\" href=\"https:\/\/www.visit-ulcinj.com\/blog\/2014\/04\/06\/solana-zemljiste-mora-ostati-drzavno\/\" \/>\n<meta property=\"og:locale\" content=\"en_US\" \/>\n<meta property=\"og:type\" content=\"article\" \/>\n<meta property=\"og:title\" content=\"Solana: Zemlji\u0161te mora ostati dr\u017eavno - Lajme nga Ulqini\" \/>\n<meta property=\"og:description\" content=\"Ulcinjskoj Solani hitno treba uklju\u010diti struju i dozvoliti da taj dug od 20.000 eura plati na rate kad po\u010dne proizvodnja. Ste\u010dajni upravnik mora da\" \/>\n<meta property=\"og:url\" content=\"https:\/\/www.visit-ulcinj.com\/blog\/2014\/04\/06\/solana-zemljiste-mora-ostati-drzavno\/\" \/>\n<meta property=\"og:site_name\" content=\"Lajme nga Ulqini\" \/>\n<meta property=\"article:published_time\" content=\"2014-04-06T09:49:55+00:00\" \/>\n<meta property=\"og:image\" content=\"http:\/\/www.visit-ulcinj.com\/blog\/wp-content\/uploads\/2014\/04\/Ulcinjska-Solana-.jpg\" \/>\n<meta name=\"twitter:label1\" content=\"Written by\" \/>\n\t<meta name=\"twitter:data1\" content=\"ulqini\" \/>\n\t<meta name=\"twitter:label2\" content=\"Est. reading time\" \/>\n\t<meta name=\"twitter:data2\" content=\"3 minutes\" \/>\n<script type=\"application\/ld+json\" class=\"yoast-schema-graph\">{\"@context\":\"https:\/\/schema.org\",\"@graph\":[{\"@type\":\"WebSite\",\"@id\":\"https:\/\/www.visit-ulcinj.com\/blog\/#website\",\"url\":\"https:\/\/www.visit-ulcinj.com\/blog\/\",\"name\":\"Lajme nga Ulqini\",\"description\":\"Lajme,Vijesti,Ulqini,Ulqin,Crna Gora,Mali i Zi\",\"potentialAction\":[{\"@type\":\"SearchAction\",\"target\":{\"@type\":\"EntryPoint\",\"urlTemplate\":\"https:\/\/www.visit-ulcinj.com\/blog\/?s={search_term_string}\"},\"query-input\":\"required name=search_term_string\"}],\"inLanguage\":\"en-US\"},{\"@type\":\"ImageObject\",\"inLanguage\":\"en-US\",\"@id\":\"https:\/\/www.visit-ulcinj.com\/blog\/2014\/04\/06\/solana-zemljiste-mora-ostati-drzavno\/#primaryimage\",\"url\":\"https:\/\/www.visit-ulcinj.com\/blog\/wp-content\/uploads\/2014\/04\/Ulcinjska-Solana-.jpg\",\"contentUrl\":\"https:\/\/www.visit-ulcinj.com\/blog\/wp-content\/uploads\/2014\/04\/Ulcinjska-Solana-.jpg\",\"width\":720,\"height\":479},{\"@type\":\"WebPage\",\"@id\":\"https:\/\/www.visit-ulcinj.com\/blog\/2014\/04\/06\/solana-zemljiste-mora-ostati-drzavno\/#webpage\",\"url\":\"https:\/\/www.visit-ulcinj.com\/blog\/2014\/04\/06\/solana-zemljiste-mora-ostati-drzavno\/\",\"name\":\"Solana: Zemlji\u0161te mora ostati dr\u017eavno - Lajme nga Ulqini\",\"isPartOf\":{\"@id\":\"https:\/\/www.visit-ulcinj.com\/blog\/#website\"},\"primaryImageOfPage\":{\"@id\":\"https:\/\/www.visit-ulcinj.com\/blog\/2014\/04\/06\/solana-zemljiste-mora-ostati-drzavno\/#primaryimage\"},\"datePublished\":\"2014-04-06T09:49:55+00:00\",\"dateModified\":\"2014-04-06T09:49:55+00:00\",\"author\":{\"@id\":\"https:\/\/www.visit-ulcinj.com\/blog\/#\/schema\/person\/dcab619c614d3038751c63bc2aadc06d\"},\"description\":\"Ulcinjskoj Solani hitno treba uklju\u010diti struju i dozvoliti da taj dug od 20.000 eura plati na rate kad po\u010dne proizvodnja. Ste\u010dajni upravnik mora da\",\"breadcrumb\":{\"@id\":\"https:\/\/www.visit-ulcinj.com\/blog\/2014\/04\/06\/solana-zemljiste-mora-ostati-drzavno\/#breadcrumb\"},\"inLanguage\":\"en-US\",\"potentialAction\":[{\"@type\":\"ReadAction\",\"target\":[\"https:\/\/www.visit-ulcinj.com\/blog\/2014\/04\/06\/solana-zemljiste-mora-ostati-drzavno\/\"]}]},{\"@type\":\"BreadcrumbList\",\"@id\":\"https:\/\/www.visit-ulcinj.com\/blog\/2014\/04\/06\/solana-zemljiste-mora-ostati-drzavno\/#breadcrumb\",\"itemListElement\":[{\"@type\":\"ListItem\",\"position\":1,\"name\":\"Solana: Zemlji\u0161te mora ostati dr\u017eavno\"}]},{\"@type\":\"Person\",\"@id\":\"https:\/\/www.visit-ulcinj.com\/blog\/#\/schema\/person\/dcab619c614d3038751c63bc2aadc06d\",\"name\":\"ulqini\",\"sameAs\":[\"http:\/\/www.visit-ulcinj.com\"],\"url\":\"https:\/\/www.visit-ulcinj.com\/blog\/author\/admin\/\"}]}<\/script>\n<!-- \/ Yoast SEO plugin. -->","yoast_head_json":{"title":"Solana: Zemlji\u0161te mora ostati dr\u017eavno - Lajme nga Ulqini","description":"Ulcinjskoj Solani hitno treba uklju\u010diti struju i dozvoliti da taj dug od 20.000 eura plati na rate kad po\u010dne proizvodnja. Ste\u010dajni upravnik mora da","robots":{"index":"index","follow":"follow","max-snippet":"max-snippet:-1","max-image-preview":"max-image-preview:large","max-video-preview":"max-video-preview:-1"},"canonical":"https:\/\/www.visit-ulcinj.com\/blog\/2014\/04\/06\/solana-zemljiste-mora-ostati-drzavno\/","og_locale":"en_US","og_type":"article","og_title":"Solana: Zemlji\u0161te mora ostati dr\u017eavno - Lajme nga Ulqini","og_description":"Ulcinjskoj Solani hitno treba uklju\u010diti struju i dozvoliti da taj dug od 20.000 eura plati na rate kad po\u010dne proizvodnja. Ste\u010dajni upravnik mora da","og_url":"https:\/\/www.visit-ulcinj.com\/blog\/2014\/04\/06\/solana-zemljiste-mora-ostati-drzavno\/","og_site_name":"Lajme nga Ulqini","article_published_time":"2014-04-06T09:49:55+00:00","og_image":[{"url":"http:\/\/www.visit-ulcinj.com\/blog\/wp-content\/uploads\/2014\/04\/Ulcinjska-Solana-.jpg"}],"twitter_misc":{"Written by":"ulqini","Est. reading time":"3 minutes"},"schema":{"@context":"https:\/\/schema.org","@graph":[{"@type":"WebSite","@id":"https:\/\/www.visit-ulcinj.com\/blog\/#website","url":"https:\/\/www.visit-ulcinj.com\/blog\/","name":"Lajme nga Ulqini","description":"Lajme,Vijesti,Ulqini,Ulqin,Crna Gora,Mali i Zi","potentialAction":[{"@type":"SearchAction","target":{"@type":"EntryPoint","urlTemplate":"https:\/\/www.visit-ulcinj.com\/blog\/?s={search_term_string}"},"query-input":"required name=search_term_string"}],"inLanguage":"en-US"},{"@type":"ImageObject","inLanguage":"en-US","@id":"https:\/\/www.visit-ulcinj.com\/blog\/2014\/04\/06\/solana-zemljiste-mora-ostati-drzavno\/#primaryimage","url":"https:\/\/www.visit-ulcinj.com\/blog\/wp-content\/uploads\/2014\/04\/Ulcinjska-Solana-.jpg","contentUrl":"https:\/\/www.visit-ulcinj.com\/blog\/wp-content\/uploads\/2014\/04\/Ulcinjska-Solana-.jpg","width":720,"height":479},{"@type":"WebPage","@id":"https:\/\/www.visit-ulcinj.com\/blog\/2014\/04\/06\/solana-zemljiste-mora-ostati-drzavno\/#webpage","url":"https:\/\/www.visit-ulcinj.com\/blog\/2014\/04\/06\/solana-zemljiste-mora-ostati-drzavno\/","name":"Solana: Zemlji\u0161te mora ostati dr\u017eavno - Lajme nga Ulqini","isPartOf":{"@id":"https:\/\/www.visit-ulcinj.com\/blog\/#website"},"primaryImageOfPage":{"@id":"https:\/\/www.visit-ulcinj.com\/blog\/2014\/04\/06\/solana-zemljiste-mora-ostati-drzavno\/#primaryimage"},"datePublished":"2014-04-06T09:49:55+00:00","dateModified":"2014-04-06T09:49:55+00:00","author":{"@id":"https:\/\/www.visit-ulcinj.com\/blog\/#\/schema\/person\/dcab619c614d3038751c63bc2aadc06d"},"description":"Ulcinjskoj Solani hitno treba uklju\u010diti struju i dozvoliti da taj dug od 20.000 eura plati na rate kad po\u010dne proizvodnja. Ste\u010dajni upravnik mora da","breadcrumb":{"@id":"https:\/\/www.visit-ulcinj.com\/blog\/2014\/04\/06\/solana-zemljiste-mora-ostati-drzavno\/#breadcrumb"},"inLanguage":"en-US","potentialAction":[{"@type":"ReadAction","target":["https:\/\/www.visit-ulcinj.com\/blog\/2014\/04\/06\/solana-zemljiste-mora-ostati-drzavno\/"]}]},{"@type":"BreadcrumbList","@id":"https:\/\/www.visit-ulcinj.com\/blog\/2014\/04\/06\/solana-zemljiste-mora-ostati-drzavno\/#breadcrumb","itemListElement":[{"@type":"ListItem","position":1,"name":"Solana: Zemlji\u0161te mora ostati dr\u017eavno"}]},{"@type":"Person","@id":"https:\/\/www.visit-ulcinj.com\/blog\/#\/schema\/person\/dcab619c614d3038751c63bc2aadc06d","name":"ulqini","sameAs":["http:\/\/www.visit-ulcinj.com"],"url":"https:\/\/www.visit-ulcinj.com\/blog\/author\/admin\/"}]}},"jetpack_featured_media_url":"","jetpack_sharing_enabled":true,"jetpack_shortlink":"https:\/\/wp.me\/pe6lTn-l8B","_links":{"self":[{"href":"https:\/\/www.visit-ulcinj.com\/blog\/wp-json\/wp\/v2\/posts\/81257"}],"collection":[{"href":"https:\/\/www.visit-ulcinj.com\/blog\/wp-json\/wp\/v2\/posts"}],"about":[{"href":"https:\/\/www.visit-ulcinj.com\/blog\/wp-json\/wp\/v2\/types\/post"}],"author":[{"embeddable":true,"href":"https:\/\/www.visit-ulcinj.com\/blog\/wp-json\/wp\/v2\/users\/1"}],"replies":[{"embeddable":true,"href":"https:\/\/www.visit-ulcinj.com\/blog\/wp-json\/wp\/v2\/comments?post=81257"}],"version-history":[{"count":2,"href":"https:\/\/www.visit-ulcinj.com\/blog\/wp-json\/wp\/v2\/posts\/81257\/revisions"}],"predecessor-version":[{"id":81278,"href":"https:\/\/www.visit-ulcinj.com\/blog\/wp-json\/wp\/v2\/posts\/81257\/revisions\/81278"}],"wp:attachment":[{"href":"https:\/\/www.visit-ulcinj.com\/blog\/wp-json\/wp\/v2\/media?parent=81257"}],"wp:term":[{"taxonomy":"category","embeddable":true,"href":"https:\/\/www.visit-ulcinj.com\/blog\/wp-json\/wp\/v2\/categories?post=81257"},{"taxonomy":"post_tag","embeddable":true,"href":"https:\/\/www.visit-ulcinj.com\/blog\/wp-json\/wp\/v2\/tags?post=81257"}],"curies":[{"name":"wp","href":"https:\/\/api.w.org\/{rel}","templated":true}]}}