{"id":81263,"date":"2014-04-06T10:26:11","date_gmt":"2014-04-06T09:26:11","guid":{"rendered":"http:\/\/www.visit-ulcinj.com\/blog\/?p=81263"},"modified":"2014-04-08T18:09:28","modified_gmt":"2014-04-08T17:09:28","slug":"u-shenua-dita-e-komunes-se-ulqinit","status":"publish","type":"post","link":"https:\/\/www.visit-ulcinj.com\/blog\/2014\/04\/06\/u-shenua-dita-e-komunes-se-ulqinit\/","title":{"rendered":"U sh\u00ebnua dita e komun\u00ebs s\u00eb Ulqinit &#8211; Video"},"content":{"rendered":"<p><a href=\"http:\/\/www.visit-ulcinj.com\/blog\/wp-content\/uploads\/2014\/04\/Dita-e-Komunes-se-Ulqinit-1.jpg\"><img loading=\"lazy\" class=\"alignleft  wp-image-81265\" alt=\"Dita-e-Komunes-se-Ulqinit-1\" src=\"http:\/\/www.visit-ulcinj.com\/blog\/wp-content\/uploads\/2014\/04\/Dita-e-Komunes-se-Ulqinit-1.jpg\" width=\"508\" height=\"360\" \/><\/a>Me rastin e dites s\u00eb Komun\u00ebs s\u00eb Ulqinit ku edhe nj\u00ebherit parashihet fillimi i sezonit turistik, n\u00eb qytetin ton\u00eb jan\u00eb mbajtuar aktivitete t\u00eb shumta si n\u00eb Komun\u00eb, Qend\u00ebr p\u00ebr kultur\u00eb ashtu edhe n\u00eb plazhin e vog\u00ebl, kurse n\u00eb hotelin Mediteran \u00ebsht\u00eb organizuar program i begateshem kulturo \u2013 artistik, nd\u00ebrsa pas k\u00ebsaj \u00ebsht\u00eb organizuar koktej p\u00ebr t\u00eb gjith\u00eb t\u00eb ftuarit.<\/p>\n<p><a href=\"http:\/\/www.visit-ulcinj.com\/blog\/wp-content\/uploads\/2014\/04\/Dita-e-Komunes-se-Ulqinit-Vujanovic-Topi-Beci.jpg\"><img loading=\"lazy\" class=\"alignleft  wp-image-81266\" alt=\"Dita-e-Komunes-se-Ulqinit-Vujanovic-Topi-Beci\" src=\"http:\/\/www.visit-ulcinj.com\/blog\/wp-content\/uploads\/2014\/04\/Dita-e-Komunes-se-Ulqinit-Vujanovic-Topi-Beci.jpg\" width=\"508\" height=\"360\" \/><\/a><\/p>\n<p>Mbas solemnitetit q\u00eb u mbajt n\u00eb Qend\u00ebr p\u00ebr kultur\u00eb t\u00eb shtunen, n\u00eb t\u00eb cilin morr\u00ebn pjes\u00eb kryetari i Malit t\u00eb Zi Filip Vujanoviq, n\u00ebnkryetari i Parlamentit t\u00eb Malit t\u00eb Zi Sulo Mustafiq, ambasadori i Shqip\u00ebris\u00eb dhe i Kin\u00ebs, p\u00ebrfaq\u00ebsuesit e komunave t\u00eb Tivarit, Plav\u00ebs dhe Pej\u00ebs, si dhe disa deputet n\u00eb Kuvendin e Malit t\u00eb Zi dhe Kosov\u00ebs. Nd\u00ebr t\u00eb pranishmit ishin dhe ish kryetari i Shqip\u00ebris\u00eb Bamir Topi dhe delegacioni i Shoqat\u00ebs s\u00eb Ulqinak\u00ebve n\u00eb Durr\u00ebs.<\/p>\n<p><a href=\"http:\/\/www.visit-ulcinj.com\/blog\/wp-content\/uploads\/2014\/04\/Dita-e-Komunes-se-Ulqinit-Fatmir-Gjeka.jpg\"><img loading=\"lazy\" class=\"alignleft  wp-image-81267\" alt=\"Dita-e-Komunes-se-Ulqinit-Fatmir-Gjeka\" src=\"http:\/\/www.visit-ulcinj.com\/blog\/wp-content\/uploads\/2014\/04\/Dita-e-Komunes-se-Ulqinit-Fatmir-Gjeka.jpg\" width=\"508\" height=\"360\" \/><\/a><\/p>\n<p><strong>Fjalimi i Kryetarit Gjeka, Vujanoviq dhe Haxhibeti me rastin e dites se Ulqinit <\/strong><\/p>\n<p>I nderuari kryetar Vuajnoviq, i nderuari Kryetari i Kuvnedit,t\u00eb nderuar qytetar\u00eb, t\u00eb nderuar Minist\u00ebr, Deputet n\u00eb parlamentin e Mal t\u00eb Zi, t\u00eb nderuar p\u00ebrfaqesues t\u00eb korit diplomatik,te nderuar Kryetar te Komunave, te nderuar keshilltar, t\u00eb nderuar p\u00ebrfaq\u00ebsues t\u00eb mediave, t\u00eb tenderuar mysafire t\u00eb Kuvendit.<\/p>\n<p>Kryetari i komun\u00ebs s\u00eb Ulqinit Fatmir Gjeka u shpreh, q\u00eb \u00ebsht\u00eb nder, por edhe p\u00ebrgjegj\u00ebsi t\u00eb jesh n\u00eb krye t\u00eb vetqeverisjes lokale duke th\u00ebn\u00eb q\u00eb vet\u00ebm me p\u00ebrpjekje t\u00eb p\u00ebrbashk\u00ebta dhe konsensus mund t\u00eb nd\u00ebrtohet Ulqini i ri. Ai shtoi q\u00eb do t\u00eb punoj\u00eb p\u00ebr avancimin e marr\u00ebdh\u00ebnieve me Qeverin\u00eb e Malit t\u00eb Zi.<\/p>\n<p><a href=\"http:\/\/www.visit-ulcinj.com\/blog\/wp-content\/uploads\/2014\/04\/Dita-e-Komunes-se-Ulqinit-Vujanovic-Fatmir-Gjeka.jpg\"><img loading=\"lazy\" class=\"alignleft  wp-image-81268\" alt=\"Dita-e-Komunes-se-Ulqinit-Vujanovic-Fatmir-Gjeka\" src=\"http:\/\/www.visit-ulcinj.com\/blog\/wp-content\/uploads\/2014\/04\/Dita-e-Komunes-se-Ulqinit-Vujanovic-Fatmir-Gjeka.jpg\" width=\"508\" height=\"360\" \/><\/a><\/p>\n<p>Kurse ne fjalimin e kryetarit t\u00eb Malit t\u00eb Zi Filip Vujanoviq i cili q\u00ebndroi gjat\u00eb dit\u00ebs s\u00eb shtun\u00eb \u00a0dhe q\u00eb mori pjes\u00eb n\u00eb mbledhjen solemne t\u00eb dit\u00ebs s\u00eb komun\u00ebs s\u00eb Ulqinit.<\/p>\n<p>Kryetari Vujanoviq theksoi se Ulqini ka resurse t\u00eb jasht\u00ebzakonshme, t\u00eb cilat mund\u00ebsojn\u00eb jet\u00eb m\u00eb kualitative, sidomos resurset turistike duhet t\u00eb avancohen me bashk\u00ebpunim t\u00eb Podgoric\u00ebs me Ulqinin si dhe komunikim t\u00eb mir\u00eb m\u00eb bashk\u00ebsin\u00eb nd\u00ebrkombetare.<\/p>\n<p><a href=\"http:\/\/www.visit-ulcinj.com\/blog\/wp-content\/uploads\/2014\/04\/Dita-e-Komunes-se-Ulqinit-Fuad-Haxhibeti-.jpg\"><img loading=\"lazy\" class=\"alignleft  wp-image-81269\" alt=\"Dita-e-Komunes-se-Ulqinit-Fuad-Haxhibeti-\" src=\"http:\/\/www.visit-ulcinj.com\/blog\/wp-content\/uploads\/2014\/04\/Dita-e-Komunes-se-Ulqinit-Fuad-Haxhibeti-.jpg\" width=\"508\" height=\"360\" \/><\/a><\/p>\n<p>Nd\u00ebrsa kryetari i kuvendit Fuad Haxhibeti theksoi q\u00eb pushteti i krijuar pas zgjedhjeve t\u00eb janarit \u00ebsht\u00eb shpres\u00eb e qytetar\u00ebve t\u00eb Ulqinit.<\/p>\n<p>Haxhibeti theksoi se kemi nder por edhe obligim q\u00eb qytetareve t\u00eb ju ofrojm\u00eb programe konkrete me qellim q\u00eb ti plot\u00ebsojn\u00eb nevojat e tyre.<\/p>\n<p>N\u00eb dit\u00ebt kur festojme, eshte momenti i duhur qe te njoftohen qytetaret, por edhe mysafiret tane, me aktivitetet qe po i ndermarrim, dhe n\u00eb k\u00ebt\u00eb m\u00ebnyre t\u00eb krijojm\u00eb parakushtet reale qe Ulqini m\u00eb n\u00eb fund t\u00eb niset drejt zhvillimit.<\/p>\n<p>N\u00eb fund Kryetari Vujanoviq, Kryetari Fatmir Gjeka si dhe Kryetari i kuvendit Haxhibeti edhe nj\u00eb her\u00eb shprehin urimet ndaj qyteta\u00ebve t\u00eb Ulqinit:<\/p>\n<p>Ju urojm dit\u00ebn tuaj, dit\u00ebn e Komun\u00ebs son\u00eb duke ju d\u00ebshiruar lumturi, suksese n\u00eb jet\u00ebn e p\u00ebrditshme, sh\u00ebndet ju dhe familjeve tuaja.<\/p>\n<!--YouTube Error: bad URL entered-->\n<p><strong><a href=\"https:\/\/www.facebook.com\/fototeka.eulqinit\/media_set?set=a.247001592152120.1073741880.100005268431061&amp;type=1\" target=\"_blank\">Me shum\u00eb Foto:<\/a> <a href=\"https:\/\/www.facebook.com\/fototeka.eulqinit\/media_set?set=a.247001592152120.1073741880.100005268431061&amp;type=1\" target=\"_blank\">Fototeka E Ulqinit Facebook<\/a><\/strong><\/p>\n\n\t\t<style type=\"text\/css\">\n\t\t\t#gallery-1 {\n\t\t\t\tmargin: auto;\n\t\t\t}\n\t\t\t#gallery-1 .gallery-item {\n\t\t\t\tfloat: left;\n\t\t\t\tmargin-top: 10px;\n\t\t\t\ttext-align: center;\n\t\t\t\twidth: 33%;\n\t\t\t}\n\t\t\t#gallery-1 img {\n\t\t\t\tborder: 2px solid #cfcfcf;\n\t\t\t}\n\t\t\t#gallery-1 .gallery-caption {\n\t\t\t\tmargin-left: 0;\n\t\t\t}\n\t\t\t\/* see gallery_shortcode() in wp-includes\/media.php *\/\n\t\t<\/style>\n\t\t<div id='gallery-1' class='gallery galleryid-81263 gallery-columns-3 gallery-size-thumbnail'><dl class='gallery-item'>\n\t\t\t<dt class='gallery-icon landscape'>\n\t\t\t\t<a href='https:\/\/www.visit-ulcinj.com\/blog\/2014\/04\/06\/u-shenua-dita-e-komunes-se-ulqinit\/dita-e-komunes-se-ulqinit-2-3\/'><img width=\"150\" height=\"150\" src=\"https:\/\/www.visit-ulcinj.com\/blog\/wp-content\/uploads\/2014\/04\/Dita-e-Komunes-se-Ulqinit-2-150x150.jpg\" class=\"attachment-thumbnail size-thumbnail\" alt=\"\" loading=\"lazy\" \/><\/a>\n\t\t\t<\/dt><\/dl><dl class='gallery-item'>\n\t\t\t<dt class='gallery-icon landscape'>\n\t\t\t\t<a href='https:\/\/www.visit-ulcinj.com\/blog\/2014\/04\/06\/u-shenua-dita-e-komunes-se-ulqinit\/dita-e-komunes-se-ulqinit-3-3\/'><img width=\"150\" height=\"150\" src=\"https:\/\/www.visit-ulcinj.com\/blog\/wp-content\/uploads\/2014\/04\/Dita-e-Komunes-se-Ulqinit-3-150x150.jpg\" class=\"attachment-thumbnail size-thumbnail\" alt=\"\" loading=\"lazy\" \/><\/a>\n\t\t\t<\/dt><\/dl><dl class='gallery-item'>\n\t\t\t<dt class='gallery-icon landscape'>\n\t\t\t\t<a href='https:\/\/www.visit-ulcinj.com\/blog\/2014\/04\/06\/u-shenua-dita-e-komunes-se-ulqinit\/dita-e-komunes-se-ulqinit-4-3\/'><img width=\"150\" height=\"150\" src=\"https:\/\/www.visit-ulcinj.com\/blog\/wp-content\/uploads\/2014\/04\/Dita-e-Komunes-se-Ulqinit-4-150x150.jpg\" class=\"attachment-thumbnail size-thumbnail\" alt=\"\" loading=\"lazy\" \/><\/a>\n\t\t\t<\/dt><\/dl><br style=\"clear: both\" \/><dl class='gallery-item'>\n\t\t\t<dt class='gallery-icon landscape'>\n\t\t\t\t<a href='https:\/\/www.visit-ulcinj.com\/blog\/2014\/04\/06\/u-shenua-dita-e-komunes-se-ulqinit\/dita-e-komunes-se-ulqinit-6-2\/'><img width=\"150\" height=\"150\" src=\"https:\/\/www.visit-ulcinj.com\/blog\/wp-content\/uploads\/2014\/04\/Dita-e-Komunes-se-Ulqinit-6-150x150.jpg\" class=\"attachment-thumbnail size-thumbnail\" alt=\"\" loading=\"lazy\" \/><\/a>\n\t\t\t<\/dt><\/dl><dl class='gallery-item'>\n\t\t\t<dt class='gallery-icon landscape'>\n\t\t\t\t<a href='https:\/\/www.visit-ulcinj.com\/blog\/2014\/04\/06\/u-shenua-dita-e-komunes-se-ulqinit\/dita-e-komunes-se-ulqinit-7-2\/'><img width=\"150\" height=\"150\" src=\"https:\/\/www.visit-ulcinj.com\/blog\/wp-content\/uploads\/2014\/04\/Dita-e-Komunes-se-Ulqinit-7-150x150.jpg\" class=\"attachment-thumbnail size-thumbnail\" alt=\"\" loading=\"lazy\" \/><\/a>\n\t\t\t<\/dt><\/dl><dl class='gallery-item'>\n\t\t\t<dt class='gallery-icon landscape'>\n\t\t\t\t<a href='https:\/\/www.visit-ulcinj.com\/blog\/2014\/04\/06\/u-shenua-dita-e-komunes-se-ulqinit\/dita-e-komunes-se-ulqinit-fuad-haxhibeti\/'><img width=\"150\" height=\"150\" src=\"https:\/\/www.visit-ulcinj.com\/blog\/wp-content\/uploads\/2014\/04\/Dita-e-Komunes-se-Ulqinit-Fuad-Haxhibeti--150x150.jpg\" class=\"attachment-thumbnail size-thumbnail\" alt=\"\" loading=\"lazy\" \/><\/a>\n\t\t\t<\/dt><\/dl><br style=\"clear: both\" \/><dl class='gallery-item'>\n\t\t\t<dt class='gallery-icon landscape'>\n\t\t\t\t<a href='https:\/\/www.visit-ulcinj.com\/blog\/2014\/04\/06\/u-shenua-dita-e-komunes-se-ulqinit\/dita-e-komunes-se-ulqinit-vujanovic-fatmir-gjeka\/'><img width=\"150\" height=\"150\" src=\"https:\/\/www.visit-ulcinj.com\/blog\/wp-content\/uploads\/2014\/04\/Dita-e-Komunes-se-Ulqinit-Vujanovic-Fatmir-Gjeka-150x150.jpg\" class=\"attachment-thumbnail size-thumbnail\" alt=\"\" loading=\"lazy\" \/><\/a>\n\t\t\t<\/dt><\/dl><dl class='gallery-item'>\n\t\t\t<dt class='gallery-icon landscape'>\n\t\t\t\t<a href='https:\/\/www.visit-ulcinj.com\/blog\/2014\/04\/06\/u-shenua-dita-e-komunes-se-ulqinit\/dita-e-komunes-se-ulqinit-fatmir-gjeka\/'><img width=\"150\" height=\"150\" src=\"https:\/\/www.visit-ulcinj.com\/blog\/wp-content\/uploads\/2014\/04\/Dita-e-Komunes-se-Ulqinit-Fatmir-Gjeka-150x150.jpg\" class=\"attachment-thumbnail size-thumbnail\" alt=\"\" loading=\"lazy\" \/><\/a>\n\t\t\t<\/dt><\/dl><dl class='gallery-item'>\n\t\t\t<dt class='gallery-icon landscape'>\n\t\t\t\t<a href='https:\/\/www.visit-ulcinj.com\/blog\/2014\/04\/06\/u-shenua-dita-e-komunes-se-ulqinit\/dita-e-komunes-se-ulqinit-vujanovic-topi-beci\/'><img width=\"150\" height=\"150\" src=\"https:\/\/www.visit-ulcinj.com\/blog\/wp-content\/uploads\/2014\/04\/Dita-e-Komunes-se-Ulqinit-Vujanovic-Topi-Beci-150x150.jpg\" class=\"attachment-thumbnail size-thumbnail\" alt=\"\" loading=\"lazy\" \/><\/a>\n\t\t\t<\/dt><\/dl><br style=\"clear: both\" \/>\n\t\t<\/div>\n\n","protected":false},"excerpt":{"rendered":"<p>Me rastin e dites s\u00eb Komun\u00ebs s\u00eb Ulqinit ku edhe nj\u00ebherit parashihet fillimi i sezonit turistik, n\u00eb qytetin ton\u00eb jan\u00eb mbajtuar aktivitete t\u00eb shumta si n\u00eb Komun\u00eb, Qend\u00ebr p\u00ebr kultur\u00eb ashtu edhe n\u00eb plazhin e vog\u00ebl, kurse n\u00eb hotelin Mediteran \u00ebsht\u00eb organizuar program i begateshem kulturo \u2013 artistik, nd\u00ebrsa pas k\u00ebsaj \u00ebsht\u00eb organizuar koktej p\u00ebr [&hellip;]<\/p>\n","protected":false},"author":1,"featured_media":0,"comment_status":"closed","ping_status":"closed","sticky":false,"template":"","format":"standard","meta":{"spay_email":"","jetpack_publicize_message":"","jetpack_is_tweetstorm":false,"jetpack_publicize_feature_enabled":true},"categories":[1,13],"tags":[],"jetpack_publicize_connections":[],"yoast_head":"<!-- This site is optimized with the Yoast SEO plugin v19.1 - https:\/\/yoast.com\/wordpress\/plugins\/seo\/ -->\n<title>U sh\u00ebnua dita e komun\u00ebs s\u00eb Ulqinit - Video - Lajme nga Ulqini<\/title>\n<meta name=\"description\" content=\"Me rastin e dites s\u00eb Komun\u00ebs s\u00eb Ulqinit ku edhe nj\u00ebherit parashihet fillimi i sezonit turistik, n\u00eb qytetin ton\u00eb jan\u00eb mbajtuar aktivitete t\u00eb shumta si n\u00eb\" \/>\n<meta name=\"robots\" content=\"index, follow, max-snippet:-1, max-image-preview:large, max-video-preview:-1\" \/>\n<link rel=\"canonical\" href=\"https:\/\/www.visit-ulcinj.com\/blog\/2014\/04\/06\/u-shenua-dita-e-komunes-se-ulqinit\/\" \/>\n<meta property=\"og:locale\" content=\"en_US\" \/>\n<meta property=\"og:type\" content=\"article\" \/>\n<meta property=\"og:title\" content=\"U sh\u00ebnua dita e komun\u00ebs s\u00eb Ulqinit - Video - Lajme nga Ulqini\" \/>\n<meta property=\"og:description\" content=\"Me rastin e dites s\u00eb Komun\u00ebs s\u00eb Ulqinit ku edhe nj\u00ebherit parashihet fillimi i sezonit turistik, n\u00eb qytetin ton\u00eb jan\u00eb mbajtuar aktivitete t\u00eb shumta si n\u00eb\" \/>\n<meta property=\"og:url\" content=\"https:\/\/www.visit-ulcinj.com\/blog\/2014\/04\/06\/u-shenua-dita-e-komunes-se-ulqinit\/\" \/>\n<meta property=\"og:site_name\" content=\"Lajme nga Ulqini\" \/>\n<meta property=\"article:published_time\" content=\"2014-04-06T09:26:11+00:00\" \/>\n<meta property=\"article:modified_time\" content=\"2014-04-08T17:09:28+00:00\" \/>\n<meta property=\"og:image\" content=\"https:\/\/www.visit-ulcinj.com\/blog\/wp-content\/uploads\/2014\/04\/Dita-e-Komunes-se-Ulqinit-2-150x150.jpg\" \/>\n<meta name=\"twitter:label1\" content=\"Written by\" \/>\n\t<meta name=\"twitter:data1\" content=\"ulqini\" \/>\n\t<meta name=\"twitter:label2\" content=\"Est. reading time\" \/>\n\t<meta name=\"twitter:data2\" content=\"3 minutes\" \/>\n<script type=\"application\/ld+json\" class=\"yoast-schema-graph\">{\"@context\":\"https:\/\/schema.org\",\"@graph\":[{\"@type\":\"WebSite\",\"@id\":\"https:\/\/www.visit-ulcinj.com\/blog\/#website\",\"url\":\"https:\/\/www.visit-ulcinj.com\/blog\/\",\"name\":\"Lajme nga Ulqini\",\"description\":\"Lajme,Vijesti,Ulqini,Ulqin,Crna Gora,Mali i Zi\",\"potentialAction\":[{\"@type\":\"SearchAction\",\"target\":{\"@type\":\"EntryPoint\",\"urlTemplate\":\"https:\/\/www.visit-ulcinj.com\/blog\/?s={search_term_string}\"},\"query-input\":\"required name=search_term_string\"}],\"inLanguage\":\"en-US\"},{\"@type\":\"ImageObject\",\"inLanguage\":\"en-US\",\"@id\":\"https:\/\/www.visit-ulcinj.com\/blog\/2014\/04\/06\/u-shenua-dita-e-komunes-se-ulqinit\/#primaryimage\",\"url\":\"https:\/\/www.visit-ulcinj.com\/blog\/wp-content\/uploads\/2014\/04\/Dita-e-Komunes-se-Ulqinit-1.jpg\",\"contentUrl\":\"https:\/\/www.visit-ulcinj.com\/blog\/wp-content\/uploads\/2014\/04\/Dita-e-Komunes-se-Ulqinit-1.jpg\",\"width\":1000,\"height\":667},{\"@type\":\"WebPage\",\"@id\":\"https:\/\/www.visit-ulcinj.com\/blog\/2014\/04\/06\/u-shenua-dita-e-komunes-se-ulqinit\/#webpage\",\"url\":\"https:\/\/www.visit-ulcinj.com\/blog\/2014\/04\/06\/u-shenua-dita-e-komunes-se-ulqinit\/\",\"name\":\"U sh\u00ebnua dita e komun\u00ebs s\u00eb Ulqinit - Video - Lajme nga Ulqini\",\"isPartOf\":{\"@id\":\"https:\/\/www.visit-ulcinj.com\/blog\/#website\"},\"primaryImageOfPage\":{\"@id\":\"https:\/\/www.visit-ulcinj.com\/blog\/2014\/04\/06\/u-shenua-dita-e-komunes-se-ulqinit\/#primaryimage\"},\"datePublished\":\"2014-04-06T09:26:11+00:00\",\"dateModified\":\"2014-04-08T17:09:28+00:00\",\"author\":{\"@id\":\"https:\/\/www.visit-ulcinj.com\/blog\/#\/schema\/person\/dcab619c614d3038751c63bc2aadc06d\"},\"description\":\"Me rastin e dites s\u00eb Komun\u00ebs s\u00eb Ulqinit ku edhe nj\u00ebherit parashihet fillimi i sezonit turistik, n\u00eb qytetin ton\u00eb jan\u00eb mbajtuar aktivitete t\u00eb shumta si n\u00eb\",\"breadcrumb\":{\"@id\":\"https:\/\/www.visit-ulcinj.com\/blog\/2014\/04\/06\/u-shenua-dita-e-komunes-se-ulqinit\/#breadcrumb\"},\"inLanguage\":\"en-US\",\"potentialAction\":[{\"@type\":\"ReadAction\",\"target\":[\"https:\/\/www.visit-ulcinj.com\/blog\/2014\/04\/06\/u-shenua-dita-e-komunes-se-ulqinit\/\"]}]},{\"@type\":\"BreadcrumbList\",\"@id\":\"https:\/\/www.visit-ulcinj.com\/blog\/2014\/04\/06\/u-shenua-dita-e-komunes-se-ulqinit\/#breadcrumb\",\"itemListElement\":[{\"@type\":\"ListItem\",\"position\":1,\"name\":\"U sh\u00ebnua dita e komun\u00ebs s\u00eb Ulqinit &#8211; Video\"}]},{\"@type\":\"Person\",\"@id\":\"https:\/\/www.visit-ulcinj.com\/blog\/#\/schema\/person\/dcab619c614d3038751c63bc2aadc06d\",\"name\":\"ulqini\",\"sameAs\":[\"http:\/\/www.visit-ulcinj.com\"],\"url\":\"https:\/\/www.visit-ulcinj.com\/blog\/author\/admin\/\"}]}<\/script>\n<!-- \/ Yoast SEO plugin. -->","yoast_head_json":{"title":"U sh\u00ebnua dita e komun\u00ebs s\u00eb Ulqinit - Video - Lajme nga Ulqini","description":"Me rastin e dites s\u00eb Komun\u00ebs s\u00eb Ulqinit ku edhe nj\u00ebherit parashihet fillimi i sezonit turistik, n\u00eb qytetin ton\u00eb jan\u00eb mbajtuar aktivitete t\u00eb shumta si n\u00eb","robots":{"index":"index","follow":"follow","max-snippet":"max-snippet:-1","max-image-preview":"max-image-preview:large","max-video-preview":"max-video-preview:-1"},"canonical":"https:\/\/www.visit-ulcinj.com\/blog\/2014\/04\/06\/u-shenua-dita-e-komunes-se-ulqinit\/","og_locale":"en_US","og_type":"article","og_title":"U sh\u00ebnua dita e komun\u00ebs s\u00eb Ulqinit - Video - Lajme nga Ulqini","og_description":"Me rastin e dites s\u00eb Komun\u00ebs s\u00eb Ulqinit ku edhe nj\u00ebherit parashihet fillimi i sezonit turistik, n\u00eb qytetin ton\u00eb jan\u00eb mbajtuar aktivitete t\u00eb shumta si n\u00eb","og_url":"https:\/\/www.visit-ulcinj.com\/blog\/2014\/04\/06\/u-shenua-dita-e-komunes-se-ulqinit\/","og_site_name":"Lajme nga Ulqini","article_published_time":"2014-04-06T09:26:11+00:00","article_modified_time":"2014-04-08T17:09:28+00:00","og_image":[{"url":"https:\/\/www.visit-ulcinj.com\/blog\/wp-content\/uploads\/2014\/04\/Dita-e-Komunes-se-Ulqinit-2-150x150.jpg"}],"twitter_misc":{"Written by":"ulqini","Est. reading time":"3 minutes"},"schema":{"@context":"https:\/\/schema.org","@graph":[{"@type":"WebSite","@id":"https:\/\/www.visit-ulcinj.com\/blog\/#website","url":"https:\/\/www.visit-ulcinj.com\/blog\/","name":"Lajme nga Ulqini","description":"Lajme,Vijesti,Ulqini,Ulqin,Crna Gora,Mali i Zi","potentialAction":[{"@type":"SearchAction","target":{"@type":"EntryPoint","urlTemplate":"https:\/\/www.visit-ulcinj.com\/blog\/?s={search_term_string}"},"query-input":"required name=search_term_string"}],"inLanguage":"en-US"},{"@type":"ImageObject","inLanguage":"en-US","@id":"https:\/\/www.visit-ulcinj.com\/blog\/2014\/04\/06\/u-shenua-dita-e-komunes-se-ulqinit\/#primaryimage","url":"https:\/\/www.visit-ulcinj.com\/blog\/wp-content\/uploads\/2014\/04\/Dita-e-Komunes-se-Ulqinit-1.jpg","contentUrl":"https:\/\/www.visit-ulcinj.com\/blog\/wp-content\/uploads\/2014\/04\/Dita-e-Komunes-se-Ulqinit-1.jpg","width":1000,"height":667},{"@type":"WebPage","@id":"https:\/\/www.visit-ulcinj.com\/blog\/2014\/04\/06\/u-shenua-dita-e-komunes-se-ulqinit\/#webpage","url":"https:\/\/www.visit-ulcinj.com\/blog\/2014\/04\/06\/u-shenua-dita-e-komunes-se-ulqinit\/","name":"U sh\u00ebnua dita e komun\u00ebs s\u00eb Ulqinit - Video - Lajme nga Ulqini","isPartOf":{"@id":"https:\/\/www.visit-ulcinj.com\/blog\/#website"},"primaryImageOfPage":{"@id":"https:\/\/www.visit-ulcinj.com\/blog\/2014\/04\/06\/u-shenua-dita-e-komunes-se-ulqinit\/#primaryimage"},"datePublished":"2014-04-06T09:26:11+00:00","dateModified":"2014-04-08T17:09:28+00:00","author":{"@id":"https:\/\/www.visit-ulcinj.com\/blog\/#\/schema\/person\/dcab619c614d3038751c63bc2aadc06d"},"description":"Me rastin e dites s\u00eb Komun\u00ebs s\u00eb Ulqinit ku edhe nj\u00ebherit parashihet fillimi i sezonit turistik, n\u00eb qytetin ton\u00eb jan\u00eb mbajtuar aktivitete t\u00eb shumta si n\u00eb","breadcrumb":{"@id":"https:\/\/www.visit-ulcinj.com\/blog\/2014\/04\/06\/u-shenua-dita-e-komunes-se-ulqinit\/#breadcrumb"},"inLanguage":"en-US","potentialAction":[{"@type":"ReadAction","target":["https:\/\/www.visit-ulcinj.com\/blog\/2014\/04\/06\/u-shenua-dita-e-komunes-se-ulqinit\/"]}]},{"@type":"BreadcrumbList","@id":"https:\/\/www.visit-ulcinj.com\/blog\/2014\/04\/06\/u-shenua-dita-e-komunes-se-ulqinit\/#breadcrumb","itemListElement":[{"@type":"ListItem","position":1,"name":"U sh\u00ebnua dita e komun\u00ebs s\u00eb Ulqinit &#8211; Video"}]},{"@type":"Person","@id":"https:\/\/www.visit-ulcinj.com\/blog\/#\/schema\/person\/dcab619c614d3038751c63bc2aadc06d","name":"ulqini","sameAs":["http:\/\/www.visit-ulcinj.com"],"url":"https:\/\/www.visit-ulcinj.com\/blog\/author\/admin\/"}]}},"jetpack_featured_media_url":"","jetpack_sharing_enabled":true,"jetpack_shortlink":"https:\/\/wp.me\/pe6lTn-l8H","_links":{"self":[{"href":"https:\/\/www.visit-ulcinj.com\/blog\/wp-json\/wp\/v2\/posts\/81263"}],"collection":[{"href":"https:\/\/www.visit-ulcinj.com\/blog\/wp-json\/wp\/v2\/posts"}],"about":[{"href":"https:\/\/www.visit-ulcinj.com\/blog\/wp-json\/wp\/v2\/types\/post"}],"author":[{"embeddable":true,"href":"https:\/\/www.visit-ulcinj.com\/blog\/wp-json\/wp\/v2\/users\/1"}],"replies":[{"embeddable":true,"href":"https:\/\/www.visit-ulcinj.com\/blog\/wp-json\/wp\/v2\/comments?post=81263"}],"version-history":[{"count":4,"href":"https:\/\/www.visit-ulcinj.com\/blog\/wp-json\/wp\/v2\/posts\/81263\/revisions"}],"predecessor-version":[{"id":81306,"href":"https:\/\/www.visit-ulcinj.com\/blog\/wp-json\/wp\/v2\/posts\/81263\/revisions\/81306"}],"wp:attachment":[{"href":"https:\/\/www.visit-ulcinj.com\/blog\/wp-json\/wp\/v2\/media?parent=81263"}],"wp:term":[{"taxonomy":"category","embeddable":true,"href":"https:\/\/www.visit-ulcinj.com\/blog\/wp-json\/wp\/v2\/categories?post=81263"},{"taxonomy":"post_tag","embeddable":true,"href":"https:\/\/www.visit-ulcinj.com\/blog\/wp-json\/wp\/v2\/tags?post=81263"}],"curies":[{"name":"wp","href":"https:\/\/api.w.org\/{rel}","templated":true}]}}