{"id":81279,"date":"2014-04-06T10:59:11","date_gmt":"2014-04-06T09:59:11","guid":{"rendered":"http:\/\/www.visit-ulcinj.com\/blog\/?p=81279"},"modified":"2014-04-06T10:59:11","modified_gmt":"2014-04-06T09:59:11","slug":"obiljezen-dan-opstine-ulcinj-3","status":"publish","type":"post","link":"https:\/\/www.visit-ulcinj.com\/blog\/2014\/04\/06\/obiljezen-dan-opstine-ulcinj-3\/","title":{"rendered":"Obilje\u017een Dan op\u0161tine Ulcinj"},"content":{"rendered":"<p><strong><a href=\"http:\/\/www.visit-ulcinj.com\/blog\/wp-content\/uploads\/2014\/04\/Dita-e-Komunes-se-Ulqinit-Fatmir-Gjeka.jpg\"><img loading=\"lazy\" class=\"alignleft  wp-image-81267\" alt=\"Dita-e-Komunes-se-Ulqinit-Fatmir-Gjeka\" src=\"http:\/\/www.visit-ulcinj.com\/blog\/wp-content\/uploads\/2014\/04\/Dita-e-Komunes-se-Ulqinit-Fatmir-Gjeka.jpg\" width=\"508\" height=\"360\" \/><\/a>Ju\u010de obilje\u017een Dan op\u0161tine Ulcinj: Iskustvom i znanjem do br\u017eeg razvoja<\/strong><\/p>\n<p><em>&#8211; Usmjeri\u0107emo se na kapitalne investicije i kandidovanjem kvalitetnih projekata poku\u0161ati da privu\u010demo\u00a0 \u0161to\u00a0 vi\u0161e sredstava iz kapitalnog dr\u017eavnog bud\u017eeta, najavio predsjednik op\u0161tine Fatmir \u0110eka<\/em><\/p>\n<p><strong>ULCINJ \u2013 Prva subota u aprilu je dan najju\u017enije crnogorske op\u0161tine, dan koji simboli\u010dno ozna\u010dava zavr\u0161etak berbe maslina, izlazak pomoraca na more i po\u010detak turisti\u010dke sezone. Sve\u010danom sjednicom lokalnog parlamenta i nizom kulturnih aktivnosti, ju\u010de je u Ulcinju obilje\u017een Dan op\u0161tine.<\/strong><\/p>\n<p>Sve\u010danu sjednice Skup\u0161tine op\u0161tine Ulcinj otvorio je predsjednik Fuad Had\u017eibeti.<\/p>\n<p><a href=\"http:\/\/www.visit-ulcinj.com\/blog\/wp-content\/uploads\/2014\/04\/Dita-e-Komunes-se-Ulqinit-Fuad-Haxhibeti-.jpg\"><img loading=\"lazy\" class=\"alignleft  wp-image-81269\" alt=\"Dita-e-Komunes-se-Ulqinit-Fuad-Haxhibeti-\" src=\"http:\/\/www.visit-ulcinj.com\/blog\/wp-content\/uploads\/2014\/04\/Dita-e-Komunes-se-Ulqinit-Fuad-Haxhibeti-.jpg\" width=\"508\" height=\"360\" \/><\/a><\/p>\n<p>&#8211; Zalaga\u0107emo se da Ulcinj postane privla\u010dna primorska op\u0161tina za investicije, da sa \u0161to ve\u0107om efikasno\u0161\u0107u iskoristimo na\u0161e ljudske i prirodne resurse. Sastav na\u0161e skup\u0161tine je vi\u0161enacionalan kao \u0161to je i Ulcinj, i mi smo garancija demokratskog razvoja, jednog savremenog grada. Pred nama su veliki izazovi i ciljevi koje mo\u017eemo uspje\u0161no dosti\u0107i &#8211;\u00a0 rekao je Had\u017eibeti<\/p>\n<p>Predsjednik op\u0161tine Ulcinj, Fatmir \u0110eka, naglasio je da je ovo poseban \u00a0trenutak u vjekovnoj istoriji ovog grada.<\/p>\n<p>&#8211; Velika je \u010dast biti na \u010delu ove op\u0161tine, ali i odgovornost. Zajedno sa zaposlenima u op\u0161tini \u00a0\u0107u uvijek biti na usluzi gra\u0111anima Ulcinja. \u017delimo da svi zajedno radimo na stvaranju\u00a0 \u0161to boljih uslova za \u017eivot u na\u0161em gradu. Za postizanje ovog cilja koristi\u0107emo iskustvo i znanje. Svjesni smo da se stvari ne mogu promijeniti preko no\u0107i, ali smo sigurni da razvoj mo\u017ee brzo do\u0107i ukoliko svi zajedno radimo\u2026 Nastavi\u0107emo sa zajedni\u010dkim projektima, sve radi podizanja kvaliteta \u017eivljenja stanovnika ovog grada &#8211;\u00a0 rekao je \u0110eka. On je jo\u0161 nagovijestio da \u0107e veliku pa\u017enju usmjeriti na kapitalne investicije i da \u0107e kandidovanjem kvalitetnih projekata poku\u0161ati da privu\u010de\u00a0 \u0161to\u00a0 vi\u0161e sredstava iz kapitalnog dr\u017eavnog bud\u017eeta. Nacionalne manjine \u0107e, kako nagla\u0161ava, biti vje\u010diti promoteri mira i stabilnosti, \u00a0i nesebi\u010dno ulo\u017eiti napor za u\u010dlanjenje Crne Gore u Evropsku uniju.<\/p>\n<p><a href=\"http:\/\/www.visit-ulcinj.com\/blog\/wp-content\/uploads\/2014\/04\/Dita-e-Komunes-se-Ulqinit-Vujanovic-Fatmir-Gjeka.jpg\"><img loading=\"lazy\" class=\"alignleft  wp-image-81268\" alt=\"Dita-e-Komunes-se-Ulqinit-Vujanovic-Fatmir-Gjeka\" src=\"http:\/\/www.visit-ulcinj.com\/blog\/wp-content\/uploads\/2014\/04\/Dita-e-Komunes-se-Ulqinit-Vujanovic-Fatmir-Gjeka.jpg\" width=\"508\" height=\"360\" \/><\/a><\/p>\n<p>Sve\u010danoj sjednici su prisustvovali predsjednik Crne Gore Filip Vujanovi\u0107, predsjednik op\u0161tine Pe\u0107, ambasadori, predstavnici politi\u010dkih partija, poslanici u republi\u010dkom parlamentu, predsjednici vjerskih zajednica i druge li\u010dnosti iz privatnog i javnog \u017eivota Crne Gore.<\/p>\n<p>Nakon sjednice uprili\u010den je koncert ozbiljne muzike.<\/p>\n<p><em><strong>N.K.<\/strong><\/em><\/p>\n<p><strong>Izvor: POBJEDA<\/strong><\/p>\n","protected":false},"excerpt":{"rendered":"<p>Ju\u010de obilje\u017een Dan op\u0161tine Ulcinj: Iskustvom i znanjem do br\u017eeg razvoja &#8211; Usmjeri\u0107emo se na kapitalne investicije i kandidovanjem kvalitetnih projekata poku\u0161ati da privu\u010demo\u00a0 \u0161to\u00a0 vi\u0161e sredstava iz kapitalnog dr\u017eavnog bud\u017eeta, najavio predsjednik op\u0161tine Fatmir \u0110eka ULCINJ \u2013 Prva subota u aprilu je dan najju\u017enije crnogorske op\u0161tine, dan koji simboli\u010dno ozna\u010dava zavr\u0161etak berbe maslina, izlazak [&hellip;]<\/p>\n","protected":false},"author":1,"featured_media":0,"comment_status":"closed","ping_status":"closed","sticky":false,"template":"","format":"standard","meta":{"spay_email":"","jetpack_publicize_message":"","jetpack_is_tweetstorm":false,"jetpack_publicize_feature_enabled":true},"categories":[8337],"tags":[],"jetpack_publicize_connections":[],"yoast_head":"<!-- This site is optimized with the Yoast SEO plugin v19.1 - https:\/\/yoast.com\/wordpress\/plugins\/seo\/ -->\n<title>Obilje\u017een Dan op\u0161tine Ulcinj - Lajme nga Ulqini<\/title>\n<meta name=\"description\" content=\"Ju\u010de obilje\u017een Dan op\u0161tine Ulcinj: Iskustvom i znanjem do br\u017eeg razvoja - Usmjeri\u0107emo se na kapitalne investicije i kandidovanjem kvalitetnih projekata\" \/>\n<meta name=\"robots\" content=\"index, follow, max-snippet:-1, max-image-preview:large, max-video-preview:-1\" \/>\n<link rel=\"canonical\" href=\"https:\/\/www.visit-ulcinj.com\/blog\/2014\/04\/06\/obiljezen-dan-opstine-ulcinj-3\/\" \/>\n<meta property=\"og:locale\" content=\"en_US\" \/>\n<meta property=\"og:type\" content=\"article\" \/>\n<meta property=\"og:title\" content=\"Obilje\u017een Dan op\u0161tine Ulcinj - Lajme nga Ulqini\" \/>\n<meta property=\"og:description\" content=\"Ju\u010de obilje\u017een Dan op\u0161tine Ulcinj: Iskustvom i znanjem do br\u017eeg razvoja - Usmjeri\u0107emo se na kapitalne investicije i kandidovanjem kvalitetnih projekata\" \/>\n<meta property=\"og:url\" content=\"https:\/\/www.visit-ulcinj.com\/blog\/2014\/04\/06\/obiljezen-dan-opstine-ulcinj-3\/\" \/>\n<meta property=\"og:site_name\" content=\"Lajme nga Ulqini\" \/>\n<meta property=\"article:published_time\" content=\"2014-04-06T09:59:11+00:00\" \/>\n<meta property=\"og:image\" content=\"http:\/\/www.visit-ulcinj.com\/blog\/wp-content\/uploads\/2014\/04\/Dita-e-Komunes-se-Ulqinit-Fatmir-Gjeka.jpg\" \/>\n<meta name=\"twitter:label1\" content=\"Written by\" \/>\n\t<meta name=\"twitter:data1\" content=\"ulqini\" \/>\n\t<meta name=\"twitter:label2\" content=\"Est. reading time\" \/>\n\t<meta name=\"twitter:data2\" content=\"2 minutes\" \/>\n<script type=\"application\/ld+json\" class=\"yoast-schema-graph\">{\"@context\":\"https:\/\/schema.org\",\"@graph\":[{\"@type\":\"WebSite\",\"@id\":\"https:\/\/www.visit-ulcinj.com\/blog\/#website\",\"url\":\"https:\/\/www.visit-ulcinj.com\/blog\/\",\"name\":\"Lajme nga Ulqini\",\"description\":\"Lajme,Vijesti,Ulqini,Ulqin,Crna Gora,Mali i Zi\",\"potentialAction\":[{\"@type\":\"SearchAction\",\"target\":{\"@type\":\"EntryPoint\",\"urlTemplate\":\"https:\/\/www.visit-ulcinj.com\/blog\/?s={search_term_string}\"},\"query-input\":\"required name=search_term_string\"}],\"inLanguage\":\"en-US\"},{\"@type\":\"ImageObject\",\"inLanguage\":\"en-US\",\"@id\":\"https:\/\/www.visit-ulcinj.com\/blog\/2014\/04\/06\/obiljezen-dan-opstine-ulcinj-3\/#primaryimage\",\"url\":\"https:\/\/www.visit-ulcinj.com\/blog\/wp-content\/uploads\/2014\/04\/Dita-e-Komunes-se-Ulqinit-Fatmir-Gjeka.jpg\",\"contentUrl\":\"https:\/\/www.visit-ulcinj.com\/blog\/wp-content\/uploads\/2014\/04\/Dita-e-Komunes-se-Ulqinit-Fatmir-Gjeka.jpg\",\"width\":1000,\"height\":667},{\"@type\":\"WebPage\",\"@id\":\"https:\/\/www.visit-ulcinj.com\/blog\/2014\/04\/06\/obiljezen-dan-opstine-ulcinj-3\/#webpage\",\"url\":\"https:\/\/www.visit-ulcinj.com\/blog\/2014\/04\/06\/obiljezen-dan-opstine-ulcinj-3\/\",\"name\":\"Obilje\u017een Dan op\u0161tine Ulcinj - Lajme nga Ulqini\",\"isPartOf\":{\"@id\":\"https:\/\/www.visit-ulcinj.com\/blog\/#website\"},\"primaryImageOfPage\":{\"@id\":\"https:\/\/www.visit-ulcinj.com\/blog\/2014\/04\/06\/obiljezen-dan-opstine-ulcinj-3\/#primaryimage\"},\"datePublished\":\"2014-04-06T09:59:11+00:00\",\"dateModified\":\"2014-04-06T09:59:11+00:00\",\"author\":{\"@id\":\"https:\/\/www.visit-ulcinj.com\/blog\/#\/schema\/person\/dcab619c614d3038751c63bc2aadc06d\"},\"description\":\"Ju\u010de obilje\u017een Dan op\u0161tine Ulcinj: Iskustvom i znanjem do br\u017eeg razvoja - Usmjeri\u0107emo se na kapitalne investicije i kandidovanjem kvalitetnih projekata\",\"breadcrumb\":{\"@id\":\"https:\/\/www.visit-ulcinj.com\/blog\/2014\/04\/06\/obiljezen-dan-opstine-ulcinj-3\/#breadcrumb\"},\"inLanguage\":\"en-US\",\"potentialAction\":[{\"@type\":\"ReadAction\",\"target\":[\"https:\/\/www.visit-ulcinj.com\/blog\/2014\/04\/06\/obiljezen-dan-opstine-ulcinj-3\/\"]}]},{\"@type\":\"BreadcrumbList\",\"@id\":\"https:\/\/www.visit-ulcinj.com\/blog\/2014\/04\/06\/obiljezen-dan-opstine-ulcinj-3\/#breadcrumb\",\"itemListElement\":[{\"@type\":\"ListItem\",\"position\":1,\"name\":\"Obilje\u017een Dan op\u0161tine Ulcinj\"}]},{\"@type\":\"Person\",\"@id\":\"https:\/\/www.visit-ulcinj.com\/blog\/#\/schema\/person\/dcab619c614d3038751c63bc2aadc06d\",\"name\":\"ulqini\",\"sameAs\":[\"http:\/\/www.visit-ulcinj.com\"],\"url\":\"https:\/\/www.visit-ulcinj.com\/blog\/author\/admin\/\"}]}<\/script>\n<!-- \/ Yoast SEO plugin. -->","yoast_head_json":{"title":"Obilje\u017een Dan op\u0161tine Ulcinj - Lajme nga Ulqini","description":"Ju\u010de obilje\u017een Dan op\u0161tine Ulcinj: Iskustvom i znanjem do br\u017eeg razvoja - Usmjeri\u0107emo se na kapitalne investicije i kandidovanjem kvalitetnih projekata","robots":{"index":"index","follow":"follow","max-snippet":"max-snippet:-1","max-image-preview":"max-image-preview:large","max-video-preview":"max-video-preview:-1"},"canonical":"https:\/\/www.visit-ulcinj.com\/blog\/2014\/04\/06\/obiljezen-dan-opstine-ulcinj-3\/","og_locale":"en_US","og_type":"article","og_title":"Obilje\u017een Dan op\u0161tine Ulcinj - Lajme nga Ulqini","og_description":"Ju\u010de obilje\u017een Dan op\u0161tine Ulcinj: Iskustvom i znanjem do br\u017eeg razvoja - Usmjeri\u0107emo se na kapitalne investicije i kandidovanjem kvalitetnih projekata","og_url":"https:\/\/www.visit-ulcinj.com\/blog\/2014\/04\/06\/obiljezen-dan-opstine-ulcinj-3\/","og_site_name":"Lajme nga Ulqini","article_published_time":"2014-04-06T09:59:11+00:00","og_image":[{"url":"http:\/\/www.visit-ulcinj.com\/blog\/wp-content\/uploads\/2014\/04\/Dita-e-Komunes-se-Ulqinit-Fatmir-Gjeka.jpg"}],"twitter_misc":{"Written by":"ulqini","Est. reading time":"2 minutes"},"schema":{"@context":"https:\/\/schema.org","@graph":[{"@type":"WebSite","@id":"https:\/\/www.visit-ulcinj.com\/blog\/#website","url":"https:\/\/www.visit-ulcinj.com\/blog\/","name":"Lajme nga Ulqini","description":"Lajme,Vijesti,Ulqini,Ulqin,Crna Gora,Mali i Zi","potentialAction":[{"@type":"SearchAction","target":{"@type":"EntryPoint","urlTemplate":"https:\/\/www.visit-ulcinj.com\/blog\/?s={search_term_string}"},"query-input":"required name=search_term_string"}],"inLanguage":"en-US"},{"@type":"ImageObject","inLanguage":"en-US","@id":"https:\/\/www.visit-ulcinj.com\/blog\/2014\/04\/06\/obiljezen-dan-opstine-ulcinj-3\/#primaryimage","url":"https:\/\/www.visit-ulcinj.com\/blog\/wp-content\/uploads\/2014\/04\/Dita-e-Komunes-se-Ulqinit-Fatmir-Gjeka.jpg","contentUrl":"https:\/\/www.visit-ulcinj.com\/blog\/wp-content\/uploads\/2014\/04\/Dita-e-Komunes-se-Ulqinit-Fatmir-Gjeka.jpg","width":1000,"height":667},{"@type":"WebPage","@id":"https:\/\/www.visit-ulcinj.com\/blog\/2014\/04\/06\/obiljezen-dan-opstine-ulcinj-3\/#webpage","url":"https:\/\/www.visit-ulcinj.com\/blog\/2014\/04\/06\/obiljezen-dan-opstine-ulcinj-3\/","name":"Obilje\u017een Dan op\u0161tine Ulcinj - Lajme nga Ulqini","isPartOf":{"@id":"https:\/\/www.visit-ulcinj.com\/blog\/#website"},"primaryImageOfPage":{"@id":"https:\/\/www.visit-ulcinj.com\/blog\/2014\/04\/06\/obiljezen-dan-opstine-ulcinj-3\/#primaryimage"},"datePublished":"2014-04-06T09:59:11+00:00","dateModified":"2014-04-06T09:59:11+00:00","author":{"@id":"https:\/\/www.visit-ulcinj.com\/blog\/#\/schema\/person\/dcab619c614d3038751c63bc2aadc06d"},"description":"Ju\u010de obilje\u017een Dan op\u0161tine Ulcinj: Iskustvom i znanjem do br\u017eeg razvoja - Usmjeri\u0107emo se na kapitalne investicije i kandidovanjem kvalitetnih projekata","breadcrumb":{"@id":"https:\/\/www.visit-ulcinj.com\/blog\/2014\/04\/06\/obiljezen-dan-opstine-ulcinj-3\/#breadcrumb"},"inLanguage":"en-US","potentialAction":[{"@type":"ReadAction","target":["https:\/\/www.visit-ulcinj.com\/blog\/2014\/04\/06\/obiljezen-dan-opstine-ulcinj-3\/"]}]},{"@type":"BreadcrumbList","@id":"https:\/\/www.visit-ulcinj.com\/blog\/2014\/04\/06\/obiljezen-dan-opstine-ulcinj-3\/#breadcrumb","itemListElement":[{"@type":"ListItem","position":1,"name":"Obilje\u017een Dan op\u0161tine Ulcinj"}]},{"@type":"Person","@id":"https:\/\/www.visit-ulcinj.com\/blog\/#\/schema\/person\/dcab619c614d3038751c63bc2aadc06d","name":"ulqini","sameAs":["http:\/\/www.visit-ulcinj.com"],"url":"https:\/\/www.visit-ulcinj.com\/blog\/author\/admin\/"}]}},"jetpack_featured_media_url":"","jetpack_sharing_enabled":true,"jetpack_shortlink":"https:\/\/wp.me\/pe6lTn-l8X","_links":{"self":[{"href":"https:\/\/www.visit-ulcinj.com\/blog\/wp-json\/wp\/v2\/posts\/81279"}],"collection":[{"href":"https:\/\/www.visit-ulcinj.com\/blog\/wp-json\/wp\/v2\/posts"}],"about":[{"href":"https:\/\/www.visit-ulcinj.com\/blog\/wp-json\/wp\/v2\/types\/post"}],"author":[{"embeddable":true,"href":"https:\/\/www.visit-ulcinj.com\/blog\/wp-json\/wp\/v2\/users\/1"}],"replies":[{"embeddable":true,"href":"https:\/\/www.visit-ulcinj.com\/blog\/wp-json\/wp\/v2\/comments?post=81279"}],"version-history":[{"count":1,"href":"https:\/\/www.visit-ulcinj.com\/blog\/wp-json\/wp\/v2\/posts\/81279\/revisions"}],"predecessor-version":[{"id":81280,"href":"https:\/\/www.visit-ulcinj.com\/blog\/wp-json\/wp\/v2\/posts\/81279\/revisions\/81280"}],"wp:attachment":[{"href":"https:\/\/www.visit-ulcinj.com\/blog\/wp-json\/wp\/v2\/media?parent=81279"}],"wp:term":[{"taxonomy":"category","embeddable":true,"href":"https:\/\/www.visit-ulcinj.com\/blog\/wp-json\/wp\/v2\/categories?post=81279"},{"taxonomy":"post_tag","embeddable":true,"href":"https:\/\/www.visit-ulcinj.com\/blog\/wp-json\/wp\/v2\/tags?post=81279"}],"curies":[{"name":"wp","href":"https:\/\/api.w.org\/{rel}","templated":true}]}}