{"id":8128,"date":"2009-01-06T09:44:35","date_gmt":"2009-01-06T08:44:35","guid":{"rendered":"http:\/\/www.visit-ulcinj.com\/blog\/?p=8128"},"modified":"2009-01-06T20:37:10","modified_gmt":"2009-01-06T19:37:10","slug":"lajmrohen-organizatat-humanitare-qe-ti-vizitojne-te-burgosurit-e-presheves","status":"publish","type":"post","link":"https:\/\/www.visit-ulcinj.com\/blog\/2009\/01\/06\/lajmrohen-organizatat-humanitare-qe-ti-vizitojne-te-burgosurit-e-presheves\/","title":{"rendered":"Lajmrohen organizatat humanitare q\u00eb t&#8217;i vizitojn\u00eb t\u00eb burgosurit e Preshev\u00ebs"},"content":{"rendered":"<p><img loading=\"lazy\" class=\"alignleft size-full wp-image-8129\" title=\"presheva_arestimi\" src=\"http:\/\/www.visit-ulcinj.com\/blog\/wp-content\/uploads\/2009\/01\/presheva_arestimi.jpg\" alt=\"presheva_arestimi\" width=\"370\" height=\"265\" \/>Deputeti Riza Halimi, kryetari i komun\u00ebs s\u00eb Preshev\u00ebs Nad\u00ebr Sadiku dhe kryetari i komun\u00ebs s\u00eb Bujanovcit Shaip Kamberi, me nj\u00eb apel u jan\u00eb drejtuar disa organizatave p\u00ebr mbrojtjen e t\u00eb drejtave t\u00eb njeriut.<br \/>\nMe k\u00ebt\u00eb rast, ata i jan\u00eb drejtuar Fondit p\u00ebr t\u00eb Drejtat Humanitare, Komitetit t\u00eb Helsinkut p\u00ebr t\u00eb Drejtat e Njeriut, Komitetit p\u00ebr t\u00eb Drejtat e Njeriut, Iniciativ\u00ebs s\u00eb t\u00eb Rinjve p\u00ebr t\u00eb Drejtat e Njeriut dhe Komitetit Nd\u00ebrkomb\u00ebtar t\u00eb Kryqit t\u00eb Kuq &#8211; q\u00eb t&#8217;i vizitojn\u00eb t\u00eb burgosurit shqiptar\u00eb t\u00eb cil\u00ebt u arrestuan m\u00eb 26 dhjetor 2008 n\u00eb Preshev\u00eb. N\u00eb k\u00ebt\u00eb apel theksohet se n\u00eb baz\u00eb t\u00eb kopjeve t\u00eb procesverbalit t\u00eb b\u00ebr\u00eb gjat\u00eb bastisjeve policore t\u00eb sht\u00ebpive m\u00eb 26.12.2008, por edhe n\u00eb baz\u00eb t\u00eb deklaratave t\u00eb an\u00ebtar\u00ebve t\u00eb familjeve, shihet se deklaratat e p\u00ebrfaq\u00ebsuesve t\u00eb lart\u00eb t\u00eb Ministris\u00eb s\u00eb Pun\u00ebve t\u00eb Brendshme t\u00eb Serbis\u00eb nuk jan\u00eb t\u00eb sakta se gjoja tek personat e burgosur jan\u00eb gjetur arm\u00eb! N\u00eb qoft\u00eb se merret parasysh se gjat\u00eb arrestimit \u00ebsht\u00eb p\u00ebrdorur dhuna e tepruar, ekzistojn\u00eb dyshime dhe indikacione q\u00eb mbi t\u00eb burgosurit edhe gjat\u00eb procesit t\u00eb hetimit \u00ebsht\u00eb vazhduar p\u00ebrdorimi i forc\u00ebs, p\u00ebrkat\u00ebsisht keqtrajtimi fizik dhe psikik, thon\u00eb n\u00ebnshkruesit e apelit. Pasi i referohen konventave evropiane p\u00ebr mbrojtjen e t\u00eb drejtave t\u00eb njeriut, autor\u00ebt e apelit u b\u00ebjn\u00eb thirrje organizatave t\u00eb lartp\u00ebrmendura q\u00eb t&#8217;i vizitojn\u00eb t\u00eb burgosurit, n\u00eb m\u00ebnyr\u00eb q\u00eb ata t\u00eb kursehen nga p\u00ebrdorimi i dhun\u00ebs gjat\u00eb koh\u00ebs s\u00eb paraburgimit t\u00eb tyre. Gjithashtu ata k\u00ebrkojn\u00eb q\u00eb n\u00eb delegacionet e tyre t\u00eb ky\u00e7en edhe p\u00ebrfaq\u00ebsuesit e K\u00ebshillit p\u00ebr t\u00eb Drejtat e Njeriut nga Bujanovci dhe p\u00ebrfaq\u00ebsuesi legjitim i komun\u00ebs s\u00eb Preshev\u00ebs.<br \/>\n<strong>QIK<\/strong><\/p>\n<p><strong><!--YouTube Error: bad URL entered--><br \/>\n<\/strong><\/p>\n","protected":false},"excerpt":{"rendered":"<p>Deputeti Riza Halimi, kryetari i komun\u00ebs s\u00eb Preshev\u00ebs Nad\u00ebr Sadiku dhe kryetari i komun\u00ebs s\u00eb Bujanovcit Shaip Kamberi, me nj\u00eb apel u jan\u00eb drejtuar disa organizatave p\u00ebr mbrojtjen e t\u00eb drejtave t\u00eb njeriut. Me k\u00ebt\u00eb rast, ata i jan\u00eb drejtuar Fondit p\u00ebr t\u00eb Drejtat Humanitare, Komitetit t\u00eb Helsinkut p\u00ebr t\u00eb Drejtat e Njeriut, Komitetit p\u00ebr [&hellip;]<\/p>\n","protected":false},"author":1,"featured_media":0,"comment_status":"open","ping_status":"closed","sticky":false,"template":"","format":"standard","meta":{"spay_email":"","jetpack_publicize_message":"","jetpack_is_tweetstorm":false,"jetpack_publicize_feature_enabled":true},"categories":[14],"tags":[5587],"jetpack_publicize_connections":[],"yoast_head":"<!-- This site is optimized with the Yoast SEO plugin v19.1 - https:\/\/yoast.com\/wordpress\/plugins\/seo\/ -->\n<title>Lajmrohen organizatat humanitare q\u00eb t&#039;i vizitojn\u00eb t\u00eb burgosurit e Preshev\u00ebs - Lajme nga Ulqini<\/title>\n<meta name=\"description\" content=\"Deputeti Riza Halimi, kryetari i komun\u00ebs s\u00eb Preshev\u00ebs Nad\u00ebr Sadiku dhe kryetari i komun\u00ebs s\u00eb Bujanovcit Shaip Kamberi, me nj\u00eb apel u jan\u00eb drejtuar disa\" \/>\n<meta name=\"robots\" content=\"index, follow, max-snippet:-1, max-image-preview:large, max-video-preview:-1\" \/>\n<link rel=\"canonical\" href=\"https:\/\/www.visit-ulcinj.com\/blog\/2009\/01\/06\/lajmrohen-organizatat-humanitare-qe-ti-vizitojne-te-burgosurit-e-presheves\/\" \/>\n<meta property=\"og:locale\" content=\"en_US\" \/>\n<meta property=\"og:type\" content=\"article\" \/>\n<meta property=\"og:title\" content=\"Lajmrohen organizatat humanitare q\u00eb t&#039;i vizitojn\u00eb t\u00eb burgosurit e Preshev\u00ebs - Lajme nga Ulqini\" \/>\n<meta property=\"og:description\" content=\"Deputeti Riza Halimi, kryetari i komun\u00ebs s\u00eb Preshev\u00ebs Nad\u00ebr Sadiku dhe kryetari i komun\u00ebs s\u00eb Bujanovcit Shaip Kamberi, me nj\u00eb apel u jan\u00eb drejtuar disa\" \/>\n<meta property=\"og:url\" content=\"https:\/\/www.visit-ulcinj.com\/blog\/2009\/01\/06\/lajmrohen-organizatat-humanitare-qe-ti-vizitojne-te-burgosurit-e-presheves\/\" \/>\n<meta property=\"og:site_name\" content=\"Lajme nga Ulqini\" \/>\n<meta property=\"article:published_time\" content=\"2009-01-06T08:44:35+00:00\" \/>\n<meta property=\"article:modified_time\" content=\"2009-01-06T19:37:10+00:00\" \/>\n<meta property=\"og:image\" content=\"http:\/\/www.visit-ulcinj.com\/blog\/wp-content\/uploads\/2009\/01\/presheva_arestimi.jpg\" \/>\n<meta name=\"twitter:label1\" content=\"Written by\" \/>\n\t<meta name=\"twitter:data1\" content=\"ulqini\" \/>\n\t<meta name=\"twitter:label2\" content=\"Est. reading time\" \/>\n\t<meta name=\"twitter:data2\" content=\"2 minutes\" \/>\n<script type=\"application\/ld+json\" class=\"yoast-schema-graph\">{\"@context\":\"https:\/\/schema.org\",\"@graph\":[{\"@type\":\"WebSite\",\"@id\":\"https:\/\/www.visit-ulcinj.com\/blog\/#website\",\"url\":\"https:\/\/www.visit-ulcinj.com\/blog\/\",\"name\":\"Lajme nga Ulqini\",\"description\":\"Lajme,Vijesti,Ulqini,Ulqin,Crna Gora,Mali i Zi\",\"potentialAction\":[{\"@type\":\"SearchAction\",\"target\":{\"@type\":\"EntryPoint\",\"urlTemplate\":\"https:\/\/www.visit-ulcinj.com\/blog\/?s={search_term_string}\"},\"query-input\":\"required name=search_term_string\"}],\"inLanguage\":\"en-US\"},{\"@type\":\"ImageObject\",\"inLanguage\":\"en-US\",\"@id\":\"https:\/\/www.visit-ulcinj.com\/blog\/2009\/01\/06\/lajmrohen-organizatat-humanitare-qe-ti-vizitojne-te-burgosurit-e-presheves\/#primaryimage\",\"url\":\"http:\/\/www.visit-ulcinj.com\/blog\/wp-content\/uploads\/2009\/01\/presheva_arestimi.jpg\",\"contentUrl\":\"http:\/\/www.visit-ulcinj.com\/blog\/wp-content\/uploads\/2009\/01\/presheva_arestimi.jpg\"},{\"@type\":\"WebPage\",\"@id\":\"https:\/\/www.visit-ulcinj.com\/blog\/2009\/01\/06\/lajmrohen-organizatat-humanitare-qe-ti-vizitojne-te-burgosurit-e-presheves\/#webpage\",\"url\":\"https:\/\/www.visit-ulcinj.com\/blog\/2009\/01\/06\/lajmrohen-organizatat-humanitare-qe-ti-vizitojne-te-burgosurit-e-presheves\/\",\"name\":\"Lajmrohen organizatat humanitare q\u00eb t'i vizitojn\u00eb t\u00eb burgosurit e Preshev\u00ebs - Lajme nga Ulqini\",\"isPartOf\":{\"@id\":\"https:\/\/www.visit-ulcinj.com\/blog\/#website\"},\"primaryImageOfPage\":{\"@id\":\"https:\/\/www.visit-ulcinj.com\/blog\/2009\/01\/06\/lajmrohen-organizatat-humanitare-qe-ti-vizitojne-te-burgosurit-e-presheves\/#primaryimage\"},\"datePublished\":\"2009-01-06T08:44:35+00:00\",\"dateModified\":\"2009-01-06T19:37:10+00:00\",\"author\":{\"@id\":\"https:\/\/www.visit-ulcinj.com\/blog\/#\/schema\/person\/dcab619c614d3038751c63bc2aadc06d\"},\"description\":\"Deputeti Riza Halimi, kryetari i komun\u00ebs s\u00eb Preshev\u00ebs Nad\u00ebr Sadiku dhe kryetari i komun\u00ebs s\u00eb Bujanovcit Shaip Kamberi, me nj\u00eb apel u jan\u00eb drejtuar disa\",\"breadcrumb\":{\"@id\":\"https:\/\/www.visit-ulcinj.com\/blog\/2009\/01\/06\/lajmrohen-organizatat-humanitare-qe-ti-vizitojne-te-burgosurit-e-presheves\/#breadcrumb\"},\"inLanguage\":\"en-US\",\"potentialAction\":[{\"@type\":\"ReadAction\",\"target\":[\"https:\/\/www.visit-ulcinj.com\/blog\/2009\/01\/06\/lajmrohen-organizatat-humanitare-qe-ti-vizitojne-te-burgosurit-e-presheves\/\"]}]},{\"@type\":\"BreadcrumbList\",\"@id\":\"https:\/\/www.visit-ulcinj.com\/blog\/2009\/01\/06\/lajmrohen-organizatat-humanitare-qe-ti-vizitojne-te-burgosurit-e-presheves\/#breadcrumb\",\"itemListElement\":[{\"@type\":\"ListItem\",\"position\":1,\"name\":\"Lajmrohen organizatat humanitare q\u00eb t&#8217;i vizitojn\u00eb t\u00eb burgosurit e Preshev\u00ebs\"}]},{\"@type\":\"Person\",\"@id\":\"https:\/\/www.visit-ulcinj.com\/blog\/#\/schema\/person\/dcab619c614d3038751c63bc2aadc06d\",\"name\":\"ulqini\",\"sameAs\":[\"http:\/\/www.visit-ulcinj.com\"],\"url\":\"https:\/\/www.visit-ulcinj.com\/blog\/author\/admin\/\"}]}<\/script>\n<!-- \/ Yoast SEO plugin. -->","yoast_head_json":{"title":"Lajmrohen organizatat humanitare q\u00eb t'i vizitojn\u00eb t\u00eb burgosurit e Preshev\u00ebs - Lajme nga Ulqini","description":"Deputeti Riza Halimi, kryetari i komun\u00ebs s\u00eb Preshev\u00ebs Nad\u00ebr Sadiku dhe kryetari i komun\u00ebs s\u00eb Bujanovcit Shaip Kamberi, me nj\u00eb apel u jan\u00eb drejtuar disa","robots":{"index":"index","follow":"follow","max-snippet":"max-snippet:-1","max-image-preview":"max-image-preview:large","max-video-preview":"max-video-preview:-1"},"canonical":"https:\/\/www.visit-ulcinj.com\/blog\/2009\/01\/06\/lajmrohen-organizatat-humanitare-qe-ti-vizitojne-te-burgosurit-e-presheves\/","og_locale":"en_US","og_type":"article","og_title":"Lajmrohen organizatat humanitare q\u00eb t'i vizitojn\u00eb t\u00eb burgosurit e Preshev\u00ebs - Lajme nga Ulqini","og_description":"Deputeti Riza Halimi, kryetari i komun\u00ebs s\u00eb Preshev\u00ebs Nad\u00ebr Sadiku dhe kryetari i komun\u00ebs s\u00eb Bujanovcit Shaip Kamberi, me nj\u00eb apel u jan\u00eb drejtuar disa","og_url":"https:\/\/www.visit-ulcinj.com\/blog\/2009\/01\/06\/lajmrohen-organizatat-humanitare-qe-ti-vizitojne-te-burgosurit-e-presheves\/","og_site_name":"Lajme nga Ulqini","article_published_time":"2009-01-06T08:44:35+00:00","article_modified_time":"2009-01-06T19:37:10+00:00","og_image":[{"url":"http:\/\/www.visit-ulcinj.com\/blog\/wp-content\/uploads\/2009\/01\/presheva_arestimi.jpg"}],"twitter_misc":{"Written by":"ulqini","Est. reading time":"2 minutes"},"schema":{"@context":"https:\/\/schema.org","@graph":[{"@type":"WebSite","@id":"https:\/\/www.visit-ulcinj.com\/blog\/#website","url":"https:\/\/www.visit-ulcinj.com\/blog\/","name":"Lajme nga Ulqini","description":"Lajme,Vijesti,Ulqini,Ulqin,Crna Gora,Mali i Zi","potentialAction":[{"@type":"SearchAction","target":{"@type":"EntryPoint","urlTemplate":"https:\/\/www.visit-ulcinj.com\/blog\/?s={search_term_string}"},"query-input":"required name=search_term_string"}],"inLanguage":"en-US"},{"@type":"ImageObject","inLanguage":"en-US","@id":"https:\/\/www.visit-ulcinj.com\/blog\/2009\/01\/06\/lajmrohen-organizatat-humanitare-qe-ti-vizitojne-te-burgosurit-e-presheves\/#primaryimage","url":"http:\/\/www.visit-ulcinj.com\/blog\/wp-content\/uploads\/2009\/01\/presheva_arestimi.jpg","contentUrl":"http:\/\/www.visit-ulcinj.com\/blog\/wp-content\/uploads\/2009\/01\/presheva_arestimi.jpg"},{"@type":"WebPage","@id":"https:\/\/www.visit-ulcinj.com\/blog\/2009\/01\/06\/lajmrohen-organizatat-humanitare-qe-ti-vizitojne-te-burgosurit-e-presheves\/#webpage","url":"https:\/\/www.visit-ulcinj.com\/blog\/2009\/01\/06\/lajmrohen-organizatat-humanitare-qe-ti-vizitojne-te-burgosurit-e-presheves\/","name":"Lajmrohen organizatat humanitare q\u00eb t'i vizitojn\u00eb t\u00eb burgosurit e Preshev\u00ebs - Lajme nga Ulqini","isPartOf":{"@id":"https:\/\/www.visit-ulcinj.com\/blog\/#website"},"primaryImageOfPage":{"@id":"https:\/\/www.visit-ulcinj.com\/blog\/2009\/01\/06\/lajmrohen-organizatat-humanitare-qe-ti-vizitojne-te-burgosurit-e-presheves\/#primaryimage"},"datePublished":"2009-01-06T08:44:35+00:00","dateModified":"2009-01-06T19:37:10+00:00","author":{"@id":"https:\/\/www.visit-ulcinj.com\/blog\/#\/schema\/person\/dcab619c614d3038751c63bc2aadc06d"},"description":"Deputeti Riza Halimi, kryetari i komun\u00ebs s\u00eb Preshev\u00ebs Nad\u00ebr Sadiku dhe kryetari i komun\u00ebs s\u00eb Bujanovcit Shaip Kamberi, me nj\u00eb apel u jan\u00eb drejtuar disa","breadcrumb":{"@id":"https:\/\/www.visit-ulcinj.com\/blog\/2009\/01\/06\/lajmrohen-organizatat-humanitare-qe-ti-vizitojne-te-burgosurit-e-presheves\/#breadcrumb"},"inLanguage":"en-US","potentialAction":[{"@type":"ReadAction","target":["https:\/\/www.visit-ulcinj.com\/blog\/2009\/01\/06\/lajmrohen-organizatat-humanitare-qe-ti-vizitojne-te-burgosurit-e-presheves\/"]}]},{"@type":"BreadcrumbList","@id":"https:\/\/www.visit-ulcinj.com\/blog\/2009\/01\/06\/lajmrohen-organizatat-humanitare-qe-ti-vizitojne-te-burgosurit-e-presheves\/#breadcrumb","itemListElement":[{"@type":"ListItem","position":1,"name":"Lajmrohen organizatat humanitare q\u00eb t&#8217;i vizitojn\u00eb t\u00eb burgosurit e Preshev\u00ebs"}]},{"@type":"Person","@id":"https:\/\/www.visit-ulcinj.com\/blog\/#\/schema\/person\/dcab619c614d3038751c63bc2aadc06d","name":"ulqini","sameAs":["http:\/\/www.visit-ulcinj.com"],"url":"https:\/\/www.visit-ulcinj.com\/blog\/author\/admin\/"}]}},"jetpack_featured_media_url":"","jetpack_sharing_enabled":true,"jetpack_shortlink":"https:\/\/wp.me\/pe6lTn-276","_links":{"self":[{"href":"https:\/\/www.visit-ulcinj.com\/blog\/wp-json\/wp\/v2\/posts\/8128"}],"collection":[{"href":"https:\/\/www.visit-ulcinj.com\/blog\/wp-json\/wp\/v2\/posts"}],"about":[{"href":"https:\/\/www.visit-ulcinj.com\/blog\/wp-json\/wp\/v2\/types\/post"}],"author":[{"embeddable":true,"href":"https:\/\/www.visit-ulcinj.com\/blog\/wp-json\/wp\/v2\/users\/1"}],"replies":[{"embeddable":true,"href":"https:\/\/www.visit-ulcinj.com\/blog\/wp-json\/wp\/v2\/comments?post=8128"}],"version-history":[{"count":0,"href":"https:\/\/www.visit-ulcinj.com\/blog\/wp-json\/wp\/v2\/posts\/8128\/revisions"}],"wp:attachment":[{"href":"https:\/\/www.visit-ulcinj.com\/blog\/wp-json\/wp\/v2\/media?parent=8128"}],"wp:term":[{"taxonomy":"category","embeddable":true,"href":"https:\/\/www.visit-ulcinj.com\/blog\/wp-json\/wp\/v2\/categories?post=8128"},{"taxonomy":"post_tag","embeddable":true,"href":"https:\/\/www.visit-ulcinj.com\/blog\/wp-json\/wp\/v2\/tags?post=8128"}],"curies":[{"name":"wp","href":"https:\/\/api.w.org\/{rel}","templated":true}]}}