{"id":81289,"date":"2014-04-07T17:46:03","date_gmt":"2014-04-07T16:46:03","guid":{"rendered":"http:\/\/www.visit-ulcinj.com\/blog\/?p=81289"},"modified":"2014-04-07T17:46:03","modified_gmt":"2014-04-07T16:46:03","slug":"dritan-abazovic-imati-solanu-znaci-imati-privilegiju","status":"publish","type":"post","link":"https:\/\/www.visit-ulcinj.com\/blog\/2014\/04\/07\/dritan-abazovic-imati-solanu-znaci-imati-privilegiju\/","title":{"rendered":"Dritan Abazovi\u0107: Imati solanu zna\u010di imati privilegiju"},"content":{"rendered":"<p><a href=\"http:\/\/www.visit-ulcinj.com\/blog\/wp-content\/uploads\/2014\/04\/abazovic-solana.jpg\"><img loading=\"lazy\" class=\"alignleft  wp-image-81290\" alt=\"abazovic-solana\" src=\"http:\/\/www.visit-ulcinj.com\/blog\/wp-content\/uploads\/2014\/04\/abazovic-solana.jpg\" width=\"508\" height=\"360\" \/><\/a>&#8220;Po solani se Ulcinj ve\u0107 80 godina prepoznaje, pa je i posebna vezanost Ulcinjana za to preduze\u0107e&#8221;<\/p>\n<div id=\"article_text\">\n<p>Uvijek je va\u017eilo pravilo da imati solanu zna\u010di imati privilegiju, smatra polanik Pozitivna Crne Gore Dritan Abazovi\u0107, &#8220;jer, to su vrlo specifi\u010dna mjesta izuzetne ekonomske, ekolo\u0161ke, kulturne i istorijske vrijednosti.&#8221;<\/p>\n<p>Kako se navodi u Abazovi\u0107evom saop\u0161tenju, po solani se Ulcinj ve\u0107 80 godina prepoznaje, pa je i posebna vezanost Ulcinjana za to najstarije preduze\u0107e u ovoj op\u0161tini.<\/p>\n<p>&#8220;Smatram da je u najdubljem interesu Ulcinja i cijele zemlje da se ona sa\u010duva kao mjesto proizvodnje soli, eksploatacije ljekovitog blata, mjesto uzgoja ribe, rakova i \u0161koljki i naro\u010dito posmatranja ptica, koje je za njihove ljubitelje poslastica u evropskim razmjerama. Stoga smatram da je namjera crnogorske Vlade da se jedan dio Solane urbanizuje neprihvatljiv iz tri razloga. Prvo, time se kr\u0161i Odluka Skup\u0161tine Crne Gore iz 2012. godine da Solana ne mo\u017ee biti gradsko-gra\u0111evinsko podru\u010dje. Drugo, to bi bila nagrada trenutnom korisniku tog prostora, Eurofondu, iako je on u prethodnih deset godina sve u\u010dinio da Solana nestane kao privredni subjekt. I tre\u0107e, na taj na\u010din bi se ugrozio biodiverzitet Solane, odnosno do\u0161lo bi do \u201esilovanja prirode\u201c. Jer, ako \u017eelimo da ona opstane sa svim svojim karakteristikama, onda bi gradnja apartmana otjerala ptice kojima se ne mo\u017ee narediti kuda da lete&#8221;, pi\u0161e i saop\u0161tenju.<\/p>\n<p>Kako smatra Abazovi\u0107, ono \u0161to se hitno mora u\u010diniti jeste da se uklju\u010di struja kako bi se ispumpala slatka voda i ki\u0161nica iz bazena i da se upumpa morska voda, kako bi se sprije\u010dila ekolo\u0161ka katastrofa u Ulcinju od mogu\u0107eg razmno\u017eavanja malari\u010dnog komarca, te obavi bar kakva-takva jubilarna 80. berba.<\/p>\n<p>&#8220;Samo \u0107e u tom slu\u010daju Solana \u0107e sa\u010duvati zna\u010daj u me\u0111unarodnim razmjerama, \u0161to od nas tra\u017ei EU, a \u0161to \u0107e ponovo biti potvr\u0111eno nakon otvaranja poglavlja 27. A narednu berbu mogu sprovesti oni koji su iskazali interesovanje da zakupe Solanu, ali i sami radnici uz pomo\u0107 dokazanih in\u017einjera u Ulcinju, koji su proteklih godina napu\u0161tili tu firmu. Dakle, uz besplatnu morsku vodu i besplatne energente za proizvodnju soli: sunce i vjetar, treba imati samo malo volje, znanja i vizije da ovo preduze\u0107e nastavi sa radom, a da mi i dalje imamo privilegiju da imamo Solanu&#8221;, zaklju\u010duje se.<\/p>\n<p><strong>Izvor: Vijesti online<\/strong><\/p>\n<\/div>\n","protected":false},"excerpt":{"rendered":"<p>&#8220;Po solani se Ulcinj ve\u0107 80 godina prepoznaje, pa je i posebna vezanost Ulcinjana za to preduze\u0107e&#8221; Uvijek je va\u017eilo pravilo da imati solanu zna\u010di imati privilegiju, smatra polanik Pozitivna Crne Gore Dritan Abazovi\u0107, &#8220;jer, to su vrlo specifi\u010dna mjesta izuzetne ekonomske, ekolo\u0161ke, kulturne i istorijske vrijednosti.&#8221; Kako se navodi u Abazovi\u0107evom saop\u0161tenju, po solani [&hellip;]<\/p>\n","protected":false},"author":1,"featured_media":0,"comment_status":"closed","ping_status":"closed","sticky":false,"template":"","format":"standard","meta":{"spay_email":"","jetpack_publicize_message":"","jetpack_is_tweetstorm":false,"jetpack_publicize_feature_enabled":true},"categories":[6950],"tags":[],"jetpack_publicize_connections":[],"yoast_head":"<!-- This site is optimized with the Yoast SEO plugin v19.1 - https:\/\/yoast.com\/wordpress\/plugins\/seo\/ -->\n<title>Dritan Abazovi\u0107: Imati solanu zna\u010di imati privilegiju - Lajme nga Ulqini<\/title>\n<meta name=\"description\" content=\"&quot;Po solani se Ulcinj ve\u0107 80 godina prepoznaje, pa je i posebna vezanost Ulcinjana za to preduze\u0107e&quot; Uvijek je va\u017eilo pravilo da imati solanu zna\u010di imati\" \/>\n<meta name=\"robots\" content=\"index, follow, max-snippet:-1, max-image-preview:large, max-video-preview:-1\" \/>\n<link rel=\"canonical\" href=\"https:\/\/www.visit-ulcinj.com\/blog\/2014\/04\/07\/dritan-abazovic-imati-solanu-znaci-imati-privilegiju\/\" \/>\n<meta property=\"og:locale\" content=\"en_US\" \/>\n<meta property=\"og:type\" content=\"article\" \/>\n<meta property=\"og:title\" content=\"Dritan Abazovi\u0107: Imati solanu zna\u010di imati privilegiju - Lajme nga Ulqini\" \/>\n<meta property=\"og:description\" content=\"&quot;Po solani se Ulcinj ve\u0107 80 godina prepoznaje, pa je i posebna vezanost Ulcinjana za to preduze\u0107e&quot; Uvijek je va\u017eilo pravilo da imati solanu zna\u010di imati\" \/>\n<meta property=\"og:url\" content=\"https:\/\/www.visit-ulcinj.com\/blog\/2014\/04\/07\/dritan-abazovic-imati-solanu-znaci-imati-privilegiju\/\" \/>\n<meta property=\"og:site_name\" content=\"Lajme nga Ulqini\" \/>\n<meta property=\"article:published_time\" content=\"2014-04-07T16:46:03+00:00\" \/>\n<meta property=\"og:image\" content=\"http:\/\/www.visit-ulcinj.com\/blog\/wp-content\/uploads\/2014\/04\/abazovic-solana.jpg\" \/>\n<meta name=\"twitter:label1\" content=\"Written by\" \/>\n\t<meta name=\"twitter:data1\" content=\"ulqini\" \/>\n\t<meta name=\"twitter:label2\" content=\"Est. reading time\" \/>\n\t<meta name=\"twitter:data2\" content=\"2 minutes\" \/>\n<script type=\"application\/ld+json\" class=\"yoast-schema-graph\">{\"@context\":\"https:\/\/schema.org\",\"@graph\":[{\"@type\":\"WebSite\",\"@id\":\"https:\/\/www.visit-ulcinj.com\/blog\/#website\",\"url\":\"https:\/\/www.visit-ulcinj.com\/blog\/\",\"name\":\"Lajme nga Ulqini\",\"description\":\"Lajme,Vijesti,Ulqini,Ulqin,Crna Gora,Mali i Zi\",\"potentialAction\":[{\"@type\":\"SearchAction\",\"target\":{\"@type\":\"EntryPoint\",\"urlTemplate\":\"https:\/\/www.visit-ulcinj.com\/blog\/?s={search_term_string}\"},\"query-input\":\"required name=search_term_string\"}],\"inLanguage\":\"en-US\"},{\"@type\":\"ImageObject\",\"inLanguage\":\"en-US\",\"@id\":\"https:\/\/www.visit-ulcinj.com\/blog\/2014\/04\/07\/dritan-abazovic-imati-solanu-znaci-imati-privilegiju\/#primaryimage\",\"url\":\"https:\/\/www.visit-ulcinj.com\/blog\/wp-content\/uploads\/2014\/04\/abazovic-solana.jpg\",\"contentUrl\":\"https:\/\/www.visit-ulcinj.com\/blog\/wp-content\/uploads\/2014\/04\/abazovic-solana.jpg\",\"width\":960,\"height\":720},{\"@type\":\"WebPage\",\"@id\":\"https:\/\/www.visit-ulcinj.com\/blog\/2014\/04\/07\/dritan-abazovic-imati-solanu-znaci-imati-privilegiju\/#webpage\",\"url\":\"https:\/\/www.visit-ulcinj.com\/blog\/2014\/04\/07\/dritan-abazovic-imati-solanu-znaci-imati-privilegiju\/\",\"name\":\"Dritan Abazovi\u0107: Imati solanu zna\u010di imati privilegiju - Lajme nga Ulqini\",\"isPartOf\":{\"@id\":\"https:\/\/www.visit-ulcinj.com\/blog\/#website\"},\"primaryImageOfPage\":{\"@id\":\"https:\/\/www.visit-ulcinj.com\/blog\/2014\/04\/07\/dritan-abazovic-imati-solanu-znaci-imati-privilegiju\/#primaryimage\"},\"datePublished\":\"2014-04-07T16:46:03+00:00\",\"dateModified\":\"2014-04-07T16:46:03+00:00\",\"author\":{\"@id\":\"https:\/\/www.visit-ulcinj.com\/blog\/#\/schema\/person\/dcab619c614d3038751c63bc2aadc06d\"},\"description\":\"\\\"Po solani se Ulcinj ve\u0107 80 godina prepoznaje, pa je i posebna vezanost Ulcinjana za to preduze\u0107e\\\" Uvijek je va\u017eilo pravilo da imati solanu zna\u010di imati\",\"breadcrumb\":{\"@id\":\"https:\/\/www.visit-ulcinj.com\/blog\/2014\/04\/07\/dritan-abazovic-imati-solanu-znaci-imati-privilegiju\/#breadcrumb\"},\"inLanguage\":\"en-US\",\"potentialAction\":[{\"@type\":\"ReadAction\",\"target\":[\"https:\/\/www.visit-ulcinj.com\/blog\/2014\/04\/07\/dritan-abazovic-imati-solanu-znaci-imati-privilegiju\/\"]}]},{\"@type\":\"BreadcrumbList\",\"@id\":\"https:\/\/www.visit-ulcinj.com\/blog\/2014\/04\/07\/dritan-abazovic-imati-solanu-znaci-imati-privilegiju\/#breadcrumb\",\"itemListElement\":[{\"@type\":\"ListItem\",\"position\":1,\"name\":\"Dritan Abazovi\u0107: Imati solanu zna\u010di imati privilegiju\"}]},{\"@type\":\"Person\",\"@id\":\"https:\/\/www.visit-ulcinj.com\/blog\/#\/schema\/person\/dcab619c614d3038751c63bc2aadc06d\",\"name\":\"ulqini\",\"sameAs\":[\"http:\/\/www.visit-ulcinj.com\"],\"url\":\"https:\/\/www.visit-ulcinj.com\/blog\/author\/admin\/\"}]}<\/script>\n<!-- \/ Yoast SEO plugin. -->","yoast_head_json":{"title":"Dritan Abazovi\u0107: Imati solanu zna\u010di imati privilegiju - Lajme nga Ulqini","description":"\"Po solani se Ulcinj ve\u0107 80 godina prepoznaje, pa je i posebna vezanost Ulcinjana za to preduze\u0107e\" Uvijek je va\u017eilo pravilo da imati solanu zna\u010di imati","robots":{"index":"index","follow":"follow","max-snippet":"max-snippet:-1","max-image-preview":"max-image-preview:large","max-video-preview":"max-video-preview:-1"},"canonical":"https:\/\/www.visit-ulcinj.com\/blog\/2014\/04\/07\/dritan-abazovic-imati-solanu-znaci-imati-privilegiju\/","og_locale":"en_US","og_type":"article","og_title":"Dritan Abazovi\u0107: Imati solanu zna\u010di imati privilegiju - Lajme nga Ulqini","og_description":"\"Po solani se Ulcinj ve\u0107 80 godina prepoznaje, pa je i posebna vezanost Ulcinjana za to preduze\u0107e\" Uvijek je va\u017eilo pravilo da imati solanu zna\u010di imati","og_url":"https:\/\/www.visit-ulcinj.com\/blog\/2014\/04\/07\/dritan-abazovic-imati-solanu-znaci-imati-privilegiju\/","og_site_name":"Lajme nga Ulqini","article_published_time":"2014-04-07T16:46:03+00:00","og_image":[{"url":"http:\/\/www.visit-ulcinj.com\/blog\/wp-content\/uploads\/2014\/04\/abazovic-solana.jpg"}],"twitter_misc":{"Written by":"ulqini","Est. reading time":"2 minutes"},"schema":{"@context":"https:\/\/schema.org","@graph":[{"@type":"WebSite","@id":"https:\/\/www.visit-ulcinj.com\/blog\/#website","url":"https:\/\/www.visit-ulcinj.com\/blog\/","name":"Lajme nga Ulqini","description":"Lajme,Vijesti,Ulqini,Ulqin,Crna Gora,Mali i Zi","potentialAction":[{"@type":"SearchAction","target":{"@type":"EntryPoint","urlTemplate":"https:\/\/www.visit-ulcinj.com\/blog\/?s={search_term_string}"},"query-input":"required name=search_term_string"}],"inLanguage":"en-US"},{"@type":"ImageObject","inLanguage":"en-US","@id":"https:\/\/www.visit-ulcinj.com\/blog\/2014\/04\/07\/dritan-abazovic-imati-solanu-znaci-imati-privilegiju\/#primaryimage","url":"https:\/\/www.visit-ulcinj.com\/blog\/wp-content\/uploads\/2014\/04\/abazovic-solana.jpg","contentUrl":"https:\/\/www.visit-ulcinj.com\/blog\/wp-content\/uploads\/2014\/04\/abazovic-solana.jpg","width":960,"height":720},{"@type":"WebPage","@id":"https:\/\/www.visit-ulcinj.com\/blog\/2014\/04\/07\/dritan-abazovic-imati-solanu-znaci-imati-privilegiju\/#webpage","url":"https:\/\/www.visit-ulcinj.com\/blog\/2014\/04\/07\/dritan-abazovic-imati-solanu-znaci-imati-privilegiju\/","name":"Dritan Abazovi\u0107: Imati solanu zna\u010di imati privilegiju - Lajme nga Ulqini","isPartOf":{"@id":"https:\/\/www.visit-ulcinj.com\/blog\/#website"},"primaryImageOfPage":{"@id":"https:\/\/www.visit-ulcinj.com\/blog\/2014\/04\/07\/dritan-abazovic-imati-solanu-znaci-imati-privilegiju\/#primaryimage"},"datePublished":"2014-04-07T16:46:03+00:00","dateModified":"2014-04-07T16:46:03+00:00","author":{"@id":"https:\/\/www.visit-ulcinj.com\/blog\/#\/schema\/person\/dcab619c614d3038751c63bc2aadc06d"},"description":"\"Po solani se Ulcinj ve\u0107 80 godina prepoznaje, pa je i posebna vezanost Ulcinjana za to preduze\u0107e\" Uvijek je va\u017eilo pravilo da imati solanu zna\u010di imati","breadcrumb":{"@id":"https:\/\/www.visit-ulcinj.com\/blog\/2014\/04\/07\/dritan-abazovic-imati-solanu-znaci-imati-privilegiju\/#breadcrumb"},"inLanguage":"en-US","potentialAction":[{"@type":"ReadAction","target":["https:\/\/www.visit-ulcinj.com\/blog\/2014\/04\/07\/dritan-abazovic-imati-solanu-znaci-imati-privilegiju\/"]}]},{"@type":"BreadcrumbList","@id":"https:\/\/www.visit-ulcinj.com\/blog\/2014\/04\/07\/dritan-abazovic-imati-solanu-znaci-imati-privilegiju\/#breadcrumb","itemListElement":[{"@type":"ListItem","position":1,"name":"Dritan Abazovi\u0107: Imati solanu zna\u010di imati privilegiju"}]},{"@type":"Person","@id":"https:\/\/www.visit-ulcinj.com\/blog\/#\/schema\/person\/dcab619c614d3038751c63bc2aadc06d","name":"ulqini","sameAs":["http:\/\/www.visit-ulcinj.com"],"url":"https:\/\/www.visit-ulcinj.com\/blog\/author\/admin\/"}]}},"jetpack_featured_media_url":"","jetpack_sharing_enabled":true,"jetpack_shortlink":"https:\/\/wp.me\/pe6lTn-l97","_links":{"self":[{"href":"https:\/\/www.visit-ulcinj.com\/blog\/wp-json\/wp\/v2\/posts\/81289"}],"collection":[{"href":"https:\/\/www.visit-ulcinj.com\/blog\/wp-json\/wp\/v2\/posts"}],"about":[{"href":"https:\/\/www.visit-ulcinj.com\/blog\/wp-json\/wp\/v2\/types\/post"}],"author":[{"embeddable":true,"href":"https:\/\/www.visit-ulcinj.com\/blog\/wp-json\/wp\/v2\/users\/1"}],"replies":[{"embeddable":true,"href":"https:\/\/www.visit-ulcinj.com\/blog\/wp-json\/wp\/v2\/comments?post=81289"}],"version-history":[{"count":1,"href":"https:\/\/www.visit-ulcinj.com\/blog\/wp-json\/wp\/v2\/posts\/81289\/revisions"}],"predecessor-version":[{"id":81291,"href":"https:\/\/www.visit-ulcinj.com\/blog\/wp-json\/wp\/v2\/posts\/81289\/revisions\/81291"}],"wp:attachment":[{"href":"https:\/\/www.visit-ulcinj.com\/blog\/wp-json\/wp\/v2\/media?parent=81289"}],"wp:term":[{"taxonomy":"category","embeddable":true,"href":"https:\/\/www.visit-ulcinj.com\/blog\/wp-json\/wp\/v2\/categories?post=81289"},{"taxonomy":"post_tag","embeddable":true,"href":"https:\/\/www.visit-ulcinj.com\/blog\/wp-json\/wp\/v2\/tags?post=81289"}],"curies":[{"name":"wp","href":"https:\/\/api.w.org\/{rel}","templated":true}]}}