{"id":81292,"date":"2014-04-08T17:39:20","date_gmt":"2014-04-08T16:39:20","guid":{"rendered":"http:\/\/www.visit-ulcinj.com\/blog\/?p=81292"},"modified":"2014-04-08T17:48:18","modified_gmt":"2014-04-08T16:48:18","slug":"proteste-e-shqiptareve-ne-plave","status":"publish","type":"post","link":"https:\/\/www.visit-ulcinj.com\/blog\/2014\/04\/08\/proteste-e-shqiptareve-ne-plave\/","title":{"rendered":"Protest\u00eb e shqiptar\u00ebve n\u00eb Plav\u00eb"},"content":{"rendered":"<div>\n<p><b><a href=\"http:\/\/www.visit-ulcinj.com\/blog\/wp-content\/uploads\/2014\/04\/Protesta-e-shqiptareve-ne-Plave.jpg\"><img loading=\"lazy\" class=\"alignleft  wp-image-81293\" alt=\"Protesta-e-shqiptareve-ne-Plave\" src=\"http:\/\/www.visit-ulcinj.com\/blog\/wp-content\/uploads\/2014\/04\/Protesta-e-shqiptareve-ne-Plave.jpg\" width=\"508\" height=\"400\" \/><\/a>Plav\u00eb, Prishtin\u00eb, 8 prill 2014 <\/b>&#8211; N\u00eb organizim te Unionit t\u00eb Pavarur t\u00eb Student\u00ebve Shqiptar\u00eb nga Mali i Zi \u2013 dega Plav\u00eb e Guci, e n\u00eb bashk\u00ebpunim me shoqatat shqiptare n\u00eb SHBA, sot (e mart\u00eb) n\u00eb Plav\u00eb \u00ebsht\u00eb mbajtu nj\u00eb protest\u00eb paq\u00ebsore me moton \u201dJemi kund\u00ebr politik\u00ebs aktuale t\u00eb qeveris\u00eb malazeze -k\u00ebrkojm\u00eb t\u00eb drejtat tona\u201d.<\/p>\n<p>Marshimi i protestuesve ka filluar n\u00eb or\u00ebn 13, para hyrjes s\u00eb shkoll\u00ebs \u201dBeqo Bashiq\u201d, p\u00ebr t\u00eb vazhduar drejt komun\u00ebs s\u00eb Plav\u00ebs. Protestuesit, krahas flamujve t\u00eb shumt\u00eb komb\u00ebtar\u00eb, kan\u00eb mbajtur n\u00eb duar edhe pano me mbishkrimet: \u201cGjukanoviq, shqiptar\u00ebt nuk jan\u00eb qytetar\u00eb t\u00eb klas\u00ebs s\u00eb dyt\u00eb\u201d, \u201cStop politikave antishqiptare n\u00eb Mal t\u00eb Zi\u201d, \u201cGjukanoviq, k\u00ebshtu nuk arrihet n\u00eb Evrop\u00eb\u201d, etj.<\/p>\n<p>Protesta \u00ebsht\u00eb zhvilluar n\u00eb m\u00ebnyr\u00eb t\u00eb qet\u00eb dhe pa incidente, raporton nga Plava, Jeta Beqiraj.<\/p>\n<p>N\u00eb shenj\u00eb pak\u00ebnaq\u00ebsie ndaj pushtetit aktual malazez, edhe n\u00eb Tuz, t\u00eb diel\u00ebn, u zhvillua protest\u00eb nj\u00eb protest paq\u00ebsore, n\u00eb t\u00eb cil\u00ebn u k\u00ebrkuar q\u00eb Tuzit t\u2019I jepet statusi i komun\u00ebs.<\/p>\n<p><a href=\"http:\/\/www.visit-ulcinj.com\/blog\/wp-content\/uploads\/2014\/04\/Protest-Albanaca-u-Plavu-1.jpg\"><img loading=\"lazy\" class=\"alignleft  wp-image-81296\" alt=\"Protest Albanaca u Plavu-1\" src=\"http:\/\/www.visit-ulcinj.com\/blog\/wp-content\/uploads\/2014\/04\/Protest-Albanaca-u-Plavu-1.jpg\" width=\"508\" height=\"360\" \/><\/a><\/p>\n<p>Krymeinistri I Malit t\u00eb Zi, Milo Gjukanoviq, do t\u00eb pritet me protesta n\u00eb Uashington D.C., t\u00eb cilat organizohen nga shoqatat e shqiptar\u00ebve me origjin\u00eb nga Mali i Zi, t\u00eb cil\u00ebt denoncojn\u00eb politik\u00ebn q\u00eb ndjek prej vitesh qeveria e Gjukanoviqit, e cila ua mohon shqiptar\u00ebve t\u00eb drejtat komb\u00ebtare.<\/p>\n<p>Perotest\u00ebs i bashkohen k\u00ebto shoqata e asociacione shqiptaro-amerikane: \u00a0\u201dVatra\u201d, K\u00ebshilli Komb\u00ebtar Shqiptaro-Amerikan (NAAC), Bataloni \u201cAtlantiku\u201d, \u201cRugova\u201d,\u00a0 \u201cKombi\u201d, \u201cAlbanian American Foundation\u201d e Kosov\u00ebs Lindore, Preshev\u00eb,Medvegj\u00eb, Bujanoc\u201d,etj. (r.m.)<\/p>\n<p>illyriapress<\/p>\n<\/div>\n","protected":false},"excerpt":{"rendered":"<p>Plav\u00eb, Prishtin\u00eb, 8 prill 2014 &#8211; N\u00eb organizim te Unionit t\u00eb Pavarur t\u00eb Student\u00ebve Shqiptar\u00eb nga Mali i Zi \u2013 dega Plav\u00eb e Guci, e n\u00eb bashk\u00ebpunim me shoqatat shqiptare n\u00eb SHBA, sot (e mart\u00eb) n\u00eb Plav\u00eb \u00ebsht\u00eb mbajtu nj\u00eb protest\u00eb paq\u00ebsore me moton \u201dJemi kund\u00ebr politik\u00ebs aktuale t\u00eb qeveris\u00eb malazeze -k\u00ebrkojm\u00eb t\u00eb drejtat tona\u201d. [&hellip;]<\/p>\n","protected":false},"author":1,"featured_media":0,"comment_status":"closed","ping_status":"closed","sticky":false,"template":"","format":"standard","meta":{"spay_email":"","jetpack_publicize_message":"","jetpack_is_tweetstorm":false,"jetpack_publicize_feature_enabled":true},"categories":[14],"tags":[],"jetpack_publicize_connections":[],"yoast_head":"<!-- This site is optimized with the Yoast SEO plugin v19.1 - https:\/\/yoast.com\/wordpress\/plugins\/seo\/ -->\n<title>Protest\u00eb e shqiptar\u00ebve n\u00eb Plav\u00eb - Lajme nga Ulqini<\/title>\n<meta name=\"description\" content=\"Plav\u00eb, Prishtin\u00eb, 8 prill 2014 - N\u00eb organizim te Unionit t\u00eb Pavarur t\u00eb Student\u00ebve Shqiptar\u00eb nga Mali i Zi \u2013 dega Plav\u00eb e Guci, e n\u00eb bashk\u00ebpunim me\" \/>\n<meta name=\"robots\" content=\"index, follow, max-snippet:-1, max-image-preview:large, max-video-preview:-1\" \/>\n<link rel=\"canonical\" href=\"https:\/\/www.visit-ulcinj.com\/blog\/2014\/04\/08\/proteste-e-shqiptareve-ne-plave\/\" \/>\n<meta property=\"og:locale\" content=\"en_US\" \/>\n<meta property=\"og:type\" content=\"article\" \/>\n<meta property=\"og:title\" content=\"Protest\u00eb e shqiptar\u00ebve n\u00eb Plav\u00eb - Lajme nga Ulqini\" \/>\n<meta property=\"og:description\" content=\"Plav\u00eb, Prishtin\u00eb, 8 prill 2014 - N\u00eb organizim te Unionit t\u00eb Pavarur t\u00eb Student\u00ebve Shqiptar\u00eb nga Mali i Zi \u2013 dega Plav\u00eb e Guci, e n\u00eb bashk\u00ebpunim me\" \/>\n<meta property=\"og:url\" content=\"https:\/\/www.visit-ulcinj.com\/blog\/2014\/04\/08\/proteste-e-shqiptareve-ne-plave\/\" \/>\n<meta property=\"og:site_name\" content=\"Lajme nga Ulqini\" \/>\n<meta property=\"article:published_time\" content=\"2014-04-08T16:39:20+00:00\" \/>\n<meta property=\"article:modified_time\" content=\"2014-04-08T16:48:18+00:00\" \/>\n<meta property=\"og:image\" content=\"http:\/\/www.visit-ulcinj.com\/blog\/wp-content\/uploads\/2014\/04\/Protesta-e-shqiptareve-ne-Plave.jpg\" \/>\n<meta name=\"twitter:label1\" content=\"Written by\" \/>\n\t<meta name=\"twitter:data1\" content=\"ulqini\" \/>\n\t<meta name=\"twitter:label2\" content=\"Est. reading time\" \/>\n\t<meta name=\"twitter:data2\" content=\"1 minute\" \/>\n<script type=\"application\/ld+json\" class=\"yoast-schema-graph\">{\"@context\":\"https:\/\/schema.org\",\"@graph\":[{\"@type\":\"WebSite\",\"@id\":\"https:\/\/www.visit-ulcinj.com\/blog\/#website\",\"url\":\"https:\/\/www.visit-ulcinj.com\/blog\/\",\"name\":\"Lajme nga Ulqini\",\"description\":\"Lajme,Vijesti,Ulqini,Ulqin,Crna Gora,Mali i Zi\",\"potentialAction\":[{\"@type\":\"SearchAction\",\"target\":{\"@type\":\"EntryPoint\",\"urlTemplate\":\"https:\/\/www.visit-ulcinj.com\/blog\/?s={search_term_string}\"},\"query-input\":\"required name=search_term_string\"}],\"inLanguage\":\"en-US\"},{\"@type\":\"ImageObject\",\"inLanguage\":\"en-US\",\"@id\":\"https:\/\/www.visit-ulcinj.com\/blog\/2014\/04\/08\/proteste-e-shqiptareve-ne-plave\/#primaryimage\",\"url\":\"https:\/\/www.visit-ulcinj.com\/blog\/wp-content\/uploads\/2014\/04\/Protesta-e-shqiptareve-ne-Plave.jpg\",\"contentUrl\":\"https:\/\/www.visit-ulcinj.com\/blog\/wp-content\/uploads\/2014\/04\/Protesta-e-shqiptareve-ne-Plave.jpg\",\"width\":640,\"height\":585},{\"@type\":\"WebPage\",\"@id\":\"https:\/\/www.visit-ulcinj.com\/blog\/2014\/04\/08\/proteste-e-shqiptareve-ne-plave\/#webpage\",\"url\":\"https:\/\/www.visit-ulcinj.com\/blog\/2014\/04\/08\/proteste-e-shqiptareve-ne-plave\/\",\"name\":\"Protest\u00eb e shqiptar\u00ebve n\u00eb Plav\u00eb - Lajme nga Ulqini\",\"isPartOf\":{\"@id\":\"https:\/\/www.visit-ulcinj.com\/blog\/#website\"},\"primaryImageOfPage\":{\"@id\":\"https:\/\/www.visit-ulcinj.com\/blog\/2014\/04\/08\/proteste-e-shqiptareve-ne-plave\/#primaryimage\"},\"datePublished\":\"2014-04-08T16:39:20+00:00\",\"dateModified\":\"2014-04-08T16:48:18+00:00\",\"author\":{\"@id\":\"https:\/\/www.visit-ulcinj.com\/blog\/#\/schema\/person\/dcab619c614d3038751c63bc2aadc06d\"},\"description\":\"Plav\u00eb, Prishtin\u00eb, 8 prill 2014 - N\u00eb organizim te Unionit t\u00eb Pavarur t\u00eb Student\u00ebve Shqiptar\u00eb nga Mali i Zi \u2013 dega Plav\u00eb e Guci, e n\u00eb bashk\u00ebpunim me\",\"breadcrumb\":{\"@id\":\"https:\/\/www.visit-ulcinj.com\/blog\/2014\/04\/08\/proteste-e-shqiptareve-ne-plave\/#breadcrumb\"},\"inLanguage\":\"en-US\",\"potentialAction\":[{\"@type\":\"ReadAction\",\"target\":[\"https:\/\/www.visit-ulcinj.com\/blog\/2014\/04\/08\/proteste-e-shqiptareve-ne-plave\/\"]}]},{\"@type\":\"BreadcrumbList\",\"@id\":\"https:\/\/www.visit-ulcinj.com\/blog\/2014\/04\/08\/proteste-e-shqiptareve-ne-plave\/#breadcrumb\",\"itemListElement\":[{\"@type\":\"ListItem\",\"position\":1,\"name\":\"Protest\u00eb e shqiptar\u00ebve n\u00eb Plav\u00eb\"}]},{\"@type\":\"Person\",\"@id\":\"https:\/\/www.visit-ulcinj.com\/blog\/#\/schema\/person\/dcab619c614d3038751c63bc2aadc06d\",\"name\":\"ulqini\",\"sameAs\":[\"http:\/\/www.visit-ulcinj.com\"],\"url\":\"https:\/\/www.visit-ulcinj.com\/blog\/author\/admin\/\"}]}<\/script>\n<!-- \/ Yoast SEO plugin. -->","yoast_head_json":{"title":"Protest\u00eb e shqiptar\u00ebve n\u00eb Plav\u00eb - Lajme nga Ulqini","description":"Plav\u00eb, Prishtin\u00eb, 8 prill 2014 - N\u00eb organizim te Unionit t\u00eb Pavarur t\u00eb Student\u00ebve Shqiptar\u00eb nga Mali i Zi \u2013 dega Plav\u00eb e Guci, e n\u00eb bashk\u00ebpunim me","robots":{"index":"index","follow":"follow","max-snippet":"max-snippet:-1","max-image-preview":"max-image-preview:large","max-video-preview":"max-video-preview:-1"},"canonical":"https:\/\/www.visit-ulcinj.com\/blog\/2014\/04\/08\/proteste-e-shqiptareve-ne-plave\/","og_locale":"en_US","og_type":"article","og_title":"Protest\u00eb e shqiptar\u00ebve n\u00eb Plav\u00eb - Lajme nga Ulqini","og_description":"Plav\u00eb, Prishtin\u00eb, 8 prill 2014 - N\u00eb organizim te Unionit t\u00eb Pavarur t\u00eb Student\u00ebve Shqiptar\u00eb nga Mali i Zi \u2013 dega Plav\u00eb e Guci, e n\u00eb bashk\u00ebpunim me","og_url":"https:\/\/www.visit-ulcinj.com\/blog\/2014\/04\/08\/proteste-e-shqiptareve-ne-plave\/","og_site_name":"Lajme nga Ulqini","article_published_time":"2014-04-08T16:39:20+00:00","article_modified_time":"2014-04-08T16:48:18+00:00","og_image":[{"url":"http:\/\/www.visit-ulcinj.com\/blog\/wp-content\/uploads\/2014\/04\/Protesta-e-shqiptareve-ne-Plave.jpg"}],"twitter_misc":{"Written by":"ulqini","Est. reading time":"1 minute"},"schema":{"@context":"https:\/\/schema.org","@graph":[{"@type":"WebSite","@id":"https:\/\/www.visit-ulcinj.com\/blog\/#website","url":"https:\/\/www.visit-ulcinj.com\/blog\/","name":"Lajme nga Ulqini","description":"Lajme,Vijesti,Ulqini,Ulqin,Crna Gora,Mali i Zi","potentialAction":[{"@type":"SearchAction","target":{"@type":"EntryPoint","urlTemplate":"https:\/\/www.visit-ulcinj.com\/blog\/?s={search_term_string}"},"query-input":"required name=search_term_string"}],"inLanguage":"en-US"},{"@type":"ImageObject","inLanguage":"en-US","@id":"https:\/\/www.visit-ulcinj.com\/blog\/2014\/04\/08\/proteste-e-shqiptareve-ne-plave\/#primaryimage","url":"https:\/\/www.visit-ulcinj.com\/blog\/wp-content\/uploads\/2014\/04\/Protesta-e-shqiptareve-ne-Plave.jpg","contentUrl":"https:\/\/www.visit-ulcinj.com\/blog\/wp-content\/uploads\/2014\/04\/Protesta-e-shqiptareve-ne-Plave.jpg","width":640,"height":585},{"@type":"WebPage","@id":"https:\/\/www.visit-ulcinj.com\/blog\/2014\/04\/08\/proteste-e-shqiptareve-ne-plave\/#webpage","url":"https:\/\/www.visit-ulcinj.com\/blog\/2014\/04\/08\/proteste-e-shqiptareve-ne-plave\/","name":"Protest\u00eb e shqiptar\u00ebve n\u00eb Plav\u00eb - Lajme nga Ulqini","isPartOf":{"@id":"https:\/\/www.visit-ulcinj.com\/blog\/#website"},"primaryImageOfPage":{"@id":"https:\/\/www.visit-ulcinj.com\/blog\/2014\/04\/08\/proteste-e-shqiptareve-ne-plave\/#primaryimage"},"datePublished":"2014-04-08T16:39:20+00:00","dateModified":"2014-04-08T16:48:18+00:00","author":{"@id":"https:\/\/www.visit-ulcinj.com\/blog\/#\/schema\/person\/dcab619c614d3038751c63bc2aadc06d"},"description":"Plav\u00eb, Prishtin\u00eb, 8 prill 2014 - N\u00eb organizim te Unionit t\u00eb Pavarur t\u00eb Student\u00ebve Shqiptar\u00eb nga Mali i Zi \u2013 dega Plav\u00eb e Guci, e n\u00eb bashk\u00ebpunim me","breadcrumb":{"@id":"https:\/\/www.visit-ulcinj.com\/blog\/2014\/04\/08\/proteste-e-shqiptareve-ne-plave\/#breadcrumb"},"inLanguage":"en-US","potentialAction":[{"@type":"ReadAction","target":["https:\/\/www.visit-ulcinj.com\/blog\/2014\/04\/08\/proteste-e-shqiptareve-ne-plave\/"]}]},{"@type":"BreadcrumbList","@id":"https:\/\/www.visit-ulcinj.com\/blog\/2014\/04\/08\/proteste-e-shqiptareve-ne-plave\/#breadcrumb","itemListElement":[{"@type":"ListItem","position":1,"name":"Protest\u00eb e shqiptar\u00ebve n\u00eb Plav\u00eb"}]},{"@type":"Person","@id":"https:\/\/www.visit-ulcinj.com\/blog\/#\/schema\/person\/dcab619c614d3038751c63bc2aadc06d","name":"ulqini","sameAs":["http:\/\/www.visit-ulcinj.com"],"url":"https:\/\/www.visit-ulcinj.com\/blog\/author\/admin\/"}]}},"jetpack_featured_media_url":"","jetpack_sharing_enabled":true,"jetpack_shortlink":"https:\/\/wp.me\/pe6lTn-l9a","_links":{"self":[{"href":"https:\/\/www.visit-ulcinj.com\/blog\/wp-json\/wp\/v2\/posts\/81292"}],"collection":[{"href":"https:\/\/www.visit-ulcinj.com\/blog\/wp-json\/wp\/v2\/posts"}],"about":[{"href":"https:\/\/www.visit-ulcinj.com\/blog\/wp-json\/wp\/v2\/types\/post"}],"author":[{"embeddable":true,"href":"https:\/\/www.visit-ulcinj.com\/blog\/wp-json\/wp\/v2\/users\/1"}],"replies":[{"embeddable":true,"href":"https:\/\/www.visit-ulcinj.com\/blog\/wp-json\/wp\/v2\/comments?post=81292"}],"version-history":[{"count":2,"href":"https:\/\/www.visit-ulcinj.com\/blog\/wp-json\/wp\/v2\/posts\/81292\/revisions"}],"predecessor-version":[{"id":81299,"href":"https:\/\/www.visit-ulcinj.com\/blog\/wp-json\/wp\/v2\/posts\/81292\/revisions\/81299"}],"wp:attachment":[{"href":"https:\/\/www.visit-ulcinj.com\/blog\/wp-json\/wp\/v2\/media?parent=81292"}],"wp:term":[{"taxonomy":"category","embeddable":true,"href":"https:\/\/www.visit-ulcinj.com\/blog\/wp-json\/wp\/v2\/categories?post=81292"},{"taxonomy":"post_tag","embeddable":true,"href":"https:\/\/www.visit-ulcinj.com\/blog\/wp-json\/wp\/v2\/tags?post=81292"}],"curies":[{"name":"wp","href":"https:\/\/api.w.org\/{rel}","templated":true}]}}