{"id":81295,"date":"2014-04-08T17:46:54","date_gmt":"2014-04-08T16:46:54","guid":{"rendered":"http:\/\/www.visit-ulcinj.com\/blog\/?p=81295"},"modified":"2014-04-08T18:15:43","modified_gmt":"2014-04-08T17:15:43","slug":"protest-albanaca-u-plavu","status":"publish","type":"post","link":"https:\/\/www.visit-ulcinj.com\/blog\/2014\/04\/08\/protest-albanaca-u-plavu\/","title":{"rendered":"Protest Albanaca u Plavu"},"content":{"rendered":"<p><a href=\"http:\/\/www.visit-ulcinj.com\/blog\/wp-content\/uploads\/2014\/04\/Protest-Albanaca-u-Plavu-1.jpg\"><img loading=\"lazy\" class=\"alignleft  wp-image-81296\" alt=\"Protest Albanaca u Plavu-1\" src=\"http:\/\/www.visit-ulcinj.com\/blog\/wp-content\/uploads\/2014\/04\/Protest-Albanaca-u-Plavu-1.jpg\" width=\"508\" height=\"360\" \/><\/a>Albanci koji \u017eive u Sedinjenim Ameri\u010dkim Dr\u017eavama odr\u017eali su protest u Va\u0161ingtonu ispred Bijele ku\u0107e uo\u010di susreta premijera Mila \u0110ukianovi\u0107a sa potpredsjednikom SAD-a D\u017eozefom Bajdenom.<\/p>\n<p>Kako navode protest je organizovana protiv diskriminatorske politike koju Crna Gora vodi protiv autohtonih Albanaca, prenosi portal Mal\u00ebsiaJon\u00eb.com.<\/p>\n<p>Protest se odr\u017eava ispred Bijele ku\u0107e, uo\u010di sastanka \u0110ukanovi\u0107a i Bajdena.<\/p>\n<p>Ranije danas nezavisni sindikat albanskih studenata iz Crne Gore, u saradnji sa albanskim udru\u017eenjima iz SAD, organizovao je danas u Plavu mirni protesni skupu.<\/p>\n<p><a href=\"http:\/\/www.visit-ulcinj.com\/blog\/wp-content\/uploads\/2014\/04\/Protesta-e-shqiptareve-ne-Plave.jpg\"><img loading=\"lazy\" class=\"alignleft  wp-image-81293\" alt=\"Protesta-e-shqiptareve-ne-Plave\" src=\"http:\/\/www.visit-ulcinj.com\/blog\/wp-content\/uploads\/2014\/04\/Protesta-e-shqiptareve-ne-Plave.jpg\" width=\"508\" height=\"360\" \/><\/a><\/p>\n<p>Protest je organizovan pod sloganima &#8220;Mi smo protiv sada\u0161nje Vlade Crne Gore i tra\u017eimo na\u0161a prava&#8221;.<\/p>\n<p>Na protestu su najbrojniji bili studenti iz tog kraja, a njima se pridru\u017eio i zna\u010dajan broj stanovnika Plava.<\/p>\n<p>Protest je po\u010deo u 13 sati, ispred Srednje mje\u0161ovite \u0161kole &#8220;Be\u0107o Ba\u0161i\u0107&#8221; u Plavu, a podr\u0161ku su dobili od Demokratskog saveza u Crnoj Gori i Demokratske unije Albanaca.<\/p>\n<p>Podsjetimo prije nekoliko dana odr\u017ean je slu\u010dan protest u Tuzima.<\/p>\n<p><strong>Izvor: RTCG<\/strong><\/p>\n","protected":false},"excerpt":{"rendered":"<p>Albanci koji \u017eive u Sedinjenim Ameri\u010dkim Dr\u017eavama odr\u017eali su protest u Va\u0161ingtonu ispred Bijele ku\u0107e uo\u010di susreta premijera Mila \u0110ukianovi\u0107a sa potpredsjednikom SAD-a D\u017eozefom Bajdenom. Kako navode protest je organizovana protiv diskriminatorske politike koju Crna Gora vodi protiv autohtonih Albanaca, prenosi portal Mal\u00ebsiaJon\u00eb.com. Protest se odr\u017eava ispred Bijele ku\u0107e, uo\u010di sastanka \u0110ukanovi\u0107a i Bajdena. Ranije [&hellip;]<\/p>\n","protected":false},"author":1,"featured_media":0,"comment_status":"closed","ping_status":"closed","sticky":false,"template":"","format":"standard","meta":{"spay_email":"","jetpack_publicize_message":"","jetpack_is_tweetstorm":false,"jetpack_publicize_feature_enabled":true},"categories":[6950],"tags":[],"jetpack_publicize_connections":[],"yoast_head":"<!-- This site is optimized with the Yoast SEO plugin v19.1 - https:\/\/yoast.com\/wordpress\/plugins\/seo\/ -->\n<title>Protest Albanaca u Plavu - Lajme nga Ulqini<\/title>\n<meta name=\"description\" content=\"Albanci koji \u017eive u Sedinjenim Ameri\u010dkim Dr\u017eavama odr\u017eali su protest u Va\u0161ingtonu ispred Bijele ku\u0107e uo\u010di susreta premijera Mila \u0110ukianovi\u0107a sa\" \/>\n<meta name=\"robots\" content=\"index, follow, max-snippet:-1, max-image-preview:large, max-video-preview:-1\" \/>\n<link rel=\"canonical\" href=\"https:\/\/www.visit-ulcinj.com\/blog\/2014\/04\/08\/protest-albanaca-u-plavu\/\" \/>\n<meta property=\"og:locale\" content=\"en_US\" \/>\n<meta property=\"og:type\" content=\"article\" \/>\n<meta property=\"og:title\" content=\"Protest Albanaca u Plavu - Lajme nga Ulqini\" \/>\n<meta property=\"og:description\" content=\"Albanci koji \u017eive u Sedinjenim Ameri\u010dkim Dr\u017eavama odr\u017eali su protest u Va\u0161ingtonu ispred Bijele ku\u0107e uo\u010di susreta premijera Mila \u0110ukianovi\u0107a sa\" \/>\n<meta property=\"og:url\" content=\"https:\/\/www.visit-ulcinj.com\/blog\/2014\/04\/08\/protest-albanaca-u-plavu\/\" \/>\n<meta property=\"og:site_name\" content=\"Lajme nga Ulqini\" \/>\n<meta property=\"article:published_time\" content=\"2014-04-08T16:46:54+00:00\" \/>\n<meta property=\"article:modified_time\" content=\"2014-04-08T17:15:43+00:00\" \/>\n<meta property=\"og:image\" content=\"http:\/\/www.visit-ulcinj.com\/blog\/wp-content\/uploads\/2014\/04\/Protest-Albanaca-u-Plavu-1.jpg\" \/>\n<meta name=\"twitter:label1\" content=\"Written by\" \/>\n\t<meta name=\"twitter:data1\" content=\"ulqini\" \/>\n\t<meta name=\"twitter:label2\" content=\"Est. reading time\" \/>\n\t<meta name=\"twitter:data2\" content=\"1 minute\" \/>\n<script type=\"application\/ld+json\" class=\"yoast-schema-graph\">{\"@context\":\"https:\/\/schema.org\",\"@graph\":[{\"@type\":\"WebSite\",\"@id\":\"https:\/\/www.visit-ulcinj.com\/blog\/#website\",\"url\":\"https:\/\/www.visit-ulcinj.com\/blog\/\",\"name\":\"Lajme nga Ulqini\",\"description\":\"Lajme,Vijesti,Ulqini,Ulqin,Crna Gora,Mali i Zi\",\"potentialAction\":[{\"@type\":\"SearchAction\",\"target\":{\"@type\":\"EntryPoint\",\"urlTemplate\":\"https:\/\/www.visit-ulcinj.com\/blog\/?s={search_term_string}\"},\"query-input\":\"required name=search_term_string\"}],\"inLanguage\":\"en-US\"},{\"@type\":\"ImageObject\",\"inLanguage\":\"en-US\",\"@id\":\"https:\/\/www.visit-ulcinj.com\/blog\/2014\/04\/08\/protest-albanaca-u-plavu\/#primaryimage\",\"url\":\"https:\/\/www.visit-ulcinj.com\/blog\/wp-content\/uploads\/2014\/04\/Protest-Albanaca-u-Plavu-1.jpg\",\"contentUrl\":\"https:\/\/www.visit-ulcinj.com\/blog\/wp-content\/uploads\/2014\/04\/Protest-Albanaca-u-Plavu-1.jpg\",\"width\":900,\"height\":600},{\"@type\":\"WebPage\",\"@id\":\"https:\/\/www.visit-ulcinj.com\/blog\/2014\/04\/08\/protest-albanaca-u-plavu\/#webpage\",\"url\":\"https:\/\/www.visit-ulcinj.com\/blog\/2014\/04\/08\/protest-albanaca-u-plavu\/\",\"name\":\"Protest Albanaca u Plavu - Lajme nga Ulqini\",\"isPartOf\":{\"@id\":\"https:\/\/www.visit-ulcinj.com\/blog\/#website\"},\"primaryImageOfPage\":{\"@id\":\"https:\/\/www.visit-ulcinj.com\/blog\/2014\/04\/08\/protest-albanaca-u-plavu\/#primaryimage\"},\"datePublished\":\"2014-04-08T16:46:54+00:00\",\"dateModified\":\"2014-04-08T17:15:43+00:00\",\"author\":{\"@id\":\"https:\/\/www.visit-ulcinj.com\/blog\/#\/schema\/person\/dcab619c614d3038751c63bc2aadc06d\"},\"description\":\"Albanci koji \u017eive u Sedinjenim Ameri\u010dkim Dr\u017eavama odr\u017eali su protest u Va\u0161ingtonu ispred Bijele ku\u0107e uo\u010di susreta premijera Mila \u0110ukianovi\u0107a sa\",\"breadcrumb\":{\"@id\":\"https:\/\/www.visit-ulcinj.com\/blog\/2014\/04\/08\/protest-albanaca-u-plavu\/#breadcrumb\"},\"inLanguage\":\"en-US\",\"potentialAction\":[{\"@type\":\"ReadAction\",\"target\":[\"https:\/\/www.visit-ulcinj.com\/blog\/2014\/04\/08\/protest-albanaca-u-plavu\/\"]}]},{\"@type\":\"BreadcrumbList\",\"@id\":\"https:\/\/www.visit-ulcinj.com\/blog\/2014\/04\/08\/protest-albanaca-u-plavu\/#breadcrumb\",\"itemListElement\":[{\"@type\":\"ListItem\",\"position\":1,\"name\":\"Protest Albanaca u Plavu\"}]},{\"@type\":\"Person\",\"@id\":\"https:\/\/www.visit-ulcinj.com\/blog\/#\/schema\/person\/dcab619c614d3038751c63bc2aadc06d\",\"name\":\"ulqini\",\"sameAs\":[\"http:\/\/www.visit-ulcinj.com\"],\"url\":\"https:\/\/www.visit-ulcinj.com\/blog\/author\/admin\/\"}]}<\/script>\n<!-- \/ Yoast SEO plugin. -->","yoast_head_json":{"title":"Protest Albanaca u Plavu - Lajme nga Ulqini","description":"Albanci koji \u017eive u Sedinjenim Ameri\u010dkim Dr\u017eavama odr\u017eali su protest u Va\u0161ingtonu ispred Bijele ku\u0107e uo\u010di susreta premijera Mila \u0110ukianovi\u0107a sa","robots":{"index":"index","follow":"follow","max-snippet":"max-snippet:-1","max-image-preview":"max-image-preview:large","max-video-preview":"max-video-preview:-1"},"canonical":"https:\/\/www.visit-ulcinj.com\/blog\/2014\/04\/08\/protest-albanaca-u-plavu\/","og_locale":"en_US","og_type":"article","og_title":"Protest Albanaca u Plavu - Lajme nga Ulqini","og_description":"Albanci koji \u017eive u Sedinjenim Ameri\u010dkim Dr\u017eavama odr\u017eali su protest u Va\u0161ingtonu ispred Bijele ku\u0107e uo\u010di susreta premijera Mila \u0110ukianovi\u0107a sa","og_url":"https:\/\/www.visit-ulcinj.com\/blog\/2014\/04\/08\/protest-albanaca-u-plavu\/","og_site_name":"Lajme nga Ulqini","article_published_time":"2014-04-08T16:46:54+00:00","article_modified_time":"2014-04-08T17:15:43+00:00","og_image":[{"url":"http:\/\/www.visit-ulcinj.com\/blog\/wp-content\/uploads\/2014\/04\/Protest-Albanaca-u-Plavu-1.jpg"}],"twitter_misc":{"Written by":"ulqini","Est. reading time":"1 minute"},"schema":{"@context":"https:\/\/schema.org","@graph":[{"@type":"WebSite","@id":"https:\/\/www.visit-ulcinj.com\/blog\/#website","url":"https:\/\/www.visit-ulcinj.com\/blog\/","name":"Lajme nga Ulqini","description":"Lajme,Vijesti,Ulqini,Ulqin,Crna Gora,Mali i Zi","potentialAction":[{"@type":"SearchAction","target":{"@type":"EntryPoint","urlTemplate":"https:\/\/www.visit-ulcinj.com\/blog\/?s={search_term_string}"},"query-input":"required name=search_term_string"}],"inLanguage":"en-US"},{"@type":"ImageObject","inLanguage":"en-US","@id":"https:\/\/www.visit-ulcinj.com\/blog\/2014\/04\/08\/protest-albanaca-u-plavu\/#primaryimage","url":"https:\/\/www.visit-ulcinj.com\/blog\/wp-content\/uploads\/2014\/04\/Protest-Albanaca-u-Plavu-1.jpg","contentUrl":"https:\/\/www.visit-ulcinj.com\/blog\/wp-content\/uploads\/2014\/04\/Protest-Albanaca-u-Plavu-1.jpg","width":900,"height":600},{"@type":"WebPage","@id":"https:\/\/www.visit-ulcinj.com\/blog\/2014\/04\/08\/protest-albanaca-u-plavu\/#webpage","url":"https:\/\/www.visit-ulcinj.com\/blog\/2014\/04\/08\/protest-albanaca-u-plavu\/","name":"Protest Albanaca u Plavu - Lajme nga Ulqini","isPartOf":{"@id":"https:\/\/www.visit-ulcinj.com\/blog\/#website"},"primaryImageOfPage":{"@id":"https:\/\/www.visit-ulcinj.com\/blog\/2014\/04\/08\/protest-albanaca-u-plavu\/#primaryimage"},"datePublished":"2014-04-08T16:46:54+00:00","dateModified":"2014-04-08T17:15:43+00:00","author":{"@id":"https:\/\/www.visit-ulcinj.com\/blog\/#\/schema\/person\/dcab619c614d3038751c63bc2aadc06d"},"description":"Albanci koji \u017eive u Sedinjenim Ameri\u010dkim Dr\u017eavama odr\u017eali su protest u Va\u0161ingtonu ispred Bijele ku\u0107e uo\u010di susreta premijera Mila \u0110ukianovi\u0107a sa","breadcrumb":{"@id":"https:\/\/www.visit-ulcinj.com\/blog\/2014\/04\/08\/protest-albanaca-u-plavu\/#breadcrumb"},"inLanguage":"en-US","potentialAction":[{"@type":"ReadAction","target":["https:\/\/www.visit-ulcinj.com\/blog\/2014\/04\/08\/protest-albanaca-u-plavu\/"]}]},{"@type":"BreadcrumbList","@id":"https:\/\/www.visit-ulcinj.com\/blog\/2014\/04\/08\/protest-albanaca-u-plavu\/#breadcrumb","itemListElement":[{"@type":"ListItem","position":1,"name":"Protest Albanaca u Plavu"}]},{"@type":"Person","@id":"https:\/\/www.visit-ulcinj.com\/blog\/#\/schema\/person\/dcab619c614d3038751c63bc2aadc06d","name":"ulqini","sameAs":["http:\/\/www.visit-ulcinj.com"],"url":"https:\/\/www.visit-ulcinj.com\/blog\/author\/admin\/"}]}},"jetpack_featured_media_url":"","jetpack_sharing_enabled":true,"jetpack_shortlink":"https:\/\/wp.me\/pe6lTn-l9d","_links":{"self":[{"href":"https:\/\/www.visit-ulcinj.com\/blog\/wp-json\/wp\/v2\/posts\/81295"}],"collection":[{"href":"https:\/\/www.visit-ulcinj.com\/blog\/wp-json\/wp\/v2\/posts"}],"about":[{"href":"https:\/\/www.visit-ulcinj.com\/blog\/wp-json\/wp\/v2\/types\/post"}],"author":[{"embeddable":true,"href":"https:\/\/www.visit-ulcinj.com\/blog\/wp-json\/wp\/v2\/users\/1"}],"replies":[{"embeddable":true,"href":"https:\/\/www.visit-ulcinj.com\/blog\/wp-json\/wp\/v2\/comments?post=81295"}],"version-history":[{"count":2,"href":"https:\/\/www.visit-ulcinj.com\/blog\/wp-json\/wp\/v2\/posts\/81295\/revisions"}],"predecessor-version":[{"id":81298,"href":"https:\/\/www.visit-ulcinj.com\/blog\/wp-json\/wp\/v2\/posts\/81295\/revisions\/81298"}],"wp:attachment":[{"href":"https:\/\/www.visit-ulcinj.com\/blog\/wp-json\/wp\/v2\/media?parent=81295"}],"wp:term":[{"taxonomy":"category","embeddable":true,"href":"https:\/\/www.visit-ulcinj.com\/blog\/wp-json\/wp\/v2\/categories?post=81295"},{"taxonomy":"post_tag","embeddable":true,"href":"https:\/\/www.visit-ulcinj.com\/blog\/wp-json\/wp\/v2\/tags?post=81295"}],"curies":[{"name":"wp","href":"https:\/\/api.w.org\/{rel}","templated":true}]}}