{"id":81313,"date":"2014-04-09T14:20:40","date_gmt":"2014-04-09T13:20:40","guid":{"rendered":"http:\/\/www.visit-ulcinj.com\/blog\/?p=81313"},"modified":"2014-04-11T06:34:49","modified_gmt":"2014-04-11T05:34:49","slug":"proteste-per-te-drejtat-e-shqiptareve-ne-mal-te-zi-ne-uashington","status":"publish","type":"post","link":"https:\/\/www.visit-ulcinj.com\/blog\/2014\/04\/09\/proteste-per-te-drejtat-e-shqiptareve-ne-mal-te-zi-ne-uashington\/","title":{"rendered":"Protest\u00eb p\u00ebr t\u00eb drejtat e shqiptar\u00ebve n\u00eb Mal t\u00eb Zi n\u00eb Uashington"},"content":{"rendered":"<p><a href=\"http:\/\/www.visit-ulcinj.com\/blog\/wp-content\/uploads\/2014\/04\/Protest-Washington-Shqiptaret-Mal-i-Zi.jpg\"><img loading=\"lazy\" class=\"alignleft  wp-image-81314\" alt=\"Protest- Washington-Shqiptaret-Mal-i-Zi\" src=\"http:\/\/www.visit-ulcinj.com\/blog\/wp-content\/uploads\/2014\/04\/Protest-Washington-Shqiptaret-Mal-i-Zi.jpg\" width=\"508\" height=\"360\" \/><\/a>Nj\u00eb num\u00ebr shoqatash shqiptare n\u00eb Shtetet e Bashkuara u mblodh\u00ebn sot p\u00ebrpara Sht\u00ebpis\u00eb s\u00eb Bardh\u00eb p\u00ebr t\u00eb k\u00ebrkuar m\u00eb shum\u00eb t\u00eb drejta p\u00ebr shqiptar\u00ebt n\u00eb Mal t\u00eb Zi.<\/p>\n<p>Demonstrata u organizua me rastin e vizit\u00ebs n\u00eb Uashington t\u00eb Kryeministrit malazez Milo Gjukanovi\u00e7, p\u00ebrpara takimit t\u00eb tij n\u00eb Sht\u00ebpin\u00eb e Bardh\u00eb me N\u00ebnpresidentin Joe Biden.<\/p>\n<p>Shqiptaro-amerikan\u00ebt, pjesmarr\u00ebs n\u00eb demonstrat\u00ebn e sotme n\u00eb Uashington, p\u00ebrfaq\u00ebsonin shoqata nga Nju Jorku, Detroiti dhe \u00c7ikagoja.<\/p>\n<p>Ata than\u00eb se ishin mbledhur p\u00ebrpara Sht\u00ebpis\u00eb s\u00eb Bardh\u00eb p\u00ebr t\u00eb ngritur z\u00ebrin kund\u00ebr asaj q\u00eb ata e quajn\u00eb politik\u00eb diskriminuese t\u00eb qeveris\u00eb malazeze ndaj shqiptar\u00ebve. Protestuesit than\u00eb se shqiptar\u00ebt e Malit t\u00eb Zi duhet t\u00eb g\u00ebzojn\u00eb t\u00eb gjitha t\u00eb drejtat sipas konventave t\u00eb bot\u00ebs demokratike.<\/p>\n<p>Pashko Gjokaj, kryetar i shoqat\u00ebs Malsia e Madhe n\u00eb Detroit, tha se shqiptar\u00ebt e Malit t\u00eb Zi k\u00ebrkojn\u00eb\u00a0 t\u00eb drejta t\u00eb barabarta si t\u00eb gjitha pakicat e tjera.<\/p>\n<p>Don Fran Kolaj, famulltar i Kish\u00ebs s\u00eb Sh\u00ebn Palit n\u00eb Detroit, thot\u00eb se shteti malazez, megjith\u00eb premton lirit\u00eb nacionale, kur vjen puna te \u00e7\u00ebshtja e shqiptar\u00ebve ai nuk i praktikon dhe nuk i realizon ato me kushtetut\u00ebn e vet.<\/p>\n<p>Mark Gjonaj, an\u00ebtar i asambles\u00eb s\u00eb Nju Jorkut, \u00ebsht\u00eb shqiptari i vet\u00ebm q\u00eb p\u00ebrfaq\u00ebson komunitetin n\u00eb nj\u00eb organ t\u00eb r\u00ebnd\u00ebsish\u00ebm si asambleja e shtetit:<\/p>\n<p><a href=\"http:\/\/www.visit-ulcinj.com\/blog\/wp-content\/uploads\/2014\/04\/Protest-Washington-Shqiptaret-Mal-i-Zi-4.jpg\"><img loading=\"lazy\" class=\"alignleft  wp-image-81315\" alt=\"Protest- Washington-Shqiptaret-Mal-i-Zi-4\" src=\"http:\/\/www.visit-ulcinj.com\/blog\/wp-content\/uploads\/2014\/04\/Protest-Washington-Shqiptaret-Mal-i-Zi-4.jpg\" width=\"508\" height=\"360\" \/><\/a><\/p>\n<p><em>&#8220;Zemra ime \u00ebsht\u00eb plot kur shikoj kaq shum\u00eb shqiptar\u00eb nga t\u00eb gjitha territoret shqiptare t\u00eb mbledhur bashk\u00eb, nga Kosova, nga Shqip\u00ebria, nga Mali i Zi,\u00a0 nga \u00c7am\u00ebria, p\u00ebr t\u00eb diskutuar \u00e7\u00ebshtjet e trajtimit t\u00eb shqiptar\u00ebve n\u00eb Mal t\u00eb Zi, nuk ndjej ve\u00e7se g\u00ebzim. Ky bashkim n\u00eb vetvete d\u00ebrgon nj\u00eb mesazh t\u00eb fort\u00eb jo vet\u00ebm p\u00ebr qeverin\u00eb e Malit t\u00eb Zi por p\u00ebr t\u00eb gjith\u00eb udh\u00ebheq\u00ebsit shqiptar\u00eb, se ne jemi ketu per ata, se do te jemi z\u00ebri p\u00ebr gjith\u00eb shqiptar\u00ebt n\u00eb Mal t\u00eb Zi dhe n\u00eb t\u00eb gjitha territoret shqiptare.&#8221;<\/em><\/p>\n<p>Disa prej pjesmarr\u00ebsve n\u00eb tubim u b\u00ebn\u00eb thirrje qeverive n\u00eb Tirane dhe Prishtin\u00eb q\u00eb t\u00eb interesohen p\u00ebr rregullimin e statusit t\u00eb shiptar\u00ebve n\u00eb Mal t\u00eb Zi.<\/p>\n<p>Ata thon\u00eb se fakti q\u00eb jan\u00eb kaq shum\u00eb shqiptar\u00eb t\u00eb Malit te Zi q\u00eb jetojn\u00eb n\u00eb emigracion provon se ata nuk gezojn\u00eb te drejta n\u00eb territoret e tyre.<\/p>\n<h4>Z\u00ebri i Amerik\u00ebs<\/h4>\n<p><strong>UASHINGTON : Shqiptar\u00ebt e Amerik\u00ebs protestuan kund\u00ebr Kryeministrit t\u00eb Malit t\u00eb Zi Milo Gjukanoviq<\/strong><\/p>\n<p><strong>BEQIR SINA, WASHINGTON D.C<br \/>\n<\/strong><br \/>\nWIHTE HOUSE &#8211; WASHINGTON D.C: Nd\u00ebrkoh\u00eb, q\u00eb n\u00eb Sht\u00ebpin\u00eb\u00a0e Bardh\u00eb, N\u00ebn\/Presidenti i SHBA, Joseph Bajden u takua dhe po zhvillonin bisedime t\u00eb mart\u00ebn me kryeministrin e Malit t\u00eb Zi, Milo Gjukanoviq p\u00ebr t\u00eb diskutuar situat\u00ebn n\u00eb Ballkan, mbas presionit t\u00eb Rusis\u00eb n\u00eb Ukrain\u00eb, jasht\u00eb saj p\u00ebrball gardhit t\u00eb hekurt, u zhvillua nj\u00eb protest\u00eb, e cila ka qen\u00eb m\u00eb e madhja e dekad\u00ebs s\u00eb fundit nga shqiptar\u00ebt e Amerik\u00ebs.<\/p>\n<p>Kan qen\u00eb m\u00eb shum\u00eb se 500 shqiptaro amerikan\u00eb, kryesisht\u00eb ata me origjin\u00eb nga Mali i Zi, t\u00eb cil\u00ebt e organizuan at\u00eb dhe t\u00eb mbeshtetur nga shqiptar\u00ebt, nga Shqip\u00ebria, Kosova, dhe t\u00eb gjitha trevat,\u00a0q\u00eb dol\u00ebn s\u00eb bashku p\u00ebr t\u00eb protestuar kund\u00ebr kryeministrit malazez\u00eb Gjukanoviq, t\u00eb cilin ata e mbajn\u00eb p\u00ebrgjegj\u00ebs p\u00ebr at\u00eb politik\u00ebn diskriminuese t\u00eb qeveris\u00eb malazeze q\u00eb ndjek ai ndaj shqiptar\u00ebve.<\/p>\n<div>\u00a0Protestuesit me k\u00ebt\u00eb rast than\u00eb fuqish\u00ebm se z\u00ebri i tyre duhet t\u00eb d\u00ebgjohet\u00a0se shqiptar\u00ebt e Malit t\u00eb Zi duhet t\u00eb g\u00ebzojn\u00eb t\u00eb gjitha t\u00eb drejtat e pakicave sipas konventave t\u00eb bot\u00ebs demokratike, dhe ligjve nd\u00ebrkomb\u00ebtare p\u00ebr lirin\u00eb dhe t\u00eb drejtat njer\u00ebzore n\u00eb bot\u00eb.<\/p>\n<div>\u00a0\u00a0 Shqiptaro amerikan\u00ebt t\u00eb ardhur me autobus\u00eb dhe makinat private nga shum\u00eb qytete t\u00eb Shteteve t\u00eb Bashkuara, Detroiti, Bostoni, \u00c7ikago, nga zona e &#8220;Tri-Shtetshit&#8221; Nju Jorku, mbasi qendruan duke protestuar dy or\u00eb para Sht\u00ebpis\u00eb s\u00eb Bardh\u00eb, m\u00eb pas\u00eb marrshuan n\u00eb m\u00ebnyr\u00eb paq\u00ebsore disa kilometra deri sa u vendos\u00ebn duke protestuar edhe p\u00ebr dy or\u00eb t\u00eb tjera para Ambasad\u00ebs s\u00eb Malit t\u00eb Zi n\u00eb Ushaington.<\/p>\n<div>\u00a0\u00a0 Protestuesit, t\u00eb shumt\u00eb n\u00eb num\u00ebr thirr\u00ebn vazhdimisht :&#8221;\u00a0USA-USA, Bashkim &#8211; Bashkim!&#8221;, nd\u00ebrsa mbanin n\u00eb duar flamurin amerikan dhe shqiptar\u00eb, ata mbanin parrulla t\u00eb shumta n\u00eb shqip e anglisht ku m\u00eb s\u00eb shumti\u00a0b\u00ebhej thirrje p\u00ebr drejtat e shqiptar\u00ebve n\u00eb Mal t\u00eb Zi. N\u00eb nj\u00ebr\u00ebn nga parullat(nj\u00eb shtrishe e gjat\u00eb) i b\u00ebhej thirrje presidentit amerikan, Obama q\u00eb t\u2019i thot\u00eb ndal aparteidit t\u00eb qeveris\u00eb s\u00eb Malit t\u00eb Zi kund\u00ebr shqiptar\u00ebve- dhe shkruhej\u00a0&#8221; Obama &#8211; Stop Apartheid in Monte Negro&#8221;.Nd\u00ebr parrullat kryesore binin n\u00eb sy ato\u00a0ku k\u00ebrkohej : &#8220;T\u00eb drejta t\u00eb barabarta p\u00ebr shqiptar\u00ebt n\u00eb Mal t\u00eb Zi! &#8211; Racizmi p\u00ebr\u00e7an dhe ndan\u00eb Malin e Zi! &#8211; USA: bllokoje Malin e Zi p\u00ebr n\u00eb NATO -! Vet\u00ebm t\u00eb drejtat e barabarta p\u00ebr shqiptar\u00ebt n\u00eb Mal t\u00eb Zi! &#8211; Nuk ka Integrimi n\u00eb NATO p\u00ebr Malin e Zi pa t\u00eb drejtat e shqiptar\u00ebve !- Mali i Zi nuk \u00ebsht\u00eb Demokraci! &#8211; Mal\u00ebsi, \u00c7am\u00ebria, Presheva, Prishtina, Mitrovica, Dardania, Iiliriada, Sanxhaku, Shqip\u00ebria : Ne jemi nj\u00eb! &#8211; Gjukanovi\u00e7it i takon vendi n\u00eb Hag\u00eb &#8211; Nuk an\u00ebtar\u00ebsimin n\u00eb NATO t\u00eb Malit t\u00eb Zi pa shqiptar\u00eb, pa marr t\u00eb marr\u00eb t\u00eb drejtat e tyre &#8211; Plav\u00eb Guci ne ju mb\u00ebshtesim ju &#8211; Qeveria e Malit t\u00eb Zi diskriminon shqiptar\u00ebt! &#8211; Kriminel lufte \u00ebsht\u00eb Gjukanovi\u00e7i! &#8211; Mal\u00ebsia \u00ebsht\u00eb Shqip\u00ebri! &#8211; Gjukanovi\u00e7 dicatatori i fundit Evropian! &#8211; Iliria = Epirus \u00ebsht\u00eb Shqip\u00ebria &#8211; Shqip\u00ebria, Ulqini, Kosova, \u00c7am\u00ebria, Shkupi -! Gjukanovi\u00e7, tani \u00ebsht\u00eb koha juaj q\u00eb t\u00eb p\u00ebrmbush\u00ebni premtimet q\u00eb u keni dh\u00ebn\u00eb shqiptar\u00ebve!\u00a0 &#8211; Aparteidi = Produkt i Malit t\u00eb Zi -! Gjukanovi\u00e7 t\u00eb na jap\u00eb pron\u00ebn ton\u00eb! Gjukanovi\u00e7! mos harro se tani Gjykata e Hag\u00ebs \u00ebsht\u00eb duke b\u00ebr\u00eb thirrje ju!Mbas intonimit t\u00eb dy hymenve komb\u00ebtare Shteteve t\u00eb Bashkuara dhe Shqip\u00ebris\u00eb, protest\u00ebn para Sht\u00ebpis\u00eb s\u00eb Bardh\u00eb, e ka hapur dhe drejtuar veprimtari i dalluar i \u00e7\u00ebshtjes komb\u00ebtare Xhevat Kukaj, ku p\u00ebrmes nj\u00eb fjalimi mbasi\u00a0ka shpalosur q\u00ebllimin e k\u00ebtij demonstrimi ai ka renditur n\u00eb m\u00ebnyr\u00eb historike t\u00eb gjitha\u00a0padrejt\u00ebsit\u00eb e m\u00ebdha t\u00eb\u00a0kryera nga\u00a0Mali i\u00a0Zi, ndaj shqiptar\u00ebve. &#8221; T\u00eb cil\u00ebt, si tha ai jan\u00eb me shekuj q\u00eb jetojn\u00eb n\u00eb ato troje, dhe se pa shqiptar\u00ebt sot nuk do t\u00eb ishte as Mali i Zi&#8221; tha Kukaj.<\/p>\n<div>M\u00eb pas kryetari i Fondacionit Palv\u00eb e Guci, zoti Esat Gjonbalaj, ka folur p\u00ebr r\u00ebnd\u00ebsin\u00eb e k\u00ebsaj proteste dhe se \u00e7far\u00eb i ka shtyr\u00eb shqiptar\u00ebt e Amerik\u00ebs, t\u00eb dalin-zot\u00eb, prind\u00ebrve, \u00a0v\u00ebllez\u00ebrve e motrave t\u00eb tyre, n\u00ebn Mal t\u00eb Zi,\u00a0kundrjet nj\u00eb regjimi diskriminues dhe aparteid si\u00e7 \u00ebsht\u00eb ai i Malit t\u00eb Zi me kryeminist\u00ebr Milo Gjukanoviqin..Fillimisht n\u00eb k\u00ebt\u00eb protest\u00eb\u00a0e ka marr\u00eb fjal\u00ebn edhe\u00a0ansambleisti i shtetit t\u00eb Nju Jorkut, Mark Gjonaj, i cili nd\u00ebr t\u00eb tjera, tha se : \u201cZemra ime \u00ebsht\u00eb plot kur shikoj kaq shum\u00eb shqiptar\u00eb nga t\u00eb gjitha territoret shqiptare t\u00eb mbledhur bashk\u00eb, nga Kosova, nga Shqip\u00ebria, nga Mali i Zi, nga \u00c7am\u00ebria, p\u00ebr t\u00eb diskutuar \u00e7\u00ebshtjet e trajtimit t\u00eb shqiptar\u00ebve n\u00eb Mal t\u00eb Zi, nuk ndjej ve\u00e7se g\u00ebzim. Ky bashkim n\u00eb vetvete d\u00ebrgon nj\u00eb mesazh t\u00eb fort\u00eb jo vet\u00ebm p\u00ebr qeverin\u00eb e Malit t\u00eb Zi &#8211; por p\u00ebr t\u00eb gjith\u00eb udh\u00ebheq\u00ebsit shqiptar\u00eb, se ne jemi ketu per ata, se do te jemi z\u00ebri p\u00ebr gjith\u00eb shqiptar\u00ebt n\u00eb Mal t\u00eb Zi dhe n\u00eb t\u00eb gjitha territoret shqiptare.\u201d<\/div>\n<div><a href=\"http:\/\/www.visit-ulcinj.com\/blog\/wp-content\/uploads\/2014\/04\/ismet-Kurti-protesta.jpg\"><img loading=\"lazy\" class=\"alignleft  wp-image-81350\" alt=\"ismet-Kurti-protesta\" src=\"http:\/\/www.visit-ulcinj.com\/blog\/wp-content\/uploads\/2014\/04\/ismet-Kurti-protesta.jpg\" width=\"508\" height=\"360\" \/><\/a><\/div>\n<div>\n<p>Kryetari i shoqat\u00ebs Ana e Malit, zoti Ismet Kurti, u kujtoj\u00eb protestuesve se me p\u00ebrfundimin e luft\u00ebs s\u00eb Kosov\u00ebs me ndihm\u00ebn e shteteve mike, n\u00eb krye me SHBA, shpresonte se k\u00ebtu( n\u00eb Uashington) nuk do t\u00eb takoheshin m\u00eb, p\u00ebr t\u00eb protestuar p\u00ebr pak\u00ebnaq\u00ebsit\u00eb tona si komb&#8230;..! &#8220;Personalisht, tha ai mendova q\u00eb erdhi koha q\u00eb \u00e7\u00ebshtja komb\u00ebtare shqiptare t\u00eb p\u00ebrmbyllej me diplomaci t\u00eb sh\u00ebndosht\u00eb me respekt dhe interes reciprok. Por jo , ndohi e kund\u00ebrta!&#8221;<\/p>\n<p>Ngaq\u00eb, si u shpreh ai regjimi 24 vje\u00e7ar i Milo Gjukanovi\u00e7it, i cili tani i ngjan\u00eb nj\u00eb diktature, filloi t\u00eb tregoi fytyr\u00ebn e vet t\u00eb v\u00ebrtet\u00eb anti-shqiptare, duke e aplikuar at\u00eb me nj\u00eb asimilim t\u00eb heshtur, si\u00e7 ndodh\u00eb tek shtet me demokraci t\u00eb rreme, ashtu si dhe \u00ebsht\u00eb sot Mali i Zi.<\/p>\n<p>Nd\u00ebrkoh\u00eb, p\u00ebr t\u00eb shprehur realisht gjendjen e shqiptar\u00ebve n\u00eb Mal t\u00eb Zi , pohoi Kurti, do t\u00eb rendisja nj\u00eb ser\u00eb arsye t\u00eb cilat edhe na kan mbledhur ne sot t\u00eb protestojm\u00eb kundra kryeministrit t\u00eb Malit t\u00eb Zi.<\/p>\n<p>&#8220;Ne k\u00ebtu v\u00ebllez\u00ebr e motra, jemi k\u00ebtu p\u00ebr t\u00eb k\u00ebrkuar asgj\u00eb m\u00eb pak dhe asgj\u00eb m\u00eb tep\u00ebr se sa na takon, n\u00eb tokat tona, sepse jemi auttokton dhe jemi n\u00eb trojet tona st\u00ebrgjyshore. Andaj shteti i Malit t\u00eb Zi duhet t\u00eb jet\u00eb shum\u00eb i kujdessh\u00ebm , ngase kjo demostrat\u00eb, \u00ebsht\u00eb vet\u00ebm fillimi i shprehjes s\u00eb pak\u00ebnaq\u00ebsive tona si shqiptar q\u00eb duhet t&#8217;ua b\u00ebjm\u00eb t\u00eb qart\u00eb se ne t\u00eb drejtat tona do t&#8217;i k\u00ebrkojm\u00eb deri n\u00eb fund, sepse vet\u00ebm ashtu do shpresojm\u00eb se do t\u00eb i fitojm\u00eb ato&#8221; tha kryetari i shoqat\u00ebs Ana e Malit zoti Ismet Kurti, i cili \u00ebsht\u00eb edhe\u00a0 nj\u00eb nd\u00ebr organizator\u00ebt kryesore t\u00eb k\u00ebsaj proteste.<\/p>\n<p>Zoti Asllan Bushati &#8211; N\u00ebnkryetari i shoqat\u00ebs mbar\u00eb shqiptare Vatra, i cili foli\u00a0n\u00eb em\u00ebr t\u00eb Kryetarit t\u00eb saj Dr. Gjon Bucaj, t\u00eb deg\u00ebve dhe t\u00eb \u00e7do vatrani, p\u00ebrsh\u00ebndeti p\u00ebr pjesemarrjen n\u00eb k\u00ebt\u00eb tubim protestuesit duke e quajtur at\u00eb shum\u00eb t\u00eb r\u00ebnd\u00ebsish\u00ebme. &#8220;Vatran\u00ebt, tha Bushati, kan\u00eb qen\u00eb e do t\u00eb jen\u00eb t\u00eb pranish\u00ebm kudo e kurdoher\u00eb q\u00eb i th\u00ebrrasin problemet e m\u00ebdha t\u00eb Kombit Shqip\u00ebtar.&#8221;<\/p>\n<p>&#8220;P\u00ebrderisa Milo Gjukaovi\u00e7i Kryeministri i Malit t\u00eb Zi po k\u00ebrkon\u00eb t\u00eb tregoj\u00eb se ky shtet \u00ebsht\u00eb demokarci &#8211; le t\u00eb flas\u00eb pak p\u00ebr padrejt\u00ebsit ndaj shqiptar\u00ebve, t\u00eb cilat\u00a0 u shpreh n\u00eb fjal\u00ebn e tij funksionari i Lidhjes Demokratike,\u00a0 professor Nikoll\u00eb Camaj &#8211;\u00a0jan\u00eb nj\u00ebsoj\u00eb si n\u00eb koh\u00ebn e Millosheviqit, duke shtuar se ai po mb\u00ebshteste plot\u00ebsisht me pjesmarrjen e tij k\u00ebt\u00eb protest\u00ebt t\u00eb shqiptar\u00ebve t\u00eb Amerik\u00ebs, e cila ishte drejtuar kund\u00ebr asimilimit dhe shkeljeve t\u00eb drejtave t\u00eb shqiptar\u00ebve n\u00eb Mal\u00ebsi dhe Mal t\u00eb Zi n\u00eb p\u00ebrgjith\u00ebsi, duke shprehur pak\u00ebnaq\u00ebsit\u00eb p\u00ebr situat\u00ebn e shqiptar\u00ebve n\u00eb Mal t\u00eb Zi, t\u00eb cil\u00ebt nuk i g\u00ebzojn\u00eb as t\u00eb drejtat m\u00eb elementare&#8221; u shpreh professor Camaj.<\/p>\n<p><strong>Shqiptaro-amerikan\u00ebt, pjesmarr\u00ebs n\u00eb demonstrat\u00ebn n\u00eb Uashington, p\u00ebrfaq\u00ebsonin shoqata nga Nju Jorku, Detroiti dhe \u00c7ikagoja.<\/strong><\/p>\n<p>Luigj Gjokaj veprimtar i dalluar nga Detroiti, tha se ishin mbledhur p\u00ebrpara Sht\u00ebpis\u00eb s\u00eb Bardh\u00eb dhe Ambasad\u00ebs s\u00eb Malit t\u00eb Zi, p\u00ebr t\u00eb ngritur z\u00ebrin kund\u00ebr asaj politike anti shqiptare,\u00a0 diskriminuese t\u00eb qeveris\u00eb malazeze, ndjekur vazhdimisht\u00a0ndaj shqiptar\u00ebve, shqiptar\u00ebt shtoi ai\u00a0nuk k\u00ebrkojn\u00eb gj\u00eb tjet\u00ebr ve\u00e7se q\u00eb t\u00eb g\u00ebzojn\u00eb edhe ata t\u00eb gjitha t\u00eb drejtat sipas konventave t\u00eb bot\u00ebs demokratike.<\/p>\n<\/div>\n<p>Pashko Gjokaj, kryetar i shoqat\u00ebs Malsia e Madhe n\u00eb Detroit, edhe ai n\u00eb krye t\u00eb k\u00ebsaj demostrate tha se shqiptar\u00ebt e Malit t\u00eb Zi, k\u00ebrkojn\u00eb t\u00eb drejta t\u00eb barabarta si t\u00eb gjitha pakicat e tjera. Don Fran Kolaj, famulltar i Kish\u00ebs s\u00eb Sh\u00ebn Palit n\u00eb Detroit, thot\u00eb se shteti malazez, megjith\u00eb premton lirit\u00eb nacionale, kur vjen puna te \u00e7\u00ebshtja e shqiptar\u00ebve ai nuk i praktikon dhe nuk i realizon ato me kushtetut\u00ebn e vet.<\/p>\n<p>Protestussit mbasi protestuan para Sht\u00ebpis\u00eb s\u00eb Bardh\u00eb p\u00ebr dy or\u00eb jan\u00eb drejtuar n\u00eb m\u00ebnyr\u00eb paq\u00ebsore drejt Ambasad\u00ebs s\u00eb Malit t\u00eb Zi, duke\u00a0 marshuar rrugve t\u00eb Uashingtonit me flamujt amerikan dhe shqiptar\u00eb. Nd\u00ebrsa, tek Ambasada Malazeze protesta ka vijuar duke ngritur z\u00ebrin fuqish\u00ebm, ku protestuesit paq\u00ebsor ishin t\u00eb rrethuar nga kordon\u00ebt e policis\u00eb amerikane. Me k\u00ebt\u00eb rast\u00a0fol\u00ebs t\u00eb shumt\u00eb, disa hapa para hyrjes s\u00eb Ambasad\u00ebs me fjalimet e tyre t\u00eb forta\u00a0kan\u00eb denoncuar vahzdimisht politik\u00ebn antishqiptare t\u00eb Gjukanovicit, q\u00eb si\u00e7 than\u00eb ata ua mohon shqiptar\u00ebve t\u00eb drejtat m\u00eb elementare, nd\u00ebrsa disa her\u00eb e krahasuan Milo Gjukanivi\u00e7in me Sllobodan Milloshevi\u00e7in dhe regjimin serb.<\/p>\n<p>N\u00eb fund\u00a0nd\u00ebrsa u lexua nj\u00eb mesazh p\u00ebrsh\u00ebndetje p\u00ebr k\u00ebt\u00eb protest\u00eb nga kongresmeni amerikan i Mi\u00e7igenit Gary Piters,\u00a0 protest\u00ebn e p\u00ebrsh\u00ebndet\u00ebn edhe kandidati p\u00ebr n\u00eb kongresin amerikan nga Distrikti 20t\u00eb n\u00eb New York, zoti Emin Eddie Egriu, presidenti i organizat\u00ebs Rr\u00ebnj\u00ebt Shqiptare, zoti Maro Kepi, kryetari i shoqat\u00ebs Kombi , Artur Vrekaj, Naim Balidemaj, Asllan Bushati,\u00a0dhe t\u00eb tjer\u00eb.<\/p>\n<p><a href=\"http:\/\/www.visit-ulcinj.com\/blog\/wp-content\/uploads\/2014\/04\/xheladin-zeneli-protesta.jpg\"><img loading=\"lazy\" class=\"alignleft  wp-image-81347\" alt=\"xheladin-zeneli-protesta\" src=\"http:\/\/www.visit-ulcinj.com\/blog\/wp-content\/uploads\/2014\/04\/xheladin-zeneli-protesta.jpg\" width=\"508\" height=\"360\" \/><\/a><\/p>\n<p>Nj\u00eb peticion me k\u00ebrkesat p\u00ebr t\u00eb drejtat e Shqiptar\u00ebve n\u00eb Mal t\u00eb Zi, i cili u lexua nga ish deputeti i Parlamentit t\u00eb Malit t\u00eb Zi, Xheladin Zeneli, u dor\u00ebzua n\u00eb fund\u00a0 personelit t\u00eb Ambasad\u00ebs, nd\u00ebrsa nj\u00eb p\u00ebrfaq\u00ebsi me n\u00eb krye ansamblesitin Mark Gjonaj, n\u00eb mbr\u00ebmje u takuan me kongresistin Eliot Engel dhe kongresisit\u00eb t\u00eb tjer\u00eb p\u00ebr t\u2019i b\u00ebr\u00eb t\u00eb njohur k\u00ebrkesat e demonstrues\u00ebve, dhe k\u00ebrkesat e shqiptar\u00ebve t\u00eb Malit t\u00eb Zi.<\/p>\n<p>Protesta e s\u00eb mart\u00ebs para Sht\u00ebpis\u00eb s\u00eb Bardh\u00eb dhe Ambasad\u00ebs s\u00eb Malit t\u00eb Zi u organizua nga\u00a0 9 shoqata(Shoqata \u201d Ana e Malit \u201d New York, Shoqata \u201d Ded\u00eb Gjon Luli \u201d New York, Fondacioni \u201d Dom Simon Filipaj \u201d New York,Fondacioni \u201d Plav\u00eb-Guci \u201d New York,Fondi Humanitar \u201d Mal\u00ebsia \u201d New York,Shoqata Atdhetare \u201d Mal\u00ebsia e Madhe \u201d Detroit Shoqata\u00a0 Atdhetare \u201d Kraja \u201d New York, Shoqata \u201d Ulqini \u201d \u00c7ikago, dhe Rr\u00ebnj\u00ebt Shqiptare t\u00eb shqiptar\u00ebve n\u00eb Shtetet e Bashkuara t\u00eb Amerik\u00ebs, t\u00eb gjitha me origjin\u00eb nga vendbanimet e tyre historike n\u00eb Mali i Zi &#8211; Protesta pati si nga hera edhe mb\u00ebshtetjen t\u00eb disa organizatave dhe shoqatave t\u00eb tjera shqiptare si Federata PanShqiptare VATRA,\u00a0 Kombi\u00a0 nga Usteri &#8211; Massachusetts, dhe Kisha e Sh\u00ebn Palit n\u00eb Mi\u00e7igan .<\/p>\n<p><iframe loading=\"lazy\" src=\"http:\/\/zeriamerikes.share.voanews.eu\/flashembed.aspx?t=vid&amp;id=1889037&amp;w=640&amp;h=363&amp;skin=embeded\" height=\"363\" width=\"508\" frameborder=\"0\" scrolling=\"no\"><\/iframe><br \/>\n\n\t\t<style type=\"text\/css\">\n\t\t\t#gallery-1 {\n\t\t\t\tmargin: auto;\n\t\t\t}\n\t\t\t#gallery-1 .gallery-item {\n\t\t\t\tfloat: left;\n\t\t\t\tmargin-top: 10px;\n\t\t\t\ttext-align: center;\n\t\t\t\twidth: 33%;\n\t\t\t}\n\t\t\t#gallery-1 img {\n\t\t\t\tborder: 2px solid #cfcfcf;\n\t\t\t}\n\t\t\t#gallery-1 .gallery-caption {\n\t\t\t\tmargin-left: 0;\n\t\t\t}\n\t\t\t\/* see gallery_shortcode() in wp-includes\/media.php *\/\n\t\t<\/style>\n\t\t<div id='gallery-1' class='gallery galleryid-81313 gallery-columns-3 gallery-size-thumbnail'><dl class='gallery-item'>\n\t\t\t<dt class='gallery-icon landscape'>\n\t\t\t\t<a href='https:\/\/www.visit-ulcinj.com\/blog\/2014\/04\/09\/proteste-per-te-drejtat-e-shqiptareve-ne-mal-te-zi-ne-uashington\/protest-washington-shqiptaret-mal-i-zi-1\/'><img width=\"150\" height=\"150\" src=\"https:\/\/www.visit-ulcinj.com\/blog\/wp-content\/uploads\/2014\/04\/Protest-Washington-Shqiptaret-Mal-i-Zi-1-150x150.jpg\" class=\"attachment-thumbnail size-thumbnail\" alt=\"\" loading=\"lazy\" \/><\/a>\n\t\t\t<\/dt><\/dl><dl class='gallery-item'>\n\t\t\t<dt class='gallery-icon landscape'>\n\t\t\t\t<a href='https:\/\/www.visit-ulcinj.com\/blog\/2014\/04\/09\/proteste-per-te-drejtat-e-shqiptareve-ne-mal-te-zi-ne-uashington\/protest-washington-shqiptaret-mal-i-zi-2\/'><img width=\"150\" height=\"150\" src=\"https:\/\/www.visit-ulcinj.com\/blog\/wp-content\/uploads\/2014\/04\/Protest-Washington-Shqiptaret-Mal-i-Zi-2-150x150.jpg\" class=\"attachment-thumbnail size-thumbnail\" alt=\"\" loading=\"lazy\" \/><\/a>\n\t\t\t<\/dt><\/dl><dl class='gallery-item'>\n\t\t\t<dt class='gallery-icon landscape'>\n\t\t\t\t<a href='https:\/\/www.visit-ulcinj.com\/blog\/2014\/04\/09\/proteste-per-te-drejtat-e-shqiptareve-ne-mal-te-zi-ne-uashington\/protest-washington-shqiptaret-mal-i-zi-3\/'><img width=\"150\" height=\"150\" src=\"https:\/\/www.visit-ulcinj.com\/blog\/wp-content\/uploads\/2014\/04\/Protest-Washington-Shqiptaret-Mal-i-Zi-3-150x150.jpg\" class=\"attachment-thumbnail size-thumbnail\" alt=\"\" loading=\"lazy\" \/><\/a>\n\t\t\t<\/dt><\/dl><br style=\"clear: both\" \/><dl class='gallery-item'>\n\t\t\t<dt class='gallery-icon landscape'>\n\t\t\t\t<a href='https:\/\/www.visit-ulcinj.com\/blog\/2014\/04\/09\/proteste-per-te-drejtat-e-shqiptareve-ne-mal-te-zi-ne-uashington\/protest-washington-shqiptaret-mal-i-zi-5\/'><img width=\"150\" height=\"150\" src=\"https:\/\/www.visit-ulcinj.com\/blog\/wp-content\/uploads\/2014\/04\/Protest-Washington-Shqiptaret-Mal-i-Zi-5-150x150.jpg\" class=\"attachment-thumbnail size-thumbnail\" alt=\"\" loading=\"lazy\" \/><\/a>\n\t\t\t<\/dt><\/dl><dl class='gallery-item'>\n\t\t\t<dt class='gallery-icon landscape'>\n\t\t\t\t<a href='https:\/\/www.visit-ulcinj.com\/blog\/2014\/04\/09\/proteste-per-te-drejtat-e-shqiptareve-ne-mal-te-zi-ne-uashington\/protest-washington-shqiptaret-mal-i-zi-6\/'><img width=\"150\" height=\"150\" src=\"https:\/\/www.visit-ulcinj.com\/blog\/wp-content\/uploads\/2014\/04\/Protest-Washington-Shqiptaret-Mal-i-Zi-6-150x150.jpg\" class=\"attachment-thumbnail size-thumbnail\" alt=\"\" loading=\"lazy\" \/><\/a>\n\t\t\t<\/dt><\/dl><dl class='gallery-item'>\n\t\t\t<dt class='gallery-icon landscape'>\n\t\t\t\t<a href='https:\/\/www.visit-ulcinj.com\/blog\/2014\/04\/09\/proteste-per-te-drejtat-e-shqiptareve-ne-mal-te-zi-ne-uashington\/protest-washington-shqiptaret-mal-i-zi-7\/'><img width=\"150\" height=\"150\" src=\"https:\/\/www.visit-ulcinj.com\/blog\/wp-content\/uploads\/2014\/04\/Protest-Washington-Shqiptaret-Mal-i-Zi-7-150x150.png\" class=\"attachment-thumbnail size-thumbnail\" alt=\"\" loading=\"lazy\" \/><\/a>\n\t\t\t<\/dt><\/dl><br style=\"clear: both\" \/>\n\t\t<\/div>\n<\/p>\n<\/div>\n<\/div>\n<\/div>\n","protected":false},"excerpt":{"rendered":"<p>Nj\u00eb num\u00ebr shoqatash shqiptare n\u00eb Shtetet e Bashkuara u mblodh\u00ebn sot p\u00ebrpara Sht\u00ebpis\u00eb s\u00eb Bardh\u00eb p\u00ebr t\u00eb k\u00ebrkuar m\u00eb shum\u00eb t\u00eb drejta p\u00ebr shqiptar\u00ebt n\u00eb Mal t\u00eb Zi. Demonstrata u organizua me rastin e vizit\u00ebs n\u00eb Uashington t\u00eb Kryeministrit malazez Milo Gjukanovi\u00e7, p\u00ebrpara takimit t\u00eb tij n\u00eb Sht\u00ebpin\u00eb e Bardh\u00eb me N\u00ebnpresidentin Joe Biden. Shqiptaro-amerikan\u00ebt, [&hellip;]<\/p>\n","protected":false},"author":1,"featured_media":0,"comment_status":"closed","ping_status":"closed","sticky":false,"template":"","format":"standard","meta":{"spay_email":"","jetpack_publicize_message":"","jetpack_is_tweetstorm":false,"jetpack_publicize_feature_enabled":true},"categories":[1,12],"tags":[],"jetpack_publicize_connections":[],"yoast_head":"<!-- This site is optimized with the Yoast SEO plugin v19.1 - https:\/\/yoast.com\/wordpress\/plugins\/seo\/ -->\n<title>Protest\u00eb p\u00ebr t\u00eb drejtat e shqiptar\u00ebve n\u00eb Mal t\u00eb Zi n\u00eb Uashington - Lajme nga Ulqini<\/title>\n<meta name=\"description\" content=\"Nj\u00eb num\u00ebr shoqatash shqiptare n\u00eb Shtetet e Bashkuara u mblodh\u00ebn sot p\u00ebrpara Sht\u00ebpis\u00eb s\u00eb Bardh\u00eb p\u00ebr t\u00eb k\u00ebrkuar m\u00eb shum\u00eb t\u00eb drejta p\u00ebr shqiptar\u00ebt n\u00eb Mal t\u00eb\" \/>\n<meta name=\"robots\" content=\"index, follow, max-snippet:-1, max-image-preview:large, max-video-preview:-1\" \/>\n<link rel=\"canonical\" href=\"https:\/\/www.visit-ulcinj.com\/blog\/2014\/04\/09\/proteste-per-te-drejtat-e-shqiptareve-ne-mal-te-zi-ne-uashington\/\" \/>\n<meta property=\"og:locale\" content=\"en_US\" \/>\n<meta property=\"og:type\" content=\"article\" \/>\n<meta property=\"og:title\" content=\"Protest\u00eb p\u00ebr t\u00eb drejtat e shqiptar\u00ebve n\u00eb Mal t\u00eb Zi n\u00eb Uashington - Lajme nga Ulqini\" \/>\n<meta property=\"og:description\" content=\"Nj\u00eb num\u00ebr shoqatash shqiptare n\u00eb Shtetet e Bashkuara u mblodh\u00ebn sot p\u00ebrpara Sht\u00ebpis\u00eb s\u00eb Bardh\u00eb p\u00ebr t\u00eb k\u00ebrkuar m\u00eb shum\u00eb t\u00eb drejta p\u00ebr shqiptar\u00ebt n\u00eb Mal t\u00eb\" \/>\n<meta property=\"og:url\" content=\"https:\/\/www.visit-ulcinj.com\/blog\/2014\/04\/09\/proteste-per-te-drejtat-e-shqiptareve-ne-mal-te-zi-ne-uashington\/\" \/>\n<meta property=\"og:site_name\" content=\"Lajme nga Ulqini\" \/>\n<meta property=\"article:published_time\" content=\"2014-04-09T13:20:40+00:00\" \/>\n<meta property=\"article:modified_time\" content=\"2014-04-11T05:34:49+00:00\" \/>\n<meta property=\"og:image\" content=\"https:\/\/www.visit-ulcinj.com\/blog\/wp-content\/uploads\/2014\/04\/Protest-Washington-Shqiptaret-Mal-i-Zi-1-150x150.jpg\" \/>\n<meta name=\"twitter:label1\" content=\"Written by\" \/>\n\t<meta name=\"twitter:data1\" content=\"ulqini\" \/>\n\t<meta name=\"twitter:label2\" content=\"Est. reading time\" \/>\n\t<meta name=\"twitter:data2\" content=\"12 minutes\" \/>\n<script type=\"application\/ld+json\" class=\"yoast-schema-graph\">{\"@context\":\"https:\/\/schema.org\",\"@graph\":[{\"@type\":\"WebSite\",\"@id\":\"https:\/\/www.visit-ulcinj.com\/blog\/#website\",\"url\":\"https:\/\/www.visit-ulcinj.com\/blog\/\",\"name\":\"Lajme nga Ulqini\",\"description\":\"Lajme,Vijesti,Ulqini,Ulqin,Crna Gora,Mali i Zi\",\"potentialAction\":[{\"@type\":\"SearchAction\",\"target\":{\"@type\":\"EntryPoint\",\"urlTemplate\":\"https:\/\/www.visit-ulcinj.com\/blog\/?s={search_term_string}\"},\"query-input\":\"required name=search_term_string\"}],\"inLanguage\":\"en-US\"},{\"@type\":\"ImageObject\",\"inLanguage\":\"en-US\",\"@id\":\"https:\/\/www.visit-ulcinj.com\/blog\/2014\/04\/09\/proteste-per-te-drejtat-e-shqiptareve-ne-mal-te-zi-ne-uashington\/#primaryimage\",\"url\":\"https:\/\/www.visit-ulcinj.com\/blog\/wp-content\/uploads\/2014\/04\/Protest-Washington-Shqiptaret-Mal-i-Zi.jpg\",\"contentUrl\":\"https:\/\/www.visit-ulcinj.com\/blog\/wp-content\/uploads\/2014\/04\/Protest-Washington-Shqiptaret-Mal-i-Zi.jpg\",\"width\":960,\"height\":640},{\"@type\":\"WebPage\",\"@id\":\"https:\/\/www.visit-ulcinj.com\/blog\/2014\/04\/09\/proteste-per-te-drejtat-e-shqiptareve-ne-mal-te-zi-ne-uashington\/#webpage\",\"url\":\"https:\/\/www.visit-ulcinj.com\/blog\/2014\/04\/09\/proteste-per-te-drejtat-e-shqiptareve-ne-mal-te-zi-ne-uashington\/\",\"name\":\"Protest\u00eb p\u00ebr t\u00eb drejtat e shqiptar\u00ebve n\u00eb Mal t\u00eb Zi n\u00eb Uashington - Lajme nga Ulqini\",\"isPartOf\":{\"@id\":\"https:\/\/www.visit-ulcinj.com\/blog\/#website\"},\"primaryImageOfPage\":{\"@id\":\"https:\/\/www.visit-ulcinj.com\/blog\/2014\/04\/09\/proteste-per-te-drejtat-e-shqiptareve-ne-mal-te-zi-ne-uashington\/#primaryimage\"},\"datePublished\":\"2014-04-09T13:20:40+00:00\",\"dateModified\":\"2014-04-11T05:34:49+00:00\",\"author\":{\"@id\":\"https:\/\/www.visit-ulcinj.com\/blog\/#\/schema\/person\/dcab619c614d3038751c63bc2aadc06d\"},\"description\":\"Nj\u00eb num\u00ebr shoqatash shqiptare n\u00eb Shtetet e Bashkuara u mblodh\u00ebn sot p\u00ebrpara Sht\u00ebpis\u00eb s\u00eb Bardh\u00eb p\u00ebr t\u00eb k\u00ebrkuar m\u00eb shum\u00eb t\u00eb drejta p\u00ebr shqiptar\u00ebt n\u00eb Mal t\u00eb\",\"breadcrumb\":{\"@id\":\"https:\/\/www.visit-ulcinj.com\/blog\/2014\/04\/09\/proteste-per-te-drejtat-e-shqiptareve-ne-mal-te-zi-ne-uashington\/#breadcrumb\"},\"inLanguage\":\"en-US\",\"potentialAction\":[{\"@type\":\"ReadAction\",\"target\":[\"https:\/\/www.visit-ulcinj.com\/blog\/2014\/04\/09\/proteste-per-te-drejtat-e-shqiptareve-ne-mal-te-zi-ne-uashington\/\"]}]},{\"@type\":\"BreadcrumbList\",\"@id\":\"https:\/\/www.visit-ulcinj.com\/blog\/2014\/04\/09\/proteste-per-te-drejtat-e-shqiptareve-ne-mal-te-zi-ne-uashington\/#breadcrumb\",\"itemListElement\":[{\"@type\":\"ListItem\",\"position\":1,\"name\":\"Protest\u00eb p\u00ebr t\u00eb drejtat e shqiptar\u00ebve n\u00eb Mal t\u00eb Zi n\u00eb Uashington\"}]},{\"@type\":\"Person\",\"@id\":\"https:\/\/www.visit-ulcinj.com\/blog\/#\/schema\/person\/dcab619c614d3038751c63bc2aadc06d\",\"name\":\"ulqini\",\"sameAs\":[\"http:\/\/www.visit-ulcinj.com\"],\"url\":\"https:\/\/www.visit-ulcinj.com\/blog\/author\/admin\/\"}]}<\/script>\n<!-- \/ Yoast SEO plugin. -->","yoast_head_json":{"title":"Protest\u00eb p\u00ebr t\u00eb drejtat e shqiptar\u00ebve n\u00eb Mal t\u00eb Zi n\u00eb Uashington - Lajme nga Ulqini","description":"Nj\u00eb num\u00ebr shoqatash shqiptare n\u00eb Shtetet e Bashkuara u mblodh\u00ebn sot p\u00ebrpara Sht\u00ebpis\u00eb s\u00eb Bardh\u00eb p\u00ebr t\u00eb k\u00ebrkuar m\u00eb shum\u00eb t\u00eb drejta p\u00ebr shqiptar\u00ebt n\u00eb Mal t\u00eb","robots":{"index":"index","follow":"follow","max-snippet":"max-snippet:-1","max-image-preview":"max-image-preview:large","max-video-preview":"max-video-preview:-1"},"canonical":"https:\/\/www.visit-ulcinj.com\/blog\/2014\/04\/09\/proteste-per-te-drejtat-e-shqiptareve-ne-mal-te-zi-ne-uashington\/","og_locale":"en_US","og_type":"article","og_title":"Protest\u00eb p\u00ebr t\u00eb drejtat e shqiptar\u00ebve n\u00eb Mal t\u00eb Zi n\u00eb Uashington - Lajme nga Ulqini","og_description":"Nj\u00eb num\u00ebr shoqatash shqiptare n\u00eb Shtetet e Bashkuara u mblodh\u00ebn sot p\u00ebrpara Sht\u00ebpis\u00eb s\u00eb Bardh\u00eb p\u00ebr t\u00eb k\u00ebrkuar m\u00eb shum\u00eb t\u00eb drejta p\u00ebr shqiptar\u00ebt n\u00eb Mal t\u00eb","og_url":"https:\/\/www.visit-ulcinj.com\/blog\/2014\/04\/09\/proteste-per-te-drejtat-e-shqiptareve-ne-mal-te-zi-ne-uashington\/","og_site_name":"Lajme nga Ulqini","article_published_time":"2014-04-09T13:20:40+00:00","article_modified_time":"2014-04-11T05:34:49+00:00","og_image":[{"url":"https:\/\/www.visit-ulcinj.com\/blog\/wp-content\/uploads\/2014\/04\/Protest-Washington-Shqiptaret-Mal-i-Zi-1-150x150.jpg"}],"twitter_misc":{"Written by":"ulqini","Est. reading time":"12 minutes"},"schema":{"@context":"https:\/\/schema.org","@graph":[{"@type":"WebSite","@id":"https:\/\/www.visit-ulcinj.com\/blog\/#website","url":"https:\/\/www.visit-ulcinj.com\/blog\/","name":"Lajme nga Ulqini","description":"Lajme,Vijesti,Ulqini,Ulqin,Crna Gora,Mali i Zi","potentialAction":[{"@type":"SearchAction","target":{"@type":"EntryPoint","urlTemplate":"https:\/\/www.visit-ulcinj.com\/blog\/?s={search_term_string}"},"query-input":"required name=search_term_string"}],"inLanguage":"en-US"},{"@type":"ImageObject","inLanguage":"en-US","@id":"https:\/\/www.visit-ulcinj.com\/blog\/2014\/04\/09\/proteste-per-te-drejtat-e-shqiptareve-ne-mal-te-zi-ne-uashington\/#primaryimage","url":"https:\/\/www.visit-ulcinj.com\/blog\/wp-content\/uploads\/2014\/04\/Protest-Washington-Shqiptaret-Mal-i-Zi.jpg","contentUrl":"https:\/\/www.visit-ulcinj.com\/blog\/wp-content\/uploads\/2014\/04\/Protest-Washington-Shqiptaret-Mal-i-Zi.jpg","width":960,"height":640},{"@type":"WebPage","@id":"https:\/\/www.visit-ulcinj.com\/blog\/2014\/04\/09\/proteste-per-te-drejtat-e-shqiptareve-ne-mal-te-zi-ne-uashington\/#webpage","url":"https:\/\/www.visit-ulcinj.com\/blog\/2014\/04\/09\/proteste-per-te-drejtat-e-shqiptareve-ne-mal-te-zi-ne-uashington\/","name":"Protest\u00eb p\u00ebr t\u00eb drejtat e shqiptar\u00ebve n\u00eb Mal t\u00eb Zi n\u00eb Uashington - Lajme nga Ulqini","isPartOf":{"@id":"https:\/\/www.visit-ulcinj.com\/blog\/#website"},"primaryImageOfPage":{"@id":"https:\/\/www.visit-ulcinj.com\/blog\/2014\/04\/09\/proteste-per-te-drejtat-e-shqiptareve-ne-mal-te-zi-ne-uashington\/#primaryimage"},"datePublished":"2014-04-09T13:20:40+00:00","dateModified":"2014-04-11T05:34:49+00:00","author":{"@id":"https:\/\/www.visit-ulcinj.com\/blog\/#\/schema\/person\/dcab619c614d3038751c63bc2aadc06d"},"description":"Nj\u00eb num\u00ebr shoqatash shqiptare n\u00eb Shtetet e Bashkuara u mblodh\u00ebn sot p\u00ebrpara Sht\u00ebpis\u00eb s\u00eb Bardh\u00eb p\u00ebr t\u00eb k\u00ebrkuar m\u00eb shum\u00eb t\u00eb drejta p\u00ebr shqiptar\u00ebt n\u00eb Mal t\u00eb","breadcrumb":{"@id":"https:\/\/www.visit-ulcinj.com\/blog\/2014\/04\/09\/proteste-per-te-drejtat-e-shqiptareve-ne-mal-te-zi-ne-uashington\/#breadcrumb"},"inLanguage":"en-US","potentialAction":[{"@type":"ReadAction","target":["https:\/\/www.visit-ulcinj.com\/blog\/2014\/04\/09\/proteste-per-te-drejtat-e-shqiptareve-ne-mal-te-zi-ne-uashington\/"]}]},{"@type":"BreadcrumbList","@id":"https:\/\/www.visit-ulcinj.com\/blog\/2014\/04\/09\/proteste-per-te-drejtat-e-shqiptareve-ne-mal-te-zi-ne-uashington\/#breadcrumb","itemListElement":[{"@type":"ListItem","position":1,"name":"Protest\u00eb p\u00ebr t\u00eb drejtat e shqiptar\u00ebve n\u00eb Mal t\u00eb Zi n\u00eb Uashington"}]},{"@type":"Person","@id":"https:\/\/www.visit-ulcinj.com\/blog\/#\/schema\/person\/dcab619c614d3038751c63bc2aadc06d","name":"ulqini","sameAs":["http:\/\/www.visit-ulcinj.com"],"url":"https:\/\/www.visit-ulcinj.com\/blog\/author\/admin\/"}]}},"jetpack_featured_media_url":"","jetpack_sharing_enabled":true,"jetpack_shortlink":"https:\/\/wp.me\/pe6lTn-l9v","_links":{"self":[{"href":"https:\/\/www.visit-ulcinj.com\/blog\/wp-json\/wp\/v2\/posts\/81313"}],"collection":[{"href":"https:\/\/www.visit-ulcinj.com\/blog\/wp-json\/wp\/v2\/posts"}],"about":[{"href":"https:\/\/www.visit-ulcinj.com\/blog\/wp-json\/wp\/v2\/types\/post"}],"author":[{"embeddable":true,"href":"https:\/\/www.visit-ulcinj.com\/blog\/wp-json\/wp\/v2\/users\/1"}],"replies":[{"embeddable":true,"href":"https:\/\/www.visit-ulcinj.com\/blog\/wp-json\/wp\/v2\/comments?post=81313"}],"version-history":[{"count":4,"href":"https:\/\/www.visit-ulcinj.com\/blog\/wp-json\/wp\/v2\/posts\/81313\/revisions"}],"predecessor-version":[{"id":81351,"href":"https:\/\/www.visit-ulcinj.com\/blog\/wp-json\/wp\/v2\/posts\/81313\/revisions\/81351"}],"wp:attachment":[{"href":"https:\/\/www.visit-ulcinj.com\/blog\/wp-json\/wp\/v2\/media?parent=81313"}],"wp:term":[{"taxonomy":"category","embeddable":true,"href":"https:\/\/www.visit-ulcinj.com\/blog\/wp-json\/wp\/v2\/categories?post=81313"},{"taxonomy":"post_tag","embeddable":true,"href":"https:\/\/www.visit-ulcinj.com\/blog\/wp-json\/wp\/v2\/tags?post=81313"}],"curies":[{"name":"wp","href":"https:\/\/api.w.org\/{rel}","templated":true}]}}