{"id":81327,"date":"2014-04-09T17:09:02","date_gmt":"2014-04-09T16:09:02","guid":{"rendered":"http:\/\/www.visit-ulcinj.com\/blog\/?p=81327"},"modified":"2014-04-09T17:09:02","modified_gmt":"2014-04-09T16:09:02","slug":"tretiranje-palmi-na-teritoriji-opstine-ulcinj","status":"publish","type":"post","link":"https:\/\/www.visit-ulcinj.com\/blog\/2014\/04\/09\/tretiranje-palmi-na-teritoriji-opstine-ulcinj\/","title":{"rendered":"Tretiranje palmi na teritoriji Op\u0161tine Ulcinj"},"content":{"rendered":"<p style=\"text-align: center;\"><strong>Saop\u0161tenje za Javnost<\/strong><\/p>\n<p style=\"text-align: center;\">\n<p><a href=\"http:\/\/www.visit-ulcinj.com\/blog\/wp-content\/uploads\/2014\/04\/palma-ulcinj.jpg\"><img loading=\"lazy\" class=\"alignleft  wp-image-81328\" alt=\"palma-ulcinj\" src=\"http:\/\/www.visit-ulcinj.com\/blog\/wp-content\/uploads\/2014\/04\/palma-ulcinj.jpg\" width=\"508\" height=\"337\" \/><\/a>Obavje\u0161tavamo javnost da \u0107e se u periodu od 14.04. &#8211; 20.04. 2014.godine, vr\u0161iti preventivno tretiranje palmi na teritoriji Op\u0161tine Ulcinj. Tretiranje \u0107e se vr\u0161iti na obilje\u017eenom podru\u010dju \u2013 u \u017eari\u0161tu, na potezu od zgrade Javnih komunalnih djelatnosti do crkve u \u0160toju u polupre\u010dniku od 1 km. Vr\u0161i\u0107e se tretiranje 150 palmi vrste Phoenix canariensis.<br \/>\nPreventivno tretiranje palmi je hitna fitosanitarna mjera, koja se sprovodi u borbi protiv crvenog surla\u0161a palmi, i u cilju sprovo\u0111enja Akcionog plana za eradikaciju i suzbijanje crvenog surla\u0161a palmi &#8211; Rhynchophorus ferrugineus ( novembar 2012 &#8211; novembar 2015 ), (Sl. List CG, broj 60\/12 i br.61\/13).<\/p>\n<p>Tretiranje \u0107e se vr\u0161iti zalivanjem palmi insekticidima (aktivne materije: dimetoat, hlorpirifos i sredstvima iz grupe neonikotinoidi). Upozoravamo gra\u0111ane Ulcinja da za vrijeme tretiranja ne dodiruju palme i da se \u0161to kra\u0107e zadr\u017eavaju u njihovoj blizini.<\/p>\n<p>Podsje\u0107amo sve dr\u017eaoce bilja \u2013 palmi, da su obavezni da omogu\u0107e nasmetano tretiranje koje se sprovodi u cilju sprije\u010davanja \u0161irenja crvenog surla\u0161a.<\/p>\n<p>Op\u0161tina Ulcinj<\/p>\n<p>&nbsp;<\/p>\n","protected":false},"excerpt":{"rendered":"<p>Saop\u0161tenje za Javnost Obavje\u0161tavamo javnost da \u0107e se u periodu od 14.04. &#8211; 20.04. 2014.godine, vr\u0161iti preventivno tretiranje palmi na teritoriji Op\u0161tine Ulcinj. Tretiranje \u0107e se vr\u0161iti na obilje\u017eenom podru\u010dju \u2013 u \u017eari\u0161tu, na potezu od zgrade Javnih komunalnih djelatnosti do crkve u \u0160toju u polupre\u010dniku od 1 km. Vr\u0161i\u0107e se tretiranje 150 palmi vrste [&hellip;]<\/p>\n","protected":false},"author":1,"featured_media":0,"comment_status":"closed","ping_status":"closed","sticky":false,"template":"","format":"standard","meta":{"spay_email":"","jetpack_publicize_message":"","jetpack_is_tweetstorm":false,"jetpack_publicize_feature_enabled":true},"categories":[8337],"tags":[],"jetpack_publicize_connections":[],"yoast_head":"<!-- This site is optimized with the Yoast SEO plugin v19.1 - https:\/\/yoast.com\/wordpress\/plugins\/seo\/ -->\n<title>Tretiranje palmi na teritoriji Op\u0161tine Ulcinj - Lajme nga Ulqini<\/title>\n<meta name=\"description\" content=\"Saop\u0161tenje za Javnost Obavje\u0161tavamo javnost da \u0107e se u periodu od 14.04. - 20.04. 2014.godine, vr\u0161iti preventivno tretiranje palmi na teritoriji Op\u0161tine\" \/>\n<meta name=\"robots\" content=\"index, follow, max-snippet:-1, max-image-preview:large, max-video-preview:-1\" \/>\n<link rel=\"canonical\" href=\"https:\/\/www.visit-ulcinj.com\/blog\/2014\/04\/09\/tretiranje-palmi-na-teritoriji-opstine-ulcinj\/\" \/>\n<meta property=\"og:locale\" content=\"en_US\" \/>\n<meta property=\"og:type\" content=\"article\" \/>\n<meta property=\"og:title\" content=\"Tretiranje palmi na teritoriji Op\u0161tine Ulcinj - Lajme nga Ulqini\" \/>\n<meta property=\"og:description\" content=\"Saop\u0161tenje za Javnost Obavje\u0161tavamo javnost da \u0107e se u periodu od 14.04. - 20.04. 2014.godine, vr\u0161iti preventivno tretiranje palmi na teritoriji Op\u0161tine\" \/>\n<meta property=\"og:url\" content=\"https:\/\/www.visit-ulcinj.com\/blog\/2014\/04\/09\/tretiranje-palmi-na-teritoriji-opstine-ulcinj\/\" \/>\n<meta property=\"og:site_name\" content=\"Lajme nga Ulqini\" \/>\n<meta property=\"article:published_time\" content=\"2014-04-09T16:09:02+00:00\" \/>\n<meta property=\"og:image\" content=\"http:\/\/www.visit-ulcinj.com\/blog\/wp-content\/uploads\/2014\/04\/palma-ulcinj.jpg\" \/>\n<meta name=\"twitter:label1\" content=\"Written by\" \/>\n\t<meta name=\"twitter:data1\" content=\"ulqini\" \/>\n\t<meta name=\"twitter:label2\" content=\"Est. reading time\" \/>\n\t<meta name=\"twitter:data2\" content=\"1 minute\" \/>\n<script type=\"application\/ld+json\" class=\"yoast-schema-graph\">{\"@context\":\"https:\/\/schema.org\",\"@graph\":[{\"@type\":\"WebSite\",\"@id\":\"https:\/\/www.visit-ulcinj.com\/blog\/#website\",\"url\":\"https:\/\/www.visit-ulcinj.com\/blog\/\",\"name\":\"Lajme nga Ulqini\",\"description\":\"Lajme,Vijesti,Ulqini,Ulqin,Crna Gora,Mali i Zi\",\"potentialAction\":[{\"@type\":\"SearchAction\",\"target\":{\"@type\":\"EntryPoint\",\"urlTemplate\":\"https:\/\/www.visit-ulcinj.com\/blog\/?s={search_term_string}\"},\"query-input\":\"required name=search_term_string\"}],\"inLanguage\":\"en-US\"},{\"@type\":\"ImageObject\",\"inLanguage\":\"en-US\",\"@id\":\"https:\/\/www.visit-ulcinj.com\/blog\/2014\/04\/09\/tretiranje-palmi-na-teritoriji-opstine-ulcinj\/#primaryimage\",\"url\":\"https:\/\/www.visit-ulcinj.com\/blog\/wp-content\/uploads\/2014\/04\/palma-ulcinj.jpg\",\"contentUrl\":\"https:\/\/www.visit-ulcinj.com\/blog\/wp-content\/uploads\/2014\/04\/palma-ulcinj.jpg\",\"width\":497,\"height\":337},{\"@type\":\"WebPage\",\"@id\":\"https:\/\/www.visit-ulcinj.com\/blog\/2014\/04\/09\/tretiranje-palmi-na-teritoriji-opstine-ulcinj\/#webpage\",\"url\":\"https:\/\/www.visit-ulcinj.com\/blog\/2014\/04\/09\/tretiranje-palmi-na-teritoriji-opstine-ulcinj\/\",\"name\":\"Tretiranje palmi na teritoriji Op\u0161tine Ulcinj - Lajme nga Ulqini\",\"isPartOf\":{\"@id\":\"https:\/\/www.visit-ulcinj.com\/blog\/#website\"},\"primaryImageOfPage\":{\"@id\":\"https:\/\/www.visit-ulcinj.com\/blog\/2014\/04\/09\/tretiranje-palmi-na-teritoriji-opstine-ulcinj\/#primaryimage\"},\"datePublished\":\"2014-04-09T16:09:02+00:00\",\"dateModified\":\"2014-04-09T16:09:02+00:00\",\"author\":{\"@id\":\"https:\/\/www.visit-ulcinj.com\/blog\/#\/schema\/person\/dcab619c614d3038751c63bc2aadc06d\"},\"description\":\"Saop\u0161tenje za Javnost Obavje\u0161tavamo javnost da \u0107e se u periodu od 14.04. - 20.04. 2014.godine, vr\u0161iti preventivno tretiranje palmi na teritoriji Op\u0161tine\",\"breadcrumb\":{\"@id\":\"https:\/\/www.visit-ulcinj.com\/blog\/2014\/04\/09\/tretiranje-palmi-na-teritoriji-opstine-ulcinj\/#breadcrumb\"},\"inLanguage\":\"en-US\",\"potentialAction\":[{\"@type\":\"ReadAction\",\"target\":[\"https:\/\/www.visit-ulcinj.com\/blog\/2014\/04\/09\/tretiranje-palmi-na-teritoriji-opstine-ulcinj\/\"]}]},{\"@type\":\"BreadcrumbList\",\"@id\":\"https:\/\/www.visit-ulcinj.com\/blog\/2014\/04\/09\/tretiranje-palmi-na-teritoriji-opstine-ulcinj\/#breadcrumb\",\"itemListElement\":[{\"@type\":\"ListItem\",\"position\":1,\"name\":\"Tretiranje palmi na teritoriji Op\u0161tine Ulcinj\"}]},{\"@type\":\"Person\",\"@id\":\"https:\/\/www.visit-ulcinj.com\/blog\/#\/schema\/person\/dcab619c614d3038751c63bc2aadc06d\",\"name\":\"ulqini\",\"sameAs\":[\"http:\/\/www.visit-ulcinj.com\"],\"url\":\"https:\/\/www.visit-ulcinj.com\/blog\/author\/admin\/\"}]}<\/script>\n<!-- \/ Yoast SEO plugin. -->","yoast_head_json":{"title":"Tretiranje palmi na teritoriji Op\u0161tine Ulcinj - Lajme nga Ulqini","description":"Saop\u0161tenje za Javnost Obavje\u0161tavamo javnost da \u0107e se u periodu od 14.04. - 20.04. 2014.godine, vr\u0161iti preventivno tretiranje palmi na teritoriji Op\u0161tine","robots":{"index":"index","follow":"follow","max-snippet":"max-snippet:-1","max-image-preview":"max-image-preview:large","max-video-preview":"max-video-preview:-1"},"canonical":"https:\/\/www.visit-ulcinj.com\/blog\/2014\/04\/09\/tretiranje-palmi-na-teritoriji-opstine-ulcinj\/","og_locale":"en_US","og_type":"article","og_title":"Tretiranje palmi na teritoriji Op\u0161tine Ulcinj - Lajme nga Ulqini","og_description":"Saop\u0161tenje za Javnost Obavje\u0161tavamo javnost da \u0107e se u periodu od 14.04. - 20.04. 2014.godine, vr\u0161iti preventivno tretiranje palmi na teritoriji Op\u0161tine","og_url":"https:\/\/www.visit-ulcinj.com\/blog\/2014\/04\/09\/tretiranje-palmi-na-teritoriji-opstine-ulcinj\/","og_site_name":"Lajme nga Ulqini","article_published_time":"2014-04-09T16:09:02+00:00","og_image":[{"url":"http:\/\/www.visit-ulcinj.com\/blog\/wp-content\/uploads\/2014\/04\/palma-ulcinj.jpg"}],"twitter_misc":{"Written by":"ulqini","Est. reading time":"1 minute"},"schema":{"@context":"https:\/\/schema.org","@graph":[{"@type":"WebSite","@id":"https:\/\/www.visit-ulcinj.com\/blog\/#website","url":"https:\/\/www.visit-ulcinj.com\/blog\/","name":"Lajme nga Ulqini","description":"Lajme,Vijesti,Ulqini,Ulqin,Crna Gora,Mali i Zi","potentialAction":[{"@type":"SearchAction","target":{"@type":"EntryPoint","urlTemplate":"https:\/\/www.visit-ulcinj.com\/blog\/?s={search_term_string}"},"query-input":"required name=search_term_string"}],"inLanguage":"en-US"},{"@type":"ImageObject","inLanguage":"en-US","@id":"https:\/\/www.visit-ulcinj.com\/blog\/2014\/04\/09\/tretiranje-palmi-na-teritoriji-opstine-ulcinj\/#primaryimage","url":"https:\/\/www.visit-ulcinj.com\/blog\/wp-content\/uploads\/2014\/04\/palma-ulcinj.jpg","contentUrl":"https:\/\/www.visit-ulcinj.com\/blog\/wp-content\/uploads\/2014\/04\/palma-ulcinj.jpg","width":497,"height":337},{"@type":"WebPage","@id":"https:\/\/www.visit-ulcinj.com\/blog\/2014\/04\/09\/tretiranje-palmi-na-teritoriji-opstine-ulcinj\/#webpage","url":"https:\/\/www.visit-ulcinj.com\/blog\/2014\/04\/09\/tretiranje-palmi-na-teritoriji-opstine-ulcinj\/","name":"Tretiranje palmi na teritoriji Op\u0161tine Ulcinj - Lajme nga Ulqini","isPartOf":{"@id":"https:\/\/www.visit-ulcinj.com\/blog\/#website"},"primaryImageOfPage":{"@id":"https:\/\/www.visit-ulcinj.com\/blog\/2014\/04\/09\/tretiranje-palmi-na-teritoriji-opstine-ulcinj\/#primaryimage"},"datePublished":"2014-04-09T16:09:02+00:00","dateModified":"2014-04-09T16:09:02+00:00","author":{"@id":"https:\/\/www.visit-ulcinj.com\/blog\/#\/schema\/person\/dcab619c614d3038751c63bc2aadc06d"},"description":"Saop\u0161tenje za Javnost Obavje\u0161tavamo javnost da \u0107e se u periodu od 14.04. - 20.04. 2014.godine, vr\u0161iti preventivno tretiranje palmi na teritoriji Op\u0161tine","breadcrumb":{"@id":"https:\/\/www.visit-ulcinj.com\/blog\/2014\/04\/09\/tretiranje-palmi-na-teritoriji-opstine-ulcinj\/#breadcrumb"},"inLanguage":"en-US","potentialAction":[{"@type":"ReadAction","target":["https:\/\/www.visit-ulcinj.com\/blog\/2014\/04\/09\/tretiranje-palmi-na-teritoriji-opstine-ulcinj\/"]}]},{"@type":"BreadcrumbList","@id":"https:\/\/www.visit-ulcinj.com\/blog\/2014\/04\/09\/tretiranje-palmi-na-teritoriji-opstine-ulcinj\/#breadcrumb","itemListElement":[{"@type":"ListItem","position":1,"name":"Tretiranje palmi na teritoriji Op\u0161tine Ulcinj"}]},{"@type":"Person","@id":"https:\/\/www.visit-ulcinj.com\/blog\/#\/schema\/person\/dcab619c614d3038751c63bc2aadc06d","name":"ulqini","sameAs":["http:\/\/www.visit-ulcinj.com"],"url":"https:\/\/www.visit-ulcinj.com\/blog\/author\/admin\/"}]}},"jetpack_featured_media_url":"","jetpack_sharing_enabled":true,"jetpack_shortlink":"https:\/\/wp.me\/pe6lTn-l9J","_links":{"self":[{"href":"https:\/\/www.visit-ulcinj.com\/blog\/wp-json\/wp\/v2\/posts\/81327"}],"collection":[{"href":"https:\/\/www.visit-ulcinj.com\/blog\/wp-json\/wp\/v2\/posts"}],"about":[{"href":"https:\/\/www.visit-ulcinj.com\/blog\/wp-json\/wp\/v2\/types\/post"}],"author":[{"embeddable":true,"href":"https:\/\/www.visit-ulcinj.com\/blog\/wp-json\/wp\/v2\/users\/1"}],"replies":[{"embeddable":true,"href":"https:\/\/www.visit-ulcinj.com\/blog\/wp-json\/wp\/v2\/comments?post=81327"}],"version-history":[{"count":1,"href":"https:\/\/www.visit-ulcinj.com\/blog\/wp-json\/wp\/v2\/posts\/81327\/revisions"}],"predecessor-version":[{"id":81329,"href":"https:\/\/www.visit-ulcinj.com\/blog\/wp-json\/wp\/v2\/posts\/81327\/revisions\/81329"}],"wp:attachment":[{"href":"https:\/\/www.visit-ulcinj.com\/blog\/wp-json\/wp\/v2\/media?parent=81327"}],"wp:term":[{"taxonomy":"category","embeddable":true,"href":"https:\/\/www.visit-ulcinj.com\/blog\/wp-json\/wp\/v2\/categories?post=81327"},{"taxonomy":"post_tag","embeddable":true,"href":"https:\/\/www.visit-ulcinj.com\/blog\/wp-json\/wp\/v2\/tags?post=81327"}],"curies":[{"name":"wp","href":"https:\/\/api.w.org\/{rel}","templated":true}]}}