{"id":81334,"date":"2014-04-09T17:52:26","date_gmt":"2014-04-09T16:52:26","guid":{"rendered":"http:\/\/www.visit-ulcinj.com\/blog\/?p=81334"},"modified":"2014-04-11T06:35:44","modified_gmt":"2014-04-11T05:35:44","slug":"konjeviq-hetohet-afarizmi-te-mirave-detare","status":"publish","type":"post","link":"https:\/\/www.visit-ulcinj.com\/blog\/2014\/04\/09\/konjeviq-hetohet-afarizmi-te-mirave-detare\/","title":{"rendered":"Konjeviq: Hetohet afarizmi i t\u00eb Mirave detare"},"content":{"rendered":"<p><a href=\"http:\/\/www.visit-ulcinj.com\/blog\/wp-content\/uploads\/2014\/04\/Konjevic.jpg\"><img loading=\"lazy\" class=\"alignleft  wp-image-81199\" alt=\"Konjevic\" src=\"http:\/\/www.visit-ulcinj.com\/blog\/wp-content\/uploads\/2014\/04\/Konjevic.jpg\" width=\"508\" height=\"360\" \/><\/a>Ministria p\u00ebr pun\u00eb t\u00eb brendshme n\u00eb fillim t\u00eb k\u00ebtij viti ia ka dor\u00ebzuar prokurorit special p\u00ebr kriminalitetin e organizuar letr\u00ebn q\u00eb t\u00eb hetoj\u00eb shum\u00eb gj\u00ebra lidhur me shkrimin e mediave dhe procedur\u00ebn e tenderit n\u00eb nd\u00ebrmarrjen publike t\u00eb Mirat detare. Ministri p\u00ebr pun\u00eb t\u00eb brendshme, Rashko Konjeviq ka theksuar se gjoja n\u00eb nd\u00ebrmarrjen te Mirat detare ka pasur shantazh ndaj ish bler\u00ebsve dhe qiramarr\u00ebsve\u00a0 aktual t\u00eb plazheve\u00a0 dhe se\u00a0 k\u00ebshtu do t\u00eb vepronin\u00a0 edhe sikur t\u00eb mos ishte fjala p\u00ebr k\u00ebt\u00eb nd\u00ebrmarrje por edhe kund\u00ebr t\u00eb t\u00eb\u00a0 gjith\u00ebve p\u00ebr t\u00eb cil\u00ebt dyshohet se kan\u00eb vepruar ngjash\u00ebm.<\/p>\n<p>RTCG<\/p>\n","protected":false},"excerpt":{"rendered":"<p>Ministria p\u00ebr pun\u00eb t\u00eb brendshme n\u00eb fillim t\u00eb k\u00ebtij viti ia ka dor\u00ebzuar prokurorit special p\u00ebr kriminalitetin e organizuar letr\u00ebn q\u00eb t\u00eb hetoj\u00eb shum\u00eb gj\u00ebra lidhur me shkrimin e mediave dhe procedur\u00ebn e tenderit n\u00eb nd\u00ebrmarrjen publike t\u00eb Mirat detare. Ministri p\u00ebr pun\u00eb t\u00eb brendshme, Rashko Konjeviq ka theksuar se gjoja n\u00eb nd\u00ebrmarrjen te Mirat [&hellip;]<\/p>\n","protected":false},"author":1,"featured_media":0,"comment_status":"closed","ping_status":"closed","sticky":false,"template":"","format":"standard","meta":{"spay_email":"","jetpack_publicize_message":"","jetpack_is_tweetstorm":false,"jetpack_publicize_feature_enabled":true},"categories":[11],"tags":[],"jetpack_publicize_connections":[],"yoast_head":"<!-- This site is optimized with the Yoast SEO plugin v19.1 - https:\/\/yoast.com\/wordpress\/plugins\/seo\/ -->\n<title>Konjeviq: Hetohet afarizmi i t\u00eb Mirave detare - Lajme nga Ulqini<\/title>\n<meta name=\"description\" content=\"Ministria p\u00ebr pun\u00eb t\u00eb brendshme n\u00eb fillim t\u00eb k\u00ebtij viti ia ka dor\u00ebzuar prokurorit special p\u00ebr kriminalitetin e organizuar letr\u00ebn q\u00eb t\u00eb hetoj\u00eb shum\u00eb gj\u00ebra\" \/>\n<meta name=\"robots\" content=\"index, follow, max-snippet:-1, max-image-preview:large, max-video-preview:-1\" \/>\n<link rel=\"canonical\" href=\"https:\/\/www.visit-ulcinj.com\/blog\/2014\/04\/09\/konjeviq-hetohet-afarizmi-te-mirave-detare\/\" \/>\n<meta property=\"og:locale\" content=\"en_US\" \/>\n<meta property=\"og:type\" content=\"article\" \/>\n<meta property=\"og:title\" content=\"Konjeviq: Hetohet afarizmi i t\u00eb Mirave detare - Lajme nga Ulqini\" \/>\n<meta property=\"og:description\" content=\"Ministria p\u00ebr pun\u00eb t\u00eb brendshme n\u00eb fillim t\u00eb k\u00ebtij viti ia ka dor\u00ebzuar prokurorit special p\u00ebr kriminalitetin e organizuar letr\u00ebn q\u00eb t\u00eb hetoj\u00eb shum\u00eb gj\u00ebra\" \/>\n<meta property=\"og:url\" content=\"https:\/\/www.visit-ulcinj.com\/blog\/2014\/04\/09\/konjeviq-hetohet-afarizmi-te-mirave-detare\/\" \/>\n<meta property=\"og:site_name\" content=\"Lajme nga Ulqini\" \/>\n<meta property=\"article:published_time\" content=\"2014-04-09T16:52:26+00:00\" \/>\n<meta property=\"article:modified_time\" content=\"2014-04-11T05:35:44+00:00\" \/>\n<meta property=\"og:image\" content=\"http:\/\/www.visit-ulcinj.com\/blog\/wp-content\/uploads\/2014\/04\/Konjevic.jpg\" \/>\n<meta name=\"twitter:label1\" content=\"Written by\" \/>\n\t<meta name=\"twitter:data1\" content=\"ulqini\" \/>\n\t<meta name=\"twitter:label2\" content=\"Est. reading time\" \/>\n\t<meta name=\"twitter:data2\" content=\"1 minute\" \/>\n<script type=\"application\/ld+json\" class=\"yoast-schema-graph\">{\"@context\":\"https:\/\/schema.org\",\"@graph\":[{\"@type\":\"WebSite\",\"@id\":\"https:\/\/www.visit-ulcinj.com\/blog\/#website\",\"url\":\"https:\/\/www.visit-ulcinj.com\/blog\/\",\"name\":\"Lajme nga Ulqini\",\"description\":\"Lajme,Vijesti,Ulqini,Ulqin,Crna Gora,Mali i Zi\",\"potentialAction\":[{\"@type\":\"SearchAction\",\"target\":{\"@type\":\"EntryPoint\",\"urlTemplate\":\"https:\/\/www.visit-ulcinj.com\/blog\/?s={search_term_string}\"},\"query-input\":\"required name=search_term_string\"}],\"inLanguage\":\"en-US\"},{\"@type\":\"ImageObject\",\"inLanguage\":\"en-US\",\"@id\":\"https:\/\/www.visit-ulcinj.com\/blog\/2014\/04\/09\/konjeviq-hetohet-afarizmi-te-mirave-detare\/#primaryimage\",\"url\":\"https:\/\/www.visit-ulcinj.com\/blog\/wp-content\/uploads\/2014\/04\/Konjevic.jpg\",\"contentUrl\":\"https:\/\/www.visit-ulcinj.com\/blog\/wp-content\/uploads\/2014\/04\/Konjevic.jpg\",\"width\":500,\"height\":375},{\"@type\":\"WebPage\",\"@id\":\"https:\/\/www.visit-ulcinj.com\/blog\/2014\/04\/09\/konjeviq-hetohet-afarizmi-te-mirave-detare\/#webpage\",\"url\":\"https:\/\/www.visit-ulcinj.com\/blog\/2014\/04\/09\/konjeviq-hetohet-afarizmi-te-mirave-detare\/\",\"name\":\"Konjeviq: Hetohet afarizmi i t\u00eb Mirave detare - Lajme nga Ulqini\",\"isPartOf\":{\"@id\":\"https:\/\/www.visit-ulcinj.com\/blog\/#website\"},\"primaryImageOfPage\":{\"@id\":\"https:\/\/www.visit-ulcinj.com\/blog\/2014\/04\/09\/konjeviq-hetohet-afarizmi-te-mirave-detare\/#primaryimage\"},\"datePublished\":\"2014-04-09T16:52:26+00:00\",\"dateModified\":\"2014-04-11T05:35:44+00:00\",\"author\":{\"@id\":\"https:\/\/www.visit-ulcinj.com\/blog\/#\/schema\/person\/dcab619c614d3038751c63bc2aadc06d\"},\"description\":\"Ministria p\u00ebr pun\u00eb t\u00eb brendshme n\u00eb fillim t\u00eb k\u00ebtij viti ia ka dor\u00ebzuar prokurorit special p\u00ebr kriminalitetin e organizuar letr\u00ebn q\u00eb t\u00eb hetoj\u00eb shum\u00eb gj\u00ebra\",\"breadcrumb\":{\"@id\":\"https:\/\/www.visit-ulcinj.com\/blog\/2014\/04\/09\/konjeviq-hetohet-afarizmi-te-mirave-detare\/#breadcrumb\"},\"inLanguage\":\"en-US\",\"potentialAction\":[{\"@type\":\"ReadAction\",\"target\":[\"https:\/\/www.visit-ulcinj.com\/blog\/2014\/04\/09\/konjeviq-hetohet-afarizmi-te-mirave-detare\/\"]}]},{\"@type\":\"BreadcrumbList\",\"@id\":\"https:\/\/www.visit-ulcinj.com\/blog\/2014\/04\/09\/konjeviq-hetohet-afarizmi-te-mirave-detare\/#breadcrumb\",\"itemListElement\":[{\"@type\":\"ListItem\",\"position\":1,\"name\":\"Konjeviq: Hetohet afarizmi i t\u00eb Mirave detare\"}]},{\"@type\":\"Person\",\"@id\":\"https:\/\/www.visit-ulcinj.com\/blog\/#\/schema\/person\/dcab619c614d3038751c63bc2aadc06d\",\"name\":\"ulqini\",\"sameAs\":[\"http:\/\/www.visit-ulcinj.com\"],\"url\":\"https:\/\/www.visit-ulcinj.com\/blog\/author\/admin\/\"}]}<\/script>\n<!-- \/ Yoast SEO plugin. -->","yoast_head_json":{"title":"Konjeviq: Hetohet afarizmi i t\u00eb Mirave detare - Lajme nga Ulqini","description":"Ministria p\u00ebr pun\u00eb t\u00eb brendshme n\u00eb fillim t\u00eb k\u00ebtij viti ia ka dor\u00ebzuar prokurorit special p\u00ebr kriminalitetin e organizuar letr\u00ebn q\u00eb t\u00eb hetoj\u00eb shum\u00eb gj\u00ebra","robots":{"index":"index","follow":"follow","max-snippet":"max-snippet:-1","max-image-preview":"max-image-preview:large","max-video-preview":"max-video-preview:-1"},"canonical":"https:\/\/www.visit-ulcinj.com\/blog\/2014\/04\/09\/konjeviq-hetohet-afarizmi-te-mirave-detare\/","og_locale":"en_US","og_type":"article","og_title":"Konjeviq: Hetohet afarizmi i t\u00eb Mirave detare - Lajme nga Ulqini","og_description":"Ministria p\u00ebr pun\u00eb t\u00eb brendshme n\u00eb fillim t\u00eb k\u00ebtij viti ia ka dor\u00ebzuar prokurorit special p\u00ebr kriminalitetin e organizuar letr\u00ebn q\u00eb t\u00eb hetoj\u00eb shum\u00eb gj\u00ebra","og_url":"https:\/\/www.visit-ulcinj.com\/blog\/2014\/04\/09\/konjeviq-hetohet-afarizmi-te-mirave-detare\/","og_site_name":"Lajme nga Ulqini","article_published_time":"2014-04-09T16:52:26+00:00","article_modified_time":"2014-04-11T05:35:44+00:00","og_image":[{"url":"http:\/\/www.visit-ulcinj.com\/blog\/wp-content\/uploads\/2014\/04\/Konjevic.jpg"}],"twitter_misc":{"Written by":"ulqini","Est. reading time":"1 minute"},"schema":{"@context":"https:\/\/schema.org","@graph":[{"@type":"WebSite","@id":"https:\/\/www.visit-ulcinj.com\/blog\/#website","url":"https:\/\/www.visit-ulcinj.com\/blog\/","name":"Lajme nga Ulqini","description":"Lajme,Vijesti,Ulqini,Ulqin,Crna Gora,Mali i Zi","potentialAction":[{"@type":"SearchAction","target":{"@type":"EntryPoint","urlTemplate":"https:\/\/www.visit-ulcinj.com\/blog\/?s={search_term_string}"},"query-input":"required name=search_term_string"}],"inLanguage":"en-US"},{"@type":"ImageObject","inLanguage":"en-US","@id":"https:\/\/www.visit-ulcinj.com\/blog\/2014\/04\/09\/konjeviq-hetohet-afarizmi-te-mirave-detare\/#primaryimage","url":"https:\/\/www.visit-ulcinj.com\/blog\/wp-content\/uploads\/2014\/04\/Konjevic.jpg","contentUrl":"https:\/\/www.visit-ulcinj.com\/blog\/wp-content\/uploads\/2014\/04\/Konjevic.jpg","width":500,"height":375},{"@type":"WebPage","@id":"https:\/\/www.visit-ulcinj.com\/blog\/2014\/04\/09\/konjeviq-hetohet-afarizmi-te-mirave-detare\/#webpage","url":"https:\/\/www.visit-ulcinj.com\/blog\/2014\/04\/09\/konjeviq-hetohet-afarizmi-te-mirave-detare\/","name":"Konjeviq: Hetohet afarizmi i t\u00eb Mirave detare - Lajme nga Ulqini","isPartOf":{"@id":"https:\/\/www.visit-ulcinj.com\/blog\/#website"},"primaryImageOfPage":{"@id":"https:\/\/www.visit-ulcinj.com\/blog\/2014\/04\/09\/konjeviq-hetohet-afarizmi-te-mirave-detare\/#primaryimage"},"datePublished":"2014-04-09T16:52:26+00:00","dateModified":"2014-04-11T05:35:44+00:00","author":{"@id":"https:\/\/www.visit-ulcinj.com\/blog\/#\/schema\/person\/dcab619c614d3038751c63bc2aadc06d"},"description":"Ministria p\u00ebr pun\u00eb t\u00eb brendshme n\u00eb fillim t\u00eb k\u00ebtij viti ia ka dor\u00ebzuar prokurorit special p\u00ebr kriminalitetin e organizuar letr\u00ebn q\u00eb t\u00eb hetoj\u00eb shum\u00eb gj\u00ebra","breadcrumb":{"@id":"https:\/\/www.visit-ulcinj.com\/blog\/2014\/04\/09\/konjeviq-hetohet-afarizmi-te-mirave-detare\/#breadcrumb"},"inLanguage":"en-US","potentialAction":[{"@type":"ReadAction","target":["https:\/\/www.visit-ulcinj.com\/blog\/2014\/04\/09\/konjeviq-hetohet-afarizmi-te-mirave-detare\/"]}]},{"@type":"BreadcrumbList","@id":"https:\/\/www.visit-ulcinj.com\/blog\/2014\/04\/09\/konjeviq-hetohet-afarizmi-te-mirave-detare\/#breadcrumb","itemListElement":[{"@type":"ListItem","position":1,"name":"Konjeviq: Hetohet afarizmi i t\u00eb Mirave detare"}]},{"@type":"Person","@id":"https:\/\/www.visit-ulcinj.com\/blog\/#\/schema\/person\/dcab619c614d3038751c63bc2aadc06d","name":"ulqini","sameAs":["http:\/\/www.visit-ulcinj.com"],"url":"https:\/\/www.visit-ulcinj.com\/blog\/author\/admin\/"}]}},"jetpack_featured_media_url":"","jetpack_sharing_enabled":true,"jetpack_shortlink":"https:\/\/wp.me\/pe6lTn-l9Q","_links":{"self":[{"href":"https:\/\/www.visit-ulcinj.com\/blog\/wp-json\/wp\/v2\/posts\/81334"}],"collection":[{"href":"https:\/\/www.visit-ulcinj.com\/blog\/wp-json\/wp\/v2\/posts"}],"about":[{"href":"https:\/\/www.visit-ulcinj.com\/blog\/wp-json\/wp\/v2\/types\/post"}],"author":[{"embeddable":true,"href":"https:\/\/www.visit-ulcinj.com\/blog\/wp-json\/wp\/v2\/users\/1"}],"replies":[{"embeddable":true,"href":"https:\/\/www.visit-ulcinj.com\/blog\/wp-json\/wp\/v2\/comments?post=81334"}],"version-history":[{"count":1,"href":"https:\/\/www.visit-ulcinj.com\/blog\/wp-json\/wp\/v2\/posts\/81334\/revisions"}],"predecessor-version":[{"id":81335,"href":"https:\/\/www.visit-ulcinj.com\/blog\/wp-json\/wp\/v2\/posts\/81334\/revisions\/81335"}],"wp:attachment":[{"href":"https:\/\/www.visit-ulcinj.com\/blog\/wp-json\/wp\/v2\/media?parent=81334"}],"wp:term":[{"taxonomy":"category","embeddable":true,"href":"https:\/\/www.visit-ulcinj.com\/blog\/wp-json\/wp\/v2\/categories?post=81334"},{"taxonomy":"post_tag","embeddable":true,"href":"https:\/\/www.visit-ulcinj.com\/blog\/wp-json\/wp\/v2\/tags?post=81334"}],"curies":[{"name":"wp","href":"https:\/\/api.w.org\/{rel}","templated":true}]}}