{"id":81336,"date":"2014-04-09T18:09:27","date_gmt":"2014-04-09T17:09:27","guid":{"rendered":"http:\/\/www.visit-ulcinj.com\/blog\/?p=81336"},"modified":"2014-04-09T18:09:27","modified_gmt":"2014-04-09T17:09:27","slug":"biden-takon-gjukanovicin-mbeshtesim-integrimin-e-malit-te-zi-ne","status":"publish","type":"post","link":"https:\/\/www.visit-ulcinj.com\/blog\/2014\/04\/09\/biden-takon-gjukanovicin-mbeshtesim-integrimin-e-malit-te-zi-ne\/","title":{"rendered":"Biden takon Gjukanovi\u00e7in: Mb\u00ebshtesim integrimin e Malit t\u00eb Zi n\u00eb BE"},"content":{"rendered":"<p><a href=\"http:\/\/www.visit-ulcinj.com\/blog\/wp-content\/uploads\/2014\/04\/Biden-Gjukanoviq.jpg\"><img loading=\"lazy\" class=\"alignleft  wp-image-81337\" alt=\"Biden-Gjukanoviq\" src=\"http:\/\/www.visit-ulcinj.com\/blog\/wp-content\/uploads\/2014\/04\/Biden-Gjukanoviq.jpg\" width=\"508\" height=\"360\" \/><\/a>Situata n\u00eb Ballkan dhe presioni i Rusis\u00eb ndaj Ukrain\u00ebs kan\u00eb q\u00ebn\u00eb n\u00eb fokus t\u00eb bisedimeve mes Z\u00ebvend\u00ebspresidentin amerikan Joe Biden dhe kryeministrit t\u00eb Malit t\u00eb Zi, Millo Gjukanovi\u00e7.<\/p>\n<p>Si\u00e7 ka njoftuar Sht\u00ebpia e Bardh\u00eb, Biden ka lavd\u00ebruar Malin e Zi p\u00ebr progres drejt integrimit n\u00eb NATO dhe tha se Shtetet e Bashkuara i mb\u00ebshtesin aspiratat e Podgoric\u00ebs p\u00ebr afrim me Bashkimin Evropian.<\/p>\n<p>Z\u00ebvend\u00ebspresidenti Biden, gjithashtu, ka pasur nj\u00eb bised\u00eb telefonike me kryeministrin e Sllovakis\u00eb, Robert Fico, ku u diskutua p\u00ebr shqet\u00ebsimet lidhur me shkeljen e sovranitetit t\u00eb Ukrain\u00ebs nga ana e Rusis\u00eb dhe p\u00ebr zgjedhjet e ardhshme n\u00eb Ukrain\u00eb.<\/p>\n<p>Biden e ka fal\u00ebnderuar Sllovakin\u00eb p\u00ebr ndihm\u00ebn q\u00eb i ka dh\u00ebn\u00eb Ukrain\u00ebs n\u00eb \u00e7\u00ebshtjen e ndryshimit t\u00eb rrug\u00ebve t\u00eb furnizimit me gaz.<\/p>\n<p>Shtetet per\u00ebndimore konsiderojn\u00eb se kjo \u00ebsht\u00eb \u00e7\u00ebshtje madhore n\u00eb reduktimin e varshm\u00ebris\u00eb s\u00eb Evrop\u00ebs nga gazi i Rusis\u00eb.<\/p>\n<p><strong>RFE\/RL<\/strong><\/p>\n","protected":false},"excerpt":{"rendered":"<p>Situata n\u00eb Ballkan dhe presioni i Rusis\u00eb ndaj Ukrain\u00ebs kan\u00eb q\u00ebn\u00eb n\u00eb fokus t\u00eb bisedimeve mes Z\u00ebvend\u00ebspresidentin amerikan Joe Biden dhe kryeministrit t\u00eb Malit t\u00eb Zi, Millo Gjukanovi\u00e7. Si\u00e7 ka njoftuar Sht\u00ebpia e Bardh\u00eb, Biden ka lavd\u00ebruar Malin e Zi p\u00ebr progres drejt integrimit n\u00eb NATO dhe tha se Shtetet e Bashkuara i mb\u00ebshtesin aspiratat [&hellip;]<\/p>\n","protected":false},"author":1,"featured_media":0,"comment_status":"closed","ping_status":"closed","sticky":false,"template":"","format":"standard","meta":{"spay_email":"","jetpack_publicize_message":"","jetpack_is_tweetstorm":false,"jetpack_publicize_feature_enabled":true},"categories":[6],"tags":[],"jetpack_publicize_connections":[],"yoast_head":"<!-- This site is optimized with the Yoast SEO plugin v19.1 - https:\/\/yoast.com\/wordpress\/plugins\/seo\/ -->\n<title>Biden takon Gjukanovi\u00e7in: Mb\u00ebshtesim integrimin e Malit t\u00eb Zi n\u00eb BE - Lajme nga Ulqini<\/title>\n<meta name=\"description\" content=\"Situata n\u00eb Ballkan dhe presioni i Rusis\u00eb ndaj Ukrain\u00ebs kan\u00eb q\u00ebn\u00eb n\u00eb fokus t\u00eb bisedimeve mes Z\u00ebvend\u00ebspresidentin amerikan Joe Biden dhe kryeministrit t\u00eb\" \/>\n<meta name=\"robots\" content=\"index, follow, max-snippet:-1, max-image-preview:large, max-video-preview:-1\" \/>\n<link rel=\"canonical\" href=\"https:\/\/www.visit-ulcinj.com\/blog\/2014\/04\/09\/biden-takon-gjukanovicin-mbeshtesim-integrimin-e-malit-te-zi-ne\/\" \/>\n<meta property=\"og:locale\" content=\"en_US\" \/>\n<meta property=\"og:type\" content=\"article\" \/>\n<meta property=\"og:title\" content=\"Biden takon Gjukanovi\u00e7in: Mb\u00ebshtesim integrimin e Malit t\u00eb Zi n\u00eb BE - Lajme nga Ulqini\" \/>\n<meta property=\"og:description\" content=\"Situata n\u00eb Ballkan dhe presioni i Rusis\u00eb ndaj Ukrain\u00ebs kan\u00eb q\u00ebn\u00eb n\u00eb fokus t\u00eb bisedimeve mes Z\u00ebvend\u00ebspresidentin amerikan Joe Biden dhe kryeministrit t\u00eb\" \/>\n<meta property=\"og:url\" content=\"https:\/\/www.visit-ulcinj.com\/blog\/2014\/04\/09\/biden-takon-gjukanovicin-mbeshtesim-integrimin-e-malit-te-zi-ne\/\" \/>\n<meta property=\"og:site_name\" content=\"Lajme nga Ulqini\" \/>\n<meta property=\"article:published_time\" content=\"2014-04-09T17:09:27+00:00\" \/>\n<meta property=\"og:image\" content=\"http:\/\/www.visit-ulcinj.com\/blog\/wp-content\/uploads\/2014\/04\/Biden-Gjukanoviq.jpg\" \/>\n<meta name=\"twitter:label1\" content=\"Written by\" \/>\n\t<meta name=\"twitter:data1\" content=\"ulqini\" \/>\n\t<meta name=\"twitter:label2\" content=\"Est. reading time\" \/>\n\t<meta name=\"twitter:data2\" content=\"1 minute\" \/>\n<script type=\"application\/ld+json\" class=\"yoast-schema-graph\">{\"@context\":\"https:\/\/schema.org\",\"@graph\":[{\"@type\":\"WebSite\",\"@id\":\"https:\/\/www.visit-ulcinj.com\/blog\/#website\",\"url\":\"https:\/\/www.visit-ulcinj.com\/blog\/\",\"name\":\"Lajme nga Ulqini\",\"description\":\"Lajme,Vijesti,Ulqini,Ulqin,Crna Gora,Mali i Zi\",\"potentialAction\":[{\"@type\":\"SearchAction\",\"target\":{\"@type\":\"EntryPoint\",\"urlTemplate\":\"https:\/\/www.visit-ulcinj.com\/blog\/?s={search_term_string}\"},\"query-input\":\"required name=search_term_string\"}],\"inLanguage\":\"en-US\"},{\"@type\":\"ImageObject\",\"inLanguage\":\"en-US\",\"@id\":\"https:\/\/www.visit-ulcinj.com\/blog\/2014\/04\/09\/biden-takon-gjukanovicin-mbeshtesim-integrimin-e-malit-te-zi-ne\/#primaryimage\",\"url\":\"https:\/\/www.visit-ulcinj.com\/blog\/wp-content\/uploads\/2014\/04\/Biden-Gjukanoviq.jpg\",\"contentUrl\":\"https:\/\/www.visit-ulcinj.com\/blog\/wp-content\/uploads\/2014\/04\/Biden-Gjukanoviq.jpg\",\"width\":900,\"height\":599},{\"@type\":\"WebPage\",\"@id\":\"https:\/\/www.visit-ulcinj.com\/blog\/2014\/04\/09\/biden-takon-gjukanovicin-mbeshtesim-integrimin-e-malit-te-zi-ne\/#webpage\",\"url\":\"https:\/\/www.visit-ulcinj.com\/blog\/2014\/04\/09\/biden-takon-gjukanovicin-mbeshtesim-integrimin-e-malit-te-zi-ne\/\",\"name\":\"Biden takon Gjukanovi\u00e7in: Mb\u00ebshtesim integrimin e Malit t\u00eb Zi n\u00eb BE - Lajme nga Ulqini\",\"isPartOf\":{\"@id\":\"https:\/\/www.visit-ulcinj.com\/blog\/#website\"},\"primaryImageOfPage\":{\"@id\":\"https:\/\/www.visit-ulcinj.com\/blog\/2014\/04\/09\/biden-takon-gjukanovicin-mbeshtesim-integrimin-e-malit-te-zi-ne\/#primaryimage\"},\"datePublished\":\"2014-04-09T17:09:27+00:00\",\"dateModified\":\"2014-04-09T17:09:27+00:00\",\"author\":{\"@id\":\"https:\/\/www.visit-ulcinj.com\/blog\/#\/schema\/person\/dcab619c614d3038751c63bc2aadc06d\"},\"description\":\"Situata n\u00eb Ballkan dhe presioni i Rusis\u00eb ndaj Ukrain\u00ebs kan\u00eb q\u00ebn\u00eb n\u00eb fokus t\u00eb bisedimeve mes Z\u00ebvend\u00ebspresidentin amerikan Joe Biden dhe kryeministrit t\u00eb\",\"breadcrumb\":{\"@id\":\"https:\/\/www.visit-ulcinj.com\/blog\/2014\/04\/09\/biden-takon-gjukanovicin-mbeshtesim-integrimin-e-malit-te-zi-ne\/#breadcrumb\"},\"inLanguage\":\"en-US\",\"potentialAction\":[{\"@type\":\"ReadAction\",\"target\":[\"https:\/\/www.visit-ulcinj.com\/blog\/2014\/04\/09\/biden-takon-gjukanovicin-mbeshtesim-integrimin-e-malit-te-zi-ne\/\"]}]},{\"@type\":\"BreadcrumbList\",\"@id\":\"https:\/\/www.visit-ulcinj.com\/blog\/2014\/04\/09\/biden-takon-gjukanovicin-mbeshtesim-integrimin-e-malit-te-zi-ne\/#breadcrumb\",\"itemListElement\":[{\"@type\":\"ListItem\",\"position\":1,\"name\":\"Biden takon Gjukanovi\u00e7in: Mb\u00ebshtesim integrimin e Malit t\u00eb Zi n\u00eb BE\"}]},{\"@type\":\"Person\",\"@id\":\"https:\/\/www.visit-ulcinj.com\/blog\/#\/schema\/person\/dcab619c614d3038751c63bc2aadc06d\",\"name\":\"ulqini\",\"sameAs\":[\"http:\/\/www.visit-ulcinj.com\"],\"url\":\"https:\/\/www.visit-ulcinj.com\/blog\/author\/admin\/\"}]}<\/script>\n<!-- \/ Yoast SEO plugin. -->","yoast_head_json":{"title":"Biden takon Gjukanovi\u00e7in: Mb\u00ebshtesim integrimin e Malit t\u00eb Zi n\u00eb BE - Lajme nga Ulqini","description":"Situata n\u00eb Ballkan dhe presioni i Rusis\u00eb ndaj Ukrain\u00ebs kan\u00eb q\u00ebn\u00eb n\u00eb fokus t\u00eb bisedimeve mes Z\u00ebvend\u00ebspresidentin amerikan Joe Biden dhe kryeministrit t\u00eb","robots":{"index":"index","follow":"follow","max-snippet":"max-snippet:-1","max-image-preview":"max-image-preview:large","max-video-preview":"max-video-preview:-1"},"canonical":"https:\/\/www.visit-ulcinj.com\/blog\/2014\/04\/09\/biden-takon-gjukanovicin-mbeshtesim-integrimin-e-malit-te-zi-ne\/","og_locale":"en_US","og_type":"article","og_title":"Biden takon Gjukanovi\u00e7in: Mb\u00ebshtesim integrimin e Malit t\u00eb Zi n\u00eb BE - Lajme nga Ulqini","og_description":"Situata n\u00eb Ballkan dhe presioni i Rusis\u00eb ndaj Ukrain\u00ebs kan\u00eb q\u00ebn\u00eb n\u00eb fokus t\u00eb bisedimeve mes Z\u00ebvend\u00ebspresidentin amerikan Joe Biden dhe kryeministrit t\u00eb","og_url":"https:\/\/www.visit-ulcinj.com\/blog\/2014\/04\/09\/biden-takon-gjukanovicin-mbeshtesim-integrimin-e-malit-te-zi-ne\/","og_site_name":"Lajme nga Ulqini","article_published_time":"2014-04-09T17:09:27+00:00","og_image":[{"url":"http:\/\/www.visit-ulcinj.com\/blog\/wp-content\/uploads\/2014\/04\/Biden-Gjukanoviq.jpg"}],"twitter_misc":{"Written by":"ulqini","Est. reading time":"1 minute"},"schema":{"@context":"https:\/\/schema.org","@graph":[{"@type":"WebSite","@id":"https:\/\/www.visit-ulcinj.com\/blog\/#website","url":"https:\/\/www.visit-ulcinj.com\/blog\/","name":"Lajme nga Ulqini","description":"Lajme,Vijesti,Ulqini,Ulqin,Crna Gora,Mali i Zi","potentialAction":[{"@type":"SearchAction","target":{"@type":"EntryPoint","urlTemplate":"https:\/\/www.visit-ulcinj.com\/blog\/?s={search_term_string}"},"query-input":"required name=search_term_string"}],"inLanguage":"en-US"},{"@type":"ImageObject","inLanguage":"en-US","@id":"https:\/\/www.visit-ulcinj.com\/blog\/2014\/04\/09\/biden-takon-gjukanovicin-mbeshtesim-integrimin-e-malit-te-zi-ne\/#primaryimage","url":"https:\/\/www.visit-ulcinj.com\/blog\/wp-content\/uploads\/2014\/04\/Biden-Gjukanoviq.jpg","contentUrl":"https:\/\/www.visit-ulcinj.com\/blog\/wp-content\/uploads\/2014\/04\/Biden-Gjukanoviq.jpg","width":900,"height":599},{"@type":"WebPage","@id":"https:\/\/www.visit-ulcinj.com\/blog\/2014\/04\/09\/biden-takon-gjukanovicin-mbeshtesim-integrimin-e-malit-te-zi-ne\/#webpage","url":"https:\/\/www.visit-ulcinj.com\/blog\/2014\/04\/09\/biden-takon-gjukanovicin-mbeshtesim-integrimin-e-malit-te-zi-ne\/","name":"Biden takon Gjukanovi\u00e7in: Mb\u00ebshtesim integrimin e Malit t\u00eb Zi n\u00eb BE - Lajme nga Ulqini","isPartOf":{"@id":"https:\/\/www.visit-ulcinj.com\/blog\/#website"},"primaryImageOfPage":{"@id":"https:\/\/www.visit-ulcinj.com\/blog\/2014\/04\/09\/biden-takon-gjukanovicin-mbeshtesim-integrimin-e-malit-te-zi-ne\/#primaryimage"},"datePublished":"2014-04-09T17:09:27+00:00","dateModified":"2014-04-09T17:09:27+00:00","author":{"@id":"https:\/\/www.visit-ulcinj.com\/blog\/#\/schema\/person\/dcab619c614d3038751c63bc2aadc06d"},"description":"Situata n\u00eb Ballkan dhe presioni i Rusis\u00eb ndaj Ukrain\u00ebs kan\u00eb q\u00ebn\u00eb n\u00eb fokus t\u00eb bisedimeve mes Z\u00ebvend\u00ebspresidentin amerikan Joe Biden dhe kryeministrit t\u00eb","breadcrumb":{"@id":"https:\/\/www.visit-ulcinj.com\/blog\/2014\/04\/09\/biden-takon-gjukanovicin-mbeshtesim-integrimin-e-malit-te-zi-ne\/#breadcrumb"},"inLanguage":"en-US","potentialAction":[{"@type":"ReadAction","target":["https:\/\/www.visit-ulcinj.com\/blog\/2014\/04\/09\/biden-takon-gjukanovicin-mbeshtesim-integrimin-e-malit-te-zi-ne\/"]}]},{"@type":"BreadcrumbList","@id":"https:\/\/www.visit-ulcinj.com\/blog\/2014\/04\/09\/biden-takon-gjukanovicin-mbeshtesim-integrimin-e-malit-te-zi-ne\/#breadcrumb","itemListElement":[{"@type":"ListItem","position":1,"name":"Biden takon Gjukanovi\u00e7in: Mb\u00ebshtesim integrimin e Malit t\u00eb Zi n\u00eb BE"}]},{"@type":"Person","@id":"https:\/\/www.visit-ulcinj.com\/blog\/#\/schema\/person\/dcab619c614d3038751c63bc2aadc06d","name":"ulqini","sameAs":["http:\/\/www.visit-ulcinj.com"],"url":"https:\/\/www.visit-ulcinj.com\/blog\/author\/admin\/"}]}},"jetpack_featured_media_url":"","jetpack_sharing_enabled":true,"jetpack_shortlink":"https:\/\/wp.me\/pe6lTn-l9S","_links":{"self":[{"href":"https:\/\/www.visit-ulcinj.com\/blog\/wp-json\/wp\/v2\/posts\/81336"}],"collection":[{"href":"https:\/\/www.visit-ulcinj.com\/blog\/wp-json\/wp\/v2\/posts"}],"about":[{"href":"https:\/\/www.visit-ulcinj.com\/blog\/wp-json\/wp\/v2\/types\/post"}],"author":[{"embeddable":true,"href":"https:\/\/www.visit-ulcinj.com\/blog\/wp-json\/wp\/v2\/users\/1"}],"replies":[{"embeddable":true,"href":"https:\/\/www.visit-ulcinj.com\/blog\/wp-json\/wp\/v2\/comments?post=81336"}],"version-history":[{"count":1,"href":"https:\/\/www.visit-ulcinj.com\/blog\/wp-json\/wp\/v2\/posts\/81336\/revisions"}],"predecessor-version":[{"id":81338,"href":"https:\/\/www.visit-ulcinj.com\/blog\/wp-json\/wp\/v2\/posts\/81336\/revisions\/81338"}],"wp:attachment":[{"href":"https:\/\/www.visit-ulcinj.com\/blog\/wp-json\/wp\/v2\/media?parent=81336"}],"wp:term":[{"taxonomy":"category","embeddable":true,"href":"https:\/\/www.visit-ulcinj.com\/blog\/wp-json\/wp\/v2\/categories?post=81336"},{"taxonomy":"post_tag","embeddable":true,"href":"https:\/\/www.visit-ulcinj.com\/blog\/wp-json\/wp\/v2\/tags?post=81336"}],"curies":[{"name":"wp","href":"https:\/\/api.w.org\/{rel}","templated":true}]}}