{"id":81357,"date":"2014-04-10T16:04:31","date_gmt":"2014-04-10T15:04:31","guid":{"rendered":"http:\/\/www.visit-ulcinj.com\/blog\/?p=81357"},"modified":"2014-04-10T16:04:31","modified_gmt":"2014-04-10T15:04:31","slug":"dritan-abazovic-promjene-su-neminovne-stize-podgoricko-proljece","status":"publish","type":"post","link":"https:\/\/www.visit-ulcinj.com\/blog\/2014\/04\/10\/dritan-abazovic-promjene-su-neminovne-stize-podgoricko-proljece\/","title":{"rendered":"Dritan Abazovi\u0107: Promjene su neminovne, sti\u017ee \u201epodgori\u010dko prolje\u0107e\u201c"},"content":{"rendered":"<p><strong><a href=\"http:\/\/www.visit-ulcinj.com\/blog\/wp-content\/uploads\/2013\/11\/dritan.abazovic.jpg\"><img loading=\"lazy\" class=\"alignleft  wp-image-76576\" alt=\"dritan.abazovic\" src=\"http:\/\/www.visit-ulcinj.com\/blog\/wp-content\/uploads\/2013\/11\/dritan.abazovic.jpg\" width=\"508\" height=\"360\" \/><\/a>Poslanik Pozitivne Crne Gore Dritan Abazovi\u0107, u intervjuu portalu Kodex, govori o o\u010dekivanjima od lokalnih izbora 25. maja, eventualnoj postizbornoj koaliciji sa opozicijom u Podgorici, istrazi u Telekomu, partijskom zapo\u0161ljavanju&#8230;<\/strong><\/p>\n<p><strong>Kodex: Kakav rezultat Pozitivna o\u010dekuje na lokalnim izborima, prventsveno u Podgorici?<\/strong><\/p>\n<p><strong>Abazovi\u0107:<\/strong> Gra\u0111anima \u0107emo ponuditi novi poit\u010dki proizvod i realnu alternativu. Stoga o\u010dekujemo dobar rezultat koji \u0107e voditi velikim promjenama u Podgorici, a koje \u0107e kasnije poslu\u017eiti kao primjer da se i u drugim gradovima, pa i dr\u017eavom mo\u017ee upravljati na kvalitetniji, odgovorniji i odr\u017eiviji na\u010din.<\/p>\n<p><strong>Kodex: Da li je mogu\u0107a postizborna saradnja sa opozicijom u PG?<\/strong><\/p>\n<p><strong>Abazovi\u0107<\/strong>: Tamo gdje postoje racionalni ljudi, uvijek su mogu\u0107i dogovori i saradnja. Ipak, treba sa\u010dekati ishod izbora i kona\u010dnu sud gra\u0111ana Podgorice. Rano je za bilo kakve kalkulacije, fokus mora biti na kampanji i pravilnoj prezentaciji programa, kao bi bira\u010di imali realnu sliku o svim akterima koji u\u010destvuju na izborima i izabrati ono \u0161to najvi\u0161e odgovara njihovim realnim potrebama.<\/p>\n<p><strong>Kodex: Ukoliko opozicija bude pobjednik lokalnih izbora u PG, da li to zna\u010di da \u0107e se i\u0107i ka parlamentarnim izborima u CG?<\/strong><\/p>\n<p><strong>Abazovi\u0107:<\/strong> Promjene u Crnoj Gori sti\u017eu, ako ne danas, onda sigurno sjutra, u to nema sumnje. Izbori u Podgorici samo mogu dati dodatno ubrzati te procese. Iskreno vjerujem da \u0107e Podgorica to i u\u010diniti ovoga puta.<\/p>\n<p><strong>NE POSTOJI POLITI\u010cKA VOLJA<\/strong><\/p>\n<p><strong>Kodex: SAD tra\u017ei novu istragu u slu\u010daju privatizacije Telekoma. Ho\u0107e li ovaj put na\u0161i nadle\u017eni organi sprovesti istragu do kraja?<\/strong><\/p>\n<p><strong>Abazovi\u0107<\/strong>: Nikada do sada Vlada SAD-a nije bila toliko eksplicitna o nekoj aferi kao u ovom slu\u010daju i to je jasan signal za Crnu Goru. Sa druge strane, ovakvim pona\u0161anjem nadle\u017enih kao \u0161to je u aferi Telekom, samo se potvr\u0111uje teza da ne postoji politi\u010dka volja da se bilo \u0161ta rije\u0161i bez pritiska sa strane. Me\u0111utim, ukoliko taj pritisak iz inostranstva bude bio ve\u0107i, ne\u0161to \u0107e se morati desiti po tom pitanju. \u017dalosno je \u0161to ovakvim pona\u0161anjem institucija, zarad grupe pojedinaca, poni\u017eavamo cijelu dr\u017eavu i uru\u0161avamo njen ma\u0111unarodni kredibilitet.<\/p>\n<p><strong>DPS SE SLU\u017dI ZLOUPOTREBAMA<\/strong><\/p>\n<p><strong>Kodex: Sti\u017eu optu\u017ebe iz dijela opozicije da DPS zapo\u0161ljava ljude ponovo pred izbore. Da li i u Pozitivnoj smatrate da je ovo ta\u010dno? Da li je to na neki na\u010din nastavak afere Snimak?<\/strong><\/p>\n<p><strong>Abazovi\u0107<\/strong>: DPS se slu\u017ei svojim naja\u010dim oru\u017ejem, zloupotrebama. I dok god sve instutcije budu poslu\u0161no izvr\u0161avale njihove partijske zadatke, oni ne\u0107e prestati da to rade. Me\u0111utim, bez obzira na sve, siguran sam da \u0107e ih volja gra\u0111ana i na taj na\u010din poraziti, \u0161to \u0107e pobjedi dati posebnu dra\u017e.<\/p>\n<p><strong>POMO\u0106 \u0160ARI\u0106U NIJE DOLAZILA SA MARSA<\/strong><\/p>\n<p><strong>Kodex: Da li bi svjedo\u010denje Darka \u0160ari\u0107a moglo, neke crnogorske politi\u010dare dovesti u vezu sa kriminalnim radnjama?<\/strong><\/p>\n<p><strong>Abazovi\u0107<\/strong>: Neminovno je da ovaj slu\u010daj vremenom razotkrije brojene skrivene detalje u vezi sprega organizovanog kriminala i politi\u010dkih struktura u Crnoj Gori. Do koga \u0107e to sve voditi istraga ostaje da se vidi, u svakom slua\u010dju bi\u0107e zanimljivo. Jasno je da je \u0160ari\u0107 imao pomo\u0107 u Crnoj Gori, a ona sigurno nije dolazila sa Marsa, ve\u0107 sa visokih politi\u010dkih adresa. Na nadle\u017enima je da takve osobe koje su pomagale njegove poslovne aran\u017emane na \u0161tetu javnog interesa, identifikuju i personalizuju, naravno u skladu sa dokazima i pravnom legislativom.<\/p>\n<p><strong>Izvor: Kodex.me<\/strong><\/p>\n","protected":false},"excerpt":{"rendered":"<p>Poslanik Pozitivne Crne Gore Dritan Abazovi\u0107, u intervjuu portalu Kodex, govori o o\u010dekivanjima od lokalnih izbora 25. maja, eventualnoj postizbornoj koaliciji sa opozicijom u Podgorici, istrazi u Telekomu, partijskom zapo\u0161ljavanju&#8230; Kodex: Kakav rezultat Pozitivna o\u010dekuje na lokalnim izborima, prventsveno u Podgorici? Abazovi\u0107: Gra\u0111anima \u0107emo ponuditi novi poit\u010dki proizvod i realnu alternativu. Stoga o\u010dekujemo dobar rezultat [&hellip;]<\/p>\n","protected":false},"author":1,"featured_media":0,"comment_status":"closed","ping_status":"closed","sticky":false,"template":"","format":"standard","meta":{"spay_email":"","jetpack_publicize_message":"","jetpack_is_tweetstorm":false,"jetpack_publicize_feature_enabled":true},"categories":[6950],"tags":[],"jetpack_publicize_connections":[],"yoast_head":"<!-- This site is optimized with the Yoast SEO plugin v19.1 - https:\/\/yoast.com\/wordpress\/plugins\/seo\/ -->\n<title>Dritan Abazovi\u0107: Promjene su neminovne, sti\u017ee \u201epodgori\u010dko prolje\u0107e\u201c - Lajme nga Ulqini<\/title>\n<meta name=\"description\" content=\"Poslanik Pozitivne Crne Gore Dritan Abazovi\u0107, u intervjuu portalu Kodex, govori o o\u010dekivanjima od lokalnih izbora 25. maja, eventualnoj postizbornoj\" \/>\n<meta name=\"robots\" content=\"index, follow, max-snippet:-1, max-image-preview:large, max-video-preview:-1\" \/>\n<link rel=\"canonical\" href=\"https:\/\/www.visit-ulcinj.com\/blog\/2014\/04\/10\/dritan-abazovic-promjene-su-neminovne-stize-podgoricko-proljece\/\" \/>\n<meta property=\"og:locale\" content=\"en_US\" \/>\n<meta property=\"og:type\" content=\"article\" \/>\n<meta property=\"og:title\" content=\"Dritan Abazovi\u0107: Promjene su neminovne, sti\u017ee \u201epodgori\u010dko prolje\u0107e\u201c - Lajme nga Ulqini\" \/>\n<meta property=\"og:description\" content=\"Poslanik Pozitivne Crne Gore Dritan Abazovi\u0107, u intervjuu portalu Kodex, govori o o\u010dekivanjima od lokalnih izbora 25. maja, eventualnoj postizbornoj\" \/>\n<meta property=\"og:url\" content=\"https:\/\/www.visit-ulcinj.com\/blog\/2014\/04\/10\/dritan-abazovic-promjene-su-neminovne-stize-podgoricko-proljece\/\" \/>\n<meta property=\"og:site_name\" content=\"Lajme nga Ulqini\" \/>\n<meta property=\"article:published_time\" content=\"2014-04-10T15:04:31+00:00\" \/>\n<meta property=\"og:image\" content=\"http:\/\/www.visit-ulcinj.com\/blog\/wp-content\/uploads\/2013\/11\/dritan.abazovic.jpg\" \/>\n<meta name=\"twitter:label1\" content=\"Written by\" \/>\n\t<meta name=\"twitter:data1\" content=\"ulqini\" \/>\n\t<meta name=\"twitter:label2\" content=\"Est. reading time\" \/>\n\t<meta name=\"twitter:data2\" content=\"3 minutes\" \/>\n<script type=\"application\/ld+json\" class=\"yoast-schema-graph\">{\"@context\":\"https:\/\/schema.org\",\"@graph\":[{\"@type\":\"WebSite\",\"@id\":\"https:\/\/www.visit-ulcinj.com\/blog\/#website\",\"url\":\"https:\/\/www.visit-ulcinj.com\/blog\/\",\"name\":\"Lajme nga Ulqini\",\"description\":\"Lajme,Vijesti,Ulqini,Ulqin,Crna Gora,Mali i Zi\",\"potentialAction\":[{\"@type\":\"SearchAction\",\"target\":{\"@type\":\"EntryPoint\",\"urlTemplate\":\"https:\/\/www.visit-ulcinj.com\/blog\/?s={search_term_string}\"},\"query-input\":\"required name=search_term_string\"}],\"inLanguage\":\"en-US\"},{\"@type\":\"ImageObject\",\"inLanguage\":\"en-US\",\"@id\":\"https:\/\/www.visit-ulcinj.com\/blog\/2014\/04\/10\/dritan-abazovic-promjene-su-neminovne-stize-podgoricko-proljece\/#primaryimage\",\"url\":\"https:\/\/www.visit-ulcinj.com\/blog\/wp-content\/uploads\/2013\/11\/dritan.abazovic.jpg\",\"contentUrl\":\"https:\/\/www.visit-ulcinj.com\/blog\/wp-content\/uploads\/2013\/11\/dritan.abazovic.jpg\",\"width\":638,\"height\":608},{\"@type\":\"WebPage\",\"@id\":\"https:\/\/www.visit-ulcinj.com\/blog\/2014\/04\/10\/dritan-abazovic-promjene-su-neminovne-stize-podgoricko-proljece\/#webpage\",\"url\":\"https:\/\/www.visit-ulcinj.com\/blog\/2014\/04\/10\/dritan-abazovic-promjene-su-neminovne-stize-podgoricko-proljece\/\",\"name\":\"Dritan Abazovi\u0107: Promjene su neminovne, sti\u017ee \u201epodgori\u010dko prolje\u0107e\u201c - Lajme nga Ulqini\",\"isPartOf\":{\"@id\":\"https:\/\/www.visit-ulcinj.com\/blog\/#website\"},\"primaryImageOfPage\":{\"@id\":\"https:\/\/www.visit-ulcinj.com\/blog\/2014\/04\/10\/dritan-abazovic-promjene-su-neminovne-stize-podgoricko-proljece\/#primaryimage\"},\"datePublished\":\"2014-04-10T15:04:31+00:00\",\"dateModified\":\"2014-04-10T15:04:31+00:00\",\"author\":{\"@id\":\"https:\/\/www.visit-ulcinj.com\/blog\/#\/schema\/person\/dcab619c614d3038751c63bc2aadc06d\"},\"description\":\"Poslanik Pozitivne Crne Gore Dritan Abazovi\u0107, u intervjuu portalu Kodex, govori o o\u010dekivanjima od lokalnih izbora 25. maja, eventualnoj postizbornoj\",\"breadcrumb\":{\"@id\":\"https:\/\/www.visit-ulcinj.com\/blog\/2014\/04\/10\/dritan-abazovic-promjene-su-neminovne-stize-podgoricko-proljece\/#breadcrumb\"},\"inLanguage\":\"en-US\",\"potentialAction\":[{\"@type\":\"ReadAction\",\"target\":[\"https:\/\/www.visit-ulcinj.com\/blog\/2014\/04\/10\/dritan-abazovic-promjene-su-neminovne-stize-podgoricko-proljece\/\"]}]},{\"@type\":\"BreadcrumbList\",\"@id\":\"https:\/\/www.visit-ulcinj.com\/blog\/2014\/04\/10\/dritan-abazovic-promjene-su-neminovne-stize-podgoricko-proljece\/#breadcrumb\",\"itemListElement\":[{\"@type\":\"ListItem\",\"position\":1,\"name\":\"Dritan Abazovi\u0107: Promjene su neminovne, sti\u017ee \u201epodgori\u010dko prolje\u0107e\u201c\"}]},{\"@type\":\"Person\",\"@id\":\"https:\/\/www.visit-ulcinj.com\/blog\/#\/schema\/person\/dcab619c614d3038751c63bc2aadc06d\",\"name\":\"ulqini\",\"sameAs\":[\"http:\/\/www.visit-ulcinj.com\"],\"url\":\"https:\/\/www.visit-ulcinj.com\/blog\/author\/admin\/\"}]}<\/script>\n<!-- \/ Yoast SEO plugin. -->","yoast_head_json":{"title":"Dritan Abazovi\u0107: Promjene su neminovne, sti\u017ee \u201epodgori\u010dko prolje\u0107e\u201c - Lajme nga Ulqini","description":"Poslanik Pozitivne Crne Gore Dritan Abazovi\u0107, u intervjuu portalu Kodex, govori o o\u010dekivanjima od lokalnih izbora 25. maja, eventualnoj postizbornoj","robots":{"index":"index","follow":"follow","max-snippet":"max-snippet:-1","max-image-preview":"max-image-preview:large","max-video-preview":"max-video-preview:-1"},"canonical":"https:\/\/www.visit-ulcinj.com\/blog\/2014\/04\/10\/dritan-abazovic-promjene-su-neminovne-stize-podgoricko-proljece\/","og_locale":"en_US","og_type":"article","og_title":"Dritan Abazovi\u0107: Promjene su neminovne, sti\u017ee \u201epodgori\u010dko prolje\u0107e\u201c - Lajme nga Ulqini","og_description":"Poslanik Pozitivne Crne Gore Dritan Abazovi\u0107, u intervjuu portalu Kodex, govori o o\u010dekivanjima od lokalnih izbora 25. maja, eventualnoj postizbornoj","og_url":"https:\/\/www.visit-ulcinj.com\/blog\/2014\/04\/10\/dritan-abazovic-promjene-su-neminovne-stize-podgoricko-proljece\/","og_site_name":"Lajme nga Ulqini","article_published_time":"2014-04-10T15:04:31+00:00","og_image":[{"url":"http:\/\/www.visit-ulcinj.com\/blog\/wp-content\/uploads\/2013\/11\/dritan.abazovic.jpg"}],"twitter_misc":{"Written by":"ulqini","Est. reading time":"3 minutes"},"schema":{"@context":"https:\/\/schema.org","@graph":[{"@type":"WebSite","@id":"https:\/\/www.visit-ulcinj.com\/blog\/#website","url":"https:\/\/www.visit-ulcinj.com\/blog\/","name":"Lajme nga Ulqini","description":"Lajme,Vijesti,Ulqini,Ulqin,Crna Gora,Mali i Zi","potentialAction":[{"@type":"SearchAction","target":{"@type":"EntryPoint","urlTemplate":"https:\/\/www.visit-ulcinj.com\/blog\/?s={search_term_string}"},"query-input":"required name=search_term_string"}],"inLanguage":"en-US"},{"@type":"ImageObject","inLanguage":"en-US","@id":"https:\/\/www.visit-ulcinj.com\/blog\/2014\/04\/10\/dritan-abazovic-promjene-su-neminovne-stize-podgoricko-proljece\/#primaryimage","url":"https:\/\/www.visit-ulcinj.com\/blog\/wp-content\/uploads\/2013\/11\/dritan.abazovic.jpg","contentUrl":"https:\/\/www.visit-ulcinj.com\/blog\/wp-content\/uploads\/2013\/11\/dritan.abazovic.jpg","width":638,"height":608},{"@type":"WebPage","@id":"https:\/\/www.visit-ulcinj.com\/blog\/2014\/04\/10\/dritan-abazovic-promjene-su-neminovne-stize-podgoricko-proljece\/#webpage","url":"https:\/\/www.visit-ulcinj.com\/blog\/2014\/04\/10\/dritan-abazovic-promjene-su-neminovne-stize-podgoricko-proljece\/","name":"Dritan Abazovi\u0107: Promjene su neminovne, sti\u017ee \u201epodgori\u010dko prolje\u0107e\u201c - Lajme nga Ulqini","isPartOf":{"@id":"https:\/\/www.visit-ulcinj.com\/blog\/#website"},"primaryImageOfPage":{"@id":"https:\/\/www.visit-ulcinj.com\/blog\/2014\/04\/10\/dritan-abazovic-promjene-su-neminovne-stize-podgoricko-proljece\/#primaryimage"},"datePublished":"2014-04-10T15:04:31+00:00","dateModified":"2014-04-10T15:04:31+00:00","author":{"@id":"https:\/\/www.visit-ulcinj.com\/blog\/#\/schema\/person\/dcab619c614d3038751c63bc2aadc06d"},"description":"Poslanik Pozitivne Crne Gore Dritan Abazovi\u0107, u intervjuu portalu Kodex, govori o o\u010dekivanjima od lokalnih izbora 25. maja, eventualnoj postizbornoj","breadcrumb":{"@id":"https:\/\/www.visit-ulcinj.com\/blog\/2014\/04\/10\/dritan-abazovic-promjene-su-neminovne-stize-podgoricko-proljece\/#breadcrumb"},"inLanguage":"en-US","potentialAction":[{"@type":"ReadAction","target":["https:\/\/www.visit-ulcinj.com\/blog\/2014\/04\/10\/dritan-abazovic-promjene-su-neminovne-stize-podgoricko-proljece\/"]}]},{"@type":"BreadcrumbList","@id":"https:\/\/www.visit-ulcinj.com\/blog\/2014\/04\/10\/dritan-abazovic-promjene-su-neminovne-stize-podgoricko-proljece\/#breadcrumb","itemListElement":[{"@type":"ListItem","position":1,"name":"Dritan Abazovi\u0107: Promjene su neminovne, sti\u017ee \u201epodgori\u010dko prolje\u0107e\u201c"}]},{"@type":"Person","@id":"https:\/\/www.visit-ulcinj.com\/blog\/#\/schema\/person\/dcab619c614d3038751c63bc2aadc06d","name":"ulqini","sameAs":["http:\/\/www.visit-ulcinj.com"],"url":"https:\/\/www.visit-ulcinj.com\/blog\/author\/admin\/"}]}},"jetpack_featured_media_url":"","jetpack_sharing_enabled":true,"jetpack_shortlink":"https:\/\/wp.me\/pe6lTn-lad","_links":{"self":[{"href":"https:\/\/www.visit-ulcinj.com\/blog\/wp-json\/wp\/v2\/posts\/81357"}],"collection":[{"href":"https:\/\/www.visit-ulcinj.com\/blog\/wp-json\/wp\/v2\/posts"}],"about":[{"href":"https:\/\/www.visit-ulcinj.com\/blog\/wp-json\/wp\/v2\/types\/post"}],"author":[{"embeddable":true,"href":"https:\/\/www.visit-ulcinj.com\/blog\/wp-json\/wp\/v2\/users\/1"}],"replies":[{"embeddable":true,"href":"https:\/\/www.visit-ulcinj.com\/blog\/wp-json\/wp\/v2\/comments?post=81357"}],"version-history":[{"count":1,"href":"https:\/\/www.visit-ulcinj.com\/blog\/wp-json\/wp\/v2\/posts\/81357\/revisions"}],"predecessor-version":[{"id":81358,"href":"https:\/\/www.visit-ulcinj.com\/blog\/wp-json\/wp\/v2\/posts\/81357\/revisions\/81358"}],"wp:attachment":[{"href":"https:\/\/www.visit-ulcinj.com\/blog\/wp-json\/wp\/v2\/media?parent=81357"}],"wp:term":[{"taxonomy":"category","embeddable":true,"href":"https:\/\/www.visit-ulcinj.com\/blog\/wp-json\/wp\/v2\/categories?post=81357"},{"taxonomy":"post_tag","embeddable":true,"href":"https:\/\/www.visit-ulcinj.com\/blog\/wp-json\/wp\/v2\/tags?post=81357"}],"curies":[{"name":"wp","href":"https:\/\/api.w.org\/{rel}","templated":true}]}}