{"id":81359,"date":"2014-04-10T16:18:48","date_gmt":"2014-04-10T15:18:48","guid":{"rendered":"http:\/\/www.visit-ulcinj.com\/blog\/?p=81359"},"modified":"2014-04-10T16:25:41","modified_gmt":"2014-04-10T15:25:41","slug":"albanci-protestuju-u-vasingtonu","status":"publish","type":"post","link":"https:\/\/www.visit-ulcinj.com\/blog\/2014\/04\/10\/albanci-protestuju-u-vasingtonu\/","title":{"rendered":"Albanci protestuju u Va\u0161ingtonu"},"content":{"rendered":"<p><strong><a href=\"http:\/\/www.visit-ulcinj.com\/blog\/wp-content\/uploads\/2014\/04\/Protest-Washington-Shqiptaret-Mal-i-Zi.jpg\"><img loading=\"lazy\" class=\"alignleft  wp-image-81314\" alt=\"Protest- Washington-Shqiptaret-Mal-i-Zi\" src=\"http:\/\/www.visit-ulcinj.com\/blog\/wp-content\/uploads\/2014\/04\/Protest-Washington-Shqiptaret-Mal-i-Zi.jpg\" width=\"508\" height=\"360\" \/><\/a>Oko 1.000 Albanaca okupilo se danas na protestu ispred Bijele ku\u0107e u Va\u0161ingtonu, saop\u0161tio je portalu Kodex funkcioner Demokratskog saveza u Crnoj Gori Nikola Camaj. <\/strong><\/p>\n<p>Protest organizuju albanska udru\u017denja dijaspore (Albanaca iz CG), povodom posjete crnogorskog premijera Mila \u0110ukanovica Va\u0161ingtonu.<\/p>\n<p>&#8220;Mislim da je krajnije vrijeme da i na ovaj na\u010din ukazemo euro-atlantskim i ameri\u010dkim institucijama da smo mi u Crnoj Gori i dalje diskriminisani&#8221;, kazao nam je Camaj.<\/p>\n<p>Protest se u Vasingtonu organizuje zbog \u201eodnosa Vlade Crne Gore\u201c prema ovoj nacionalnoj zajednici. Albanci su ogor\u010deni zbog toga crnogorska vlast nije ispunila obe\u0107anje o formiranju samostalne op\u0161tine Tuzi. Albanci su nedavno protestovali pred zgradom UN u Njujorku i ispred zgrade Generalnog konzulata Crne Gore i sjedi\u0161ta Albansko-ameri\u010dkog savjeta zbog istog problema, nerije\u0161enog statusa op\u0161tine Tuzi.<\/p>\n<p>Protest Albanaca u Va\u0161ingtonu imao je svoju uvertiru. Nekoliko stotina Albanaca protestovalo je prije dva dana u Tuzima zahtijevaju\u0107i da dobiju status op\u0161tine. Poru\u010dili su da ne\u0107e u\u010destvovati na lokalnim izborima koji se odr\u017eavaju 25.maja.<\/p>\n<p><strong>Izvor: Kodex.me<\/strong><\/p>\n","protected":false},"excerpt":{"rendered":"<p>Oko 1.000 Albanaca okupilo se danas na protestu ispred Bijele ku\u0107e u Va\u0161ingtonu, saop\u0161tio je portalu Kodex funkcioner Demokratskog saveza u Crnoj Gori Nikola Camaj. Protest organizuju albanska udru\u017denja dijaspore (Albanaca iz CG), povodom posjete crnogorskog premijera Mila \u0110ukanovica Va\u0161ingtonu. &#8220;Mislim da je krajnije vrijeme da i na ovaj na\u010din ukazemo euro-atlantskim i ameri\u010dkim institucijama [&hellip;]<\/p>\n","protected":false},"author":1,"featured_media":0,"comment_status":"closed","ping_status":"closed","sticky":false,"template":"","format":"standard","meta":{"spay_email":"","jetpack_publicize_message":"","jetpack_is_tweetstorm":false,"jetpack_publicize_feature_enabled":true},"categories":[6950],"tags":[],"jetpack_publicize_connections":[],"yoast_head":"<!-- This site is optimized with the Yoast SEO plugin v19.1 - https:\/\/yoast.com\/wordpress\/plugins\/seo\/ -->\n<title>Albanci protestuju u Va\u0161ingtonu - Lajme nga Ulqini<\/title>\n<meta name=\"description\" content=\"Oko 1.000 Albanaca okupilo se danas na protestu ispred Bijele ku\u0107e u Va\u0161ingtonu, saop\u0161tio je portalu Kodex funkcioner Demokratskog saveza u Crnoj Gori\" \/>\n<meta name=\"robots\" content=\"index, follow, max-snippet:-1, max-image-preview:large, max-video-preview:-1\" \/>\n<link rel=\"canonical\" href=\"https:\/\/www.visit-ulcinj.com\/blog\/2014\/04\/10\/albanci-protestuju-u-vasingtonu\/\" \/>\n<meta property=\"og:locale\" content=\"en_US\" \/>\n<meta property=\"og:type\" content=\"article\" \/>\n<meta property=\"og:title\" content=\"Albanci protestuju u Va\u0161ingtonu - Lajme nga Ulqini\" \/>\n<meta property=\"og:description\" content=\"Oko 1.000 Albanaca okupilo se danas na protestu ispred Bijele ku\u0107e u Va\u0161ingtonu, saop\u0161tio je portalu Kodex funkcioner Demokratskog saveza u Crnoj Gori\" \/>\n<meta property=\"og:url\" content=\"https:\/\/www.visit-ulcinj.com\/blog\/2014\/04\/10\/albanci-protestuju-u-vasingtonu\/\" \/>\n<meta property=\"og:site_name\" content=\"Lajme nga Ulqini\" \/>\n<meta property=\"article:published_time\" content=\"2014-04-10T15:18:48+00:00\" \/>\n<meta property=\"article:modified_time\" content=\"2014-04-10T15:25:41+00:00\" \/>\n<meta property=\"og:image\" content=\"http:\/\/www.visit-ulcinj.com\/blog\/wp-content\/uploads\/2014\/04\/Protest-Washington-Shqiptaret-Mal-i-Zi.jpg\" \/>\n<meta name=\"twitter:label1\" content=\"Written by\" \/>\n\t<meta name=\"twitter:data1\" content=\"ulqini\" \/>\n\t<meta name=\"twitter:label2\" content=\"Est. reading time\" \/>\n\t<meta name=\"twitter:data2\" content=\"1 minute\" \/>\n<script type=\"application\/ld+json\" class=\"yoast-schema-graph\">{\"@context\":\"https:\/\/schema.org\",\"@graph\":[{\"@type\":\"WebSite\",\"@id\":\"https:\/\/www.visit-ulcinj.com\/blog\/#website\",\"url\":\"https:\/\/www.visit-ulcinj.com\/blog\/\",\"name\":\"Lajme nga Ulqini\",\"description\":\"Lajme,Vijesti,Ulqini,Ulqin,Crna Gora,Mali i Zi\",\"potentialAction\":[{\"@type\":\"SearchAction\",\"target\":{\"@type\":\"EntryPoint\",\"urlTemplate\":\"https:\/\/www.visit-ulcinj.com\/blog\/?s={search_term_string}\"},\"query-input\":\"required name=search_term_string\"}],\"inLanguage\":\"en-US\"},{\"@type\":\"ImageObject\",\"inLanguage\":\"en-US\",\"@id\":\"https:\/\/www.visit-ulcinj.com\/blog\/2014\/04\/10\/albanci-protestuju-u-vasingtonu\/#primaryimage\",\"url\":\"https:\/\/www.visit-ulcinj.com\/blog\/wp-content\/uploads\/2014\/04\/Protest-Washington-Shqiptaret-Mal-i-Zi.jpg\",\"contentUrl\":\"https:\/\/www.visit-ulcinj.com\/blog\/wp-content\/uploads\/2014\/04\/Protest-Washington-Shqiptaret-Mal-i-Zi.jpg\",\"width\":960,\"height\":640},{\"@type\":\"WebPage\",\"@id\":\"https:\/\/www.visit-ulcinj.com\/blog\/2014\/04\/10\/albanci-protestuju-u-vasingtonu\/#webpage\",\"url\":\"https:\/\/www.visit-ulcinj.com\/blog\/2014\/04\/10\/albanci-protestuju-u-vasingtonu\/\",\"name\":\"Albanci protestuju u Va\u0161ingtonu - Lajme nga Ulqini\",\"isPartOf\":{\"@id\":\"https:\/\/www.visit-ulcinj.com\/blog\/#website\"},\"primaryImageOfPage\":{\"@id\":\"https:\/\/www.visit-ulcinj.com\/blog\/2014\/04\/10\/albanci-protestuju-u-vasingtonu\/#primaryimage\"},\"datePublished\":\"2014-04-10T15:18:48+00:00\",\"dateModified\":\"2014-04-10T15:25:41+00:00\",\"author\":{\"@id\":\"https:\/\/www.visit-ulcinj.com\/blog\/#\/schema\/person\/dcab619c614d3038751c63bc2aadc06d\"},\"description\":\"Oko 1.000 Albanaca okupilo se danas na protestu ispred Bijele ku\u0107e u Va\u0161ingtonu, saop\u0161tio je portalu Kodex funkcioner Demokratskog saveza u Crnoj Gori\",\"breadcrumb\":{\"@id\":\"https:\/\/www.visit-ulcinj.com\/blog\/2014\/04\/10\/albanci-protestuju-u-vasingtonu\/#breadcrumb\"},\"inLanguage\":\"en-US\",\"potentialAction\":[{\"@type\":\"ReadAction\",\"target\":[\"https:\/\/www.visit-ulcinj.com\/blog\/2014\/04\/10\/albanci-protestuju-u-vasingtonu\/\"]}]},{\"@type\":\"BreadcrumbList\",\"@id\":\"https:\/\/www.visit-ulcinj.com\/blog\/2014\/04\/10\/albanci-protestuju-u-vasingtonu\/#breadcrumb\",\"itemListElement\":[{\"@type\":\"ListItem\",\"position\":1,\"name\":\"Albanci protestuju u Va\u0161ingtonu\"}]},{\"@type\":\"Person\",\"@id\":\"https:\/\/www.visit-ulcinj.com\/blog\/#\/schema\/person\/dcab619c614d3038751c63bc2aadc06d\",\"name\":\"ulqini\",\"sameAs\":[\"http:\/\/www.visit-ulcinj.com\"],\"url\":\"https:\/\/www.visit-ulcinj.com\/blog\/author\/admin\/\"}]}<\/script>\n<!-- \/ Yoast SEO plugin. -->","yoast_head_json":{"title":"Albanci protestuju u Va\u0161ingtonu - Lajme nga Ulqini","description":"Oko 1.000 Albanaca okupilo se danas na protestu ispred Bijele ku\u0107e u Va\u0161ingtonu, saop\u0161tio je portalu Kodex funkcioner Demokratskog saveza u Crnoj Gori","robots":{"index":"index","follow":"follow","max-snippet":"max-snippet:-1","max-image-preview":"max-image-preview:large","max-video-preview":"max-video-preview:-1"},"canonical":"https:\/\/www.visit-ulcinj.com\/blog\/2014\/04\/10\/albanci-protestuju-u-vasingtonu\/","og_locale":"en_US","og_type":"article","og_title":"Albanci protestuju u Va\u0161ingtonu - Lajme nga Ulqini","og_description":"Oko 1.000 Albanaca okupilo se danas na protestu ispred Bijele ku\u0107e u Va\u0161ingtonu, saop\u0161tio je portalu Kodex funkcioner Demokratskog saveza u Crnoj Gori","og_url":"https:\/\/www.visit-ulcinj.com\/blog\/2014\/04\/10\/albanci-protestuju-u-vasingtonu\/","og_site_name":"Lajme nga Ulqini","article_published_time":"2014-04-10T15:18:48+00:00","article_modified_time":"2014-04-10T15:25:41+00:00","og_image":[{"url":"http:\/\/www.visit-ulcinj.com\/blog\/wp-content\/uploads\/2014\/04\/Protest-Washington-Shqiptaret-Mal-i-Zi.jpg"}],"twitter_misc":{"Written by":"ulqini","Est. reading time":"1 minute"},"schema":{"@context":"https:\/\/schema.org","@graph":[{"@type":"WebSite","@id":"https:\/\/www.visit-ulcinj.com\/blog\/#website","url":"https:\/\/www.visit-ulcinj.com\/blog\/","name":"Lajme nga Ulqini","description":"Lajme,Vijesti,Ulqini,Ulqin,Crna Gora,Mali i Zi","potentialAction":[{"@type":"SearchAction","target":{"@type":"EntryPoint","urlTemplate":"https:\/\/www.visit-ulcinj.com\/blog\/?s={search_term_string}"},"query-input":"required name=search_term_string"}],"inLanguage":"en-US"},{"@type":"ImageObject","inLanguage":"en-US","@id":"https:\/\/www.visit-ulcinj.com\/blog\/2014\/04\/10\/albanci-protestuju-u-vasingtonu\/#primaryimage","url":"https:\/\/www.visit-ulcinj.com\/blog\/wp-content\/uploads\/2014\/04\/Protest-Washington-Shqiptaret-Mal-i-Zi.jpg","contentUrl":"https:\/\/www.visit-ulcinj.com\/blog\/wp-content\/uploads\/2014\/04\/Protest-Washington-Shqiptaret-Mal-i-Zi.jpg","width":960,"height":640},{"@type":"WebPage","@id":"https:\/\/www.visit-ulcinj.com\/blog\/2014\/04\/10\/albanci-protestuju-u-vasingtonu\/#webpage","url":"https:\/\/www.visit-ulcinj.com\/blog\/2014\/04\/10\/albanci-protestuju-u-vasingtonu\/","name":"Albanci protestuju u Va\u0161ingtonu - Lajme nga Ulqini","isPartOf":{"@id":"https:\/\/www.visit-ulcinj.com\/blog\/#website"},"primaryImageOfPage":{"@id":"https:\/\/www.visit-ulcinj.com\/blog\/2014\/04\/10\/albanci-protestuju-u-vasingtonu\/#primaryimage"},"datePublished":"2014-04-10T15:18:48+00:00","dateModified":"2014-04-10T15:25:41+00:00","author":{"@id":"https:\/\/www.visit-ulcinj.com\/blog\/#\/schema\/person\/dcab619c614d3038751c63bc2aadc06d"},"description":"Oko 1.000 Albanaca okupilo se danas na protestu ispred Bijele ku\u0107e u Va\u0161ingtonu, saop\u0161tio je portalu Kodex funkcioner Demokratskog saveza u Crnoj Gori","breadcrumb":{"@id":"https:\/\/www.visit-ulcinj.com\/blog\/2014\/04\/10\/albanci-protestuju-u-vasingtonu\/#breadcrumb"},"inLanguage":"en-US","potentialAction":[{"@type":"ReadAction","target":["https:\/\/www.visit-ulcinj.com\/blog\/2014\/04\/10\/albanci-protestuju-u-vasingtonu\/"]}]},{"@type":"BreadcrumbList","@id":"https:\/\/www.visit-ulcinj.com\/blog\/2014\/04\/10\/albanci-protestuju-u-vasingtonu\/#breadcrumb","itemListElement":[{"@type":"ListItem","position":1,"name":"Albanci protestuju u Va\u0161ingtonu"}]},{"@type":"Person","@id":"https:\/\/www.visit-ulcinj.com\/blog\/#\/schema\/person\/dcab619c614d3038751c63bc2aadc06d","name":"ulqini","sameAs":["http:\/\/www.visit-ulcinj.com"],"url":"https:\/\/www.visit-ulcinj.com\/blog\/author\/admin\/"}]}},"jetpack_featured_media_url":"","jetpack_sharing_enabled":true,"jetpack_shortlink":"https:\/\/wp.me\/pe6lTn-laf","_links":{"self":[{"href":"https:\/\/www.visit-ulcinj.com\/blog\/wp-json\/wp\/v2\/posts\/81359"}],"collection":[{"href":"https:\/\/www.visit-ulcinj.com\/blog\/wp-json\/wp\/v2\/posts"}],"about":[{"href":"https:\/\/www.visit-ulcinj.com\/blog\/wp-json\/wp\/v2\/types\/post"}],"author":[{"embeddable":true,"href":"https:\/\/www.visit-ulcinj.com\/blog\/wp-json\/wp\/v2\/users\/1"}],"replies":[{"embeddable":true,"href":"https:\/\/www.visit-ulcinj.com\/blog\/wp-json\/wp\/v2\/comments?post=81359"}],"version-history":[{"count":1,"href":"https:\/\/www.visit-ulcinj.com\/blog\/wp-json\/wp\/v2\/posts\/81359\/revisions"}],"predecessor-version":[{"id":81360,"href":"https:\/\/www.visit-ulcinj.com\/blog\/wp-json\/wp\/v2\/posts\/81359\/revisions\/81360"}],"wp:attachment":[{"href":"https:\/\/www.visit-ulcinj.com\/blog\/wp-json\/wp\/v2\/media?parent=81359"}],"wp:term":[{"taxonomy":"category","embeddable":true,"href":"https:\/\/www.visit-ulcinj.com\/blog\/wp-json\/wp\/v2\/categories?post=81359"},{"taxonomy":"post_tag","embeddable":true,"href":"https:\/\/www.visit-ulcinj.com\/blog\/wp-json\/wp\/v2\/tags?post=81359"}],"curies":[{"name":"wp","href":"https:\/\/api.w.org\/{rel}","templated":true}]}}